{"id":45055,"date":"2017-02-25T15:19:21","date_gmt":"2017-02-25T18:19:21","guid":{"rendered":"https:\/\/www.jornalja.com.br\/?p=45055"},"modified":"2017-02-25T15:19:21","modified_gmt":"2017-02-25T18:19:21","slug":"sou-de-uma-tribo-guerreira","status":"publish","type":"post","link":"https:\/\/www.jornalja.com.br\/arquivo\/sou-de-uma-tribo-guerreira\/","title":{"rendered":"&quot;Sou de uma tribo guerreira&quot;"},"content":{"rendered":"<p><span class=\"assina\">Matheus Chaparini<\/span><br \/>\nNa d\u00e9cada de 1940, um grupo de homens negros criou o que viria a ser a maior atra\u00e7\u00e3o do carnaval de Porto Alegre durante d\u00e9cadas. Ao longo do tempo, as tribos ind\u00edgenas tomaram maior import\u00e2ncia chegando a principal atra\u00e7\u00e3o da festa.<br \/>\nCom fantasias que imitavam tribos ind\u00edgenas, os grupos desfilavam pelas ruas do centro. Esta manifesta\u00e7\u00e3o \u00e9 uma peculiaridade do carnaval de Porto Alegre, que t\u00eam parentes semelhantes em cidades como Salvador e Jo\u00e3o Pessoa.<br \/>\nPorto Alegre chegou a ter 14 tribos desfilando. Hoje, restam apenas duas: Guaianazes e Comanches. \u00c9 comum haver rivalidade entre agremia\u00e7\u00f5es carnavalescas, mas este \u00e9 um caso ainda mais emblem\u00e1tico.<br \/>\nS\u00f3 h\u00e1 um advers\u00e1rio. Ganhando ou perdendo, a guerra \u00e9 sempre com o mesmo grupo. Esta disputa que se repete ano a ano \u00e9 um dos principais combust\u00edveis que mant\u00e9m vivo o carnaval de tribo em Porto Alegre.<br \/>\nQuando foram criadas as primeiras tribos, na d\u00e9cada de 1940, os desfiles aconteciam na Rua da Praia \u2013 que na \u00e9poca fazia jus ao nome. Os blocos entravam pela Caldas J\u00fanior, passavam pelo coreto oficial, que concentrava os jurados, na Pra\u00e7a da Alf\u00e2ndega e a dispers\u00e3o era na rua General C\u00e2mara.<br \/>\n<figure id=\"attachment_45057\" aria-describedby=\"caption-attachment-45057\" style=\"width: 725px\" class=\"wp-caption alignnone\"><img loading=\"lazy\" decoding=\"async\" class=\"wp-image-45057 size-full\" src=\"https:\/\/www.jornalja.com.br\/wp-content\/uploads\/2017\/02\/Carnaval-antigo.-Tribo.-Fototeca-Siome-Breitman.-Museu-Felizardo-2.jpg\" alt=\"Desfiles de tribo na d\u00e9cada de 1970 \/ Fototeca Sioma Breitman \/ Museu Joaquim Jos\u00e9 Felizardo\" width=\"725\" height=\"532\" \/><figcaption id=\"caption-attachment-45057\" class=\"wp-caption-text\">Desfiles de tribo na d\u00e9cada de 1970 \/ Fototeca Sioma Breitman \/ Museu Joaquim Jos\u00e9 Felizardo<\/figcaption><\/figure><br \/>\nHoje, as tribos saem no Porto Seco, junto aos desfiles das escolas de samba. Mas a diferen\u00e7a \u00e9 vis\u00edvel, sob v\u00e1rios aspectos.<br \/>\nAs tribos n\u00e3o cantam sambas enredo, cantam hinos, com tem\u00e1tica ind\u00edgenas.<br \/>\nOs instrumentos tamb\u00e9m se diferem, a bateria da Tribo Comanches, por exemplo, \u00e9 formada por surdo, maracan\u00e3, repinique e ag\u00ea. A harmonia tem dois cavacos e viol\u00f5es de seis e sete cordas.<br \/>\nO passo da dan\u00e7a \u00e9 diferente e as personagens presentes nos desfiles s\u00e3o outras. N\u00e3o h\u00e1 mestre sala, porta bandeira e rainha, mas cacique, paj\u00e9, deusa, feiticeira.<br \/>\nO ponto alto do desfile \u00e9 a macumba, uma encena\u00e7\u00e3o teatral do tema do ano, que \u00e9 feita quando a tribo passa pelos jurados.<br \/>\n<figure id=\"attachment_45061\" aria-describedby=\"caption-attachment-45061\" style=\"width: 725px\" class=\"wp-caption alignnone\"><img loading=\"lazy\" decoding=\"async\" class=\"wp-image-45061 size-full\" src=\"https:\/\/www.jornalja.com.br\/wp-content\/uploads\/2017\/02\/10989226_1784721471753450_8655912494588902990_o.jpg\" alt=\"Os tradicionais ag\u00eas, bateria da tribo Comanches, carnaval de 2015 \/ Luiza Flores\" width=\"725\" height=\"407\" \/><figcaption id=\"caption-attachment-45061\" class=\"wp-caption-text\">Os tradicionais ag\u00eas, bateria da tribo Comanches, carnaval de 2015 \/ Luiza Flores<\/figcaption><\/figure><br \/>\n<span class=\"intertit\">Caet\u00e9s e Iracemas, o in\u00edcio de tudo<\/span><br \/>\n\u201cO carnaval de \u00edndio foi criado pelo Seu Hemet\u00e9rio, um negr\u00e3o que era amigo do meu pai. Ele criou a primeira tribo de \u00edndio: Os Caet\u00e9s, em 43\u201d, explica Eugenio Alencar da Silva.<br \/>\nAos 11 anos, Mestre Paraquedas, como Eugenio \u00e9 conhecido, ajudou a fazer a primeira alegoria dos Caet\u00e9s. \u201cO tema era a primeira missa no Brasil. Ent\u00e3o era uma oca e uma cruz, que ia deitada durante o desfile. Da\u00ed na hora a gente levantava a cruz com uma corda, o padre rezava a primeira missa, vinha o Pedro Alvares Cabral e dizia \u2018n\u00e3o tem terra como essa, em que plantando tudo d\u00e1!\u2019 e coisa tal&#8230;\u201d<br \/>\nO primeiro desfile de uma tribo foi um sucesso. Entretanto, nem todo mundo podia desfilar: nos Caet\u00e9s s\u00f3 sa\u00eda homem.<br \/>\nAssim, no ano seguinte, surgiam as Iracemas. Uma tribo formada s\u00f3 por mulheres. Sem poder brincar o carnaval na tribo e se dedicando apenas \u00e0s atividades de bastidores, como a de costureira, elas decidiram assumir todas as fun\u00e7\u00f5es e criar uma agremia\u00e7\u00e3o.<br \/>\n\u201cTinha uma senhora chamada Dona Angelina. O marido dela, Seu Ad\u00e3o, trabalhava no Di\u00e1rio de Not\u00edcias e sa\u00eda nos Caet\u00e9s. A\u00ed a Dona Angelina, a minha m\u00e3e, a Dona Constan\u00e7a se uniram e fizeram as Iracemas.\u201d<br \/>\nJ\u00e1 no primeiro desfile, as Iracemas venceram dos Caet\u00e9s.<br \/>\nMais um ano, mais um carnaval, nova vit\u00f3ria da tribo da mulherada. \u201cNo segundo ano, elas vieram afu mesmo. Bom, deixaram os Caet\u00e9s l\u00e1 embaixo\u201d, conta.<br \/>\nCom os dois resultados seguidos, as mulheres forjaram uma mudan\u00e7a na tribo dos Caet\u00e9s, que deixou essa hist\u00f3ria de ser tribo s\u00f3 de homem.<br \/>\n<figure id=\"attachment_45058\" aria-describedby=\"caption-attachment-45058\" style=\"width: 725px\" class=\"wp-caption alignnone\"><img loading=\"lazy\" decoding=\"async\" class=\"wp-image-45058 size-full\" src=\"https:\/\/www.jornalja.com.br\/wp-content\/uploads\/2017\/02\/Carnaval-antigo.-Tribo.-Fototeca-Siome-Breitman.-Museu-Felizardo-3.jpg\" alt=\"Desfile de tribo no carnaval, d\u00e9cada de 1970 \/ Fototeca Sioma Breitman \/ Museu Joaquim Jos\u00e9 Felizardo\" width=\"725\" height=\"546\" \/><figcaption id=\"caption-attachment-45058\" class=\"wp-caption-text\">Desfile de tribo no carnaval, d\u00e9cada de 1970 \/ Fototeca Sioma Breitman \/ Museu Joaquim Jos\u00e9 Felizardo<\/figcaption><\/figure><br \/>\n<span class=\"intertit\">Uma rela\u00e7\u00e3o\u00a0entre povos historicamente oprimidos<\/span><br \/>\nO discurso do senso comum basicamente define as tribos como um carnaval feito por negros que se vestem de \u00edndio.<br \/>\nA antrop\u00f3loga Luiza Flores contesta esta abordagem. \u201cN\u00e3o posso simplesmente dizer: s\u00e3o negros, n\u00e3o s\u00e3o \u00edndios.\u201d<br \/>\nPara a pesquisadora, o que tem de mais importante \u00e9 pensar como esses carnavalescos est\u00e3o se relacionando com o conceito de negro e com o conceito de \u00edndio.<br \/>\nAinda que muitos integrantes n\u00e3o se digam ind\u00edgenas, h\u00e1 uma rela\u00e7\u00e3o identit\u00e1ria que \u00e9 mais profunda que uma brincadeira de carnaval. Entra em quest\u00e3o o conceito de \u00edndio.<br \/>\n<figure id=\"attachment_45060\" aria-describedby=\"caption-attachment-45060\" style=\"width: 725px\" class=\"wp-caption alignnone\"><img loading=\"lazy\" decoding=\"async\" class=\"wp-image-45060 size-full\" src=\"https:\/\/www.jornalja.com.br\/wp-content\/uploads\/2017\/02\/Carnaval-antigo.-Tribo.-Fototeca-Siome-Breitman.-Museu-Felizardo-2487f.jpg\" alt=\"Crian\u00e7as fantasiadas para o desfile de carnaval, d\u00e9cada de 1970 \/ Fototeca Sioma Breitman \/ Museu Joaquim Jos\u00e9 Felizardo\" width=\"725\" height=\"537\" \/><figcaption id=\"caption-attachment-45060\" class=\"wp-caption-text\">Crian\u00e7as fantasiadas para o desfile de carnaval, d\u00e9cada de 1970 \/ Fototeca Sioma Breitman \/ Museu Joaquim Jos\u00e9 Felizardo<\/figcaption><\/figure><br \/>\n\u201cTem pessoas da tribo que tem descend\u00eancia ind\u00edgena, poderiam se declarar ind\u00edgena, mas n\u00e3o fazem por \u2018n\u2019 motivos. Mas encontram nas tribos, um contato com essa historia ind\u00edgena familiar apagada. E \u00e9 um v\u00ednculo identit\u00e1rio que n\u00e3o necessariamente passa pelo sangue.\u201d<br \/>\nO carnaval de tribos foi o assunto do mestrado da antrop\u00f3loga, defendido em 2013, pela UFRJ (Universidade Federal do Rio de janeiro), com o tema Os Comanches e o pren\u00fancio da guerra: Um estudo etnogr\u00e1fico com uma tribo carnavalesca de Porto Alegre\/RS.<br \/>\n\u201cAli tem uma rela\u00e7\u00e3o entre dois povos historicamente oprimidos, que sempre se encontraram em um processo de resist\u00eancia. O que fazem as tribos hoje \u00e9 um processo de resist\u00eancia\u201d, conclui.<br \/>\n&nbsp;<\/p>\n","protected":false},"excerpt":{"rendered":"<p>Matheus Chaparini Na d\u00e9cada de 1940, um grupo de homens negros criou o que viria a ser a maior atra\u00e7\u00e3o do carnaval de Porto Alegre durante d\u00e9cadas. Ao longo do tempo, as tribos ind\u00edgenas tomaram maior import\u00e2ncia chegando a principal atra\u00e7\u00e3o da festa. Com fantasias que imitavam tribos ind\u00edgenas, os grupos desfilavam pelas ruas do [&hellip;]<\/p>\n","protected":false},"author":4,"featured_media":45059,"comment_status":"open","ping_status":"closed","sticky":false,"template":"","format":"standard","meta":{"_jetpack_newsletter_access":"","_jetpack_dont_email_post_to_subs":false,"_jetpack_newsletter_tier_id":0,"_jetpack_memberships_contains_paywalled_content":false,"_jetpack_feature_clip_id":0,"_jetpack_memberships_contains_paid_content":false,"footnotes":"","jetpack_post_was_ever_published":false},"categories":[26],"tags":[],"class_list":["post-45055","post","type-post","status-publish","format-standard","has-post-thumbnail","hentry","category-geral"],"aioseo_notices":[],"aioseo_head":"\n\t\t<!-- All in One SEO 5.0.1.1 - aioseo.com -->\n\t<meta name=\"robots\" content=\"max-image-preview:large\" \/>\n\t<meta name=\"author\" content=\"da Reda\u00e7\u00e3o\"\/>\n\t<link rel=\"canonical\" href=\"https:\/\/www.jornalja.com.br\/arquivo\/sou-de-uma-tribo-guerreira\/\" \/>\n\t<meta name=\"generator\" content=\"All in One SEO (AIOSEO) 5.0.1.1\" \/>\n\t\t<meta property=\"og:locale\" content=\"pt_BR\" \/>\n\t\t<meta property=\"og:site_name\" content=\"Arquivo | Jornal J\u00c1 | Porto Alegre\" \/>\n\t\t<meta property=\"og:type\" content=\"article\" \/>\n\t\t<meta property=\"og:title\" content=\"&quot;Sou de uma tribo guerreira&quot; | Arquivo\" \/>\n\t\t<meta property=\"og:url\" content=\"https:\/\/www.jornalja.com.br\/arquivo\/sou-de-uma-tribo-guerreira\/\" \/>\n\t\t<meta property=\"og:image\" content=\"https:\/\/www.jornalja.com.br\/wp-content\/uploads\/2017\/02\/Carnaval-antigo.-Tribo.-Fototeca-Siome-Breitman.-Museu-Felizardo-2.jpg\" \/>\n\t\t<meta property=\"og:image:secure_url\" content=\"https:\/\/www.jornalja.com.br\/wp-content\/uploads\/2017\/02\/Carnaval-antigo.-Tribo.-Fototeca-Siome-Breitman.-Museu-Felizardo-2.jpg\" \/>\n\t\t<meta property=\"article:published_time\" content=\"2017-02-25T18:19:21+00:00\" \/>\n\t\t<meta property=\"article:modified_time\" content=\"2017-02-25T18:19:21+00:00\" \/>\n\t\t<meta name=\"twitter:card\" content=\"summary\" \/>\n\t\t<meta name=\"twitter:title\" content=\"&quot;Sou de uma tribo guerreira&quot; | Arquivo\" \/>\n\t\t<meta name=\"twitter:image\" content=\"https:\/\/www.jornalja.com.br\/economics\/wp-content\/uploads\/sites\/11\/2026\/08\/ja-folhaderosto-facebook.jpg\" \/>\n\t\t<script type=\"application\/ld+json\" class=\"aioseo-schema\">\n\t\t\t{\"@context\":\"https:\\\/\\\/schema.org\",\"@graph\":[{\"@type\":\"BlogPosting\",\"@id\":\"https:\\\/\\\/www.jornalja.com.br\\\/arquivo\\\/sou-de-uma-tribo-guerreira\\\/#blogposting\",\"name\":\"\\\"Sou de uma tribo guerreira\\\" | Arquivo\",\"headline\":\"&quot;Sou de uma tribo guerreira&quot;\",\"author\":{\"@id\":\"https:\\\/\\\/www.jornalja.com.br\\\/arquivo\\\/author\\\/daredacao\\\/#author\"},\"publisher\":{\"@id\":\"https:\\\/\\\/www.jornalja.com.br\\\/arquivo\\\/#organization\"},\"image\":{\"@type\":\"ImageObject\",\"url\":45059},\"datePublished\":\"2017-02-25T15:19:21-03:00\",\"dateModified\":\"2017-02-25T15:19:21-03:00\",\"inLanguage\":\"pt-BR\",\"mainEntityOfPage\":{\"@id\":\"https:\\\/\\\/www.jornalja.com.br\\\/arquivo\\\/sou-de-uma-tribo-guerreira\\\/#webpage\"},\"isPartOf\":{\"@id\":\"https:\\\/\\\/www.jornalja.com.br\\\/arquivo\\\/sou-de-uma-tribo-guerreira\\\/#webpage\"},\"articleSection\":\"Geral\"},{\"@type\":\"BreadcrumbList\",\"@id\":\"https:\\\/\\\/www.jornalja.com.br\\\/arquivo\\\/sou-de-uma-tribo-guerreira\\\/#breadcrumblist\",\"itemListElement\":[{\"@type\":\"ListItem\",\"@id\":\"https:\\\/\\\/www.jornalja.com.br\\\/arquivo#listItem\",\"position\":1,\"name\":\"Home\",\"item\":\"https:\\\/\\\/www.jornalja.com.br\\\/arquivo\",\"nextItem\":{\"@type\":\"ListItem\",\"@id\":\"https:\\\/\\\/www.jornalja.com.br\\\/arquivo\\\/category\\\/geral\\\/#listItem\",\"name\":\"Geral\"}},{\"@type\":\"ListItem\",\"@id\":\"https:\\\/\\\/www.jornalja.com.br\\\/arquivo\\\/category\\\/geral\\\/#listItem\",\"position\":2,\"name\":\"Geral\",\"item\":\"https:\\\/\\\/www.jornalja.com.br\\\/arquivo\\\/category\\\/geral\\\/\",\"nextItem\":{\"@type\":\"ListItem\",\"@id\":\"https:\\\/\\\/www.jornalja.com.br\\\/arquivo\\\/sou-de-uma-tribo-guerreira\\\/#listItem\",\"name\":\"&quot;Sou de uma tribo guerreira&quot;\"},\"previousItem\":{\"@type\":\"ListItem\",\"@id\":\"https:\\\/\\\/www.jornalja.com.br\\\/arquivo#listItem\",\"name\":\"Home\"}},{\"@type\":\"ListItem\",\"@id\":\"https:\\\/\\\/www.jornalja.com.br\\\/arquivo\\\/sou-de-uma-tribo-guerreira\\\/#listItem\",\"position\":3,\"name\":\"&quot;Sou de uma tribo guerreira&quot;\",\"previousItem\":{\"@type\":\"ListItem\",\"@id\":\"https:\\\/\\\/www.jornalja.com.br\\\/arquivo\\\/category\\\/geral\\\/#listItem\",\"name\":\"Geral\"}}]},{\"@type\":\"Organization\",\"@id\":\"https:\\\/\\\/www.jornalja.com.br\\\/arquivo\\\/#organization\",\"name\":\"Jornal J\\u00c1\",\"description\":\"Jornal J\\u00c1 | Porto Alegre\",\"url\":\"https:\\\/\\\/www.jornalja.com.br\\\/arquivo\\\/\",\"telephone\":\"+555133307272\",\"logo\":{\"@type\":\"ImageObject\",\"url\":\"https:\\\/\\\/www.jornalja.com.br\\\/wp-content\\\/uploads\\\/cards\\\/JAslogan.png\",\"@id\":\"https:\\\/\\\/www.jornalja.com.br\\\/arquivo\\\/sou-de-uma-tribo-guerreira\\\/#organizationLogo\"},\"image\":{\"@id\":\"https:\\\/\\\/www.jornalja.com.br\\\/arquivo\\\/sou-de-uma-tribo-guerreira\\\/#organizationLogo\"}},{\"@type\":\"Person\",\"@id\":\"https:\\\/\\\/www.jornalja.com.br\\\/arquivo\\\/author\\\/daredacao\\\/#author\",\"url\":\"https:\\\/\\\/www.jornalja.com.br\\\/arquivo\\\/author\\\/daredacao\\\/\",\"name\":\"da Reda\\u00e7\\u00e3o\",\"image\":{\"@type\":\"ImageObject\",\"@id\":\"https:\\\/\\\/www.jornalja.com.br\\\/arquivo\\\/sou-de-uma-tribo-guerreira\\\/#authorImage\",\"url\":\"https:\\\/\\\/secure.gravatar.com\\\/avatar\\\/469fd857d6605ad19919d27ed29d35a968a25f6e8fd9318356bbb7f57aae9c65?s=96&d=mm&r=g\",\"width\":96,\"height\":96,\"caption\":\"da Reda\\u00e7\\u00e3o\"}},{\"@type\":\"WebPage\",\"@id\":\"https:\\\/\\\/www.jornalja.com.br\\\/arquivo\\\/sou-de-uma-tribo-guerreira\\\/#webpage\",\"url\":\"https:\\\/\\\/www.jornalja.com.br\\\/arquivo\\\/sou-de-uma-tribo-guerreira\\\/\",\"name\":\"\\\"Sou de uma tribo guerreira\\\" | Arquivo\",\"inLanguage\":\"pt-BR\",\"isPartOf\":{\"@id\":\"https:\\\/\\\/www.jornalja.com.br\\\/arquivo\\\/#website\"},\"breadcrumb\":{\"@id\":\"https:\\\/\\\/www.jornalja.com.br\\\/arquivo\\\/sou-de-uma-tribo-guerreira\\\/#breadcrumblist\"},\"author\":{\"@id\":\"https:\\\/\\\/www.jornalja.com.br\\\/arquivo\\\/author\\\/daredacao\\\/#author\"},\"creator\":{\"@id\":\"https:\\\/\\\/www.jornalja.com.br\\\/arquivo\\\/author\\\/daredacao\\\/#author\"},\"image\":{\"@type\":\"ImageObject\",\"url\":45059,\"@id\":\"https:\\\/\\\/www.jornalja.com.br\\\/arquivo\\\/sou-de-uma-tribo-guerreira\\\/#mainImage\"},\"primaryImageOfPage\":{\"@id\":\"https:\\\/\\\/www.jornalja.com.br\\\/arquivo\\\/sou-de-uma-tribo-guerreira\\\/#mainImage\"},\"datePublished\":\"2017-02-25T15:19:21-03:00\",\"dateModified\":\"2017-02-25T15:19:21-03:00\"},{\"@type\":\"WebSite\",\"@id\":\"https:\\\/\\\/www.jornalja.com.br\\\/arquivo\\\/#website\",\"url\":\"https:\\\/\\\/www.jornalja.com.br\\\/arquivo\\\/\",\"name\":\"Arquivo\",\"description\":\"Jornal J\\u00c1 | Porto Alegre\",\"inLanguage\":\"pt-BR\",\"publisher\":{\"@id\":\"https:\\\/\\\/www.jornalja.com.br\\\/arquivo\\\/#organization\"}}]}\n\t\t<\/script>\n\t\t<!-- All in One SEO -->\n\n","aioseo_head_json":{"title":"\"Sou de uma tribo guerreira\" | Arquivo","description":"","canonical_url":"https:\/\/www.jornalja.com.br\/arquivo\/sou-de-uma-tribo-guerreira\/","robots":"max-image-preview:large","keywords":"","webmasterTools":{"miscellaneous":""},"schema":{"@context":"https:\/\/schema.org","@graph":[{"@type":"BlogPosting","@id":"https:\/\/www.jornalja.com.br\/arquivo\/sou-de-uma-tribo-guerreira\/#blogposting","name":"\"Sou de uma tribo guerreira\" | Arquivo","headline":"&quot;Sou de uma tribo guerreira&quot;","author":{"@id":"https:\/\/www.jornalja.com.br\/arquivo\/author\/daredacao\/#author"},"publisher":{"@id":"https:\/\/www.jornalja.com.br\/arquivo\/#organization"},"image":{"@type":"ImageObject","url":45059},"datePublished":"2017-02-25T15:19:21-03:00","dateModified":"2017-02-25T15:19:21-03:00","inLanguage":"pt-BR","mainEntityOfPage":{"@id":"https:\/\/www.jornalja.com.br\/arquivo\/sou-de-uma-tribo-guerreira\/#webpage"},"isPartOf":{"@id":"https:\/\/www.jornalja.com.br\/arquivo\/sou-de-uma-tribo-guerreira\/#webpage"},"articleSection":"Geral"},{"@type":"BreadcrumbList","@id":"https:\/\/www.jornalja.com.br\/arquivo\/sou-de-uma-tribo-guerreira\/#breadcrumblist","itemListElement":[{"@type":"ListItem","@id":"https:\/\/www.jornalja.com.br\/arquivo#listItem","position":1,"name":"Home","item":"https:\/\/www.jornalja.com.br\/arquivo","nextItem":{"@type":"ListItem","@id":"https:\/\/www.jornalja.com.br\/arquivo\/category\/geral\/#listItem","name":"Geral"}},{"@type":"ListItem","@id":"https:\/\/www.jornalja.com.br\/arquivo\/category\/geral\/#listItem","position":2,"name":"Geral","item":"https:\/\/www.jornalja.com.br\/arquivo\/category\/geral\/","nextItem":{"@type":"ListItem","@id":"https:\/\/www.jornalja.com.br\/arquivo\/sou-de-uma-tribo-guerreira\/#listItem","name":"&quot;Sou de uma tribo guerreira&quot;"},"previousItem":{"@type":"ListItem","@id":"https:\/\/www.jornalja.com.br\/arquivo#listItem","name":"Home"}},{"@type":"ListItem","@id":"https:\/\/www.jornalja.com.br\/arquivo\/sou-de-uma-tribo-guerreira\/#listItem","position":3,"name":"&quot;Sou de uma tribo guerreira&quot;","previousItem":{"@type":"ListItem","@id":"https:\/\/www.jornalja.com.br\/arquivo\/category\/geral\/#listItem","name":"Geral"}}]},{"@type":"Organization","@id":"https:\/\/www.jornalja.com.br\/arquivo\/#organization","name":"Jornal J\u00c1","description":"Jornal J\u00c1 | Porto Alegre","url":"https:\/\/www.jornalja.com.br\/arquivo\/","telephone":"+555133307272","logo":{"@type":"ImageObject","url":"https:\/\/www.jornalja.com.br\/wp-content\/uploads\/cards\/JAslogan.png","@id":"https:\/\/www.jornalja.com.br\/arquivo\/sou-de-uma-tribo-guerreira\/#organizationLogo"},"image":{"@id":"https:\/\/www.jornalja.com.br\/arquivo\/sou-de-uma-tribo-guerreira\/#organizationLogo"}},{"@type":"Person","@id":"https:\/\/www.jornalja.com.br\/arquivo\/author\/daredacao\/#author","url":"https:\/\/www.jornalja.com.br\/arquivo\/author\/daredacao\/","name":"da Reda\u00e7\u00e3o","image":{"@type":"ImageObject","@id":"https:\/\/www.jornalja.com.br\/arquivo\/sou-de-uma-tribo-guerreira\/#authorImage","url":"https:\/\/secure.gravatar.com\/avatar\/469fd857d6605ad19919d27ed29d35a968a25f6e8fd9318356bbb7f57aae9c65?s=96&d=mm&r=g","width":96,"height":96,"caption":"da Reda\u00e7\u00e3o"}},{"@type":"WebPage","@id":"https:\/\/www.jornalja.com.br\/arquivo\/sou-de-uma-tribo-guerreira\/#webpage","url":"https:\/\/www.jornalja.com.br\/arquivo\/sou-de-uma-tribo-guerreira\/","name":"\"Sou de uma tribo guerreira\" | Arquivo","inLanguage":"pt-BR","isPartOf":{"@id":"https:\/\/www.jornalja.com.br\/arquivo\/#website"},"breadcrumb":{"@id":"https:\/\/www.jornalja.com.br\/arquivo\/sou-de-uma-tribo-guerreira\/#breadcrumblist"},"author":{"@id":"https:\/\/www.jornalja.com.br\/arquivo\/author\/daredacao\/#author"},"creator":{"@id":"https:\/\/www.jornalja.com.br\/arquivo\/author\/daredacao\/#author"},"image":{"@type":"ImageObject","url":45059,"@id":"https:\/\/www.jornalja.com.br\/arquivo\/sou-de-uma-tribo-guerreira\/#mainImage"},"primaryImageOfPage":{"@id":"https:\/\/www.jornalja.com.br\/arquivo\/sou-de-uma-tribo-guerreira\/#mainImage"},"datePublished":"2017-02-25T15:19:21-03:00","dateModified":"2017-02-25T15:19:21-03:00"},{"@type":"WebSite","@id":"https:\/\/www.jornalja.com.br\/arquivo\/#website","url":"https:\/\/www.jornalja.com.br\/arquivo\/","name":"Arquivo","description":"Jornal J\u00c1 | Porto Alegre","inLanguage":"pt-BR","publisher":{"@id":"https:\/\/www.jornalja.com.br\/arquivo\/#organization"}}]},"og:locale":"pt_BR","og:site_name":"Arquivo | Jornal J\u00c1 | Porto Alegre","og:type":"article","og:title":"&quot;Sou de uma tribo guerreira&quot; | Arquivo","og:url":"https:\/\/www.jornalja.com.br\/arquivo\/sou-de-uma-tribo-guerreira\/","og:image":"https:\/\/www.jornalja.com.br\/wp-content\/uploads\/2017\/02\/Carnaval-antigo.-Tribo.-Fototeca-Siome-Breitman.-Museu-Felizardo-2.jpg","og:image:secure_url":"https:\/\/www.jornalja.com.br\/wp-content\/uploads\/2017\/02\/Carnaval-antigo.-Tribo.-Fototeca-Siome-Breitman.-Museu-Felizardo-2.jpg","article:published_time":"2017-02-25T18:19:21+00:00","article:modified_time":"2017-02-25T18:19:21+00:00","twitter:card":"summary","twitter:title":"&quot;Sou de uma tribo guerreira&quot; | Arquivo","twitter:image":"https:\/\/www.jornalja.com.br\/economics\/wp-content\/uploads\/sites\/11\/2026\/08\/ja-folhaderosto-facebook.jpg"},"aioseo_meta_data":{"post_id":"45055","title":null,"description":null,"keywords":null,"keyphrases":null,"primary_term":null,"canonical_url":null,"og_title":null,"og_description":null,"og_object_type":"default","og_image_type":"default","og_image_url":null,"og_image_width":null,"og_image_height":null,"og_image_custom_url":null,"og_image_custom_fields":null,"og_video":null,"og_custom_url":null,"og_article_section":null,"og_article_tags":null,"twitter_use_og":false,"twitter_card":"default","twitter_image_type":"default","twitter_image_url":null,"twitter_image_custom_url":null,"twitter_image_custom_fields":null,"twitter_title":null,"twitter_description":null,"schema":{"blockGraphs":[],"customGraphs":[],"default":{"data":{"Article":[],"Course":[],"Dataset":[],"FAQPage":[],"Movie":[],"Person":[],"Product":[],"ProductReview":[],"Car":[],"Recipe":[],"Service":[],"SoftwareApplication":[],"WebPage":[]},"graphName":"","isEnabled":true},"graphs":[],"defaultGraph":"","defaultPostTypeGraph":""},"schema_type":null,"schema_type_options":null,"pillar_content":false,"robots_default":true,"robots_noindex":false,"robots_noarchive":false,"robots_nosnippet":false,"robots_nofollow":false,"robots_noimageindex":false,"robots_noodp":false,"robots_notranslate":false,"robots_max_snippet":null,"robots_max_videopreview":null,"robots_max_imagepreview":"large","priority":null,"frequency":null,"location":null,"local_seo":null,"breadcrumb_settings":null,"limit_modified_date":false,"ai":null,"created":"2020-12-20 20:38:59","updated":"2025-07-19 20:12:11","seo_analyzer_scan_date":null,"focus_keyword":null,"additional_keywords":null,"truseo_locale":null},"jetpack_sharing_enabled":true,"jetpack-related-posts":[{"id":14241,"url":"https:\/\/www.jornalja.com.br\/arquivo\/o-guaiba-nas-imagens-poeticas-de-achutti\/","url_meta":{"origin":45055,"position":0},"title":"O Gua\u00edba nas imagens po\u00e9ticas de Achutti","author":"da Reda\u00e7\u00e3o","date":"18 de junho de 2014","format":false,"excerpt":"Em \u201cO Gua\u00edba por Achutti\u201d \u2013 obra financiada via Minist\u00e9rio da Cultura, produ\u00e7\u00e3o executiva de Pedro Longhi, e Fl\u00e1vio Wild como designer \u2013, o fot\u00f3grafo revela a beleza e as mazelas de um espa\u00e7o aqu\u00e1tico de \u00e1guas sempre renovadas, cheio de hist\u00f3rias e lendas como as das cidades que foram\u2026","rel":"","context":"Em &quot;Cultura-Geral&quot;","block_context":{"text":"Cultura-Geral","link":"https:\/\/www.jornalja.com.br\/arquivo\/category\/materiasecundaria\/"},"img":{"alt_text":"","src":"","width":0,"height":0},"classes":[]},{"id":13240,"url":"https:\/\/www.jornalja.com.br\/arquivo\/plano-diretor-estamos-construindo-o-caos\/","url_meta":{"origin":45055,"position":1},"title":"Plano diretor: &quot;Estamos construindo o caos&quot;","author":"Patr\u00edcia Marini","date":"26 de maio de 2014","format":false,"excerpt":"Desabafo que arquiteta Eliana Castilhos, delegada da Regi\u00e3o de Planejamento 1, postou nas redes sociais \u00e9 um testemunho do ambiente que se criou no Conselho do Plano Diretor de Porto Alegre, onde a aprova\u00e7\u00e3o de grandes empreendimentos \u00e9 empurrada guela abaixo dos conselheiros. Ao CMDUA Como delegada da Regi\u00e3o de\u2026","rel":"","context":"Em &quot;Geral&quot;","block_context":{"text":"Geral","link":"https:\/\/www.jornalja.com.br\/arquivo\/category\/geral\/"},"img":{"alt_text":"","src":"","width":0,"height":0},"classes":[]},{"id":13239,"url":"https:\/\/www.jornalja.com.br\/arquivo\/conselho-desdenha-do-plano-diretor\/","url_meta":{"origin":45055,"position":2},"title":"Porto Alegre: Conselho detona Plano Diretor","author":"Patr\u00edcia Marini","date":"25 de maio de 2014","format":false,"excerpt":"Den\u00fancia do arquiteto e \u00a0urbanista Ibir\u00e1 Santos Lucas. Ele diz que os conselheiros est\u00e3o votando com \"enorme irresponsabilidade\". \"Mudam regime com a maior naturalidade,,,regularizam absurdos de constru\u00e7\u00f5es irregulares... \"O CMDUA est\u00e1 flexibilizando a lei do plano diretor, de uma forma impactante na vida da cidade. Mudam regime com a maior\u2026","rel":"","context":"Em &quot;Geral&quot;","block_context":{"text":"Geral","link":"https:\/\/www.jornalja.com.br\/arquivo\/category\/geral\/"},"img":{"alt_text":"","src":"","width":0,"height":0},"classes":[]},{"id":1280,"url":"https:\/\/www.jornalja.com.br\/arquivo\/o-menino-que-se-tornou-brizola\/","url_meta":{"origin":45055,"position":3},"title":"O Menino que se Tornou Brizola","author":"da Reda\u00e7\u00e3o","date":"28 de julho de 2008","format":false,"excerpt":"Autor: Cleber Dioni A vida de Leonel Brizola, com \u00eanfase para os primeiros anos em Porto Alegre, at\u00e9 o ex\u00edlio no Uruguai e a volta, quinze anos depois. \u00a0\"...\u00c9ramos todos jovens e nos identific\u00e1vamos com aquela massa an\u00f4nima a percorrer as ruas de Porto Alegre, gritando 'Get\u00falio', 'Get\u00falio' e empunhando\u2026","rel":"","context":"Em &quot;Livros&quot;","block_context":{"text":"Livros","link":"https:\/\/www.jornalja.com.br\/arquivo\/category\/livros\/"},"img":{"alt_text":"","src":"https:\/\/i0.wp.com\/www.jornalja.com.br\/wp-content\/uploads\/2008\/07\/brizola.gif?resize=350%2C200&ssl=1","width":350,"height":200},"classes":[]},{"id":13124,"url":"https:\/\/www.jornalja.com.br\/arquivo\/sangue-latino-no-iecine\/","url_meta":{"origin":45055,"position":4},"title":"Sangue latino no IECINE","author":"da Reda\u00e7\u00e3o","date":"18 de maio de 2014","format":false,"excerpt":"Francisco Ribeiro O Instituto Estadual de Cinema (IECINE) tem a frente, desde abril \u00faltimo, um novo diretor, o cineasta colombiano Juan Zapata, 36, que substitui Luiz Alberto Cassol. Radicado h\u00e1 dez anos em Porto Alegre, Zapata tem diante de si o desafio de conduzir at\u00e9 o final do ano um\u2026","rel":"","context":"Em &quot;Cultura-Geral&quot;","block_context":{"text":"Cultura-Geral","link":"https:\/\/www.jornalja.com.br\/arquivo\/category\/materiasecundaria\/"},"img":{"alt_text":"","src":"","width":0,"height":0},"classes":[]},{"id":5440,"url":"https:\/\/www.jornalja.com.br\/arquivo\/casarao-da-venancio-destino-permanece-incerto\/","url_meta":{"origin":45055,"position":5},"title":"Estado ainda n\u00e3o sabe o que fazer com casar\u00e3o abandonado h\u00e1 20 anos","author":"Elmar Bones","date":"6 de julho de 2009","format":false,"excerpt":"O casar\u00e3o amarelo, numa esquina nobre de Porto Alegre (Ven\u00e2ncio Aires com Jo\u00e3o Pessoa), j\u00e1 abrigou uma escola. H\u00e1 duas d\u00e9cadas, pelo menos, est\u00e1 abandonado, porque seu propriet\u00e1rio, o governo do Estado do Rio Grande do Sul, n\u00e3o consegue achar um destino para ele. Planos n\u00e3o faltaram. O governador Ol\u00edvio\u2026","rel":"","context":"Em &quot;X.Categorias velhas&quot;","block_context":{"text":"X.Categorias velhas","link":"https:\/\/www.jornalja.com.br\/arquivo\/category\/x-categorias-velhas\/"},"img":{"alt_text":"geraldo1","src":"https:\/\/i0.wp.com\/www.jornalja.com.br\/wp-content\/uploads\/2009\/07\/geraldo1.jpg?resize=350%2C200&ssl=1","width":350,"height":200},"classes":[]}],"jetpack_shortlink":"https:\/\/wp.me\/pbQjBd-bIH","jetpack_featured_media_url":"","_links":{"self":[{"href":"https:\/\/www.jornalja.com.br\/arquivo\/wp-json\/wp\/v2\/posts\/45055","targetHints":{"allow":["GET"]}}],"collection":[{"href":"https:\/\/www.jornalja.com.br\/arquivo\/wp-json\/wp\/v2\/posts"}],"about":[{"href":"https:\/\/www.jornalja.com.br\/arquivo\/wp-json\/wp\/v2\/types\/post"}],"author":[{"embeddable":true,"href":"https:\/\/www.jornalja.com.br\/arquivo\/wp-json\/wp\/v2\/users\/4"}],"replies":[{"embeddable":true,"href":"https:\/\/www.jornalja.com.br\/arquivo\/wp-json\/wp\/v2\/comments?post=45055"}],"version-history":[{"count":0,"href":"https:\/\/www.jornalja.com.br\/arquivo\/wp-json\/wp\/v2\/posts\/45055\/revisions"}],"wp:attachment":[{"href":"https:\/\/www.jornalja.com.br\/arquivo\/wp-json\/wp\/v2\/media?parent=45055"}],"wp:term":[{"taxonomy":"category","embeddable":true,"href":"https:\/\/www.jornalja.com.br\/arquivo\/wp-json\/wp\/v2\/categories?post=45055"},{"taxonomy":"post_tag","embeddable":true,"href":"https:\/\/www.jornalja.com.br\/arquivo\/wp-json\/wp\/v2\/tags?post=45055"}],"curies":[{"name":"wp","href":"https:\/\/api.w.org\/{rel}","templated":true}]}}