{"id":45063,"date":"2017-02-26T17:54:45","date_gmt":"2017-02-26T20:54:45","guid":{"rendered":"https:\/\/www.jornalja.com.br\/?p=45063"},"modified":"2017-02-26T17:54:45","modified_gmt":"2017-02-26T20:54:45","slug":"nossa-alegoria-a-gente-fazia-no-meio-da-rua","status":"publish","type":"post","link":"https:\/\/www.jornalja.com.br\/arquivo\/nossa-alegoria-a-gente-fazia-no-meio-da-rua\/","title":{"rendered":"\u201cNossa alegoria a gente fazia no meio da rua\u201d"},"content":{"rendered":"<p><span class=\"assina\">Matheus Chaparini<\/span><br \/>\nPanel\u00e3o de cola de farinha, oficina na rua, um ensopado no fogo ou uma carne na brasa e cacha\u00e7a noite adentro. Era assim que se fazia alegoria para o carnaval na cal\u00e7ada da rua Borborema, bairro S\u00e3o Jos\u00e9, ou em frente a qualquer quadra de tribo, bloco ou escola de samba de Porto Alegre. Pelo menos \u00e9 como Marlene Silva Machado se lembra dos preparativos de carnaval.<br \/>\nDona Marlene sai no carnaval de Porto Alegre desde a adolesc\u00eancia. Desfila pelos Comanches desde o primeiro ano da tribo. J\u00e1 saiu tamb\u00e9m pela extinta tribo Tapuias, apesar do ci\u00fame dos colegas de Comanches, e por escolas de samba como Imperadores do Samba e Bambas da Orgia. Al\u00e9m de desfilar, j\u00e1 teve ala nos Bambas e at\u00e9 alguns anos atr\u00e1s costurava.<br \/>\n<figure id=\"attachment_45065\" aria-describedby=\"caption-attachment-45065\" style=\"width: 725px\" class=\"wp-caption alignnone\"><img loading=\"lazy\" decoding=\"async\" class=\"wp-image-45065 size-full\" src=\"https:\/\/www.jornalja.com.br\/wp-content\/uploads\/2017\/02\/Ensaio-Tribo-Comanches-02-12.jpg\" alt=\"Dona Marlene, em um ensaio dos Comanches, em 2017 \/ Matheus Chaparini\" width=\"725\" height=\"408\" \/><figcaption id=\"caption-attachment-45065\" class=\"wp-caption-text\">Dona Marlene, em um ensaio dos Comanches, em 2017 \/ Matheus Chaparini<\/figcaption><\/figure><br \/>\nEste ano, est\u00e1 impedida de desfilar porque est\u00e1 se recuperando de uma cirurgia. O fato de saber que n\u00e3o vai estar na avenida no final de mar\u00e7o, interfere pouco ou nada na rotina carnavalesca de Dona Marlene. Mora a poucos quarteir\u00f5es da sede dos Comanches e n\u00e3o perde um ensaio. \u201cN\u00e3o se perde o v\u00ednculo com os carnavalescos. A gente faz almo\u00e7o, jantar, roda de samba&#8230; aqui \u00e9 o ano todo.\u201d<br \/>\nMarlene \u00e9 saudosa de um tempo em que o carnaval era constru\u00eddo de forma mais colaborativa. \u201cNossa alegoria a gente fazia no meio da rua. Fazia uma panel\u00e3o deste tamanho de cola de farinha de trigo. A gente passava a noite inteira ali, tomando cacha\u00e7a e fazendo carro aleg\u00f3rico. Sa\u00eda sop\u00e3o, churrasco. Agora, terminou tudo aquilo, n\u00e3o tem mais.\u201d<br \/>\nMarlene \u00e9 critica ferrenha da remo\u00e7\u00e3o do carnaval da regi\u00e3o central da cidade, com a constru\u00e7\u00e3o do Porto Seco. Segundo ela, muita gente deixou de participar dos desfiles depois da mudan\u00e7a. \u201cOs governantes querem acabar com o carnaval. Colocar o carnaval l\u00e1 no Porto Seco? Aquilo \u00e9 um horror. Os barrac\u00f5es s\u00e3o muito bons, mas \u00e9 muito longe, a condu\u00e7\u00e3o \u00e9 ruim. Se tem carro, n\u00e3o pode levar porque roubam.\u201d<br \/>\nEla reclama da dificuldade de acesso ao local, com poucos \u00f4nibus, muitas filas, paradas de distantes e estacionamentos inseguros. Al\u00e9m disso, h\u00e1 restri\u00e7\u00f5es \u00e0 entrada de alimentos e bebidas de fora. \u201cL\u00e1 \u00e9 tudo uma careza. Quer dizer, uma m\u00e3e que vai levar tr\u00eas ou quatro filhos tem que levar um lanche de casa.\u201d<br \/>\nAos 74 anos, com boa parte deles dedicados ao carnaval de Porto Alegre, Marlene \u00e9 pessimista em rela\u00e7\u00e3o ao futuro das agremia\u00e7\u00f5es carnavalescas. \u201cT\u00e1 muito devastado. O carnaval maior est\u00e1 concentrado na Cidade Baixa. Eu acho que no futuro vai ter s\u00f3 bloco de rua. Escola, essas coisas n\u00e3o vai ter mais.\u201d<\/p>\n","protected":false},"excerpt":{"rendered":"<p>Matheus Chaparini Panel\u00e3o de cola de farinha, oficina na rua, um ensopado no fogo ou uma carne na brasa e cacha\u00e7a noite adentro. Era assim que se fazia alegoria para o carnaval na cal\u00e7ada da rua Borborema, bairro S\u00e3o Jos\u00e9, ou em frente a qualquer quadra de tribo, bloco ou escola de samba de Porto [&hellip;]<\/p>\n","protected":false},"author":4,"featured_media":45064,"comment_status":"open","ping_status":"closed","sticky":false,"template":"","format":"standard","meta":{"_jetpack_newsletter_access":"","_jetpack_dont_email_post_to_subs":false,"_jetpack_newsletter_tier_id":0,"_jetpack_memberships_contains_paywalled_content":false,"_jetpack_feature_clip_id":0,"_jetpack_memberships_contains_paid_content":false,"footnotes":"","jetpack_post_was_ever_published":false},"categories":[26],"tags":[],"class_list":["post-45063","post","type-post","status-publish","format-standard","has-post-thumbnail","hentry","category-geral"],"aioseo_notices":[],"aioseo_head":"\n\t\t<!-- All in One SEO 5.0.1.1 - aioseo.com -->\n\t<meta name=\"robots\" content=\"max-image-preview:large\" \/>\n\t<meta name=\"author\" content=\"da Reda\u00e7\u00e3o\"\/>\n\t<link rel=\"canonical\" href=\"https:\/\/www.jornalja.com.br\/arquivo\/nossa-alegoria-a-gente-fazia-no-meio-da-rua\/\" \/>\n\t<meta name=\"generator\" content=\"All in One SEO (AIOSEO) 5.0.1.1\" \/>\n\t\t<meta property=\"og:locale\" content=\"pt_BR\" \/>\n\t\t<meta property=\"og:site_name\" content=\"Arquivo | Jornal J\u00c1 | Porto Alegre\" \/>\n\t\t<meta property=\"og:type\" content=\"article\" \/>\n\t\t<meta property=\"og:title\" content=\"\u201cNossa alegoria a gente fazia no meio da rua\u201d | Arquivo\" \/>\n\t\t<meta property=\"og:url\" content=\"https:\/\/www.jornalja.com.br\/arquivo\/nossa-alegoria-a-gente-fazia-no-meio-da-rua\/\" \/>\n\t\t<meta property=\"og:image\" content=\"https:\/\/www.jornalja.com.br\/wp-content\/uploads\/2017\/02\/Ensaio-Tribo-Comanches-02-12.jpg\" \/>\n\t\t<meta property=\"og:image:secure_url\" content=\"https:\/\/www.jornalja.com.br\/wp-content\/uploads\/2017\/02\/Ensaio-Tribo-Comanches-02-12.jpg\" \/>\n\t\t<meta property=\"article:published_time\" content=\"2017-02-26T20:54:45+00:00\" \/>\n\t\t<meta property=\"article:modified_time\" content=\"2017-02-26T20:54:45+00:00\" \/>\n\t\t<meta name=\"twitter:card\" content=\"summary\" \/>\n\t\t<meta name=\"twitter:title\" content=\"\u201cNossa alegoria a gente fazia no meio da rua\u201d | Arquivo\" \/>\n\t\t<meta name=\"twitter:image\" content=\"https:\/\/www.jornalja.com.br\/economics\/wp-content\/uploads\/sites\/11\/2026\/08\/ja-folhaderosto-facebook.jpg\" \/>\n\t\t<script type=\"application\/ld+json\" class=\"aioseo-schema\">\n\t\t\t{\"@context\":\"https:\\\/\\\/schema.org\",\"@graph\":[{\"@type\":\"BlogPosting\",\"@id\":\"https:\\\/\\\/www.jornalja.com.br\\\/arquivo\\\/nossa-alegoria-a-gente-fazia-no-meio-da-rua\\\/#blogposting\",\"name\":\"\\u201cNossa alegoria a gente fazia no meio da rua\\u201d | Arquivo\",\"headline\":\"\\u201cNossa alegoria a gente fazia no meio da rua\\u201d\",\"author\":{\"@id\":\"https:\\\/\\\/www.jornalja.com.br\\\/arquivo\\\/author\\\/daredacao\\\/#author\"},\"publisher\":{\"@id\":\"https:\\\/\\\/www.jornalja.com.br\\\/arquivo\\\/#organization\"},\"image\":{\"@type\":\"ImageObject\",\"url\":45064},\"datePublished\":\"2017-02-26T17:54:45-03:00\",\"dateModified\":\"2017-02-26T17:54:45-03:00\",\"inLanguage\":\"pt-BR\",\"mainEntityOfPage\":{\"@id\":\"https:\\\/\\\/www.jornalja.com.br\\\/arquivo\\\/nossa-alegoria-a-gente-fazia-no-meio-da-rua\\\/#webpage\"},\"isPartOf\":{\"@id\":\"https:\\\/\\\/www.jornalja.com.br\\\/arquivo\\\/nossa-alegoria-a-gente-fazia-no-meio-da-rua\\\/#webpage\"},\"articleSection\":\"Geral\"},{\"@type\":\"BreadcrumbList\",\"@id\":\"https:\\\/\\\/www.jornalja.com.br\\\/arquivo\\\/nossa-alegoria-a-gente-fazia-no-meio-da-rua\\\/#breadcrumblist\",\"itemListElement\":[{\"@type\":\"ListItem\",\"@id\":\"https:\\\/\\\/www.jornalja.com.br\\\/arquivo#listItem\",\"position\":1,\"name\":\"Home\",\"item\":\"https:\\\/\\\/www.jornalja.com.br\\\/arquivo\",\"nextItem\":{\"@type\":\"ListItem\",\"@id\":\"https:\\\/\\\/www.jornalja.com.br\\\/arquivo\\\/category\\\/geral\\\/#listItem\",\"name\":\"Geral\"}},{\"@type\":\"ListItem\",\"@id\":\"https:\\\/\\\/www.jornalja.com.br\\\/arquivo\\\/category\\\/geral\\\/#listItem\",\"position\":2,\"name\":\"Geral\",\"item\":\"https:\\\/\\\/www.jornalja.com.br\\\/arquivo\\\/category\\\/geral\\\/\",\"nextItem\":{\"@type\":\"ListItem\",\"@id\":\"https:\\\/\\\/www.jornalja.com.br\\\/arquivo\\\/nossa-alegoria-a-gente-fazia-no-meio-da-rua\\\/#listItem\",\"name\":\"\\u201cNossa alegoria a gente fazia no meio da rua\\u201d\"},\"previousItem\":{\"@type\":\"ListItem\",\"@id\":\"https:\\\/\\\/www.jornalja.com.br\\\/arquivo#listItem\",\"name\":\"Home\"}},{\"@type\":\"ListItem\",\"@id\":\"https:\\\/\\\/www.jornalja.com.br\\\/arquivo\\\/nossa-alegoria-a-gente-fazia-no-meio-da-rua\\\/#listItem\",\"position\":3,\"name\":\"\\u201cNossa alegoria a gente fazia no meio da rua\\u201d\",\"previousItem\":{\"@type\":\"ListItem\",\"@id\":\"https:\\\/\\\/www.jornalja.com.br\\\/arquivo\\\/category\\\/geral\\\/#listItem\",\"name\":\"Geral\"}}]},{\"@type\":\"Organization\",\"@id\":\"https:\\\/\\\/www.jornalja.com.br\\\/arquivo\\\/#organization\",\"name\":\"Jornal J\\u00c1\",\"description\":\"Jornal J\\u00c1 | Porto Alegre\",\"url\":\"https:\\\/\\\/www.jornalja.com.br\\\/arquivo\\\/\",\"telephone\":\"+555133307272\",\"logo\":{\"@type\":\"ImageObject\",\"url\":\"https:\\\/\\\/www.jornalja.com.br\\\/wp-content\\\/uploads\\\/cards\\\/JAslogan.png\",\"@id\":\"https:\\\/\\\/www.jornalja.com.br\\\/arquivo\\\/nossa-alegoria-a-gente-fazia-no-meio-da-rua\\\/#organizationLogo\"},\"image\":{\"@id\":\"https:\\\/\\\/www.jornalja.com.br\\\/arquivo\\\/nossa-alegoria-a-gente-fazia-no-meio-da-rua\\\/#organizationLogo\"}},{\"@type\":\"Person\",\"@id\":\"https:\\\/\\\/www.jornalja.com.br\\\/arquivo\\\/author\\\/daredacao\\\/#author\",\"url\":\"https:\\\/\\\/www.jornalja.com.br\\\/arquivo\\\/author\\\/daredacao\\\/\",\"name\":\"da Reda\\u00e7\\u00e3o\",\"image\":{\"@type\":\"ImageObject\",\"@id\":\"https:\\\/\\\/www.jornalja.com.br\\\/arquivo\\\/nossa-alegoria-a-gente-fazia-no-meio-da-rua\\\/#authorImage\",\"url\":\"https:\\\/\\\/secure.gravatar.com\\\/avatar\\\/469fd857d6605ad19919d27ed29d35a968a25f6e8fd9318356bbb7f57aae9c65?s=96&d=mm&r=g\",\"width\":96,\"height\":96,\"caption\":\"da Reda\\u00e7\\u00e3o\"}},{\"@type\":\"WebPage\",\"@id\":\"https:\\\/\\\/www.jornalja.com.br\\\/arquivo\\\/nossa-alegoria-a-gente-fazia-no-meio-da-rua\\\/#webpage\",\"url\":\"https:\\\/\\\/www.jornalja.com.br\\\/arquivo\\\/nossa-alegoria-a-gente-fazia-no-meio-da-rua\\\/\",\"name\":\"\\u201cNossa alegoria a gente fazia no meio da rua\\u201d | Arquivo\",\"inLanguage\":\"pt-BR\",\"isPartOf\":{\"@id\":\"https:\\\/\\\/www.jornalja.com.br\\\/arquivo\\\/#website\"},\"breadcrumb\":{\"@id\":\"https:\\\/\\\/www.jornalja.com.br\\\/arquivo\\\/nossa-alegoria-a-gente-fazia-no-meio-da-rua\\\/#breadcrumblist\"},\"author\":{\"@id\":\"https:\\\/\\\/www.jornalja.com.br\\\/arquivo\\\/author\\\/daredacao\\\/#author\"},\"creator\":{\"@id\":\"https:\\\/\\\/www.jornalja.com.br\\\/arquivo\\\/author\\\/daredacao\\\/#author\"},\"image\":{\"@type\":\"ImageObject\",\"url\":45064,\"@id\":\"https:\\\/\\\/www.jornalja.com.br\\\/arquivo\\\/nossa-alegoria-a-gente-fazia-no-meio-da-rua\\\/#mainImage\"},\"primaryImageOfPage\":{\"@id\":\"https:\\\/\\\/www.jornalja.com.br\\\/arquivo\\\/nossa-alegoria-a-gente-fazia-no-meio-da-rua\\\/#mainImage\"},\"datePublished\":\"2017-02-26T17:54:45-03:00\",\"dateModified\":\"2017-02-26T17:54:45-03:00\"},{\"@type\":\"WebSite\",\"@id\":\"https:\\\/\\\/www.jornalja.com.br\\\/arquivo\\\/#website\",\"url\":\"https:\\\/\\\/www.jornalja.com.br\\\/arquivo\\\/\",\"name\":\"Arquivo\",\"description\":\"Jornal J\\u00c1 | Porto Alegre\",\"inLanguage\":\"pt-BR\",\"publisher\":{\"@id\":\"https:\\\/\\\/www.jornalja.com.br\\\/arquivo\\\/#organization\"}}]}\n\t\t<\/script>\n\t\t<!-- All in One SEO -->\n\n","aioseo_head_json":{"title":"\u201cNossa alegoria a gente fazia no meio da rua\u201d | Arquivo","description":"","canonical_url":"https:\/\/www.jornalja.com.br\/arquivo\/nossa-alegoria-a-gente-fazia-no-meio-da-rua\/","robots":"max-image-preview:large","keywords":"","webmasterTools":{"miscellaneous":""},"schema":{"@context":"https:\/\/schema.org","@graph":[{"@type":"BlogPosting","@id":"https:\/\/www.jornalja.com.br\/arquivo\/nossa-alegoria-a-gente-fazia-no-meio-da-rua\/#blogposting","name":"\u201cNossa alegoria a gente fazia no meio da rua\u201d | Arquivo","headline":"\u201cNossa alegoria a gente fazia no meio da rua\u201d","author":{"@id":"https:\/\/www.jornalja.com.br\/arquivo\/author\/daredacao\/#author"},"publisher":{"@id":"https:\/\/www.jornalja.com.br\/arquivo\/#organization"},"image":{"@type":"ImageObject","url":45064},"datePublished":"2017-02-26T17:54:45-03:00","dateModified":"2017-02-26T17:54:45-03:00","inLanguage":"pt-BR","mainEntityOfPage":{"@id":"https:\/\/www.jornalja.com.br\/arquivo\/nossa-alegoria-a-gente-fazia-no-meio-da-rua\/#webpage"},"isPartOf":{"@id":"https:\/\/www.jornalja.com.br\/arquivo\/nossa-alegoria-a-gente-fazia-no-meio-da-rua\/#webpage"},"articleSection":"Geral"},{"@type":"BreadcrumbList","@id":"https:\/\/www.jornalja.com.br\/arquivo\/nossa-alegoria-a-gente-fazia-no-meio-da-rua\/#breadcrumblist","itemListElement":[{"@type":"ListItem","@id":"https:\/\/www.jornalja.com.br\/arquivo#listItem","position":1,"name":"Home","item":"https:\/\/www.jornalja.com.br\/arquivo","nextItem":{"@type":"ListItem","@id":"https:\/\/www.jornalja.com.br\/arquivo\/category\/geral\/#listItem","name":"Geral"}},{"@type":"ListItem","@id":"https:\/\/www.jornalja.com.br\/arquivo\/category\/geral\/#listItem","position":2,"name":"Geral","item":"https:\/\/www.jornalja.com.br\/arquivo\/category\/geral\/","nextItem":{"@type":"ListItem","@id":"https:\/\/www.jornalja.com.br\/arquivo\/nossa-alegoria-a-gente-fazia-no-meio-da-rua\/#listItem","name":"\u201cNossa alegoria a gente fazia no meio da rua\u201d"},"previousItem":{"@type":"ListItem","@id":"https:\/\/www.jornalja.com.br\/arquivo#listItem","name":"Home"}},{"@type":"ListItem","@id":"https:\/\/www.jornalja.com.br\/arquivo\/nossa-alegoria-a-gente-fazia-no-meio-da-rua\/#listItem","position":3,"name":"\u201cNossa alegoria a gente fazia no meio da rua\u201d","previousItem":{"@type":"ListItem","@id":"https:\/\/www.jornalja.com.br\/arquivo\/category\/geral\/#listItem","name":"Geral"}}]},{"@type":"Organization","@id":"https:\/\/www.jornalja.com.br\/arquivo\/#organization","name":"Jornal J\u00c1","description":"Jornal J\u00c1 | Porto Alegre","url":"https:\/\/www.jornalja.com.br\/arquivo\/","telephone":"+555133307272","logo":{"@type":"ImageObject","url":"https:\/\/www.jornalja.com.br\/wp-content\/uploads\/cards\/JAslogan.png","@id":"https:\/\/www.jornalja.com.br\/arquivo\/nossa-alegoria-a-gente-fazia-no-meio-da-rua\/#organizationLogo"},"image":{"@id":"https:\/\/www.jornalja.com.br\/arquivo\/nossa-alegoria-a-gente-fazia-no-meio-da-rua\/#organizationLogo"}},{"@type":"Person","@id":"https:\/\/www.jornalja.com.br\/arquivo\/author\/daredacao\/#author","url":"https:\/\/www.jornalja.com.br\/arquivo\/author\/daredacao\/","name":"da Reda\u00e7\u00e3o","image":{"@type":"ImageObject","@id":"https:\/\/www.jornalja.com.br\/arquivo\/nossa-alegoria-a-gente-fazia-no-meio-da-rua\/#authorImage","url":"https:\/\/secure.gravatar.com\/avatar\/469fd857d6605ad19919d27ed29d35a968a25f6e8fd9318356bbb7f57aae9c65?s=96&d=mm&r=g","width":96,"height":96,"caption":"da Reda\u00e7\u00e3o"}},{"@type":"WebPage","@id":"https:\/\/www.jornalja.com.br\/arquivo\/nossa-alegoria-a-gente-fazia-no-meio-da-rua\/#webpage","url":"https:\/\/www.jornalja.com.br\/arquivo\/nossa-alegoria-a-gente-fazia-no-meio-da-rua\/","name":"\u201cNossa alegoria a gente fazia no meio da rua\u201d | Arquivo","inLanguage":"pt-BR","isPartOf":{"@id":"https:\/\/www.jornalja.com.br\/arquivo\/#website"},"breadcrumb":{"@id":"https:\/\/www.jornalja.com.br\/arquivo\/nossa-alegoria-a-gente-fazia-no-meio-da-rua\/#breadcrumblist"},"author":{"@id":"https:\/\/www.jornalja.com.br\/arquivo\/author\/daredacao\/#author"},"creator":{"@id":"https:\/\/www.jornalja.com.br\/arquivo\/author\/daredacao\/#author"},"image":{"@type":"ImageObject","url":45064,"@id":"https:\/\/www.jornalja.com.br\/arquivo\/nossa-alegoria-a-gente-fazia-no-meio-da-rua\/#mainImage"},"primaryImageOfPage":{"@id":"https:\/\/www.jornalja.com.br\/arquivo\/nossa-alegoria-a-gente-fazia-no-meio-da-rua\/#mainImage"},"datePublished":"2017-02-26T17:54:45-03:00","dateModified":"2017-02-26T17:54:45-03:00"},{"@type":"WebSite","@id":"https:\/\/www.jornalja.com.br\/arquivo\/#website","url":"https:\/\/www.jornalja.com.br\/arquivo\/","name":"Arquivo","description":"Jornal J\u00c1 | Porto Alegre","inLanguage":"pt-BR","publisher":{"@id":"https:\/\/www.jornalja.com.br\/arquivo\/#organization"}}]},"og:locale":"pt_BR","og:site_name":"Arquivo | Jornal J\u00c1 | Porto Alegre","og:type":"article","og:title":"\u201cNossa alegoria a gente fazia no meio da rua\u201d | Arquivo","og:url":"https:\/\/www.jornalja.com.br\/arquivo\/nossa-alegoria-a-gente-fazia-no-meio-da-rua\/","og:image":"https:\/\/www.jornalja.com.br\/wp-content\/uploads\/2017\/02\/Ensaio-Tribo-Comanches-02-12.jpg","og:image:secure_url":"https:\/\/www.jornalja.com.br\/wp-content\/uploads\/2017\/02\/Ensaio-Tribo-Comanches-02-12.jpg","article:published_time":"2017-02-26T20:54:45+00:00","article:modified_time":"2017-02-26T20:54:45+00:00","twitter:card":"summary","twitter:title":"\u201cNossa alegoria a gente fazia no meio da rua\u201d | Arquivo","twitter:image":"https:\/\/www.jornalja.com.br\/economics\/wp-content\/uploads\/sites\/11\/2026\/08\/ja-folhaderosto-facebook.jpg"},"aioseo_meta_data":{"post_id":"45063","title":null,"description":null,"keywords":null,"keyphrases":null,"primary_term":null,"canonical_url":null,"og_title":null,"og_description":null,"og_object_type":"default","og_image_type":"default","og_image_url":null,"og_image_width":null,"og_image_height":null,"og_image_custom_url":null,"og_image_custom_fields":null,"og_video":null,"og_custom_url":null,"og_article_section":null,"og_article_tags":null,"twitter_use_og":false,"twitter_card":"default","twitter_image_type":"default","twitter_image_url":null,"twitter_image_custom_url":null,"twitter_image_custom_fields":null,"twitter_title":null,"twitter_description":null,"schema":{"blockGraphs":[],"customGraphs":[],"default":{"data":{"Article":[],"Course":[],"Dataset":[],"FAQPage":[],"Movie":[],"Person":[],"Product":[],"ProductReview":[],"Car":[],"Recipe":[],"Service":[],"SoftwareApplication":[],"WebPage":[]},"graphName":"","isEnabled":true},"graphs":[],"defaultGraph":"","defaultPostTypeGraph":""},"schema_type":null,"schema_type_options":null,"pillar_content":false,"robots_default":true,"robots_noindex":false,"robots_noarchive":false,"robots_nosnippet":false,"robots_nofollow":false,"robots_noimageindex":false,"robots_noodp":false,"robots_notranslate":false,"robots_max_snippet":null,"robots_max_videopreview":null,"robots_max_imagepreview":"large","priority":null,"frequency":null,"location":null,"local_seo":null,"breadcrumb_settings":null,"limit_modified_date":false,"ai":null,"created":"2020-12-20 20:38:59","updated":"2025-07-19 20:12:11","seo_analyzer_scan_date":null,"focus_keyword":null,"additional_keywords":null,"truseo_locale":null},"jetpack_sharing_enabled":true,"jetpack-related-posts":[{"id":5440,"url":"https:\/\/www.jornalja.com.br\/arquivo\/casarao-da-venancio-destino-permanece-incerto\/","url_meta":{"origin":45063,"position":0},"title":"Estado ainda n\u00e3o sabe o que fazer com casar\u00e3o abandonado h\u00e1 20 anos","author":"Elmar Bones","date":"6 de julho de 2009","format":false,"excerpt":"O casar\u00e3o amarelo, numa esquina nobre de Porto Alegre (Ven\u00e2ncio Aires com Jo\u00e3o Pessoa), j\u00e1 abrigou uma escola. H\u00e1 duas d\u00e9cadas, pelo menos, est\u00e1 abandonado, porque seu propriet\u00e1rio, o governo do Estado do Rio Grande do Sul, n\u00e3o consegue achar um destino para ele. Planos n\u00e3o faltaram. O governador Ol\u00edvio\u2026","rel":"","context":"Em &quot;X.Categorias velhas&quot;","block_context":{"text":"X.Categorias velhas","link":"https:\/\/www.jornalja.com.br\/arquivo\/category\/x-categorias-velhas\/"},"img":{"alt_text":"geraldo1","src":"https:\/\/i0.wp.com\/www.jornalja.com.br\/wp-content\/uploads\/2009\/07\/geraldo1.jpg?resize=350%2C200&ssl=1","width":350,"height":200},"classes":[]},{"id":13124,"url":"https:\/\/www.jornalja.com.br\/arquivo\/sangue-latino-no-iecine\/","url_meta":{"origin":45063,"position":1},"title":"Sangue latino no IECINE","author":"da Reda\u00e7\u00e3o","date":"18 de maio de 2014","format":false,"excerpt":"Francisco Ribeiro O Instituto Estadual de Cinema (IECINE) tem a frente, desde abril \u00faltimo, um novo diretor, o cineasta colombiano Juan Zapata, 36, que substitui Luiz Alberto Cassol. Radicado h\u00e1 dez anos em Porto Alegre, Zapata tem diante de si o desafio de conduzir at\u00e9 o final do ano um\u2026","rel":"","context":"Em &quot;Cultura-Geral&quot;","block_context":{"text":"Cultura-Geral","link":"https:\/\/www.jornalja.com.br\/arquivo\/category\/materiasecundaria\/"},"img":{"alt_text":"","src":"","width":0,"height":0},"classes":[]},{"id":13240,"url":"https:\/\/www.jornalja.com.br\/arquivo\/plano-diretor-estamos-construindo-o-caos\/","url_meta":{"origin":45063,"position":2},"title":"Plano diretor: &quot;Estamos construindo o caos&quot;","author":"Patr\u00edcia Marini","date":"26 de maio de 2014","format":false,"excerpt":"Desabafo que arquiteta Eliana Castilhos, delegada da Regi\u00e3o de Planejamento 1, postou nas redes sociais \u00e9 um testemunho do ambiente que se criou no Conselho do Plano Diretor de Porto Alegre, onde a aprova\u00e7\u00e3o de grandes empreendimentos \u00e9 empurrada guela abaixo dos conselheiros. Ao CMDUA Como delegada da Regi\u00e3o de\u2026","rel":"","context":"Em &quot;Geral&quot;","block_context":{"text":"Geral","link":"https:\/\/www.jornalja.com.br\/arquivo\/category\/geral\/"},"img":{"alt_text":"","src":"","width":0,"height":0},"classes":[]},{"id":1280,"url":"https:\/\/www.jornalja.com.br\/arquivo\/o-menino-que-se-tornou-brizola\/","url_meta":{"origin":45063,"position":3},"title":"O Menino que se Tornou Brizola","author":"da Reda\u00e7\u00e3o","date":"28 de julho de 2008","format":false,"excerpt":"Autor: Cleber Dioni A vida de Leonel Brizola, com \u00eanfase para os primeiros anos em Porto Alegre, at\u00e9 o ex\u00edlio no Uruguai e a volta, quinze anos depois. \u00a0\"...\u00c9ramos todos jovens e nos identific\u00e1vamos com aquela massa an\u00f4nima a percorrer as ruas de Porto Alegre, gritando 'Get\u00falio', 'Get\u00falio' e empunhando\u2026","rel":"","context":"Em &quot;Livros&quot;","block_context":{"text":"Livros","link":"https:\/\/www.jornalja.com.br\/arquivo\/category\/livros\/"},"img":{"alt_text":"","src":"https:\/\/i0.wp.com\/www.jornalja.com.br\/wp-content\/uploads\/2008\/07\/brizola.gif?resize=350%2C200&ssl=1","width":350,"height":200},"classes":[]},{"id":14241,"url":"https:\/\/www.jornalja.com.br\/arquivo\/o-guaiba-nas-imagens-poeticas-de-achutti\/","url_meta":{"origin":45063,"position":4},"title":"O Gua\u00edba nas imagens po\u00e9ticas de Achutti","author":"da Reda\u00e7\u00e3o","date":"18 de junho de 2014","format":false,"excerpt":"Em \u201cO Gua\u00edba por Achutti\u201d \u2013 obra financiada via Minist\u00e9rio da Cultura, produ\u00e7\u00e3o executiva de Pedro Longhi, e Fl\u00e1vio Wild como designer \u2013, o fot\u00f3grafo revela a beleza e as mazelas de um espa\u00e7o aqu\u00e1tico de \u00e1guas sempre renovadas, cheio de hist\u00f3rias e lendas como as das cidades que foram\u2026","rel":"","context":"Em &quot;Cultura-Geral&quot;","block_context":{"text":"Cultura-Geral","link":"https:\/\/www.jornalja.com.br\/arquivo\/category\/materiasecundaria\/"},"img":{"alt_text":"","src":"","width":0,"height":0},"classes":[]},{"id":13239,"url":"https:\/\/www.jornalja.com.br\/arquivo\/conselho-desdenha-do-plano-diretor\/","url_meta":{"origin":45063,"position":5},"title":"Porto Alegre: Conselho detona Plano Diretor","author":"Patr\u00edcia Marini","date":"25 de maio de 2014","format":false,"excerpt":"Den\u00fancia do arquiteto e \u00a0urbanista Ibir\u00e1 Santos Lucas. Ele diz que os conselheiros est\u00e3o votando com \"enorme irresponsabilidade\". \"Mudam regime com a maior naturalidade,,,regularizam absurdos de constru\u00e7\u00f5es irregulares... \"O CMDUA est\u00e1 flexibilizando a lei do plano diretor, de uma forma impactante na vida da cidade. Mudam regime com a maior\u2026","rel":"","context":"Em &quot;Geral&quot;","block_context":{"text":"Geral","link":"https:\/\/www.jornalja.com.br\/arquivo\/category\/geral\/"},"img":{"alt_text":"","src":"","width":0,"height":0},"classes":[]}],"jetpack_shortlink":"https:\/\/wp.me\/pbQjBd-bIP","jetpack_featured_media_url":"","_links":{"self":[{"href":"https:\/\/www.jornalja.com.br\/arquivo\/wp-json\/wp\/v2\/posts\/45063","targetHints":{"allow":["GET"]}}],"collection":[{"href":"https:\/\/www.jornalja.com.br\/arquivo\/wp-json\/wp\/v2\/posts"}],"about":[{"href":"https:\/\/www.jornalja.com.br\/arquivo\/wp-json\/wp\/v2\/types\/post"}],"author":[{"embeddable":true,"href":"https:\/\/www.jornalja.com.br\/arquivo\/wp-json\/wp\/v2\/users\/4"}],"replies":[{"embeddable":true,"href":"https:\/\/www.jornalja.com.br\/arquivo\/wp-json\/wp\/v2\/comments?post=45063"}],"version-history":[{"count":0,"href":"https:\/\/www.jornalja.com.br\/arquivo\/wp-json\/wp\/v2\/posts\/45063\/revisions"}],"wp:attachment":[{"href":"https:\/\/www.jornalja.com.br\/arquivo\/wp-json\/wp\/v2\/media?parent=45063"}],"wp:term":[{"taxonomy":"category","embeddable":true,"href":"https:\/\/www.jornalja.com.br\/arquivo\/wp-json\/wp\/v2\/categories?post=45063"},{"taxonomy":"post_tag","embeddable":true,"href":"https:\/\/www.jornalja.com.br\/arquivo\/wp-json\/wp\/v2\/tags?post=45063"}],"curies":[{"name":"wp","href":"https:\/\/api.w.org\/{rel}","templated":true}]}}