{"id":45067,"date":"2017-02-27T14:22:27","date_gmt":"2017-02-27T17:22:27","guid":{"rendered":"https:\/\/www.jornalja.com.br\/?p=45067"},"modified":"2017-02-27T14:22:27","modified_gmt":"2017-02-27T17:22:27","slug":"os-comanches-uma-tradicao-da-vila-sao-jose","status":"publish","type":"post","link":"https:\/\/www.jornalja.com.br\/arquivo\/os-comanches-uma-tradicao-da-vila-sao-jose\/","title":{"rendered":"Os Comanches, uma tradi\u00e7\u00e3o da Vila S\u00e3o Jos\u00e9"},"content":{"rendered":"<p><span class=\"assina\">Matheus Chaparini<\/span><br \/>\nNos altos da rua Borborema, vila S\u00e3o Jos\u00e9, na Zona Leste de Porto Alegre, fica a sede da Tribo Comanches. Em uma sexta feira de fevereiro a reportagem do Jornal J\u00c1 foi conferir um ensaio na quadra.<br \/>\nValdir de Souza Ribeiro \u00e9 o presidente da Sociedade Recreativa Beneficente Carnavalesca Tribo Comanches, fundada em 10 de outubro de 1959.<br \/>\nDentro da sede, entre as paredes repletas de fantasias, alegorias e p\u00f4steres de t\u00edtulos do Sport Club Internacional, ou na avenida, Valdir \u00e9 Ita\u00fana, seu nome de guerra.<br \/>\nEle era um guri da S\u00e3o Jos\u00e9 quando um grupo de amigos decidiram criar uma agremia\u00e7\u00e3o carnavalesca. A primeira empreitada foi uma escola de samba, o Comando do Morro, que durou apenas dois anos.<br \/>\nUm dia, ap\u00f3s o fim da escola, estavam sentados em uma pra\u00e7a da redondeza quando algu\u00e9m sugeriu: quem sabe a gente faz uma tribo? \u201cNaquele tempo tinha muita tribo. Bah! Escola de samba n\u00e3o tinha muito\u201d, conta Valdir.<br \/>\nAs cores escolhidas foram amarelo, vermelho e azul. O nome foi decidido em uma vota\u00e7\u00e3o apertada, com diferen\u00e7a de apenas um voto. A inspira\u00e7\u00e3o veio dos filmes americanos que passavam na televis\u00e3o.<br \/>\n\u201cA gente via os Comanches, assim, em cima da montanha, \u00e0 cavalo e a gente era gurizada nova, achava fant\u00e1stico\u201d, explica.<br \/>\n<figure id=\"attachment_45073\" aria-describedby=\"caption-attachment-45073\" style=\"width: 725px\" class=\"wp-caption alignnone\"><img loading=\"lazy\" decoding=\"async\" class=\"wp-image-45073 size-full\" src=\"https:\/\/www.jornalja.com.br\/wp-content\/uploads\/2017\/02\/Tribo-Comanches-desfile-de-2004.-Arquivo.jpg\" alt=\"Tribo Comanches na avenida no carnaval de 2004 \/ Arquivo Comanches\" width=\"725\" height=\"485\" \/><figcaption id=\"caption-attachment-45073\" class=\"wp-caption-text\">Tribo Comanches na avenida no carnaval de 2004 \/ Arquivo Comanches<\/figcaption><\/figure><br \/>\nValdir \u00e9 est\u00e1 no cargo h\u00e1 cerca de 25 anos. Antes disso, se orgulha de ter sido o presidente no ano do primeiro t\u00edtulo de campe\u00e3o de carnaval, em 1967, quando a disputa entre as tribos era a principal atra\u00e7\u00e3o do carnaval porto alegrense.<br \/>\n\u201cEra o tempo da Pepsi Cola, do Vicente Rao, que era Rei Momo, tempo do Heitor Pires, o comendador. Ele botava o dinheiro e a prefeitura botava os \u00f4nibus. A gente pedia 3, 4 \u00f4nibus e eles davam\u201d, recorda.<br \/>\nAtualmente a disputa se d\u00e1 apenas entre duas tribos: Comanches e Guaianazes, \u201co que restou da guerra\u201d. H\u00e1 uma forte rivalidade entre as duas tribos e a esta disputa \u00e9 o que mant\u00e9m vivo o carnaval de \u00edndio, como alguns chamam. Os Comanches venceram as \u00faltimas quatro disputas.<br \/>\nEste ano, a tribo vai para a avenida com cerca de 300 pessoas. Segundo Valdir, a maioria dos integrantes mora nas redondezas da sede. A bateria conta com 70 percussionistas.<br \/>\nSurdos, maracan\u00e3s, repiniques e ag\u00eas s\u00e3o os instrumentos da pescuss\u00e3o. A harmonia vem com dois cavacos, viol\u00e3o de seis e de sete cordas. O desfile conta ainda com personagens como porta estandarte, feiticeiro e cacique \u2013 em outros tempos, eram mais personagens, como deusa, cacique, paj\u00e9.<br \/>\n<figure id=\"attachment_45075\" aria-describedby=\"caption-attachment-45075\" style=\"width: 725px\" class=\"wp-caption alignnone\"><img loading=\"lazy\" decoding=\"async\" class=\"wp-image-45075 size-full\" src=\"https:\/\/www.jornalja.com.br\/wp-content\/uploads\/2017\/02\/Carnaval-Valdir-Comanches-Arquivo.jpg\" alt=\"Presidente Valdir em a\u00e7\u00e3o na quadra: &quot;eu n\u00e3o sei fazer nada, mas eu sou curioso&quot; \/ Arquivo Comanches\" width=\"725\" height=\"456\" \/><figcaption id=\"caption-attachment-45075\" class=\"wp-caption-text\">Presidente Valdir em a\u00e7\u00e3o na quadra: &#8220;eu n\u00e3o sei fazer nada, mas eu sou curioso&#8221; \/ Arquivo Comanches<\/figcaption><\/figure><br \/>\nO tema para o carnaval 2017 \u00e9 Um tema para Lino e Jacira. Segundo o presidente, as fantasias e alegorias est\u00e3o praticamente prontas. \u201c\u00c9 s\u00f3 colocar no carro.\u201d<br \/>\n<span class=\"intertit\">&#8220;Isso aqui \u00e9 uma fam\u00edlia, meu!&#8221;<\/span><br \/>\nApesar de ter vivido os melhores dias das tribos, o momento em que Valdir mais se emociona n\u00e3o \u00e9 ao lembrar gl\u00f3rias de carnavais passados, mas ao defender a uni\u00e3o do grupo em momentos de dificuldade. Valdir se considera \u201cum cara glorioso\u201d por ter o seu pessoal ao lado. \u201cIsso aqui \u00e9 uma fam\u00edlia, meu!\u201d<br \/>\nMesmo com o repasse da prefeitura \u00e0 Liga, que era dividido entre as agremia\u00e7\u00f5es, colocar a tribo na avenida n\u00e3o era uma tarefa f\u00e1cil. Para Valdir, este feito s\u00f3 \u00e9 poss\u00edvel, ano ap\u00f3s ano, gra\u00e7as \u00e0 uni\u00e3o dos integrantes da tribo, na maioria moradores da regi\u00e3o. O trabalho \u00e9 o ano todo.<br \/>\nAs cabe\u00e7as das fantasias s\u00e3o feitas em papel\u00e3o reciclado. Um funcion\u00e1rio do supermercado que hoje ocupa o terreno onde j\u00e1 foi a quadra dos Comanches separa caixas de papel\u00e3o que sobram e encaminha para a tribo.<br \/>\n\u201cEu tenho minha comunidade muito forte aqui. Talvez saia alguma coisa, mas a gente n\u00e3o t\u00e1 contando com isso a\u00ed. Eu j\u00e1 falei com a minha harmonia: \u2018esse ano n\u00e3o tem nada, quem quiser ir, vai, quem n\u00e3o quiser, pode parar agora\u2019. Eles deram o grito de guerra.\u201d<br \/>\nEste ano, o prefeito Nelson Marchezan J\u00fanior decidiu cortar o repasse que todos anos a prefeitura fazia para o carnaval. Dos R$ 7 milh\u00f5es previstos, cerca de R$ 5 milh\u00f5es seriam usados na estrutura do desfile e o restante, dividido entre as agremia\u00e7\u00f5es.<br \/>\nUma equipe montada pela prefeitura e Liespa est\u00e1 visitando diversas empresas que s\u00e3o potenciais patrocinadoras. Mas at\u00e9 o momento, n\u00e3o se fala em confirma\u00e7\u00f5es ou valores.<br \/>\nO projeto da prefeitura \u00e9 que a partir deste ano, o carnaval se sustente sem verba p\u00fablica. A forma de capta\u00e7\u00e3o ainda n\u00e3o est\u00e1 definida. Se a capta\u00e7\u00e3o for feita de forma individual, por cada entidade, as menores ter\u00e3o mais dificuldade, correndo o risco de extin\u00e7\u00e3o nos pr\u00f3ximos anos.<br \/>\nQuando perdeu sua esposa, Valdir quis parar com os Comanches. Dona Georgina era costureira da tribo e bra\u00e7o direito do presidente, que hoje \u00e9 auxiliado pela filha Karen. Ele prop\u00f4s o fim da entidade, mas a comunidade n\u00e3o aceitou.<br \/>\nHoje, mesmo com todas dificuldades e com a incerteza da situa\u00e7\u00e3o financeira futura, o fim dos Comanches \u00e9 algo que Ita\u00fana nem cogita: \u201cN\u00f3s vamos abra\u00e7ar e n\u00e3o vamos deixar morrer.\u201d<br \/>\n<figure id=\"attachment_45071\" aria-describedby=\"caption-attachment-45071\" style=\"width: 578px\" class=\"wp-caption alignnone\"><img loading=\"lazy\" decoding=\"async\" class=\"wp-image-45071 size-full\" src=\"https:\/\/www.jornalja.com.br\/wp-content\/uploads\/2017\/02\/Carnaval.-Valdir.-Arquivo-Comanches.jpg\" alt=\"Dona Angelina e Valdir dando entrevista ap\u00f3s o titulo de 2002 no carnaval \/ Arquivo Comanches\" width=\"578\" height=\"800\" \/><figcaption id=\"caption-attachment-45071\" class=\"wp-caption-text\">Dona Georgina e Valdir dando entrevista ap\u00f3s o titulo de 2002 no carnaval \/ Arquivo Comanches<\/figcaption><\/figure><\/p>\n","protected":false},"excerpt":{"rendered":"<p>Matheus Chaparini Nos altos da rua Borborema, vila S\u00e3o Jos\u00e9, na Zona Leste de Porto Alegre, fica a sede da Tribo Comanches. Em uma sexta feira de fevereiro a reportagem do Jornal J\u00c1 foi conferir um ensaio na quadra. Valdir de Souza Ribeiro \u00e9 o presidente da Sociedade Recreativa Beneficente Carnavalesca Tribo Comanches, fundada em [&hellip;]<\/p>\n","protected":false},"author":4,"featured_media":45072,"comment_status":"open","ping_status":"closed","sticky":false,"template":"","format":"standard","meta":{"_jetpack_newsletter_access":"","_jetpack_dont_email_post_to_subs":false,"_jetpack_newsletter_tier_id":0,"_jetpack_memberships_contains_paywalled_content":false,"_jetpack_feature_clip_id":0,"_jetpack_memberships_contains_paid_content":false,"footnotes":"","jetpack_post_was_ever_published":false},"categories":[26],"tags":[],"class_list":["post-45067","post","type-post","status-publish","format-standard","has-post-thumbnail","hentry","category-geral"],"aioseo_notices":[],"aioseo_head":"\n\t\t<!-- All in One SEO 5.0.1.1 - aioseo.com -->\n\t<meta name=\"robots\" content=\"max-image-preview:large\" \/>\n\t<meta name=\"author\" content=\"da Reda\u00e7\u00e3o\"\/>\n\t<link rel=\"canonical\" href=\"https:\/\/www.jornalja.com.br\/arquivo\/os-comanches-uma-tradicao-da-vila-sao-jose\/\" \/>\n\t<meta name=\"generator\" content=\"All in One SEO (AIOSEO) 5.0.1.1\" \/>\n\t\t<meta property=\"og:locale\" content=\"pt_BR\" \/>\n\t\t<meta property=\"og:site_name\" content=\"Arquivo | Jornal J\u00c1 | Porto Alegre\" \/>\n\t\t<meta property=\"og:type\" content=\"article\" \/>\n\t\t<meta property=\"og:title\" content=\"Os Comanches, uma tradi\u00e7\u00e3o da Vila S\u00e3o Jos\u00e9 | Arquivo\" \/>\n\t\t<meta property=\"og:url\" content=\"https:\/\/www.jornalja.com.br\/arquivo\/os-comanches-uma-tradicao-da-vila-sao-jose\/\" \/>\n\t\t<meta property=\"og:image\" content=\"https:\/\/www.jornalja.com.br\/wp-content\/uploads\/2017\/02\/Tribo-Comanches-desfile-de-2004.-Arquivo.jpg\" \/>\n\t\t<meta property=\"og:image:secure_url\" content=\"https:\/\/www.jornalja.com.br\/wp-content\/uploads\/2017\/02\/Tribo-Comanches-desfile-de-2004.-Arquivo.jpg\" \/>\n\t\t<meta property=\"article:published_time\" content=\"2017-02-27T17:22:27+00:00\" \/>\n\t\t<meta property=\"article:modified_time\" content=\"2017-02-27T17:22:27+00:00\" \/>\n\t\t<meta name=\"twitter:card\" content=\"summary\" \/>\n\t\t<meta name=\"twitter:title\" content=\"Os Comanches, uma tradi\u00e7\u00e3o da Vila S\u00e3o Jos\u00e9 | Arquivo\" \/>\n\t\t<meta name=\"twitter:image\" content=\"https:\/\/www.jornalja.com.br\/economics\/wp-content\/uploads\/sites\/11\/2026\/08\/ja-folhaderosto-facebook.jpg\" \/>\n\t\t<script type=\"application\/ld+json\" class=\"aioseo-schema\">\n\t\t\t{\"@context\":\"https:\\\/\\\/schema.org\",\"@graph\":[{\"@type\":\"BlogPosting\",\"@id\":\"https:\\\/\\\/www.jornalja.com.br\\\/arquivo\\\/os-comanches-uma-tradicao-da-vila-sao-jose\\\/#blogposting\",\"name\":\"Os Comanches, uma tradi\\u00e7\\u00e3o da Vila S\\u00e3o Jos\\u00e9 | Arquivo\",\"headline\":\"Os Comanches, uma tradi\\u00e7\\u00e3o da Vila S\\u00e3o Jos\\u00e9\",\"author\":{\"@id\":\"https:\\\/\\\/www.jornalja.com.br\\\/arquivo\\\/author\\\/daredacao\\\/#author\"},\"publisher\":{\"@id\":\"https:\\\/\\\/www.jornalja.com.br\\\/arquivo\\\/#organization\"},\"image\":{\"@type\":\"ImageObject\",\"url\":45072},\"datePublished\":\"2017-02-27T14:22:27-03:00\",\"dateModified\":\"2017-02-27T14:22:27-03:00\",\"inLanguage\":\"pt-BR\",\"mainEntityOfPage\":{\"@id\":\"https:\\\/\\\/www.jornalja.com.br\\\/arquivo\\\/os-comanches-uma-tradicao-da-vila-sao-jose\\\/#webpage\"},\"isPartOf\":{\"@id\":\"https:\\\/\\\/www.jornalja.com.br\\\/arquivo\\\/os-comanches-uma-tradicao-da-vila-sao-jose\\\/#webpage\"},\"articleSection\":\"Geral\"},{\"@type\":\"BreadcrumbList\",\"@id\":\"https:\\\/\\\/www.jornalja.com.br\\\/arquivo\\\/os-comanches-uma-tradicao-da-vila-sao-jose\\\/#breadcrumblist\",\"itemListElement\":[{\"@type\":\"ListItem\",\"@id\":\"https:\\\/\\\/www.jornalja.com.br\\\/arquivo#listItem\",\"position\":1,\"name\":\"Home\",\"item\":\"https:\\\/\\\/www.jornalja.com.br\\\/arquivo\",\"nextItem\":{\"@type\":\"ListItem\",\"@id\":\"https:\\\/\\\/www.jornalja.com.br\\\/arquivo\\\/category\\\/geral\\\/#listItem\",\"name\":\"Geral\"}},{\"@type\":\"ListItem\",\"@id\":\"https:\\\/\\\/www.jornalja.com.br\\\/arquivo\\\/category\\\/geral\\\/#listItem\",\"position\":2,\"name\":\"Geral\",\"item\":\"https:\\\/\\\/www.jornalja.com.br\\\/arquivo\\\/category\\\/geral\\\/\",\"nextItem\":{\"@type\":\"ListItem\",\"@id\":\"https:\\\/\\\/www.jornalja.com.br\\\/arquivo\\\/os-comanches-uma-tradicao-da-vila-sao-jose\\\/#listItem\",\"name\":\"Os Comanches, uma tradi\\u00e7\\u00e3o da Vila S\\u00e3o Jos\\u00e9\"},\"previousItem\":{\"@type\":\"ListItem\",\"@id\":\"https:\\\/\\\/www.jornalja.com.br\\\/arquivo#listItem\",\"name\":\"Home\"}},{\"@type\":\"ListItem\",\"@id\":\"https:\\\/\\\/www.jornalja.com.br\\\/arquivo\\\/os-comanches-uma-tradicao-da-vila-sao-jose\\\/#listItem\",\"position\":3,\"name\":\"Os Comanches, uma tradi\\u00e7\\u00e3o da Vila S\\u00e3o Jos\\u00e9\",\"previousItem\":{\"@type\":\"ListItem\",\"@id\":\"https:\\\/\\\/www.jornalja.com.br\\\/arquivo\\\/category\\\/geral\\\/#listItem\",\"name\":\"Geral\"}}]},{\"@type\":\"Organization\",\"@id\":\"https:\\\/\\\/www.jornalja.com.br\\\/arquivo\\\/#organization\",\"name\":\"Jornal J\\u00c1\",\"description\":\"Jornal J\\u00c1 | Porto Alegre\",\"url\":\"https:\\\/\\\/www.jornalja.com.br\\\/arquivo\\\/\",\"telephone\":\"+555133307272\",\"logo\":{\"@type\":\"ImageObject\",\"url\":\"https:\\\/\\\/www.jornalja.com.br\\\/wp-content\\\/uploads\\\/cards\\\/JAslogan.png\",\"@id\":\"https:\\\/\\\/www.jornalja.com.br\\\/arquivo\\\/os-comanches-uma-tradicao-da-vila-sao-jose\\\/#organizationLogo\"},\"image\":{\"@id\":\"https:\\\/\\\/www.jornalja.com.br\\\/arquivo\\\/os-comanches-uma-tradicao-da-vila-sao-jose\\\/#organizationLogo\"}},{\"@type\":\"Person\",\"@id\":\"https:\\\/\\\/www.jornalja.com.br\\\/arquivo\\\/author\\\/daredacao\\\/#author\",\"url\":\"https:\\\/\\\/www.jornalja.com.br\\\/arquivo\\\/author\\\/daredacao\\\/\",\"name\":\"da Reda\\u00e7\\u00e3o\",\"image\":{\"@type\":\"ImageObject\",\"@id\":\"https:\\\/\\\/www.jornalja.com.br\\\/arquivo\\\/os-comanches-uma-tradicao-da-vila-sao-jose\\\/#authorImage\",\"url\":\"https:\\\/\\\/secure.gravatar.com\\\/avatar\\\/469fd857d6605ad19919d27ed29d35a968a25f6e8fd9318356bbb7f57aae9c65?s=96&d=mm&r=g\",\"width\":96,\"height\":96,\"caption\":\"da Reda\\u00e7\\u00e3o\"}},{\"@type\":\"WebPage\",\"@id\":\"https:\\\/\\\/www.jornalja.com.br\\\/arquivo\\\/os-comanches-uma-tradicao-da-vila-sao-jose\\\/#webpage\",\"url\":\"https:\\\/\\\/www.jornalja.com.br\\\/arquivo\\\/os-comanches-uma-tradicao-da-vila-sao-jose\\\/\",\"name\":\"Os Comanches, uma tradi\\u00e7\\u00e3o da Vila S\\u00e3o Jos\\u00e9 | Arquivo\",\"inLanguage\":\"pt-BR\",\"isPartOf\":{\"@id\":\"https:\\\/\\\/www.jornalja.com.br\\\/arquivo\\\/#website\"},\"breadcrumb\":{\"@id\":\"https:\\\/\\\/www.jornalja.com.br\\\/arquivo\\\/os-comanches-uma-tradicao-da-vila-sao-jose\\\/#breadcrumblist\"},\"author\":{\"@id\":\"https:\\\/\\\/www.jornalja.com.br\\\/arquivo\\\/author\\\/daredacao\\\/#author\"},\"creator\":{\"@id\":\"https:\\\/\\\/www.jornalja.com.br\\\/arquivo\\\/author\\\/daredacao\\\/#author\"},\"image\":{\"@type\":\"ImageObject\",\"url\":45072,\"@id\":\"https:\\\/\\\/www.jornalja.com.br\\\/arquivo\\\/os-comanches-uma-tradicao-da-vila-sao-jose\\\/#mainImage\"},\"primaryImageOfPage\":{\"@id\":\"https:\\\/\\\/www.jornalja.com.br\\\/arquivo\\\/os-comanches-uma-tradicao-da-vila-sao-jose\\\/#mainImage\"},\"datePublished\":\"2017-02-27T14:22:27-03:00\",\"dateModified\":\"2017-02-27T14:22:27-03:00\"},{\"@type\":\"WebSite\",\"@id\":\"https:\\\/\\\/www.jornalja.com.br\\\/arquivo\\\/#website\",\"url\":\"https:\\\/\\\/www.jornalja.com.br\\\/arquivo\\\/\",\"name\":\"Arquivo\",\"description\":\"Jornal J\\u00c1 | Porto Alegre\",\"inLanguage\":\"pt-BR\",\"publisher\":{\"@id\":\"https:\\\/\\\/www.jornalja.com.br\\\/arquivo\\\/#organization\"}}]}\n\t\t<\/script>\n\t\t<!-- All in One SEO -->\n\n","aioseo_head_json":{"title":"Os Comanches, uma tradi\u00e7\u00e3o da Vila S\u00e3o Jos\u00e9 | Arquivo","description":"","canonical_url":"https:\/\/www.jornalja.com.br\/arquivo\/os-comanches-uma-tradicao-da-vila-sao-jose\/","robots":"max-image-preview:large","keywords":"","webmasterTools":{"miscellaneous":""},"schema":{"@context":"https:\/\/schema.org","@graph":[{"@type":"BlogPosting","@id":"https:\/\/www.jornalja.com.br\/arquivo\/os-comanches-uma-tradicao-da-vila-sao-jose\/#blogposting","name":"Os Comanches, uma tradi\u00e7\u00e3o da Vila S\u00e3o Jos\u00e9 | Arquivo","headline":"Os Comanches, uma tradi\u00e7\u00e3o da Vila S\u00e3o Jos\u00e9","author":{"@id":"https:\/\/www.jornalja.com.br\/arquivo\/author\/daredacao\/#author"},"publisher":{"@id":"https:\/\/www.jornalja.com.br\/arquivo\/#organization"},"image":{"@type":"ImageObject","url":45072},"datePublished":"2017-02-27T14:22:27-03:00","dateModified":"2017-02-27T14:22:27-03:00","inLanguage":"pt-BR","mainEntityOfPage":{"@id":"https:\/\/www.jornalja.com.br\/arquivo\/os-comanches-uma-tradicao-da-vila-sao-jose\/#webpage"},"isPartOf":{"@id":"https:\/\/www.jornalja.com.br\/arquivo\/os-comanches-uma-tradicao-da-vila-sao-jose\/#webpage"},"articleSection":"Geral"},{"@type":"BreadcrumbList","@id":"https:\/\/www.jornalja.com.br\/arquivo\/os-comanches-uma-tradicao-da-vila-sao-jose\/#breadcrumblist","itemListElement":[{"@type":"ListItem","@id":"https:\/\/www.jornalja.com.br\/arquivo#listItem","position":1,"name":"Home","item":"https:\/\/www.jornalja.com.br\/arquivo","nextItem":{"@type":"ListItem","@id":"https:\/\/www.jornalja.com.br\/arquivo\/category\/geral\/#listItem","name":"Geral"}},{"@type":"ListItem","@id":"https:\/\/www.jornalja.com.br\/arquivo\/category\/geral\/#listItem","position":2,"name":"Geral","item":"https:\/\/www.jornalja.com.br\/arquivo\/category\/geral\/","nextItem":{"@type":"ListItem","@id":"https:\/\/www.jornalja.com.br\/arquivo\/os-comanches-uma-tradicao-da-vila-sao-jose\/#listItem","name":"Os Comanches, uma tradi\u00e7\u00e3o da Vila S\u00e3o Jos\u00e9"},"previousItem":{"@type":"ListItem","@id":"https:\/\/www.jornalja.com.br\/arquivo#listItem","name":"Home"}},{"@type":"ListItem","@id":"https:\/\/www.jornalja.com.br\/arquivo\/os-comanches-uma-tradicao-da-vila-sao-jose\/#listItem","position":3,"name":"Os Comanches, uma tradi\u00e7\u00e3o da Vila S\u00e3o Jos\u00e9","previousItem":{"@type":"ListItem","@id":"https:\/\/www.jornalja.com.br\/arquivo\/category\/geral\/#listItem","name":"Geral"}}]},{"@type":"Organization","@id":"https:\/\/www.jornalja.com.br\/arquivo\/#organization","name":"Jornal J\u00c1","description":"Jornal J\u00c1 | Porto Alegre","url":"https:\/\/www.jornalja.com.br\/arquivo\/","telephone":"+555133307272","logo":{"@type":"ImageObject","url":"https:\/\/www.jornalja.com.br\/wp-content\/uploads\/cards\/JAslogan.png","@id":"https:\/\/www.jornalja.com.br\/arquivo\/os-comanches-uma-tradicao-da-vila-sao-jose\/#organizationLogo"},"image":{"@id":"https:\/\/www.jornalja.com.br\/arquivo\/os-comanches-uma-tradicao-da-vila-sao-jose\/#organizationLogo"}},{"@type":"Person","@id":"https:\/\/www.jornalja.com.br\/arquivo\/author\/daredacao\/#author","url":"https:\/\/www.jornalja.com.br\/arquivo\/author\/daredacao\/","name":"da Reda\u00e7\u00e3o","image":{"@type":"ImageObject","@id":"https:\/\/www.jornalja.com.br\/arquivo\/os-comanches-uma-tradicao-da-vila-sao-jose\/#authorImage","url":"https:\/\/secure.gravatar.com\/avatar\/469fd857d6605ad19919d27ed29d35a968a25f6e8fd9318356bbb7f57aae9c65?s=96&d=mm&r=g","width":96,"height":96,"caption":"da Reda\u00e7\u00e3o"}},{"@type":"WebPage","@id":"https:\/\/www.jornalja.com.br\/arquivo\/os-comanches-uma-tradicao-da-vila-sao-jose\/#webpage","url":"https:\/\/www.jornalja.com.br\/arquivo\/os-comanches-uma-tradicao-da-vila-sao-jose\/","name":"Os Comanches, uma tradi\u00e7\u00e3o da Vila S\u00e3o Jos\u00e9 | Arquivo","inLanguage":"pt-BR","isPartOf":{"@id":"https:\/\/www.jornalja.com.br\/arquivo\/#website"},"breadcrumb":{"@id":"https:\/\/www.jornalja.com.br\/arquivo\/os-comanches-uma-tradicao-da-vila-sao-jose\/#breadcrumblist"},"author":{"@id":"https:\/\/www.jornalja.com.br\/arquivo\/author\/daredacao\/#author"},"creator":{"@id":"https:\/\/www.jornalja.com.br\/arquivo\/author\/daredacao\/#author"},"image":{"@type":"ImageObject","url":45072,"@id":"https:\/\/www.jornalja.com.br\/arquivo\/os-comanches-uma-tradicao-da-vila-sao-jose\/#mainImage"},"primaryImageOfPage":{"@id":"https:\/\/www.jornalja.com.br\/arquivo\/os-comanches-uma-tradicao-da-vila-sao-jose\/#mainImage"},"datePublished":"2017-02-27T14:22:27-03:00","dateModified":"2017-02-27T14:22:27-03:00"},{"@type":"WebSite","@id":"https:\/\/www.jornalja.com.br\/arquivo\/#website","url":"https:\/\/www.jornalja.com.br\/arquivo\/","name":"Arquivo","description":"Jornal J\u00c1 | Porto Alegre","inLanguage":"pt-BR","publisher":{"@id":"https:\/\/www.jornalja.com.br\/arquivo\/#organization"}}]},"og:locale":"pt_BR","og:site_name":"Arquivo | Jornal J\u00c1 | Porto Alegre","og:type":"article","og:title":"Os Comanches, uma tradi\u00e7\u00e3o da Vila S\u00e3o Jos\u00e9 | Arquivo","og:url":"https:\/\/www.jornalja.com.br\/arquivo\/os-comanches-uma-tradicao-da-vila-sao-jose\/","og:image":"https:\/\/www.jornalja.com.br\/wp-content\/uploads\/2017\/02\/Tribo-Comanches-desfile-de-2004.-Arquivo.jpg","og:image:secure_url":"https:\/\/www.jornalja.com.br\/wp-content\/uploads\/2017\/02\/Tribo-Comanches-desfile-de-2004.-Arquivo.jpg","article:published_time":"2017-02-27T17:22:27+00:00","article:modified_time":"2017-02-27T17:22:27+00:00","twitter:card":"summary","twitter:title":"Os Comanches, uma tradi\u00e7\u00e3o da Vila S\u00e3o Jos\u00e9 | Arquivo","twitter:image":"https:\/\/www.jornalja.com.br\/economics\/wp-content\/uploads\/sites\/11\/2026\/08\/ja-folhaderosto-facebook.jpg"},"aioseo_meta_data":{"post_id":"45067","title":null,"description":null,"keywords":null,"keyphrases":null,"primary_term":null,"canonical_url":null,"og_title":null,"og_description":null,"og_object_type":"default","og_image_type":"default","og_image_url":null,"og_image_width":null,"og_image_height":null,"og_image_custom_url":null,"og_image_custom_fields":null,"og_video":null,"og_custom_url":null,"og_article_section":null,"og_article_tags":null,"twitter_use_og":false,"twitter_card":"default","twitter_image_type":"default","twitter_image_url":null,"twitter_image_custom_url":null,"twitter_image_custom_fields":null,"twitter_title":null,"twitter_description":null,"schema":{"blockGraphs":[],"customGraphs":[],"default":{"data":{"Article":[],"Course":[],"Dataset":[],"FAQPage":[],"Movie":[],"Person":[],"Product":[],"ProductReview":[],"Car":[],"Recipe":[],"Service":[],"SoftwareApplication":[],"WebPage":[]},"graphName":"","isEnabled":true},"graphs":[]},"schema_type":null,"schema_type_options":null,"pillar_content":false,"robots_default":true,"robots_noindex":false,"robots_noarchive":false,"robots_nosnippet":false,"robots_nofollow":false,"robots_noimageindex":false,"robots_noodp":false,"robots_notranslate":false,"robots_max_snippet":null,"robots_max_videopreview":null,"robots_max_imagepreview":"large","priority":null,"frequency":null,"location":null,"local_seo":null,"breadcrumb_settings":null,"limit_modified_date":false,"ai":null,"created":"2020-12-20 20:38:59","updated":"2025-07-19 20:12:11","seo_analyzer_scan_date":null,"focus_keyword":null,"additional_keywords":null,"truseo_locale":null},"jetpack_sharing_enabled":true,"jetpack-related-posts":[{"id":13128,"url":"https:\/\/www.jornalja.com.br\/arquivo\/maconha-terra-diz-que-uso-medicinal-e-desculpa\/","url_meta":{"origin":45067,"position":0},"title":"Maconha: Terra diz que uso medicinal \u00e9 desculpa","author":"Patr\u00edcia Marini","date":"4 de junho de 2014","format":false,"excerpt":"A condi\u00e7\u00e3o de pol\u00edtico, em \u00e9poca de campanha de campanha eleitoral, tira for\u00e7a do discurso do m\u00e9dico Osmar Terra contra a legaliza\u00e7\u00e3o da maconha. A tese dele de que a libera\u00e7\u00e3o vai ampliar exponencialmente o consumo \u00e9 discutivel, o consumo \u00e9 corrente. Mas seus alertas quanto aos riscos tem que\u2026","rel":"","context":"Em &quot;X.Categorias velhas&quot;","block_context":{"text":"X.Categorias velhas","link":"https:\/\/www.jornalja.com.br\/arquivo\/category\/x-categorias-velhas\/"},"img":{"alt_text":"","src":"","width":0,"height":0},"classes":[]},{"id":5440,"url":"https:\/\/www.jornalja.com.br\/arquivo\/casarao-da-venancio-destino-permanece-incerto\/","url_meta":{"origin":45067,"position":1},"title":"Estado ainda n\u00e3o sabe o que fazer com casar\u00e3o abandonado h\u00e1 20 anos","author":"Elmar Bones","date":"6 de julho de 2009","format":false,"excerpt":"O casar\u00e3o amarelo, numa esquina nobre de Porto Alegre (Ven\u00e2ncio Aires com Jo\u00e3o Pessoa), j\u00e1 abrigou uma escola. H\u00e1 duas d\u00e9cadas, pelo menos, est\u00e1 abandonado, porque seu propriet\u00e1rio, o governo do Estado do Rio Grande do Sul, n\u00e3o consegue achar um destino para ele. Planos n\u00e3o faltaram. O governador Ol\u00edvio\u2026","rel":"","context":"Em &quot;X.Categorias velhas&quot;","block_context":{"text":"X.Categorias velhas","link":"https:\/\/www.jornalja.com.br\/arquivo\/category\/x-categorias-velhas\/"},"img":{"alt_text":"geraldo1","src":"https:\/\/i0.wp.com\/www.jornalja.com.br\/wp-content\/uploads\/2009\/07\/geraldo1.jpg?resize=350%2C200&ssl=1","width":350,"height":200},"classes":[]},{"id":13109,"url":"https:\/\/www.jornalja.com.br\/arquivo\/judiciario-reconhece-poluicao-eletromagnetica\/","url_meta":{"origin":45067,"position":2},"title":"Judici\u00e1rio reconhece polui\u00e7\u00e3o eletromagn\u00e9tica","author":"Patr\u00edcia Marini","date":"16 de maio de 2014","format":false,"excerpt":"A\u00e7\u00e3o de duas associa\u00e7\u00f5es de moradores foi acolhida pelo Tribunal de Justi\u00e7a de S\u00e3o Paulo que. em decis\u00e3o in\u00e9dita, determinou a redu\u00e7\u00e3o do campo eletromagn\u00e9tico gerado pelas linhas de transmiss\u00e3o de energia que cortam os bairros City Boa\u00e7ava e Alto de Pinheiros. \u00c9 a primeira vez que um tribunal do\u2026","rel":"","context":"Em &quot;X.Categorias velhas&quot;","block_context":{"text":"X.Categorias velhas","link":"https:\/\/www.jornalja.com.br\/arquivo\/category\/x-categorias-velhas\/"},"img":{"alt_text":"","src":"","width":0,"height":0},"classes":[]},{"id":12960,"url":"https:\/\/www.jornalja.com.br\/arquivo\/populacao-culpa-empresas-pela-greve-dos-rodoviarios\/","url_meta":{"origin":45067,"position":3},"title":"Popula\u00e7\u00e3o culpa empresas pela greve","author":"Patr\u00edcia Marini","date":"14 de fevereiro de 2014","format":false,"excerpt":"Pesquisa divulgada na edi\u00e7\u00e3o do jornal Metro desta sexta-feira,14, comprova o velho ditado: \u00e9 poss\u00edvel enganar muitos por algum tempo, mas n\u00e3o \u00e9 poss\u00edvel enganar a todos o tempo inteiro. A principal revela\u00e7\u00e3o foi que 59,8% dos entrevistados apontaram as empresas como as principais respons\u00e1veis pela grave e 46% culparam\u2026","rel":"","context":"Em &quot;X.Categorias velhas&quot;","block_context":{"text":"X.Categorias velhas","link":"https:\/\/www.jornalja.com.br\/arquivo\/category\/x-categorias-velhas\/"},"img":{"alt_text":"","src":"","width":0,"height":0},"classes":[]},{"id":13101,"url":"https:\/\/www.jornalja.com.br\/arquivo\/morre-um-guerreiro-do-texto\/","url_meta":{"origin":45067,"position":4},"title":"Morre um guerreiro do texto","author":"Patr\u00edcia Marini","date":"14 de maio de 2014","format":false,"excerpt":"Por Ricardo Kotscho Reproduzido do blog do autor, 11\/5\/2014; t\u00edtulo original \u201cE l\u00e1 se foi o nosso Myltainho, guerreiro do texto\u201d. Mi\u00fado e franzino, meu amigo Myltainho era um valente e inconformado guerreiro na luta contra as injusti\u00e7as sociais, a hipocrisia, as maracutaias, o autoritarismo, a intoler\u00e2ncia, a viol\u00eancia, o\u2026","rel":"","context":"Em &quot;Geral&quot;","block_context":{"text":"Geral","link":"https:\/\/www.jornalja.com.br\/arquivo\/category\/geral\/"},"img":{"alt_text":"","src":"","width":0,"height":0},"classes":[]},{"id":13124,"url":"https:\/\/www.jornalja.com.br\/arquivo\/sangue-latino-no-iecine\/","url_meta":{"origin":45067,"position":5},"title":"Sangue latino no IECINE","author":"da Reda\u00e7\u00e3o","date":"18 de maio de 2014","format":false,"excerpt":"Francisco Ribeiro O Instituto Estadual de Cinema (IECINE) tem a frente, desde abril \u00faltimo, um novo diretor, o cineasta colombiano Juan Zapata, 36, que substitui Luiz Alberto Cassol. Radicado h\u00e1 dez anos em Porto Alegre, Zapata tem diante de si o desafio de conduzir at\u00e9 o final do ano um\u2026","rel":"","context":"Em &quot;Cultura-Geral&quot;","block_context":{"text":"Cultura-Geral","link":"https:\/\/www.jornalja.com.br\/arquivo\/category\/materiasecundaria\/"},"img":{"alt_text":"","src":"","width":0,"height":0},"classes":[]}],"jetpack_shortlink":"https:\/\/wp.me\/pbQjBd-bIT","jetpack_featured_media_url":"","_links":{"self":[{"href":"https:\/\/www.jornalja.com.br\/arquivo\/wp-json\/wp\/v2\/posts\/45067","targetHints":{"allow":["GET"]}}],"collection":[{"href":"https:\/\/www.jornalja.com.br\/arquivo\/wp-json\/wp\/v2\/posts"}],"about":[{"href":"https:\/\/www.jornalja.com.br\/arquivo\/wp-json\/wp\/v2\/types\/post"}],"author":[{"embeddable":true,"href":"https:\/\/www.jornalja.com.br\/arquivo\/wp-json\/wp\/v2\/users\/4"}],"replies":[{"embeddable":true,"href":"https:\/\/www.jornalja.com.br\/arquivo\/wp-json\/wp\/v2\/comments?post=45067"}],"version-history":[{"count":0,"href":"https:\/\/www.jornalja.com.br\/arquivo\/wp-json\/wp\/v2\/posts\/45067\/revisions"}],"wp:attachment":[{"href":"https:\/\/www.jornalja.com.br\/arquivo\/wp-json\/wp\/v2\/media?parent=45067"}],"wp:term":[{"taxonomy":"category","embeddable":true,"href":"https:\/\/www.jornalja.com.br\/arquivo\/wp-json\/wp\/v2\/categories?post=45067"},{"taxonomy":"post_tag","embeddable":true,"href":"https:\/\/www.jornalja.com.br\/arquivo\/wp-json\/wp\/v2\/tags?post=45067"}],"curies":[{"name":"wp","href":"https:\/\/api.w.org\/{rel}","templated":true}]}}