{"id":45080,"date":"2017-02-25T20:22:52","date_gmt":"2017-02-25T23:22:52","guid":{"rendered":"https:\/\/www.jornalja.com.br\/?p=45080"},"modified":"2017-02-25T20:22:52","modified_gmt":"2017-02-25T23:22:52","slug":"uma-sociedade-sem-respeito","status":"publish","type":"post","link":"https:\/\/www.jornalja.com.br\/arquivo\/uma-sociedade-sem-respeito\/","title":{"rendered":"Uma sociedade sem respeito"},"content":{"rendered":"<p><span class=\"assina\">Jorge Barcellos<\/span><br \/>\n<span class=\"descreve\">Doutor em Educa\u00e7\u00e3o<\/span><br \/>\nA morte de Marisa Let\u00edcia Lula da Silva desencadeou nas redes sociais manifesta\u00e7\u00f5es que levaram a demiss\u00e3o do neurocirurgi\u00e3o Richam Faissal Ellakkis, da rede Unimed S\u00e3o Roque e da m\u00e9dica Gabriela Munhoz, demitida do Hospital Sirio-Liban\u00eas por divulgar dados sigilosos da paciente. Enquanto que Munhoz divulgou exames privados, Ellakkis afirmou \u00a0nas redes sociais \u201cTem de romper no procedimento. Dai j\u00e1 abre a pupila. E o capeta abra\u00e7a ela\u201d. \u00a0Ambos faltaram com respeito a primeira dama Marisa Leticia. Porqu\u00ea?<br \/>\nO primeiro cap\u00edtulo de <em>No Enxame<\/em> (Rel\u00f3gio D\u2019Agua, 2016), obra de Byung-Chul Han sobre o sistema digital \u00e9 intitulado \u201cSem Respeito\u201d. Para Han, n\u00e3o nos damos conta da mudan\u00e7a radical de paradigma provocado pelo advento do digital e que tem modificado, segundo ele, nossas formas de conviv\u00eancia. Para Han, a modifica\u00e7\u00e3o mais not\u00e1vel que o digital provoca nas rela\u00e7\u00f5es interpessoais \u00e9 a perda do respeito.<br \/>\nRespeito pressup\u00f5e o olhar distante, o contr\u00e1rio do estimulo do olhar\u00a0 sem dist\u00e2ncia do digital. Respectare \u00e9 o contr\u00e1rio de spectare: o primeiro exige uma considera\u00e7\u00e3o distanciada, o segundo \u00e9 o estimulo ao voyeurismo do olhar. \u201dO respeito \u00e9 uma condi\u00e7\u00e3o fundamental da esfera p\u00fablica. Onde o respeito desaparece, o que \u00e9 publico decai\u201d afirma Han. As manifesta\u00e7\u00f5es de Ellakkis e de Munhoz em rela\u00e7\u00e3o \u00e0 Marisa Let\u00edcia s\u00e3o sintomas da desagrega\u00e7\u00e3o de nossa esfera p\u00fablica. Por esta raz\u00e3o nas redes puderam ser vistas demonstra\u00e7\u00f5es de repulsa aos gestos na publica\u00e7\u00e3o das imagens do Presidente Fernando Henrique recebendo, por ocasi\u00e3o, do falecimento de Rute Cardoso, respeitosas condol\u00eancias, e, ap\u00f3s, reciprocamente, quando o mesmo \u00a0consola Luis In\u00e1cio Lula da Silva. As postagens mostraram a indigna\u00e7\u00e3o com o gozo de uma popula\u00e7\u00e3o reacion\u00e1ria com a situa\u00e7\u00e3o de Marisa Leticia, \u00a0essa total falta de dist\u00e2ncia, que fez com que n\u00e3o houvesse qualquer tra\u00e7o de decoro m\u00e9dico nos protagonistas e em\u00a0 milhares de coment\u00e1rios desrespeitosos que circularam nas redes.<br \/>\nDizemos que o digital \u201cabole as dist\u00e2ncias \u201c e n\u00e3o nos damos conta de que o efeito disso \u00e9 justamente lesar o respeito. Nos templos gregos, o espa\u00e7o do <em>adyton<\/em> era isolado e separado como t\u00e9cnica para gerar venera\u00e7\u00e3o e admira\u00e7\u00e3o, respeito pela imposi\u00e7\u00e3o de uma dist\u00e2ncia. Esse espa\u00e7o se perdeu com o advento do digital, Ellakkis e Munhoz fizeram uma exposi\u00e7\u00e3o pornogr\u00e1fica da sua vida privada e da primeira dama Marisa Leticia. Han lembra que para Roland Barthes, em sua obra \u201cA C\u00e2mara Clara\u201d, a vida privada \u00e9 \u201cessa zona de espa\u00e7o, de tempo, em que n\u00e3o sou uma imagem, um objeto\u201d.\u00a0 Ellakkis e Munhoz privaram Marisa Leticia de sua esfera privada ao fazerem seus coment\u00e1rios e divulgando informa\u00e7\u00f5es a que tinham acesso, transformando-na num objeto para o voyeurismo das massas reacion\u00e1rias.<br \/>\n\u201cO respeito est\u00e1 ligado ao nome\u201d afirma Han. Essa cultura da indiscri\u00e7\u00e3o que o digital fomenta \u00e9 antag\u00f4nica a cultura do respeito, elas s\u00e3o, numa palavra, <em>shitstorms<\/em> (tempestades de merda) exatamente como vimos nas redes sociais e que inclu\u00edram, inclusive, que na sexta feira (3\/2), a Corregedoria do Minist\u00e9rio P\u00fablico de Minas Gerais abrisse uma investiga\u00e7\u00e3o para averiguar a conduta do procurador da Justi\u00e7a daquele estado, R\u00f4mulo Paiva Filho, que fez uma postagem nas redes sociais torcendo pela morte de dona Marisa Let\u00edcia, onde registrou\u00a0 \u201cMorre logo peste. Quero abrir logo o meu champagne!\u201d. \u00a0Incapazes de respeitar o nome de Marisa Leticia, tais manifesta\u00e7\u00f5es mostram a corros\u00e3o de todas as pr\u00e1ticas que s\u00e3o nominais: a responsabiidade, a confian\u00e7a, a promessa, tudo \u00e9 definido, diz Han, a partir da <em>f\u00e9 no nome<\/em>: \u201co digital, que cinde a mensagem e o mensageiro, a informa\u00e7\u00e3o e o emissor, destr\u00f3i o nome\u201d, sentencia o autor de <em>Psicopolitica.<\/em><br \/>\nAs injurias de Ellakkis, Munhoz e Paiva Filho foram as que mais alcan\u00e7aram proje\u00e7\u00e3o na tempestade midi\u00e1tica de inj\u00faria que cercou os momentos finais da morte de Marisa Leticia. Ela prova que o avan\u00e7o do digital tem como caracter\u00edstica\u00a0 gera\u00e7\u00e3o de uma cultura de falta de respeito e indiscri\u00e7\u00e3o s\u00f3 poss\u00edvel porque o veiculo d\u00e1 vaz\u00e3o que ao <em>que o afeto seja objeto de transmiss\u00e3o imediata<\/em>, ao contr\u00e1rio, por exemplo, das cartas enviadas \u00e0 reda\u00e7\u00e3o dos jornais, cuja temporalidade \u00e9 diferente porque, feitas a m\u00e3o ou a m\u00e1quina, s\u00e3o enviadas quando a excita\u00e7\u00e3o imediata j\u00e1 se dissipou, afirma Han.<br \/>\nOutro fator que impulsiona a cultura da falta de respeito e indiscri\u00e7\u00e3o promovida pelo digital \u00e9 aus\u00eancia de hierarquia entre receptor e emissor. At\u00e9 agora, esta dissolu\u00e7\u00e3o era vista de forma positiva pelos analistas, onde cada um \u00e9 simultaneamente emissor e receptor de conte\u00fados: para Han essa dissolu\u00e7\u00e3o \u00e9 um problema \u201co refluxo da comunica\u00e7\u00e3o destr\u00f3i a ordem do poder\u201d, afirma. Essa tempestade de inj\u00farias on-line carrega efeitos destrutivos quando h\u00e1 uma eros\u00e3o das hierarquias. O poder est\u00e1 presente nos meios de comunica\u00e7\u00e3o e se manifesta quando o respeito \u00e9 exercido, quando atribu\u00edmos valores morais e pessoais a pessoas e situa\u00e7\u00f5es. O mundo bipolar das bolhas politicas on-line dividido entre petralhas e coxinhas \u00e9 um mundo que mina a cultura do respeito,\u00a0 incapaz que \u00e9 de preservar valores.\u00a0 Marisa Leticia foi desrespeitada nas redes sociais por advers\u00e1rios pol\u00edticos que lhe atribu\u00edram qualidades exteriores que n\u00e3o cabiam no momento em que vivia, advers\u00e1rios que queriam exercer sobre ela o um poder de sua fala, de estabelecer com ela uma rela\u00e7\u00e3o assim\u00e9trica. Mas o respeito n\u00e3o \u00e9 assim\u00e9trico, diz Han, \u00e9 rec\u00edproco, isto \u00e9, \u00e9 baseado numa rela\u00e7\u00e3o sim\u00e9trica de reconhecimento: voc\u00ea pode discordar de sua posi\u00e7\u00e3o politica para valorizar a sua (assimetria), mas voc\u00ea deve ser capaz de reconhecer que ela e Lula merecem respeito num momento de dor pois somos todos &#8230;humanos (simetria).<br \/>\nEssas ondas de indigna\u00e7\u00e3o que se espalham nas redes sociais, que criticam a tudo e a todos, que abolem o respeito em nome de seu voyeurismo de plant\u00e3o redefinem a soberania pol\u00edtica, afirma Han. Carl Schmitt definiu a soberania como <em>o poder de quem define o Estado de exce\u00e7\u00e3o e<\/em> sua tradu\u00e7\u00e3o em termos ac\u00fasticos seria a capacidade de criar o sil\u00eancio absoluto, de eliminar todo o ru\u00eddo, de fazer calar os outros instantaneamente \u201cDepois da revolu\u00e7\u00e3o digital, teremos de reformular uma vez mais a defini\u00e7\u00e3o de soberania de Schmitt: \u201c\u00c9 SOBERANO QUEM DISP\u00d5E DAS SHITSTORMS DA REDE\u201d (Han, p. 18).<br \/>\nAs ondas de indigna\u00e7\u00e3o que se teceram ao redor de Maria Let\u00edcia desejando sua morte foram eficazes na promo\u00e7\u00e3o de mobiliza\u00e7\u00e3o e aten\u00e7\u00e3o da direita. Seu car\u00e1ter incontrol\u00e1vel e desrespeitoso, no entanto, deve-nos mostrar sua inadequa\u00e7\u00e3o ao espa\u00e7o p\u00fablico na sua incapacidade de conter-se a si pr\u00f3pria em respeito a dor. Esta histeria coletiva n\u00e3o admite debate e nem dial\u00f3go e por isso deve ser recha\u00e7ada do espa\u00e7o p\u00fablico \u201cn\u00e3o constroem um n\u00f3s est\u00e1vel que exprima uma estrutura do cuidado do social no seu conjunto\u201d, diz Han.<br \/>\n&nbsp;<\/p>\n","protected":false},"excerpt":{"rendered":"<p>Jorge Barcellos Doutor em Educa\u00e7\u00e3o A morte de Marisa Let\u00edcia Lula da Silva desencadeou nas redes sociais manifesta\u00e7\u00f5es que levaram a demiss\u00e3o do neurocirurgi\u00e3o Richam Faissal Ellakkis, da rede Unimed S\u00e3o Roque e da m\u00e9dica Gabriela Munhoz, demitida do Hospital Sirio-Liban\u00eas por divulgar dados sigilosos da paciente. Enquanto que Munhoz divulgou exames privados, Ellakkis afirmou [&hellip;]<\/p>\n","protected":false},"author":4,"featured_media":45081,"comment_status":"open","ping_status":"closed","sticky":false,"template":"","format":"standard","meta":{"_jetpack_newsletter_access":"","_jetpack_dont_email_post_to_subs":false,"_jetpack_newsletter_tier_id":0,"_jetpack_memberships_contains_paywalled_content":false,"_jetpack_feature_clip_id":0,"_jetpack_memberships_contains_paid_content":false,"footnotes":"","jetpack_post_was_ever_published":false},"categories":[2011,2012],"tags":[],"class_list":["post-45080","post","type-post","status-publish","format-standard","has-post-thumbnail","hentry","category-destaque","category-debates"],"aioseo_notices":[],"aioseo_head":"\n\t\t<!-- All in One SEO 5.0.1.1 - aioseo.com -->\n\t<meta name=\"robots\" content=\"max-image-preview:large\" \/>\n\t<meta name=\"author\" content=\"da Reda\u00e7\u00e3o\"\/>\n\t<link rel=\"canonical\" href=\"https:\/\/www.jornalja.com.br\/arquivo\/uma-sociedade-sem-respeito\/\" \/>\n\t<meta name=\"generator\" content=\"All in One SEO (AIOSEO) 5.0.1.1\" \/>\n\t\t<meta property=\"og:locale\" content=\"pt_BR\" \/>\n\t\t<meta property=\"og:site_name\" content=\"Arquivo | Jornal J\u00c1 | Porto Alegre\" \/>\n\t\t<meta property=\"og:type\" content=\"article\" \/>\n\t\t<meta property=\"og:title\" content=\"Uma sociedade sem respeito | Arquivo\" \/>\n\t\t<meta property=\"og:url\" content=\"https:\/\/www.jornalja.com.br\/arquivo\/uma-sociedade-sem-respeito\/\" \/>\n\t\t<meta property=\"og:image\" content=\"https:\/\/www.jornalja.com.br\/economics\/wp-content\/uploads\/sites\/11\/2026\/08\/ja-folhaderosto-facebook.jpg\" \/>\n\t\t<meta property=\"og:image:secure_url\" content=\"https:\/\/www.jornalja.com.br\/economics\/wp-content\/uploads\/sites\/11\/2026\/08\/ja-folhaderosto-facebook.jpg\" \/>\n\t\t<meta property=\"article:published_time\" content=\"2017-02-25T23:22:52+00:00\" \/>\n\t\t<meta property=\"article:modified_time\" content=\"2017-02-25T23:22:52+00:00\" \/>\n\t\t<meta name=\"twitter:card\" content=\"summary\" \/>\n\t\t<meta name=\"twitter:title\" content=\"Uma sociedade sem respeito | Arquivo\" \/>\n\t\t<meta name=\"twitter:image\" content=\"https:\/\/www.jornalja.com.br\/economics\/wp-content\/uploads\/sites\/11\/2026\/08\/ja-folhaderosto-facebook.jpg\" \/>\n\t\t<script type=\"application\/ld+json\" class=\"aioseo-schema\">\n\t\t\t{\"@context\":\"https:\\\/\\\/schema.org\",\"@graph\":[{\"@type\":\"BlogPosting\",\"@id\":\"https:\\\/\\\/www.jornalja.com.br\\\/arquivo\\\/uma-sociedade-sem-respeito\\\/#blogposting\",\"name\":\"Uma sociedade sem respeito | Arquivo\",\"headline\":\"Uma sociedade sem respeito\",\"author\":{\"@id\":\"https:\\\/\\\/www.jornalja.com.br\\\/arquivo\\\/author\\\/daredacao\\\/#author\"},\"publisher\":{\"@id\":\"https:\\\/\\\/www.jornalja.com.br\\\/arquivo\\\/#organization\"},\"image\":{\"@type\":\"ImageObject\",\"url\":45081},\"datePublished\":\"2017-02-25T20:22:52-03:00\",\"dateModified\":\"2017-02-25T20:22:52-03:00\",\"inLanguage\":\"pt-BR\",\"commentCount\":1,\"mainEntityOfPage\":{\"@id\":\"https:\\\/\\\/www.jornalja.com.br\\\/arquivo\\\/uma-sociedade-sem-respeito\\\/#webpage\"},\"isPartOf\":{\"@id\":\"https:\\\/\\\/www.jornalja.com.br\\\/arquivo\\\/uma-sociedade-sem-respeito\\\/#webpage\"},\"articleSection\":\"CDD-artigo em destaque, HOTSITE Comit\\u00ea pela Democracia\"},{\"@type\":\"BreadcrumbList\",\"@id\":\"https:\\\/\\\/www.jornalja.com.br\\\/arquivo\\\/uma-sociedade-sem-respeito\\\/#breadcrumblist\",\"itemListElement\":[{\"@type\":\"ListItem\",\"@id\":\"https:\\\/\\\/www.jornalja.com.br\\\/arquivo#listItem\",\"position\":1,\"name\":\"Home\",\"item\":\"https:\\\/\\\/www.jornalja.com.br\\\/arquivo\",\"nextItem\":{\"@type\":\"ListItem\",\"@id\":\"https:\\\/\\\/www.jornalja.com.br\\\/arquivo\\\/category\\\/destaque\\\/#listItem\",\"name\":\"CDD-artigo em destaque\"}},{\"@type\":\"ListItem\",\"@id\":\"https:\\\/\\\/www.jornalja.com.br\\\/arquivo\\\/category\\\/destaque\\\/#listItem\",\"position\":2,\"name\":\"CDD-artigo em destaque\",\"item\":\"https:\\\/\\\/www.jornalja.com.br\\\/arquivo\\\/category\\\/destaque\\\/\",\"nextItem\":{\"@type\":\"ListItem\",\"@id\":\"https:\\\/\\\/www.jornalja.com.br\\\/arquivo\\\/uma-sociedade-sem-respeito\\\/#listItem\",\"name\":\"Uma sociedade sem respeito\"},\"previousItem\":{\"@type\":\"ListItem\",\"@id\":\"https:\\\/\\\/www.jornalja.com.br\\\/arquivo#listItem\",\"name\":\"Home\"}},{\"@type\":\"ListItem\",\"@id\":\"https:\\\/\\\/www.jornalja.com.br\\\/arquivo\\\/uma-sociedade-sem-respeito\\\/#listItem\",\"position\":3,\"name\":\"Uma sociedade sem respeito\",\"previousItem\":{\"@type\":\"ListItem\",\"@id\":\"https:\\\/\\\/www.jornalja.com.br\\\/arquivo\\\/category\\\/destaque\\\/#listItem\",\"name\":\"CDD-artigo em destaque\"}}]},{\"@type\":\"Organization\",\"@id\":\"https:\\\/\\\/www.jornalja.com.br\\\/arquivo\\\/#organization\",\"name\":\"Jornal J\\u00c1\",\"description\":\"Jornal J\\u00c1 | Porto Alegre\",\"url\":\"https:\\\/\\\/www.jornalja.com.br\\\/arquivo\\\/\",\"telephone\":\"+555133307272\",\"logo\":{\"@type\":\"ImageObject\",\"url\":\"https:\\\/\\\/www.jornalja.com.br\\\/wp-content\\\/uploads\\\/cards\\\/JAslogan.png\",\"@id\":\"https:\\\/\\\/www.jornalja.com.br\\\/arquivo\\\/uma-sociedade-sem-respeito\\\/#organizationLogo\"},\"image\":{\"@id\":\"https:\\\/\\\/www.jornalja.com.br\\\/arquivo\\\/uma-sociedade-sem-respeito\\\/#organizationLogo\"}},{\"@type\":\"Person\",\"@id\":\"https:\\\/\\\/www.jornalja.com.br\\\/arquivo\\\/author\\\/daredacao\\\/#author\",\"url\":\"https:\\\/\\\/www.jornalja.com.br\\\/arquivo\\\/author\\\/daredacao\\\/\",\"name\":\"da Reda\\u00e7\\u00e3o\",\"image\":{\"@type\":\"ImageObject\",\"@id\":\"https:\\\/\\\/www.jornalja.com.br\\\/arquivo\\\/uma-sociedade-sem-respeito\\\/#authorImage\",\"url\":\"https:\\\/\\\/secure.gravatar.com\\\/avatar\\\/469fd857d6605ad19919d27ed29d35a968a25f6e8fd9318356bbb7f57aae9c65?s=96&d=mm&r=g\",\"width\":96,\"height\":96,\"caption\":\"da Reda\\u00e7\\u00e3o\"}},{\"@type\":\"WebPage\",\"@id\":\"https:\\\/\\\/www.jornalja.com.br\\\/arquivo\\\/uma-sociedade-sem-respeito\\\/#webpage\",\"url\":\"https:\\\/\\\/www.jornalja.com.br\\\/arquivo\\\/uma-sociedade-sem-respeito\\\/\",\"name\":\"Uma sociedade sem respeito | Arquivo\",\"inLanguage\":\"pt-BR\",\"isPartOf\":{\"@id\":\"https:\\\/\\\/www.jornalja.com.br\\\/arquivo\\\/#website\"},\"breadcrumb\":{\"@id\":\"https:\\\/\\\/www.jornalja.com.br\\\/arquivo\\\/uma-sociedade-sem-respeito\\\/#breadcrumblist\"},\"author\":{\"@id\":\"https:\\\/\\\/www.jornalja.com.br\\\/arquivo\\\/author\\\/daredacao\\\/#author\"},\"creator\":{\"@id\":\"https:\\\/\\\/www.jornalja.com.br\\\/arquivo\\\/author\\\/daredacao\\\/#author\"},\"image\":{\"@type\":\"ImageObject\",\"url\":45081,\"@id\":\"https:\\\/\\\/www.jornalja.com.br\\\/arquivo\\\/uma-sociedade-sem-respeito\\\/#mainImage\"},\"primaryImageOfPage\":{\"@id\":\"https:\\\/\\\/www.jornalja.com.br\\\/arquivo\\\/uma-sociedade-sem-respeito\\\/#mainImage\"},\"datePublished\":\"2017-02-25T20:22:52-03:00\",\"dateModified\":\"2017-02-25T20:22:52-03:00\"},{\"@type\":\"WebSite\",\"@id\":\"https:\\\/\\\/www.jornalja.com.br\\\/arquivo\\\/#website\",\"url\":\"https:\\\/\\\/www.jornalja.com.br\\\/arquivo\\\/\",\"name\":\"Arquivo\",\"description\":\"Jornal J\\u00c1 | Porto Alegre\",\"inLanguage\":\"pt-BR\",\"publisher\":{\"@id\":\"https:\\\/\\\/www.jornalja.com.br\\\/arquivo\\\/#organization\"}}]}\n\t\t<\/script>\n\t\t<!-- All in One SEO -->\n\n","aioseo_head_json":{"title":"Uma sociedade sem respeito | Arquivo","description":"","canonical_url":"https:\/\/www.jornalja.com.br\/arquivo\/uma-sociedade-sem-respeito\/","robots":"max-image-preview:large","keywords":"","webmasterTools":{"miscellaneous":""},"schema":{"@context":"https:\/\/schema.org","@graph":[{"@type":"BlogPosting","@id":"https:\/\/www.jornalja.com.br\/arquivo\/uma-sociedade-sem-respeito\/#blogposting","name":"Uma sociedade sem respeito | Arquivo","headline":"Uma sociedade sem respeito","author":{"@id":"https:\/\/www.jornalja.com.br\/arquivo\/author\/daredacao\/#author"},"publisher":{"@id":"https:\/\/www.jornalja.com.br\/arquivo\/#organization"},"image":{"@type":"ImageObject","url":45081},"datePublished":"2017-02-25T20:22:52-03:00","dateModified":"2017-02-25T20:22:52-03:00","inLanguage":"pt-BR","commentCount":1,"mainEntityOfPage":{"@id":"https:\/\/www.jornalja.com.br\/arquivo\/uma-sociedade-sem-respeito\/#webpage"},"isPartOf":{"@id":"https:\/\/www.jornalja.com.br\/arquivo\/uma-sociedade-sem-respeito\/#webpage"},"articleSection":"CDD-artigo em destaque, HOTSITE Comit\u00ea pela Democracia"},{"@type":"BreadcrumbList","@id":"https:\/\/www.jornalja.com.br\/arquivo\/uma-sociedade-sem-respeito\/#breadcrumblist","itemListElement":[{"@type":"ListItem","@id":"https:\/\/www.jornalja.com.br\/arquivo#listItem","position":1,"name":"Home","item":"https:\/\/www.jornalja.com.br\/arquivo","nextItem":{"@type":"ListItem","@id":"https:\/\/www.jornalja.com.br\/arquivo\/category\/destaque\/#listItem","name":"CDD-artigo em destaque"}},{"@type":"ListItem","@id":"https:\/\/www.jornalja.com.br\/arquivo\/category\/destaque\/#listItem","position":2,"name":"CDD-artigo em destaque","item":"https:\/\/www.jornalja.com.br\/arquivo\/category\/destaque\/","nextItem":{"@type":"ListItem","@id":"https:\/\/www.jornalja.com.br\/arquivo\/uma-sociedade-sem-respeito\/#listItem","name":"Uma sociedade sem respeito"},"previousItem":{"@type":"ListItem","@id":"https:\/\/www.jornalja.com.br\/arquivo#listItem","name":"Home"}},{"@type":"ListItem","@id":"https:\/\/www.jornalja.com.br\/arquivo\/uma-sociedade-sem-respeito\/#listItem","position":3,"name":"Uma sociedade sem respeito","previousItem":{"@type":"ListItem","@id":"https:\/\/www.jornalja.com.br\/arquivo\/category\/destaque\/#listItem","name":"CDD-artigo em destaque"}}]},{"@type":"Organization","@id":"https:\/\/www.jornalja.com.br\/arquivo\/#organization","name":"Jornal J\u00c1","description":"Jornal J\u00c1 | Porto Alegre","url":"https:\/\/www.jornalja.com.br\/arquivo\/","telephone":"+555133307272","logo":{"@type":"ImageObject","url":"https:\/\/www.jornalja.com.br\/wp-content\/uploads\/cards\/JAslogan.png","@id":"https:\/\/www.jornalja.com.br\/arquivo\/uma-sociedade-sem-respeito\/#organizationLogo"},"image":{"@id":"https:\/\/www.jornalja.com.br\/arquivo\/uma-sociedade-sem-respeito\/#organizationLogo"}},{"@type":"Person","@id":"https:\/\/www.jornalja.com.br\/arquivo\/author\/daredacao\/#author","url":"https:\/\/www.jornalja.com.br\/arquivo\/author\/daredacao\/","name":"da Reda\u00e7\u00e3o","image":{"@type":"ImageObject","@id":"https:\/\/www.jornalja.com.br\/arquivo\/uma-sociedade-sem-respeito\/#authorImage","url":"https:\/\/secure.gravatar.com\/avatar\/469fd857d6605ad19919d27ed29d35a968a25f6e8fd9318356bbb7f57aae9c65?s=96&d=mm&r=g","width":96,"height":96,"caption":"da Reda\u00e7\u00e3o"}},{"@type":"WebPage","@id":"https:\/\/www.jornalja.com.br\/arquivo\/uma-sociedade-sem-respeito\/#webpage","url":"https:\/\/www.jornalja.com.br\/arquivo\/uma-sociedade-sem-respeito\/","name":"Uma sociedade sem respeito | Arquivo","inLanguage":"pt-BR","isPartOf":{"@id":"https:\/\/www.jornalja.com.br\/arquivo\/#website"},"breadcrumb":{"@id":"https:\/\/www.jornalja.com.br\/arquivo\/uma-sociedade-sem-respeito\/#breadcrumblist"},"author":{"@id":"https:\/\/www.jornalja.com.br\/arquivo\/author\/daredacao\/#author"},"creator":{"@id":"https:\/\/www.jornalja.com.br\/arquivo\/author\/daredacao\/#author"},"image":{"@type":"ImageObject","url":45081,"@id":"https:\/\/www.jornalja.com.br\/arquivo\/uma-sociedade-sem-respeito\/#mainImage"},"primaryImageOfPage":{"@id":"https:\/\/www.jornalja.com.br\/arquivo\/uma-sociedade-sem-respeito\/#mainImage"},"datePublished":"2017-02-25T20:22:52-03:00","dateModified":"2017-02-25T20:22:52-03:00"},{"@type":"WebSite","@id":"https:\/\/www.jornalja.com.br\/arquivo\/#website","url":"https:\/\/www.jornalja.com.br\/arquivo\/","name":"Arquivo","description":"Jornal J\u00c1 | Porto Alegre","inLanguage":"pt-BR","publisher":{"@id":"https:\/\/www.jornalja.com.br\/arquivo\/#organization"}}]},"og:locale":"pt_BR","og:site_name":"Arquivo | Jornal J\u00c1 | Porto Alegre","og:type":"article","og:title":"Uma sociedade sem respeito | Arquivo","og:url":"https:\/\/www.jornalja.com.br\/arquivo\/uma-sociedade-sem-respeito\/","og:image":"https:\/\/www.jornalja.com.br\/economics\/wp-content\/uploads\/sites\/11\/2026\/08\/ja-folhaderosto-facebook.jpg","og:image:secure_url":"https:\/\/www.jornalja.com.br\/economics\/wp-content\/uploads\/sites\/11\/2026\/08\/ja-folhaderosto-facebook.jpg","article:published_time":"2017-02-25T23:22:52+00:00","article:modified_time":"2017-02-25T23:22:52+00:00","twitter:card":"summary","twitter:title":"Uma sociedade sem respeito | Arquivo","twitter:image":"https:\/\/www.jornalja.com.br\/economics\/wp-content\/uploads\/sites\/11\/2026\/08\/ja-folhaderosto-facebook.jpg"},"aioseo_meta_data":{"post_id":"45080","title":null,"description":null,"keywords":null,"keyphrases":null,"primary_term":null,"canonical_url":null,"og_title":null,"og_description":null,"og_object_type":"default","og_image_type":"default","og_image_url":null,"og_image_width":null,"og_image_height":null,"og_image_custom_url":null,"og_image_custom_fields":null,"og_video":null,"og_custom_url":null,"og_article_section":null,"og_article_tags":null,"twitter_use_og":false,"twitter_card":"default","twitter_image_type":"default","twitter_image_url":null,"twitter_image_custom_url":null,"twitter_image_custom_fields":null,"twitter_title":null,"twitter_description":null,"schema":{"blockGraphs":[],"customGraphs":[],"default":{"data":{"Article":[],"Course":[],"Dataset":[],"FAQPage":[],"Movie":[],"Person":[],"Product":[],"ProductReview":[],"Car":[],"Recipe":[],"Service":[],"SoftwareApplication":[],"WebPage":[]},"graphName":"","isEnabled":true},"graphs":[],"defaultGraph":"","defaultPostTypeGraph":""},"schema_type":null,"schema_type_options":null,"pillar_content":false,"robots_default":true,"robots_noindex":false,"robots_noarchive":false,"robots_nosnippet":false,"robots_nofollow":false,"robots_noimageindex":false,"robots_noodp":false,"robots_notranslate":false,"robots_max_snippet":null,"robots_max_videopreview":null,"robots_max_imagepreview":"large","priority":null,"frequency":null,"location":null,"local_seo":null,"breadcrumb_settings":null,"limit_modified_date":false,"ai":null,"created":"2020-12-20 20:38:59","updated":"2025-07-19 20:12:11","seo_analyzer_scan_date":null,"focus_keyword":null,"additional_keywords":null,"truseo_locale":null},"jetpack_sharing_enabled":true,"jetpack-related-posts":[{"id":12960,"url":"https:\/\/www.jornalja.com.br\/arquivo\/populacao-culpa-empresas-pela-greve-dos-rodoviarios\/","url_meta":{"origin":45080,"position":0},"title":"Popula\u00e7\u00e3o culpa empresas pela greve","author":"Patr\u00edcia Marini","date":"14 de fevereiro de 2014","format":false,"excerpt":"Pesquisa divulgada na edi\u00e7\u00e3o do jornal Metro desta sexta-feira,14, comprova o velho ditado: \u00e9 poss\u00edvel enganar muitos por algum tempo, mas n\u00e3o \u00e9 poss\u00edvel enganar a todos o tempo inteiro. A principal revela\u00e7\u00e3o foi que 59,8% dos entrevistados apontaram as empresas como as principais respons\u00e1veis pela grave e 46% culparam\u2026","rel":"","context":"Em &quot;X.Categorias velhas&quot;","block_context":{"text":"X.Categorias velhas","link":"https:\/\/www.jornalja.com.br\/arquivo\/category\/x-categorias-velhas\/"},"img":{"alt_text":"","src":"","width":0,"height":0},"classes":[]},{"id":13101,"url":"https:\/\/www.jornalja.com.br\/arquivo\/morre-um-guerreiro-do-texto\/","url_meta":{"origin":45080,"position":1},"title":"Morre um guerreiro do texto","author":"Patr\u00edcia Marini","date":"14 de maio de 2014","format":false,"excerpt":"Por Ricardo Kotscho Reproduzido do blog do autor, 11\/5\/2014; t\u00edtulo original \u201cE l\u00e1 se foi o nosso Myltainho, guerreiro do texto\u201d. Mi\u00fado e franzino, meu amigo Myltainho era um valente e inconformado guerreiro na luta contra as injusti\u00e7as sociais, a hipocrisia, as maracutaias, o autoritarismo, a intoler\u00e2ncia, a viol\u00eancia, o\u2026","rel":"","context":"Em &quot;Geral&quot;","block_context":{"text":"Geral","link":"https:\/\/www.jornalja.com.br\/arquivo\/category\/geral\/"},"img":{"alt_text":"","src":"","width":0,"height":0},"classes":[]},{"id":13124,"url":"https:\/\/www.jornalja.com.br\/arquivo\/sangue-latino-no-iecine\/","url_meta":{"origin":45080,"position":2},"title":"Sangue latino no IECINE","author":"da Reda\u00e7\u00e3o","date":"18 de maio de 2014","format":false,"excerpt":"Francisco Ribeiro O Instituto Estadual de Cinema (IECINE) tem a frente, desde abril \u00faltimo, um novo diretor, o cineasta colombiano Juan Zapata, 36, que substitui Luiz Alberto Cassol. Radicado h\u00e1 dez anos em Porto Alegre, Zapata tem diante de si o desafio de conduzir at\u00e9 o final do ano um\u2026","rel":"","context":"Em &quot;Cultura-Geral&quot;","block_context":{"text":"Cultura-Geral","link":"https:\/\/www.jornalja.com.br\/arquivo\/category\/materiasecundaria\/"},"img":{"alt_text":"","src":"","width":0,"height":0},"classes":[]},{"id":13240,"url":"https:\/\/www.jornalja.com.br\/arquivo\/plano-diretor-estamos-construindo-o-caos\/","url_meta":{"origin":45080,"position":3},"title":"Plano diretor: &quot;Estamos construindo o caos&quot;","author":"Patr\u00edcia Marini","date":"26 de maio de 2014","format":false,"excerpt":"Desabafo que arquiteta Eliana Castilhos, delegada da Regi\u00e3o de Planejamento 1, postou nas redes sociais \u00e9 um testemunho do ambiente que se criou no Conselho do Plano Diretor de Porto Alegre, onde a aprova\u00e7\u00e3o de grandes empreendimentos \u00e9 empurrada guela abaixo dos conselheiros. Ao CMDUA Como delegada da Regi\u00e3o de\u2026","rel":"","context":"Em &quot;Geral&quot;","block_context":{"text":"Geral","link":"https:\/\/www.jornalja.com.br\/arquivo\/category\/geral\/"},"img":{"alt_text":"","src":"","width":0,"height":0},"classes":[]},{"id":14241,"url":"https:\/\/www.jornalja.com.br\/arquivo\/o-guaiba-nas-imagens-poeticas-de-achutti\/","url_meta":{"origin":45080,"position":4},"title":"O Gua\u00edba nas imagens po\u00e9ticas de Achutti","author":"da Reda\u00e7\u00e3o","date":"18 de junho de 2014","format":false,"excerpt":"Em \u201cO Gua\u00edba por Achutti\u201d \u2013 obra financiada via Minist\u00e9rio da Cultura, produ\u00e7\u00e3o executiva de Pedro Longhi, e Fl\u00e1vio Wild como designer \u2013, o fot\u00f3grafo revela a beleza e as mazelas de um espa\u00e7o aqu\u00e1tico de \u00e1guas sempre renovadas, cheio de hist\u00f3rias e lendas como as das cidades que foram\u2026","rel":"","context":"Em &quot;Cultura-Geral&quot;","block_context":{"text":"Cultura-Geral","link":"https:\/\/www.jornalja.com.br\/arquivo\/category\/materiasecundaria\/"},"img":{"alt_text":"","src":"","width":0,"height":0},"classes":[]},{"id":1280,"url":"https:\/\/www.jornalja.com.br\/arquivo\/o-menino-que-se-tornou-brizola\/","url_meta":{"origin":45080,"position":5},"title":"O Menino que se Tornou Brizola","author":"da Reda\u00e7\u00e3o","date":"28 de julho de 2008","format":false,"excerpt":"Autor: Cleber Dioni A vida de Leonel Brizola, com \u00eanfase para os primeiros anos em Porto Alegre, at\u00e9 o ex\u00edlio no Uruguai e a volta, quinze anos depois. \u00a0\"...\u00c9ramos todos jovens e nos identific\u00e1vamos com aquela massa an\u00f4nima a percorrer as ruas de Porto Alegre, gritando 'Get\u00falio', 'Get\u00falio' e empunhando\u2026","rel":"","context":"Em &quot;Livros&quot;","block_context":{"text":"Livros","link":"https:\/\/www.jornalja.com.br\/arquivo\/category\/livros\/"},"img":{"alt_text":"","src":"https:\/\/i0.wp.com\/www.jornalja.com.br\/wp-content\/uploads\/2008\/07\/brizola.gif?resize=350%2C200&ssl=1","width":350,"height":200},"classes":[]}],"jetpack_shortlink":"https:\/\/wp.me\/pbQjBd-bJ6","jetpack_featured_media_url":"","_links":{"self":[{"href":"https:\/\/www.jornalja.com.br\/arquivo\/wp-json\/wp\/v2\/posts\/45080","targetHints":{"allow":["GET"]}}],"collection":[{"href":"https:\/\/www.jornalja.com.br\/arquivo\/wp-json\/wp\/v2\/posts"}],"about":[{"href":"https:\/\/www.jornalja.com.br\/arquivo\/wp-json\/wp\/v2\/types\/post"}],"author":[{"embeddable":true,"href":"https:\/\/www.jornalja.com.br\/arquivo\/wp-json\/wp\/v2\/users\/4"}],"replies":[{"embeddable":true,"href":"https:\/\/www.jornalja.com.br\/arquivo\/wp-json\/wp\/v2\/comments?post=45080"}],"version-history":[{"count":0,"href":"https:\/\/www.jornalja.com.br\/arquivo\/wp-json\/wp\/v2\/posts\/45080\/revisions"}],"wp:attachment":[{"href":"https:\/\/www.jornalja.com.br\/arquivo\/wp-json\/wp\/v2\/media?parent=45080"}],"wp:term":[{"taxonomy":"category","embeddable":true,"href":"https:\/\/www.jornalja.com.br\/arquivo\/wp-json\/wp\/v2\/categories?post=45080"},{"taxonomy":"post_tag","embeddable":true,"href":"https:\/\/www.jornalja.com.br\/arquivo\/wp-json\/wp\/v2\/tags?post=45080"}],"curies":[{"name":"wp","href":"https:\/\/api.w.org\/{rel}","templated":true}]}}