{"id":45110,"date":"2017-02-28T17:14:33","date_gmt":"2017-02-28T20:14:33","guid":{"rendered":"https:\/\/www.jornalja.com.br\/?p=45110"},"modified":"2017-02-28T17:14:33","modified_gmt":"2017-02-28T20:14:33","slug":"romaria-da-terra-celebra-40-anos-da-ocupacao-da-fazenda-annoni","status":"publish","type":"post","link":"https:\/\/www.jornalja.com.br\/arquivo\/romaria-da-terra-celebra-40-anos-da-ocupacao-da-fazenda-annoni\/","title":{"rendered":"Romaria da Terra celebra 40 anos da ocupa\u00e7\u00e3o da Fazenda Annoni"},"content":{"rendered":"<p>&nbsp;<br \/>\nA antiga fazenda Annoni, localizada no munic\u00edpio de Pont\u00e3o (RS), onde ocorreu em 29 de outubro de 1985 a primeira ocupa\u00e7\u00e3o brasileira de latif\u00fandio por fam\u00edlias organizadas no MST, recebeu nesta ter\u00e7a-feira (28) milhares de pessoas de todas as regi\u00f5es do estado para a 40\u00aa Romaria da Terra.<br \/>\nA edi\u00e7\u00e3o comemorativa do evento, que acontece sempre na ter\u00e7a-feira de Carnaval por ocasi\u00e3o do anivers\u00e1rio de morte do ind\u00edgena Sep\u00e9 Tiaraju, resgatou a luta dos agricultores do assentamento por transforma\u00e7\u00e3o social, sendo norteada pelo tema \u201cRomaria da Terra: 40 anos de luta e mem\u00f3ria das conquistas\u201d e pelo lema \u201cTerra de Deus, terra de irm\u00e3os\u201d.<br \/>\n<img loading=\"lazy\" decoding=\"async\" class=\"alignnone size-medium wp-image-45112 alignleft\" src=\"https:\/\/www.jornalja.com.br\/wp-content\/uploads\/2017\/02\/IMG_2303-300x200.jpg\" alt=\"IMG_2303\" width=\"300\" height=\"200\" \/>A acolhida aos romeiros come\u00e7ou por volta das 7h30 no Instituto Educar, uma escola de ensino m\u00e9dio, t\u00e9cnico e superior constru\u00edda h\u00e1 12 anos pelas fam\u00edlias assentadas na Annoni, seguida de caminhada at\u00e9 a sede da comunidade Nossa Senhora Aparecida. Durante o trajeto, de cerca de 2 quil\u00f4metros, foram carregadas 40 tochas em celebra\u00e7\u00e3o aos 40 anos da Romaria da Terra e uma cruz de mais de 3 metros de altura com escoras, representando as dificuldades enfrentadas pelos agricultores e a solidariedade que eles receberam da igreja, universidades, artistas, partidos pol\u00edticos e sindicatos \u00e0 \u00e9poca dos acampamentos na Encruzilhada Natalino e na fazenda Annoni. A cruz levava tiras de tecido nas cores branco e vermelho, em mem\u00f3ria \u00e0s crian\u00e7as e adultos que morreram nos dois acampamentos, v\u00edtimas da falta de assist\u00eancia m\u00e9dica por parte dos governos.<br \/>\n<img loading=\"lazy\" decoding=\"async\" class=\"alignnone size-medium wp-image-45114 alignright\" src=\"https:\/\/www.jornalja.com.br\/wp-content\/uploads\/2017\/02\/IMG_2309-300x200.jpg\" alt=\"IMG_2309\" width=\"300\" height=\"200\" \/><br \/>\nTamb\u00e9m foi carregado durante o trajeto um sino, instrumento utilizado pelas fam\u00edlias na ocupa\u00e7\u00e3o da Annoni como sinal da alerta para problemas, not\u00edcias importantes ou chamamento para celebra\u00e7\u00f5es. A caminhada ainda lembrou, por meio de cartazes, seis m\u00e1rtires que tombaram em lutas a favor das causas populares: Sep\u00e9 Tiaraju, Joceli Corr\u00eaa, Elton Brum da Silva, Lari Grosseli, Roseli Nunes e Vitalvino Mori. Os tr\u00eas \u00faltimos foram assassinados numa manifesta\u00e7\u00e3o de agricultores em Sarandi, em 1987, dois anos depois de ocorrer a ocupa\u00e7\u00e3o da fazenda Annoni.<br \/>\nTodas estas simbologias acompanharam a caminhada em cinco paradas, que resgataram a hist\u00f3ria da Romaria da Terra e a luta das mais de 400 fam\u00edlias que hoje vivem nas comunidades do assentamento. Uma tratou das conquistas que os assentados obtiveram nestes \u00faltimos anos, entre elas o fortalecimento do trabalho coletivo atrav\u00e9s das cooperativas e agroind\u00fastrias, e da educa\u00e7\u00e3o por meio da constru\u00e7\u00e3o de escolas e do m\u00e9todo de ensino diferenciado do MST. A romaria ainda destacou o papel fundamental que as mulheres tiveram no desmanche do latif\u00fandio de mais de 9 mil hectares.<br \/>\nPara o padre Arnildo Fritzen, que desde a ocupa\u00e7\u00e3o sempre esteve ao lado das fam\u00edlias Sem Terra, a grande li\u00e7\u00e3o que fica \u00e0 sociedade da luta pela Annoni \u00e9 de que o povo organizado se torna educador. \u201cA luta pela terra nos mostra que o poder popular existe e que \u00e9 poss\u00edvel transformar um latif\u00fandio em terra produtiva e de boas oportunidades para muitas pessoas\u201d, disse.<br \/>\n<figure id=\"attachment_45115\" aria-describedby=\"caption-attachment-45115\" style=\"width: 300px\" class=\"wp-caption alignleft\"><img loading=\"lazy\" decoding=\"async\" class=\"size-medium wp-image-45115\" src=\"https:\/\/www.jornalja.com.br\/wp-content\/uploads\/2017\/02\/IMG_2260-300x200.jpg\" alt=\"foto MST\" width=\"300\" height=\"200\" \/><figcaption id=\"caption-attachment-45115\" class=\"wp-caption-text\">foto MST<\/figcaption><\/figure><br \/>\nO coordenador nacional do MST, Jo\u00e3o Pedro Stedile foi um dos fundadores do Movimento e ajudou na organiza\u00e7\u00e3o das fam\u00edlias nas ocupa\u00e7\u00f5es das fazendas Macali, Brilhante e Encruzilhada Natalino. Na 40\u00aa romaria, ele criticou as medidas de retiradas de direitos adotadas pelo governo Temer e falou dos desafios da classe trabalhadora na atual conjuntura pol\u00edtica.\u00a0\u201cEm tempos de crise, temos que fazer trabalho de base para uma forma\u00e7\u00e3o pol\u00edtica que leve as pessoas a refletir sobre os problemas que estamos enfrentando\u201d, apontou.<br \/>\nAp\u00f3s chegarem ao Assentamento Nossa Senhora Aparecida, os romeiros participaram de uma celebra\u00e7\u00e3o eucar\u00edstica, coordenada pela Arquidiocese de Passo Fundo, e de tribuna popular. No local, tamb\u00e9m foi realizada uma feira com produtos da reforma agr\u00e1ria.<\/p>\n","protected":false},"excerpt":{"rendered":"<p>&nbsp; A antiga fazenda Annoni, localizada no munic\u00edpio de Pont\u00e3o (RS), onde ocorreu em 29 de outubro de 1985 a primeira ocupa\u00e7\u00e3o brasileira de latif\u00fandio por fam\u00edlias organizadas no MST, recebeu nesta ter\u00e7a-feira (28) milhares de pessoas de todas as regi\u00f5es do estado para a 40\u00aa Romaria da Terra. A edi\u00e7\u00e3o comemorativa do evento, que [&hellip;]<\/p>\n","protected":false},"author":4,"featured_media":45113,"comment_status":"open","ping_status":"closed","sticky":false,"template":"","format":"standard","meta":{"_jetpack_newsletter_access":"","_jetpack_dont_email_post_to_subs":false,"_jetpack_newsletter_tier_id":0,"_jetpack_memberships_contains_paywalled_content":false,"_jetpack_feature_clip_id":0,"_jetpack_memberships_contains_paid_content":false,"footnotes":"","jetpack_post_was_ever_published":false},"categories":[26],"tags":[],"class_list":["post-45110","post","type-post","status-publish","format-standard","has-post-thumbnail","hentry","category-geral"],"aioseo_notices":[],"aioseo_head":"\n\t\t<!-- All in One SEO 5.0.1.1 - aioseo.com -->\n\t<meta name=\"robots\" content=\"max-image-preview:large\" \/>\n\t<meta name=\"author\" content=\"da Reda\u00e7\u00e3o\"\/>\n\t<link rel=\"canonical\" href=\"https:\/\/www.jornalja.com.br\/arquivo\/romaria-da-terra-celebra-40-anos-da-ocupacao-da-fazenda-annoni\/\" \/>\n\t<meta name=\"generator\" content=\"All in One SEO (AIOSEO) 5.0.1.1\" \/>\n\t\t<meta property=\"og:locale\" content=\"pt_BR\" \/>\n\t\t<meta property=\"og:site_name\" content=\"Arquivo | Jornal J\u00c1 | Porto Alegre\" \/>\n\t\t<meta property=\"og:type\" content=\"article\" \/>\n\t\t<meta property=\"og:title\" content=\"Romaria da Terra celebra 40 anos da ocupa\u00e7\u00e3o da Fazenda Annoni | Arquivo\" \/>\n\t\t<meta property=\"og:url\" content=\"https:\/\/www.jornalja.com.br\/arquivo\/romaria-da-terra-celebra-40-anos-da-ocupacao-da-fazenda-annoni\/\" \/>\n\t\t<meta property=\"og:image\" content=\"https:\/\/www.jornalja.com.br\/wp-content\/uploads\/2017\/02\/IMG_2303-300x200.jpg\" \/>\n\t\t<meta property=\"og:image:secure_url\" content=\"https:\/\/www.jornalja.com.br\/wp-content\/uploads\/2017\/02\/IMG_2303-300x200.jpg\" \/>\n\t\t<meta property=\"article:published_time\" content=\"2017-02-28T20:14:33+00:00\" \/>\n\t\t<meta property=\"article:modified_time\" content=\"2017-02-28T20:14:33+00:00\" \/>\n\t\t<meta name=\"twitter:card\" content=\"summary\" \/>\n\t\t<meta name=\"twitter:title\" content=\"Romaria da Terra celebra 40 anos da ocupa\u00e7\u00e3o da Fazenda Annoni | Arquivo\" \/>\n\t\t<meta name=\"twitter:image\" content=\"https:\/\/www.jornalja.com.br\/economics\/wp-content\/uploads\/sites\/11\/2026\/08\/ja-folhaderosto-facebook.jpg\" \/>\n\t\t<script type=\"application\/ld+json\" class=\"aioseo-schema\">\n\t\t\t{\"@context\":\"https:\\\/\\\/schema.org\",\"@graph\":[{\"@type\":\"BlogPosting\",\"@id\":\"https:\\\/\\\/www.jornalja.com.br\\\/arquivo\\\/romaria-da-terra-celebra-40-anos-da-ocupacao-da-fazenda-annoni\\\/#blogposting\",\"name\":\"Romaria da Terra celebra 40 anos da ocupa\\u00e7\\u00e3o da Fazenda Annoni | Arquivo\",\"headline\":\"Romaria da Terra celebra 40 anos da ocupa\\u00e7\\u00e3o da Fazenda Annoni\",\"author\":{\"@id\":\"https:\\\/\\\/www.jornalja.com.br\\\/arquivo\\\/author\\\/daredacao\\\/#author\"},\"publisher\":{\"@id\":\"https:\\\/\\\/www.jornalja.com.br\\\/arquivo\\\/#organization\"},\"image\":{\"@type\":\"ImageObject\",\"url\":45113},\"datePublished\":\"2017-02-28T17:14:33-03:00\",\"dateModified\":\"2017-02-28T17:14:33-03:00\",\"inLanguage\":\"pt-BR\",\"mainEntityOfPage\":{\"@id\":\"https:\\\/\\\/www.jornalja.com.br\\\/arquivo\\\/romaria-da-terra-celebra-40-anos-da-ocupacao-da-fazenda-annoni\\\/#webpage\"},\"isPartOf\":{\"@id\":\"https:\\\/\\\/www.jornalja.com.br\\\/arquivo\\\/romaria-da-terra-celebra-40-anos-da-ocupacao-da-fazenda-annoni\\\/#webpage\"},\"articleSection\":\"Geral\"},{\"@type\":\"BreadcrumbList\",\"@id\":\"https:\\\/\\\/www.jornalja.com.br\\\/arquivo\\\/romaria-da-terra-celebra-40-anos-da-ocupacao-da-fazenda-annoni\\\/#breadcrumblist\",\"itemListElement\":[{\"@type\":\"ListItem\",\"@id\":\"https:\\\/\\\/www.jornalja.com.br\\\/arquivo#listItem\",\"position\":1,\"name\":\"Home\",\"item\":\"https:\\\/\\\/www.jornalja.com.br\\\/arquivo\",\"nextItem\":{\"@type\":\"ListItem\",\"@id\":\"https:\\\/\\\/www.jornalja.com.br\\\/arquivo\\\/category\\\/geral\\\/#listItem\",\"name\":\"Geral\"}},{\"@type\":\"ListItem\",\"@id\":\"https:\\\/\\\/www.jornalja.com.br\\\/arquivo\\\/category\\\/geral\\\/#listItem\",\"position\":2,\"name\":\"Geral\",\"item\":\"https:\\\/\\\/www.jornalja.com.br\\\/arquivo\\\/category\\\/geral\\\/\",\"nextItem\":{\"@type\":\"ListItem\",\"@id\":\"https:\\\/\\\/www.jornalja.com.br\\\/arquivo\\\/romaria-da-terra-celebra-40-anos-da-ocupacao-da-fazenda-annoni\\\/#listItem\",\"name\":\"Romaria da Terra celebra 40 anos da ocupa\\u00e7\\u00e3o da Fazenda Annoni\"},\"previousItem\":{\"@type\":\"ListItem\",\"@id\":\"https:\\\/\\\/www.jornalja.com.br\\\/arquivo#listItem\",\"name\":\"Home\"}},{\"@type\":\"ListItem\",\"@id\":\"https:\\\/\\\/www.jornalja.com.br\\\/arquivo\\\/romaria-da-terra-celebra-40-anos-da-ocupacao-da-fazenda-annoni\\\/#listItem\",\"position\":3,\"name\":\"Romaria da Terra celebra 40 anos da ocupa\\u00e7\\u00e3o da Fazenda Annoni\",\"previousItem\":{\"@type\":\"ListItem\",\"@id\":\"https:\\\/\\\/www.jornalja.com.br\\\/arquivo\\\/category\\\/geral\\\/#listItem\",\"name\":\"Geral\"}}]},{\"@type\":\"Organization\",\"@id\":\"https:\\\/\\\/www.jornalja.com.br\\\/arquivo\\\/#organization\",\"name\":\"Jornal J\\u00c1\",\"description\":\"Jornal J\\u00c1 | Porto Alegre\",\"url\":\"https:\\\/\\\/www.jornalja.com.br\\\/arquivo\\\/\",\"telephone\":\"+555133307272\",\"logo\":{\"@type\":\"ImageObject\",\"url\":\"https:\\\/\\\/www.jornalja.com.br\\\/wp-content\\\/uploads\\\/cards\\\/JAslogan.png\",\"@id\":\"https:\\\/\\\/www.jornalja.com.br\\\/arquivo\\\/romaria-da-terra-celebra-40-anos-da-ocupacao-da-fazenda-annoni\\\/#organizationLogo\"},\"image\":{\"@id\":\"https:\\\/\\\/www.jornalja.com.br\\\/arquivo\\\/romaria-da-terra-celebra-40-anos-da-ocupacao-da-fazenda-annoni\\\/#organizationLogo\"}},{\"@type\":\"Person\",\"@id\":\"https:\\\/\\\/www.jornalja.com.br\\\/arquivo\\\/author\\\/daredacao\\\/#author\",\"url\":\"https:\\\/\\\/www.jornalja.com.br\\\/arquivo\\\/author\\\/daredacao\\\/\",\"name\":\"da Reda\\u00e7\\u00e3o\",\"image\":{\"@type\":\"ImageObject\",\"@id\":\"https:\\\/\\\/www.jornalja.com.br\\\/arquivo\\\/romaria-da-terra-celebra-40-anos-da-ocupacao-da-fazenda-annoni\\\/#authorImage\",\"url\":\"https:\\\/\\\/secure.gravatar.com\\\/avatar\\\/469fd857d6605ad19919d27ed29d35a968a25f6e8fd9318356bbb7f57aae9c65?s=96&d=mm&r=g\",\"width\":96,\"height\":96,\"caption\":\"da Reda\\u00e7\\u00e3o\"}},{\"@type\":\"WebPage\",\"@id\":\"https:\\\/\\\/www.jornalja.com.br\\\/arquivo\\\/romaria-da-terra-celebra-40-anos-da-ocupacao-da-fazenda-annoni\\\/#webpage\",\"url\":\"https:\\\/\\\/www.jornalja.com.br\\\/arquivo\\\/romaria-da-terra-celebra-40-anos-da-ocupacao-da-fazenda-annoni\\\/\",\"name\":\"Romaria da Terra celebra 40 anos da ocupa\\u00e7\\u00e3o da Fazenda Annoni | Arquivo\",\"inLanguage\":\"pt-BR\",\"isPartOf\":{\"@id\":\"https:\\\/\\\/www.jornalja.com.br\\\/arquivo\\\/#website\"},\"breadcrumb\":{\"@id\":\"https:\\\/\\\/www.jornalja.com.br\\\/arquivo\\\/romaria-da-terra-celebra-40-anos-da-ocupacao-da-fazenda-annoni\\\/#breadcrumblist\"},\"author\":{\"@id\":\"https:\\\/\\\/www.jornalja.com.br\\\/arquivo\\\/author\\\/daredacao\\\/#author\"},\"creator\":{\"@id\":\"https:\\\/\\\/www.jornalja.com.br\\\/arquivo\\\/author\\\/daredacao\\\/#author\"},\"image\":{\"@type\":\"ImageObject\",\"url\":45113,\"@id\":\"https:\\\/\\\/www.jornalja.com.br\\\/arquivo\\\/romaria-da-terra-celebra-40-anos-da-ocupacao-da-fazenda-annoni\\\/#mainImage\"},\"primaryImageOfPage\":{\"@id\":\"https:\\\/\\\/www.jornalja.com.br\\\/arquivo\\\/romaria-da-terra-celebra-40-anos-da-ocupacao-da-fazenda-annoni\\\/#mainImage\"},\"datePublished\":\"2017-02-28T17:14:33-03:00\",\"dateModified\":\"2017-02-28T17:14:33-03:00\"},{\"@type\":\"WebSite\",\"@id\":\"https:\\\/\\\/www.jornalja.com.br\\\/arquivo\\\/#website\",\"url\":\"https:\\\/\\\/www.jornalja.com.br\\\/arquivo\\\/\",\"name\":\"Arquivo\",\"description\":\"Jornal J\\u00c1 | Porto Alegre\",\"inLanguage\":\"pt-BR\",\"publisher\":{\"@id\":\"https:\\\/\\\/www.jornalja.com.br\\\/arquivo\\\/#organization\"}}]}\n\t\t<\/script>\n\t\t<!-- All in One SEO -->\n\n","aioseo_head_json":{"title":"Romaria da Terra celebra 40 anos da ocupa\u00e7\u00e3o da Fazenda Annoni | Arquivo","description":"","canonical_url":"https:\/\/www.jornalja.com.br\/arquivo\/romaria-da-terra-celebra-40-anos-da-ocupacao-da-fazenda-annoni\/","robots":"max-image-preview:large","keywords":"","webmasterTools":{"miscellaneous":""},"schema":{"@context":"https:\/\/schema.org","@graph":[{"@type":"BlogPosting","@id":"https:\/\/www.jornalja.com.br\/arquivo\/romaria-da-terra-celebra-40-anos-da-ocupacao-da-fazenda-annoni\/#blogposting","name":"Romaria da Terra celebra 40 anos da ocupa\u00e7\u00e3o da Fazenda Annoni | Arquivo","headline":"Romaria da Terra celebra 40 anos da ocupa\u00e7\u00e3o da Fazenda Annoni","author":{"@id":"https:\/\/www.jornalja.com.br\/arquivo\/author\/daredacao\/#author"},"publisher":{"@id":"https:\/\/www.jornalja.com.br\/arquivo\/#organization"},"image":{"@type":"ImageObject","url":45113},"datePublished":"2017-02-28T17:14:33-03:00","dateModified":"2017-02-28T17:14:33-03:00","inLanguage":"pt-BR","mainEntityOfPage":{"@id":"https:\/\/www.jornalja.com.br\/arquivo\/romaria-da-terra-celebra-40-anos-da-ocupacao-da-fazenda-annoni\/#webpage"},"isPartOf":{"@id":"https:\/\/www.jornalja.com.br\/arquivo\/romaria-da-terra-celebra-40-anos-da-ocupacao-da-fazenda-annoni\/#webpage"},"articleSection":"Geral"},{"@type":"BreadcrumbList","@id":"https:\/\/www.jornalja.com.br\/arquivo\/romaria-da-terra-celebra-40-anos-da-ocupacao-da-fazenda-annoni\/#breadcrumblist","itemListElement":[{"@type":"ListItem","@id":"https:\/\/www.jornalja.com.br\/arquivo#listItem","position":1,"name":"Home","item":"https:\/\/www.jornalja.com.br\/arquivo","nextItem":{"@type":"ListItem","@id":"https:\/\/www.jornalja.com.br\/arquivo\/category\/geral\/#listItem","name":"Geral"}},{"@type":"ListItem","@id":"https:\/\/www.jornalja.com.br\/arquivo\/category\/geral\/#listItem","position":2,"name":"Geral","item":"https:\/\/www.jornalja.com.br\/arquivo\/category\/geral\/","nextItem":{"@type":"ListItem","@id":"https:\/\/www.jornalja.com.br\/arquivo\/romaria-da-terra-celebra-40-anos-da-ocupacao-da-fazenda-annoni\/#listItem","name":"Romaria da Terra celebra 40 anos da ocupa\u00e7\u00e3o da Fazenda Annoni"},"previousItem":{"@type":"ListItem","@id":"https:\/\/www.jornalja.com.br\/arquivo#listItem","name":"Home"}},{"@type":"ListItem","@id":"https:\/\/www.jornalja.com.br\/arquivo\/romaria-da-terra-celebra-40-anos-da-ocupacao-da-fazenda-annoni\/#listItem","position":3,"name":"Romaria da Terra celebra 40 anos da ocupa\u00e7\u00e3o da Fazenda Annoni","previousItem":{"@type":"ListItem","@id":"https:\/\/www.jornalja.com.br\/arquivo\/category\/geral\/#listItem","name":"Geral"}}]},{"@type":"Organization","@id":"https:\/\/www.jornalja.com.br\/arquivo\/#organization","name":"Jornal J\u00c1","description":"Jornal J\u00c1 | Porto Alegre","url":"https:\/\/www.jornalja.com.br\/arquivo\/","telephone":"+555133307272","logo":{"@type":"ImageObject","url":"https:\/\/www.jornalja.com.br\/wp-content\/uploads\/cards\/JAslogan.png","@id":"https:\/\/www.jornalja.com.br\/arquivo\/romaria-da-terra-celebra-40-anos-da-ocupacao-da-fazenda-annoni\/#organizationLogo"},"image":{"@id":"https:\/\/www.jornalja.com.br\/arquivo\/romaria-da-terra-celebra-40-anos-da-ocupacao-da-fazenda-annoni\/#organizationLogo"}},{"@type":"Person","@id":"https:\/\/www.jornalja.com.br\/arquivo\/author\/daredacao\/#author","url":"https:\/\/www.jornalja.com.br\/arquivo\/author\/daredacao\/","name":"da Reda\u00e7\u00e3o","image":{"@type":"ImageObject","@id":"https:\/\/www.jornalja.com.br\/arquivo\/romaria-da-terra-celebra-40-anos-da-ocupacao-da-fazenda-annoni\/#authorImage","url":"https:\/\/secure.gravatar.com\/avatar\/469fd857d6605ad19919d27ed29d35a968a25f6e8fd9318356bbb7f57aae9c65?s=96&d=mm&r=g","width":96,"height":96,"caption":"da Reda\u00e7\u00e3o"}},{"@type":"WebPage","@id":"https:\/\/www.jornalja.com.br\/arquivo\/romaria-da-terra-celebra-40-anos-da-ocupacao-da-fazenda-annoni\/#webpage","url":"https:\/\/www.jornalja.com.br\/arquivo\/romaria-da-terra-celebra-40-anos-da-ocupacao-da-fazenda-annoni\/","name":"Romaria da Terra celebra 40 anos da ocupa\u00e7\u00e3o da Fazenda Annoni | Arquivo","inLanguage":"pt-BR","isPartOf":{"@id":"https:\/\/www.jornalja.com.br\/arquivo\/#website"},"breadcrumb":{"@id":"https:\/\/www.jornalja.com.br\/arquivo\/romaria-da-terra-celebra-40-anos-da-ocupacao-da-fazenda-annoni\/#breadcrumblist"},"author":{"@id":"https:\/\/www.jornalja.com.br\/arquivo\/author\/daredacao\/#author"},"creator":{"@id":"https:\/\/www.jornalja.com.br\/arquivo\/author\/daredacao\/#author"},"image":{"@type":"ImageObject","url":45113,"@id":"https:\/\/www.jornalja.com.br\/arquivo\/romaria-da-terra-celebra-40-anos-da-ocupacao-da-fazenda-annoni\/#mainImage"},"primaryImageOfPage":{"@id":"https:\/\/www.jornalja.com.br\/arquivo\/romaria-da-terra-celebra-40-anos-da-ocupacao-da-fazenda-annoni\/#mainImage"},"datePublished":"2017-02-28T17:14:33-03:00","dateModified":"2017-02-28T17:14:33-03:00"},{"@type":"WebSite","@id":"https:\/\/www.jornalja.com.br\/arquivo\/#website","url":"https:\/\/www.jornalja.com.br\/arquivo\/","name":"Arquivo","description":"Jornal J\u00c1 | Porto Alegre","inLanguage":"pt-BR","publisher":{"@id":"https:\/\/www.jornalja.com.br\/arquivo\/#organization"}}]},"og:locale":"pt_BR","og:site_name":"Arquivo | Jornal J\u00c1 | Porto Alegre","og:type":"article","og:title":"Romaria da Terra celebra 40 anos da ocupa\u00e7\u00e3o da Fazenda Annoni | Arquivo","og:url":"https:\/\/www.jornalja.com.br\/arquivo\/romaria-da-terra-celebra-40-anos-da-ocupacao-da-fazenda-annoni\/","og:image":"https:\/\/www.jornalja.com.br\/wp-content\/uploads\/2017\/02\/IMG_2303-300x200.jpg","og:image:secure_url":"https:\/\/www.jornalja.com.br\/wp-content\/uploads\/2017\/02\/IMG_2303-300x200.jpg","article:published_time":"2017-02-28T20:14:33+00:00","article:modified_time":"2017-02-28T20:14:33+00:00","twitter:card":"summary","twitter:title":"Romaria da Terra celebra 40 anos da ocupa\u00e7\u00e3o da Fazenda Annoni | Arquivo","twitter:image":"https:\/\/www.jornalja.com.br\/economics\/wp-content\/uploads\/sites\/11\/2026\/08\/ja-folhaderosto-facebook.jpg"},"aioseo_meta_data":{"post_id":"45110","title":null,"description":null,"keywords":null,"keyphrases":null,"primary_term":null,"canonical_url":null,"og_title":null,"og_description":null,"og_object_type":"default","og_image_type":"default","og_image_url":null,"og_image_width":null,"og_image_height":null,"og_image_custom_url":null,"og_image_custom_fields":null,"og_video":null,"og_custom_url":null,"og_article_section":null,"og_article_tags":null,"twitter_use_og":false,"twitter_card":"default","twitter_image_type":"default","twitter_image_url":null,"twitter_image_custom_url":null,"twitter_image_custom_fields":null,"twitter_title":null,"twitter_description":null,"schema":{"blockGraphs":[],"customGraphs":[],"default":{"data":{"Article":[],"Course":[],"Dataset":[],"FAQPage":[],"Movie":[],"Person":[],"Product":[],"ProductReview":[],"Car":[],"Recipe":[],"Service":[],"SoftwareApplication":[],"WebPage":[]},"graphName":"","isEnabled":true},"graphs":[],"defaultGraph":"","defaultPostTypeGraph":""},"schema_type":null,"schema_type_options":null,"pillar_content":false,"robots_default":true,"robots_noindex":false,"robots_noarchive":false,"robots_nosnippet":false,"robots_nofollow":false,"robots_noimageindex":false,"robots_noodp":false,"robots_notranslate":false,"robots_max_snippet":null,"robots_max_videopreview":null,"robots_max_imagepreview":"large","priority":null,"frequency":null,"location":null,"local_seo":null,"breadcrumb_settings":null,"limit_modified_date":false,"ai":null,"created":"2020-12-20 20:38:59","updated":"2025-07-19 20:12:11","seo_analyzer_scan_date":null,"focus_keyword":null,"additional_keywords":null,"truseo_locale":null},"jetpack_sharing_enabled":true,"jetpack-related-posts":[{"id":13128,"url":"https:\/\/www.jornalja.com.br\/arquivo\/maconha-terra-diz-que-uso-medicinal-e-desculpa\/","url_meta":{"origin":45110,"position":0},"title":"Maconha: Terra diz que uso medicinal \u00e9 desculpa","author":"Patr\u00edcia Marini","date":"4 de junho de 2014","format":false,"excerpt":"A condi\u00e7\u00e3o de pol\u00edtico, em \u00e9poca de campanha de campanha eleitoral, tira for\u00e7a do discurso do m\u00e9dico Osmar Terra contra a legaliza\u00e7\u00e3o da maconha. A tese dele de que a libera\u00e7\u00e3o vai ampliar exponencialmente o consumo \u00e9 discutivel, o consumo \u00e9 corrente. Mas seus alertas quanto aos riscos tem que\u2026","rel":"","context":"Em &quot;X.Categorias velhas&quot;","block_context":{"text":"X.Categorias velhas","link":"https:\/\/www.jornalja.com.br\/arquivo\/category\/x-categorias-velhas\/"},"img":{"alt_text":"","src":"","width":0,"height":0},"classes":[]},{"id":13101,"url":"https:\/\/www.jornalja.com.br\/arquivo\/morre-um-guerreiro-do-texto\/","url_meta":{"origin":45110,"position":1},"title":"Morre um guerreiro do texto","author":"Patr\u00edcia Marini","date":"14 de maio de 2014","format":false,"excerpt":"Por Ricardo Kotscho Reproduzido do blog do autor, 11\/5\/2014; t\u00edtulo original \u201cE l\u00e1 se foi o nosso Myltainho, guerreiro do texto\u201d. Mi\u00fado e franzino, meu amigo Myltainho era um valente e inconformado guerreiro na luta contra as injusti\u00e7as sociais, a hipocrisia, as maracutaias, o autoritarismo, a intoler\u00e2ncia, a viol\u00eancia, o\u2026","rel":"","context":"Em &quot;Geral&quot;","block_context":{"text":"Geral","link":"https:\/\/www.jornalja.com.br\/arquivo\/category\/geral\/"},"img":{"alt_text":"","src":"","width":0,"height":0},"classes":[]},{"id":13124,"url":"https:\/\/www.jornalja.com.br\/arquivo\/sangue-latino-no-iecine\/","url_meta":{"origin":45110,"position":2},"title":"Sangue latino no IECINE","author":"da Reda\u00e7\u00e3o","date":"18 de maio de 2014","format":false,"excerpt":"Francisco Ribeiro O Instituto Estadual de Cinema (IECINE) tem a frente, desde abril \u00faltimo, um novo diretor, o cineasta colombiano Juan Zapata, 36, que substitui Luiz Alberto Cassol. Radicado h\u00e1 dez anos em Porto Alegre, Zapata tem diante de si o desafio de conduzir at\u00e9 o final do ano um\u2026","rel":"","context":"Em &quot;Cultura-Geral&quot;","block_context":{"text":"Cultura-Geral","link":"https:\/\/www.jornalja.com.br\/arquivo\/category\/materiasecundaria\/"},"img":{"alt_text":"","src":"","width":0,"height":0},"classes":[]},{"id":12960,"url":"https:\/\/www.jornalja.com.br\/arquivo\/populacao-culpa-empresas-pela-greve-dos-rodoviarios\/","url_meta":{"origin":45110,"position":3},"title":"Popula\u00e7\u00e3o culpa empresas pela greve","author":"Patr\u00edcia Marini","date":"14 de fevereiro de 2014","format":false,"excerpt":"Pesquisa divulgada na edi\u00e7\u00e3o do jornal Metro desta sexta-feira,14, comprova o velho ditado: \u00e9 poss\u00edvel enganar muitos por algum tempo, mas n\u00e3o \u00e9 poss\u00edvel enganar a todos o tempo inteiro. A principal revela\u00e7\u00e3o foi que 59,8% dos entrevistados apontaram as empresas como as principais respons\u00e1veis pela grave e 46% culparam\u2026","rel":"","context":"Em &quot;X.Categorias velhas&quot;","block_context":{"text":"X.Categorias velhas","link":"https:\/\/www.jornalja.com.br\/arquivo\/category\/x-categorias-velhas\/"},"img":{"alt_text":"","src":"","width":0,"height":0},"classes":[]},{"id":1280,"url":"https:\/\/www.jornalja.com.br\/arquivo\/o-menino-que-se-tornou-brizola\/","url_meta":{"origin":45110,"position":4},"title":"O Menino que se Tornou Brizola","author":"da Reda\u00e7\u00e3o","date":"28 de julho de 2008","format":false,"excerpt":"Autor: Cleber Dioni A vida de Leonel Brizola, com \u00eanfase para os primeiros anos em Porto Alegre, at\u00e9 o ex\u00edlio no Uruguai e a volta, quinze anos depois. \u00a0\"...\u00c9ramos todos jovens e nos identific\u00e1vamos com aquela massa an\u00f4nima a percorrer as ruas de Porto Alegre, gritando 'Get\u00falio', 'Get\u00falio' e empunhando\u2026","rel":"","context":"Em &quot;Livros&quot;","block_context":{"text":"Livros","link":"https:\/\/www.jornalja.com.br\/arquivo\/category\/livros\/"},"img":{"alt_text":"","src":"https:\/\/i0.wp.com\/www.jornalja.com.br\/wp-content\/uploads\/2008\/07\/brizola.gif?resize=350%2C200&ssl=1","width":350,"height":200},"classes":[]},{"id":5440,"url":"https:\/\/www.jornalja.com.br\/arquivo\/casarao-da-venancio-destino-permanece-incerto\/","url_meta":{"origin":45110,"position":5},"title":"Estado ainda n\u00e3o sabe o que fazer com casar\u00e3o abandonado h\u00e1 20 anos","author":"Elmar Bones","date":"6 de julho de 2009","format":false,"excerpt":"O casar\u00e3o amarelo, numa esquina nobre de Porto Alegre (Ven\u00e2ncio Aires com Jo\u00e3o Pessoa), j\u00e1 abrigou uma escola. H\u00e1 duas d\u00e9cadas, pelo menos, est\u00e1 abandonado, porque seu propriet\u00e1rio, o governo do Estado do Rio Grande do Sul, n\u00e3o consegue achar um destino para ele. Planos n\u00e3o faltaram. O governador Ol\u00edvio\u2026","rel":"","context":"Em &quot;X.Categorias velhas&quot;","block_context":{"text":"X.Categorias velhas","link":"https:\/\/www.jornalja.com.br\/arquivo\/category\/x-categorias-velhas\/"},"img":{"alt_text":"geraldo1","src":"https:\/\/i0.wp.com\/www.jornalja.com.br\/wp-content\/uploads\/2009\/07\/geraldo1.jpg?resize=350%2C200&ssl=1","width":350,"height":200},"classes":[]}],"jetpack_shortlink":"https:\/\/wp.me\/pbQjBd-bJA","jetpack_featured_media_url":"","_links":{"self":[{"href":"https:\/\/www.jornalja.com.br\/arquivo\/wp-json\/wp\/v2\/posts\/45110","targetHints":{"allow":["GET"]}}],"collection":[{"href":"https:\/\/www.jornalja.com.br\/arquivo\/wp-json\/wp\/v2\/posts"}],"about":[{"href":"https:\/\/www.jornalja.com.br\/arquivo\/wp-json\/wp\/v2\/types\/post"}],"author":[{"embeddable":true,"href":"https:\/\/www.jornalja.com.br\/arquivo\/wp-json\/wp\/v2\/users\/4"}],"replies":[{"embeddable":true,"href":"https:\/\/www.jornalja.com.br\/arquivo\/wp-json\/wp\/v2\/comments?post=45110"}],"version-history":[{"count":0,"href":"https:\/\/www.jornalja.com.br\/arquivo\/wp-json\/wp\/v2\/posts\/45110\/revisions"}],"wp:attachment":[{"href":"https:\/\/www.jornalja.com.br\/arquivo\/wp-json\/wp\/v2\/media?parent=45110"}],"wp:term":[{"taxonomy":"category","embeddable":true,"href":"https:\/\/www.jornalja.com.br\/arquivo\/wp-json\/wp\/v2\/categories?post=45110"},{"taxonomy":"post_tag","embeddable":true,"href":"https:\/\/www.jornalja.com.br\/arquivo\/wp-json\/wp\/v2\/tags?post=45110"}],"curies":[{"name":"wp","href":"https:\/\/api.w.org\/{rel}","templated":true}]}}