{"id":45120,"date":"2017-02-28T20:34:57","date_gmt":"2017-02-28T23:34:57","guid":{"rendered":"https:\/\/www.jornalja.com.br\/?p=45120"},"modified":"2017-02-28T20:34:57","modified_gmt":"2017-02-28T23:34:57","slug":"secretario-uruguaio-que-ajudaria-na-lava-jato-aparece-boiando-na-piscina-da-propria-casa","status":"publish","type":"post","link":"https:\/\/www.jornalja.com.br\/arquivo\/secretario-uruguaio-que-ajudaria-na-lava-jato-aparece-boiando-na-piscina-da-propria-casa\/","title":{"rendered":"Secret\u00e1rio uruguaio que ajudaria na Lava-jato aparece boiando na piscina da pr\u00f3pria casa"},"content":{"rendered":"<p>&nbsp;<br \/>\nO secret\u00e1rio Nacional de Luta contra a Lavagem de Dinheiro do Uruguai, Carlos D\u00edaz, foi encontrado morto na piscina da casa dele, em Punta Del Leste.<br \/>\nD\u00edaz seria um elo entre Brasil e Uruguai nas investiga\u00e7\u00f5es da Opera\u00e7\u00e3o Lava Jato. Em entrevista a um jornal brasileiro na \u00faltima semana, o secret\u00e1rio afirmou que estava disposto a cooperar com o Minist\u00e9rio P\u00fablico Federal brasileiro no combate \u00e0 lavagem de dinheiro.<br \/>\nSegundo a imprensa uruguaia, a aut\u00f3psia confirmou que a causa da morte foi afogamento. Mas a Justi\u00e7a do pa\u00eds disse que ainda vai fazer uma s\u00e9rie de per\u00edcias para que n\u00e3o restem d\u00favidas sobre o caso.<br \/>\nA pol\u00edcia afirmou que tudo indica que foi um acidente, j\u00e1 que n\u00e3o havia sinais de viol\u00eancia no corpo e nem algo suspeito na casa de Carlos D\u00edaz.<br \/>\nAos 69 anos, o secret\u00e1rio exercia o cargo desde 2010. Ele assumiu a pasta na gest\u00e3o do ex-presidente Jos\u00e9 Mujica. D\u00edaz era respons\u00e1vel por conduzir v\u00e1rias investiga\u00e7\u00f5es contra grupos criminosos e defendia leis que dariam mais transpar\u00eancia \u00e0s movimenta\u00e7\u00f5es financeiras do Uruguai.<br \/>\nNo pa\u00eds, existem diversas\u00a0<em>offshores<\/em>, que s\u00e3o empresas usadas para esconder dinheiro e dificultar o rastreamento dos verdadeiros donos.<br \/>\n<em>\u00a0<\/em><br \/>\n<em>Informa\u00e7\u00f5es da Radiog\u00eancia Nacional<\/em><\/p>\n","protected":false},"excerpt":{"rendered":"<p>&nbsp; O secret\u00e1rio Nacional de Luta contra a Lavagem de Dinheiro do Uruguai, Carlos D\u00edaz, foi encontrado morto na piscina da casa dele, em Punta Del Leste. D\u00edaz seria um elo entre Brasil e Uruguai nas investiga\u00e7\u00f5es da Opera\u00e7\u00e3o Lava Jato. Em entrevista a um jornal brasileiro na \u00faltima semana, o secret\u00e1rio afirmou que estava [&hellip;]<\/p>\n","protected":false},"author":4,"featured_media":45122,"comment_status":"open","ping_status":"closed","sticky":false,"template":"","format":"standard","meta":{"_jetpack_newsletter_access":"","_jetpack_dont_email_post_to_subs":false,"_jetpack_newsletter_tier_id":0,"_jetpack_memberships_contains_paywalled_content":false,"_jetpack_feature_clip_id":0,"_jetpack_memberships_contains_paid_content":false,"footnotes":"","jetpack_post_was_ever_published":false},"categories":[26],"tags":[],"class_list":["post-45120","post","type-post","status-publish","format-standard","has-post-thumbnail","hentry","category-geral"],"aioseo_notices":[],"aioseo_head":"\n\t\t<!-- All in One SEO 5.0.1.1 - aioseo.com -->\n\t<meta name=\"robots\" content=\"max-image-preview:large\" \/>\n\t<meta name=\"author\" content=\"da Reda\u00e7\u00e3o\"\/>\n\t<link rel=\"canonical\" href=\"https:\/\/www.jornalja.com.br\/arquivo\/secretario-uruguaio-que-ajudaria-na-lava-jato-aparece-boiando-na-piscina-da-propria-casa\/\" \/>\n\t<meta name=\"generator\" content=\"All in One SEO (AIOSEO) 5.0.1.1\" \/>\n\t\t<meta property=\"og:locale\" content=\"pt_BR\" \/>\n\t\t<meta property=\"og:site_name\" content=\"Arquivo | Jornal J\u00c1 | Porto Alegre\" \/>\n\t\t<meta property=\"og:type\" content=\"article\" \/>\n\t\t<meta property=\"og:title\" content=\"Secret\u00e1rio uruguaio que ajudaria na Lava-jato aparece boiando na piscina da pr\u00f3pria casa | Arquivo\" \/>\n\t\t<meta property=\"og:url\" content=\"https:\/\/www.jornalja.com.br\/arquivo\/secretario-uruguaio-que-ajudaria-na-lava-jato-aparece-boiando-na-piscina-da-propria-casa\/\" \/>\n\t\t<meta property=\"og:image\" content=\"https:\/\/www.jornalja.com.br\/economics\/wp-content\/uploads\/sites\/11\/2026\/08\/ja-folhaderosto-facebook.jpg\" \/>\n\t\t<meta property=\"og:image:secure_url\" content=\"https:\/\/www.jornalja.com.br\/economics\/wp-content\/uploads\/sites\/11\/2026\/08\/ja-folhaderosto-facebook.jpg\" \/>\n\t\t<meta property=\"article:published_time\" content=\"2017-02-28T23:34:57+00:00\" \/>\n\t\t<meta property=\"article:modified_time\" content=\"2017-02-28T23:34:57+00:00\" \/>\n\t\t<meta name=\"twitter:card\" content=\"summary\" \/>\n\t\t<meta name=\"twitter:title\" content=\"Secret\u00e1rio uruguaio que ajudaria na Lava-jato aparece boiando na piscina da pr\u00f3pria casa | Arquivo\" \/>\n\t\t<meta name=\"twitter:image\" content=\"https:\/\/www.jornalja.com.br\/economics\/wp-content\/uploads\/sites\/11\/2026\/08\/ja-folhaderosto-facebook.jpg\" \/>\n\t\t<script type=\"application\/ld+json\" class=\"aioseo-schema\">\n\t\t\t{\"@context\":\"https:\\\/\\\/schema.org\",\"@graph\":[{\"@type\":\"BlogPosting\",\"@id\":\"https:\\\/\\\/www.jornalja.com.br\\\/arquivo\\\/secretario-uruguaio-que-ajudaria-na-lava-jato-aparece-boiando-na-piscina-da-propria-casa\\\/#blogposting\",\"name\":\"Secret\\u00e1rio uruguaio que ajudaria na Lava-jato aparece boiando na piscina da pr\\u00f3pria casa | Arquivo\",\"headline\":\"Secret\\u00e1rio uruguaio que ajudaria na Lava-jato aparece boiando na piscina da pr\\u00f3pria casa\",\"author\":{\"@id\":\"https:\\\/\\\/www.jornalja.com.br\\\/arquivo\\\/author\\\/daredacao\\\/#author\"},\"publisher\":{\"@id\":\"https:\\\/\\\/www.jornalja.com.br\\\/arquivo\\\/#organization\"},\"image\":{\"@type\":\"ImageObject\",\"url\":45122},\"datePublished\":\"2017-02-28T20:34:57-03:00\",\"dateModified\":\"2017-02-28T20:34:57-03:00\",\"inLanguage\":\"pt-BR\",\"mainEntityOfPage\":{\"@id\":\"https:\\\/\\\/www.jornalja.com.br\\\/arquivo\\\/secretario-uruguaio-que-ajudaria-na-lava-jato-aparece-boiando-na-piscina-da-propria-casa\\\/#webpage\"},\"isPartOf\":{\"@id\":\"https:\\\/\\\/www.jornalja.com.br\\\/arquivo\\\/secretario-uruguaio-que-ajudaria-na-lava-jato-aparece-boiando-na-piscina-da-propria-casa\\\/#webpage\"},\"articleSection\":\"Geral\"},{\"@type\":\"BreadcrumbList\",\"@id\":\"https:\\\/\\\/www.jornalja.com.br\\\/arquivo\\\/secretario-uruguaio-que-ajudaria-na-lava-jato-aparece-boiando-na-piscina-da-propria-casa\\\/#breadcrumblist\",\"itemListElement\":[{\"@type\":\"ListItem\",\"@id\":\"https:\\\/\\\/www.jornalja.com.br\\\/arquivo#listItem\",\"position\":1,\"name\":\"Home\",\"item\":\"https:\\\/\\\/www.jornalja.com.br\\\/arquivo\",\"nextItem\":{\"@type\":\"ListItem\",\"@id\":\"https:\\\/\\\/www.jornalja.com.br\\\/arquivo\\\/category\\\/geral\\\/#listItem\",\"name\":\"Geral\"}},{\"@type\":\"ListItem\",\"@id\":\"https:\\\/\\\/www.jornalja.com.br\\\/arquivo\\\/category\\\/geral\\\/#listItem\",\"position\":2,\"name\":\"Geral\",\"item\":\"https:\\\/\\\/www.jornalja.com.br\\\/arquivo\\\/category\\\/geral\\\/\",\"nextItem\":{\"@type\":\"ListItem\",\"@id\":\"https:\\\/\\\/www.jornalja.com.br\\\/arquivo\\\/secretario-uruguaio-que-ajudaria-na-lava-jato-aparece-boiando-na-piscina-da-propria-casa\\\/#listItem\",\"name\":\"Secret\\u00e1rio uruguaio que ajudaria na Lava-jato aparece boiando na piscina da pr\\u00f3pria casa\"},\"previousItem\":{\"@type\":\"ListItem\",\"@id\":\"https:\\\/\\\/www.jornalja.com.br\\\/arquivo#listItem\",\"name\":\"Home\"}},{\"@type\":\"ListItem\",\"@id\":\"https:\\\/\\\/www.jornalja.com.br\\\/arquivo\\\/secretario-uruguaio-que-ajudaria-na-lava-jato-aparece-boiando-na-piscina-da-propria-casa\\\/#listItem\",\"position\":3,\"name\":\"Secret\\u00e1rio uruguaio que ajudaria na Lava-jato aparece boiando na piscina da pr\\u00f3pria casa\",\"previousItem\":{\"@type\":\"ListItem\",\"@id\":\"https:\\\/\\\/www.jornalja.com.br\\\/arquivo\\\/category\\\/geral\\\/#listItem\",\"name\":\"Geral\"}}]},{\"@type\":\"Organization\",\"@id\":\"https:\\\/\\\/www.jornalja.com.br\\\/arquivo\\\/#organization\",\"name\":\"Jornal J\\u00c1\",\"description\":\"Jornal J\\u00c1 | Porto Alegre\",\"url\":\"https:\\\/\\\/www.jornalja.com.br\\\/arquivo\\\/\",\"telephone\":\"+555133307272\",\"logo\":{\"@type\":\"ImageObject\",\"url\":\"https:\\\/\\\/www.jornalja.com.br\\\/wp-content\\\/uploads\\\/cards\\\/JAslogan.png\",\"@id\":\"https:\\\/\\\/www.jornalja.com.br\\\/arquivo\\\/secretario-uruguaio-que-ajudaria-na-lava-jato-aparece-boiando-na-piscina-da-propria-casa\\\/#organizationLogo\"},\"image\":{\"@id\":\"https:\\\/\\\/www.jornalja.com.br\\\/arquivo\\\/secretario-uruguaio-que-ajudaria-na-lava-jato-aparece-boiando-na-piscina-da-propria-casa\\\/#organizationLogo\"}},{\"@type\":\"Person\",\"@id\":\"https:\\\/\\\/www.jornalja.com.br\\\/arquivo\\\/author\\\/daredacao\\\/#author\",\"url\":\"https:\\\/\\\/www.jornalja.com.br\\\/arquivo\\\/author\\\/daredacao\\\/\",\"name\":\"da Reda\\u00e7\\u00e3o\",\"image\":{\"@type\":\"ImageObject\",\"@id\":\"https:\\\/\\\/www.jornalja.com.br\\\/arquivo\\\/secretario-uruguaio-que-ajudaria-na-lava-jato-aparece-boiando-na-piscina-da-propria-casa\\\/#authorImage\",\"url\":\"https:\\\/\\\/secure.gravatar.com\\\/avatar\\\/469fd857d6605ad19919d27ed29d35a968a25f6e8fd9318356bbb7f57aae9c65?s=96&d=mm&r=g\",\"width\":96,\"height\":96,\"caption\":\"da Reda\\u00e7\\u00e3o\"}},{\"@type\":\"WebPage\",\"@id\":\"https:\\\/\\\/www.jornalja.com.br\\\/arquivo\\\/secretario-uruguaio-que-ajudaria-na-lava-jato-aparece-boiando-na-piscina-da-propria-casa\\\/#webpage\",\"url\":\"https:\\\/\\\/www.jornalja.com.br\\\/arquivo\\\/secretario-uruguaio-que-ajudaria-na-lava-jato-aparece-boiando-na-piscina-da-propria-casa\\\/\",\"name\":\"Secret\\u00e1rio uruguaio que ajudaria na Lava-jato aparece boiando na piscina da pr\\u00f3pria casa | Arquivo\",\"inLanguage\":\"pt-BR\",\"isPartOf\":{\"@id\":\"https:\\\/\\\/www.jornalja.com.br\\\/arquivo\\\/#website\"},\"breadcrumb\":{\"@id\":\"https:\\\/\\\/www.jornalja.com.br\\\/arquivo\\\/secretario-uruguaio-que-ajudaria-na-lava-jato-aparece-boiando-na-piscina-da-propria-casa\\\/#breadcrumblist\"},\"author\":{\"@id\":\"https:\\\/\\\/www.jornalja.com.br\\\/arquivo\\\/author\\\/daredacao\\\/#author\"},\"creator\":{\"@id\":\"https:\\\/\\\/www.jornalja.com.br\\\/arquivo\\\/author\\\/daredacao\\\/#author\"},\"image\":{\"@type\":\"ImageObject\",\"url\":45122,\"@id\":\"https:\\\/\\\/www.jornalja.com.br\\\/arquivo\\\/secretario-uruguaio-que-ajudaria-na-lava-jato-aparece-boiando-na-piscina-da-propria-casa\\\/#mainImage\"},\"primaryImageOfPage\":{\"@id\":\"https:\\\/\\\/www.jornalja.com.br\\\/arquivo\\\/secretario-uruguaio-que-ajudaria-na-lava-jato-aparece-boiando-na-piscina-da-propria-casa\\\/#mainImage\"},\"datePublished\":\"2017-02-28T20:34:57-03:00\",\"dateModified\":\"2017-02-28T20:34:57-03:00\"},{\"@type\":\"WebSite\",\"@id\":\"https:\\\/\\\/www.jornalja.com.br\\\/arquivo\\\/#website\",\"url\":\"https:\\\/\\\/www.jornalja.com.br\\\/arquivo\\\/\",\"name\":\"Arquivo\",\"description\":\"Jornal J\\u00c1 | Porto Alegre\",\"inLanguage\":\"pt-BR\",\"publisher\":{\"@id\":\"https:\\\/\\\/www.jornalja.com.br\\\/arquivo\\\/#organization\"}}]}\n\t\t<\/script>\n\t\t<!-- All in One SEO -->\n\n","aioseo_head_json":{"title":"Secret\u00e1rio uruguaio que ajudaria na Lava-jato aparece boiando na piscina da pr\u00f3pria casa | Arquivo","description":"","canonical_url":"https:\/\/www.jornalja.com.br\/arquivo\/secretario-uruguaio-que-ajudaria-na-lava-jato-aparece-boiando-na-piscina-da-propria-casa\/","robots":"max-image-preview:large","keywords":"","webmasterTools":{"miscellaneous":""},"schema":{"@context":"https:\/\/schema.org","@graph":[{"@type":"BlogPosting","@id":"https:\/\/www.jornalja.com.br\/arquivo\/secretario-uruguaio-que-ajudaria-na-lava-jato-aparece-boiando-na-piscina-da-propria-casa\/#blogposting","name":"Secret\u00e1rio uruguaio que ajudaria na Lava-jato aparece boiando na piscina da pr\u00f3pria casa | Arquivo","headline":"Secret\u00e1rio uruguaio que ajudaria na Lava-jato aparece boiando na piscina da pr\u00f3pria casa","author":{"@id":"https:\/\/www.jornalja.com.br\/arquivo\/author\/daredacao\/#author"},"publisher":{"@id":"https:\/\/www.jornalja.com.br\/arquivo\/#organization"},"image":{"@type":"ImageObject","url":45122},"datePublished":"2017-02-28T20:34:57-03:00","dateModified":"2017-02-28T20:34:57-03:00","inLanguage":"pt-BR","mainEntityOfPage":{"@id":"https:\/\/www.jornalja.com.br\/arquivo\/secretario-uruguaio-que-ajudaria-na-lava-jato-aparece-boiando-na-piscina-da-propria-casa\/#webpage"},"isPartOf":{"@id":"https:\/\/www.jornalja.com.br\/arquivo\/secretario-uruguaio-que-ajudaria-na-lava-jato-aparece-boiando-na-piscina-da-propria-casa\/#webpage"},"articleSection":"Geral"},{"@type":"BreadcrumbList","@id":"https:\/\/www.jornalja.com.br\/arquivo\/secretario-uruguaio-que-ajudaria-na-lava-jato-aparece-boiando-na-piscina-da-propria-casa\/#breadcrumblist","itemListElement":[{"@type":"ListItem","@id":"https:\/\/www.jornalja.com.br\/arquivo#listItem","position":1,"name":"Home","item":"https:\/\/www.jornalja.com.br\/arquivo","nextItem":{"@type":"ListItem","@id":"https:\/\/www.jornalja.com.br\/arquivo\/category\/geral\/#listItem","name":"Geral"}},{"@type":"ListItem","@id":"https:\/\/www.jornalja.com.br\/arquivo\/category\/geral\/#listItem","position":2,"name":"Geral","item":"https:\/\/www.jornalja.com.br\/arquivo\/category\/geral\/","nextItem":{"@type":"ListItem","@id":"https:\/\/www.jornalja.com.br\/arquivo\/secretario-uruguaio-que-ajudaria-na-lava-jato-aparece-boiando-na-piscina-da-propria-casa\/#listItem","name":"Secret\u00e1rio uruguaio que ajudaria na Lava-jato aparece boiando na piscina da pr\u00f3pria casa"},"previousItem":{"@type":"ListItem","@id":"https:\/\/www.jornalja.com.br\/arquivo#listItem","name":"Home"}},{"@type":"ListItem","@id":"https:\/\/www.jornalja.com.br\/arquivo\/secretario-uruguaio-que-ajudaria-na-lava-jato-aparece-boiando-na-piscina-da-propria-casa\/#listItem","position":3,"name":"Secret\u00e1rio uruguaio que ajudaria na Lava-jato aparece boiando na piscina da pr\u00f3pria casa","previousItem":{"@type":"ListItem","@id":"https:\/\/www.jornalja.com.br\/arquivo\/category\/geral\/#listItem","name":"Geral"}}]},{"@type":"Organization","@id":"https:\/\/www.jornalja.com.br\/arquivo\/#organization","name":"Jornal J\u00c1","description":"Jornal J\u00c1 | Porto Alegre","url":"https:\/\/www.jornalja.com.br\/arquivo\/","telephone":"+555133307272","logo":{"@type":"ImageObject","url":"https:\/\/www.jornalja.com.br\/wp-content\/uploads\/cards\/JAslogan.png","@id":"https:\/\/www.jornalja.com.br\/arquivo\/secretario-uruguaio-que-ajudaria-na-lava-jato-aparece-boiando-na-piscina-da-propria-casa\/#organizationLogo"},"image":{"@id":"https:\/\/www.jornalja.com.br\/arquivo\/secretario-uruguaio-que-ajudaria-na-lava-jato-aparece-boiando-na-piscina-da-propria-casa\/#organizationLogo"}},{"@type":"Person","@id":"https:\/\/www.jornalja.com.br\/arquivo\/author\/daredacao\/#author","url":"https:\/\/www.jornalja.com.br\/arquivo\/author\/daredacao\/","name":"da Reda\u00e7\u00e3o","image":{"@type":"ImageObject","@id":"https:\/\/www.jornalja.com.br\/arquivo\/secretario-uruguaio-que-ajudaria-na-lava-jato-aparece-boiando-na-piscina-da-propria-casa\/#authorImage","url":"https:\/\/secure.gravatar.com\/avatar\/469fd857d6605ad19919d27ed29d35a968a25f6e8fd9318356bbb7f57aae9c65?s=96&d=mm&r=g","width":96,"height":96,"caption":"da Reda\u00e7\u00e3o"}},{"@type":"WebPage","@id":"https:\/\/www.jornalja.com.br\/arquivo\/secretario-uruguaio-que-ajudaria-na-lava-jato-aparece-boiando-na-piscina-da-propria-casa\/#webpage","url":"https:\/\/www.jornalja.com.br\/arquivo\/secretario-uruguaio-que-ajudaria-na-lava-jato-aparece-boiando-na-piscina-da-propria-casa\/","name":"Secret\u00e1rio uruguaio que ajudaria na Lava-jato aparece boiando na piscina da pr\u00f3pria casa | Arquivo","inLanguage":"pt-BR","isPartOf":{"@id":"https:\/\/www.jornalja.com.br\/arquivo\/#website"},"breadcrumb":{"@id":"https:\/\/www.jornalja.com.br\/arquivo\/secretario-uruguaio-que-ajudaria-na-lava-jato-aparece-boiando-na-piscina-da-propria-casa\/#breadcrumblist"},"author":{"@id":"https:\/\/www.jornalja.com.br\/arquivo\/author\/daredacao\/#author"},"creator":{"@id":"https:\/\/www.jornalja.com.br\/arquivo\/author\/daredacao\/#author"},"image":{"@type":"ImageObject","url":45122,"@id":"https:\/\/www.jornalja.com.br\/arquivo\/secretario-uruguaio-que-ajudaria-na-lava-jato-aparece-boiando-na-piscina-da-propria-casa\/#mainImage"},"primaryImageOfPage":{"@id":"https:\/\/www.jornalja.com.br\/arquivo\/secretario-uruguaio-que-ajudaria-na-lava-jato-aparece-boiando-na-piscina-da-propria-casa\/#mainImage"},"datePublished":"2017-02-28T20:34:57-03:00","dateModified":"2017-02-28T20:34:57-03:00"},{"@type":"WebSite","@id":"https:\/\/www.jornalja.com.br\/arquivo\/#website","url":"https:\/\/www.jornalja.com.br\/arquivo\/","name":"Arquivo","description":"Jornal J\u00c1 | Porto Alegre","inLanguage":"pt-BR","publisher":{"@id":"https:\/\/www.jornalja.com.br\/arquivo\/#organization"}}]},"og:locale":"pt_BR","og:site_name":"Arquivo | Jornal J\u00c1 | Porto Alegre","og:type":"article","og:title":"Secret\u00e1rio uruguaio que ajudaria na Lava-jato aparece boiando na piscina da pr\u00f3pria casa | Arquivo","og:url":"https:\/\/www.jornalja.com.br\/arquivo\/secretario-uruguaio-que-ajudaria-na-lava-jato-aparece-boiando-na-piscina-da-propria-casa\/","og:image":"https:\/\/www.jornalja.com.br\/economics\/wp-content\/uploads\/sites\/11\/2026\/08\/ja-folhaderosto-facebook.jpg","og:image:secure_url":"https:\/\/www.jornalja.com.br\/economics\/wp-content\/uploads\/sites\/11\/2026\/08\/ja-folhaderosto-facebook.jpg","article:published_time":"2017-02-28T23:34:57+00:00","article:modified_time":"2017-02-28T23:34:57+00:00","twitter:card":"summary","twitter:title":"Secret\u00e1rio uruguaio que ajudaria na Lava-jato aparece boiando na piscina da pr\u00f3pria casa | Arquivo","twitter:image":"https:\/\/www.jornalja.com.br\/economics\/wp-content\/uploads\/sites\/11\/2026\/08\/ja-folhaderosto-facebook.jpg"},"aioseo_meta_data":{"post_id":"45120","title":null,"description":null,"keywords":null,"keyphrases":null,"primary_term":null,"canonical_url":null,"og_title":null,"og_description":null,"og_object_type":"default","og_image_type":"default","og_image_url":null,"og_image_width":null,"og_image_height":null,"og_image_custom_url":null,"og_image_custom_fields":null,"og_video":null,"og_custom_url":null,"og_article_section":null,"og_article_tags":null,"twitter_use_og":false,"twitter_card":"default","twitter_image_type":"default","twitter_image_url":null,"twitter_image_custom_url":null,"twitter_image_custom_fields":null,"twitter_title":null,"twitter_description":null,"schema":{"blockGraphs":[],"customGraphs":[],"default":{"data":{"Article":[],"Course":[],"Dataset":[],"FAQPage":[],"Movie":[],"Person":[],"Product":[],"ProductReview":[],"Car":[],"Recipe":[],"Service":[],"SoftwareApplication":[],"WebPage":[]},"graphName":"","isEnabled":true},"graphs":[],"defaultGraph":"","defaultPostTypeGraph":""},"schema_type":null,"schema_type_options":null,"pillar_content":false,"robots_default":true,"robots_noindex":false,"robots_noarchive":false,"robots_nosnippet":false,"robots_nofollow":false,"robots_noimageindex":false,"robots_noodp":false,"robots_notranslate":false,"robots_max_snippet":null,"robots_max_videopreview":null,"robots_max_imagepreview":"large","priority":null,"frequency":null,"location":null,"local_seo":null,"breadcrumb_settings":null,"limit_modified_date":false,"ai":null,"created":"2020-12-20 20:38:59","updated":"2025-07-19 20:14:03","seo_analyzer_scan_date":null,"focus_keyword":null,"additional_keywords":null,"truseo_locale":null},"jetpack_sharing_enabled":true,"jetpack-related-posts":[{"id":13124,"url":"https:\/\/www.jornalja.com.br\/arquivo\/sangue-latino-no-iecine\/","url_meta":{"origin":45120,"position":0},"title":"Sangue latino no IECINE","author":"da Reda\u00e7\u00e3o","date":"18 de maio de 2014","format":false,"excerpt":"Francisco Ribeiro O Instituto Estadual de Cinema (IECINE) tem a frente, desde abril \u00faltimo, um novo diretor, o cineasta colombiano Juan Zapata, 36, que substitui Luiz Alberto Cassol. Radicado h\u00e1 dez anos em Porto Alegre, Zapata tem diante de si o desafio de conduzir at\u00e9 o final do ano um\u2026","rel":"","context":"Em &quot;Cultura-Geral&quot;","block_context":{"text":"Cultura-Geral","link":"https:\/\/www.jornalja.com.br\/arquivo\/category\/materiasecundaria\/"},"img":{"alt_text":"","src":"","width":0,"height":0},"classes":[]},{"id":5440,"url":"https:\/\/www.jornalja.com.br\/arquivo\/casarao-da-venancio-destino-permanece-incerto\/","url_meta":{"origin":45120,"position":1},"title":"Estado ainda n\u00e3o sabe o que fazer com casar\u00e3o abandonado h\u00e1 20 anos","author":"Elmar Bones","date":"6 de julho de 2009","format":false,"excerpt":"O casar\u00e3o amarelo, numa esquina nobre de Porto Alegre (Ven\u00e2ncio Aires com Jo\u00e3o Pessoa), j\u00e1 abrigou uma escola. H\u00e1 duas d\u00e9cadas, pelo menos, est\u00e1 abandonado, porque seu propriet\u00e1rio, o governo do Estado do Rio Grande do Sul, n\u00e3o consegue achar um destino para ele. Planos n\u00e3o faltaram. O governador Ol\u00edvio\u2026","rel":"","context":"Em &quot;X.Categorias velhas&quot;","block_context":{"text":"X.Categorias velhas","link":"https:\/\/www.jornalja.com.br\/arquivo\/category\/x-categorias-velhas\/"},"img":{"alt_text":"geraldo1","src":"https:\/\/i0.wp.com\/www.jornalja.com.br\/wp-content\/uploads\/2009\/07\/geraldo1.jpg?resize=350%2C200&ssl=1","width":350,"height":200},"classes":[]},{"id":14241,"url":"https:\/\/www.jornalja.com.br\/arquivo\/o-guaiba-nas-imagens-poeticas-de-achutti\/","url_meta":{"origin":45120,"position":2},"title":"O Gua\u00edba nas imagens po\u00e9ticas de Achutti","author":"da Reda\u00e7\u00e3o","date":"18 de junho de 2014","format":false,"excerpt":"Em \u201cO Gua\u00edba por Achutti\u201d \u2013 obra financiada via Minist\u00e9rio da Cultura, produ\u00e7\u00e3o executiva de Pedro Longhi, e Fl\u00e1vio Wild como designer \u2013, o fot\u00f3grafo revela a beleza e as mazelas de um espa\u00e7o aqu\u00e1tico de \u00e1guas sempre renovadas, cheio de hist\u00f3rias e lendas como as das cidades que foram\u2026","rel":"","context":"Em &quot;Cultura-Geral&quot;","block_context":{"text":"Cultura-Geral","link":"https:\/\/www.jornalja.com.br\/arquivo\/category\/materiasecundaria\/"},"img":{"alt_text":"","src":"","width":0,"height":0},"classes":[]},{"id":13128,"url":"https:\/\/www.jornalja.com.br\/arquivo\/maconha-terra-diz-que-uso-medicinal-e-desculpa\/","url_meta":{"origin":45120,"position":3},"title":"Maconha: Terra diz que uso medicinal \u00e9 desculpa","author":"Patr\u00edcia Marini","date":"4 de junho de 2014","format":false,"excerpt":"A condi\u00e7\u00e3o de pol\u00edtico, em \u00e9poca de campanha de campanha eleitoral, tira for\u00e7a do discurso do m\u00e9dico Osmar Terra contra a legaliza\u00e7\u00e3o da maconha. A tese dele de que a libera\u00e7\u00e3o vai ampliar exponencialmente o consumo \u00e9 discutivel, o consumo \u00e9 corrente. Mas seus alertas quanto aos riscos tem que\u2026","rel":"","context":"Em &quot;X.Categorias velhas&quot;","block_context":{"text":"X.Categorias velhas","link":"https:\/\/www.jornalja.com.br\/arquivo\/category\/x-categorias-velhas\/"},"img":{"alt_text":"","src":"","width":0,"height":0},"classes":[]},{"id":13240,"url":"https:\/\/www.jornalja.com.br\/arquivo\/plano-diretor-estamos-construindo-o-caos\/","url_meta":{"origin":45120,"position":4},"title":"Plano diretor: &quot;Estamos construindo o caos&quot;","author":"Patr\u00edcia Marini","date":"26 de maio de 2014","format":false,"excerpt":"Desabafo que arquiteta Eliana Castilhos, delegada da Regi\u00e3o de Planejamento 1, postou nas redes sociais \u00e9 um testemunho do ambiente que se criou no Conselho do Plano Diretor de Porto Alegre, onde a aprova\u00e7\u00e3o de grandes empreendimentos \u00e9 empurrada guela abaixo dos conselheiros. Ao CMDUA Como delegada da Regi\u00e3o de\u2026","rel":"","context":"Em &quot;Geral&quot;","block_context":{"text":"Geral","link":"https:\/\/www.jornalja.com.br\/arquivo\/category\/geral\/"},"img":{"alt_text":"","src":"","width":0,"height":0},"classes":[]},{"id":13101,"url":"https:\/\/www.jornalja.com.br\/arquivo\/morre-um-guerreiro-do-texto\/","url_meta":{"origin":45120,"position":5},"title":"Morre um guerreiro do texto","author":"Patr\u00edcia Marini","date":"14 de maio de 2014","format":false,"excerpt":"Por Ricardo Kotscho Reproduzido do blog do autor, 11\/5\/2014; t\u00edtulo original \u201cE l\u00e1 se foi o nosso Myltainho, guerreiro do texto\u201d. Mi\u00fado e franzino, meu amigo Myltainho era um valente e inconformado guerreiro na luta contra as injusti\u00e7as sociais, a hipocrisia, as maracutaias, o autoritarismo, a intoler\u00e2ncia, a viol\u00eancia, o\u2026","rel":"","context":"Em &quot;Geral&quot;","block_context":{"text":"Geral","link":"https:\/\/www.jornalja.com.br\/arquivo\/category\/geral\/"},"img":{"alt_text":"","src":"","width":0,"height":0},"classes":[]}],"jetpack_shortlink":"https:\/\/wp.me\/pbQjBd-bJK","jetpack_featured_media_url":"","_links":{"self":[{"href":"https:\/\/www.jornalja.com.br\/arquivo\/wp-json\/wp\/v2\/posts\/45120","targetHints":{"allow":["GET"]}}],"collection":[{"href":"https:\/\/www.jornalja.com.br\/arquivo\/wp-json\/wp\/v2\/posts"}],"about":[{"href":"https:\/\/www.jornalja.com.br\/arquivo\/wp-json\/wp\/v2\/types\/post"}],"author":[{"embeddable":true,"href":"https:\/\/www.jornalja.com.br\/arquivo\/wp-json\/wp\/v2\/users\/4"}],"replies":[{"embeddable":true,"href":"https:\/\/www.jornalja.com.br\/arquivo\/wp-json\/wp\/v2\/comments?post=45120"}],"version-history":[{"count":0,"href":"https:\/\/www.jornalja.com.br\/arquivo\/wp-json\/wp\/v2\/posts\/45120\/revisions"}],"wp:attachment":[{"href":"https:\/\/www.jornalja.com.br\/arquivo\/wp-json\/wp\/v2\/media?parent=45120"}],"wp:term":[{"taxonomy":"category","embeddable":true,"href":"https:\/\/www.jornalja.com.br\/arquivo\/wp-json\/wp\/v2\/categories?post=45120"},{"taxonomy":"post_tag","embeddable":true,"href":"https:\/\/www.jornalja.com.br\/arquivo\/wp-json\/wp\/v2\/tags?post=45120"}],"curies":[{"name":"wp","href":"https:\/\/api.w.org\/{rel}","templated":true}]}}