{"id":45144,"date":"2017-03-01T20:57:04","date_gmt":"2017-03-01T23:57:04","guid":{"rendered":"https:\/\/www.jornalja.com.br\/?p=45144"},"modified":"2017-03-01T20:57:04","modified_gmt":"2017-03-01T23:57:04","slug":"artistas-vao-ao-mp-pela-volta-do-condominio-cenico-do-sao-pedro","status":"publish","type":"post","link":"https:\/\/www.jornalja.com.br\/arquivo\/artistas-vao-ao-mp-pela-volta-do-condominio-cenico-do-sao-pedro\/","title":{"rendered":"Artistas v\u00e3o ao MP pela volta do Condom\u00ednio C\u00eanico do S\u00e3o Pedro"},"content":{"rendered":"<p>Os grupos que comp\u00f5em o Condom\u00ednio C\u00eanico do Hospital Psiqui\u00e1trico S\u00e3o Pedro entraram com representa\u00e7\u00e3o no Minist\u00e9rio P\u00fablico Estadual pedindo a media\u00e7\u00e3o do MP com o poder p\u00fablico estadual. A representa\u00e7\u00e3o foi entregue em audi\u00eancia com o Procurador de Justi\u00e7a C\u00e9sar Faccioli na tarde desta quarta-feira. A inten\u00e7\u00e3o dos grupos \u00e9 que o MP ajude na media\u00e7\u00e3o entre eles e as secretarias estaduais da sa\u00fade e da Cultura. A media\u00e7\u00e3o deve envolver ainda a promotoria de Defesa da ordem urban\u00edstica.<br \/>\nOs artistas afirmam que a inten\u00e7\u00e3o \u00e9 conversar para chegar a uma solu\u00e7\u00e3o e criticam a falta de di\u00e1logo do governo. \u201cEstamos questionando qual ser\u00e1 o destino dos pr\u00e9dios. Querem nos tirar? Ok, desde que a gente v\u00e1 para outro lugar p\u00fablico ocioso. Mas o que ser\u00e1 feito dos pavilh\u00f5es?\u201d, questiona Hamilton leite, do Oigal\u00ea.<br \/>\nHamilton afirmou que os grupos art\u00edsticos devem pedir ainda uma audi\u00eancia p\u00fablica, para discutir o futuro das edifica\u00e7\u00f5es do Hospital S\u00e3o Pedro.<br \/>\n<figure id=\"attachment_45145\" aria-describedby=\"caption-attachment-45145\" style=\"width: 300px\" class=\"wp-caption alignright\"><img loading=\"lazy\" decoding=\"async\" class=\"size-medium wp-image-45145\" src=\"https:\/\/www.jornalja.com.br\/wp-content\/uploads\/2017\/03\/teatros-300x225.jpg\" alt=\"Deputado Pedro Ruas acompanhou os representantes dos grupos em audi~encia com o Promotor de Justi\u00e7a, C\u00e9sar Faccioli \/ Divulga\u00e7\u00e3o\" width=\"300\" height=\"225\" \/><figcaption id=\"caption-attachment-45145\" class=\"wp-caption-text\">Deputado Pedro Ruas acompanhou os representantes dos grupos em audi\u00eancia com o Promotor de Justi\u00e7a, C\u00e9sar Faccioli \/ Divulga\u00e7\u00e3o<\/figcaption><\/figure><br \/>\nOs pavilh\u00f5es 5 e 6 do S\u00e3o Pedro, que desde 2000 serviam como local de ensaio e apresenta\u00e7\u00e3o para os grupos,<a href=\"https:\/\/www.jornalja.com.br\/grupos-de-teatro-terao-de-deixar-o-hospital-psiquiatrico-sao-pedro\/\" target=\"_blank\" rel=\"noopener noreferrer\"> foram interditados em novembro de 2016<\/a>. Atualmente, os grupos s\u00f3 t\u00eam acesso ao local para retirar materiais e acompanhados por funcion\u00e1rios da Secretaria da Sa\u00fade.<br \/>\nNa ocasi\u00e3o, uma vistoria do Corpo de Bombeiros constatou a falta de PPCI no local. Os artistas contestam o fato de os outros quatro pavilh\u00f5es, que atendem a atividades di\u00e1rias com os pacientes, n\u00e3o tenham sido visitados para inspe\u00e7\u00e3o. Para o grupo, a inspe\u00e7\u00e3o ter sido realizada apenas nos dois pavilh\u00f5es que abrigam os grupos representa uma op\u00e7\u00e3o pol\u00edtica. A visita ocorreu na v\u00e9spera da estreia do espet\u00e1culo que comemorava os 25 anos do grupo Falus e Stercus.<br \/>\nEm rela\u00e7\u00e3o ao PPCI, os artistas afirmam que j\u00e1 tomaram provid\u00eancias e que o Cpletivo Obras, que tem escrit\u00f3rio de obras, se comprometeu a realizar o projeto de adequa\u00e7\u00e3o \u00e1s exig\u00eancias do Corpo de Bombeiros.<br \/>\nOs grupos tem ainda um projeto de reforma dos pavilh\u00f5es 5 e 6, elaborado pelo Escrit\u00f3rio Modelo Albano Volkmer, da Faculdade de Arquitetura e Urbanismo da UFRGS, e que foi entregue ao Governo do Estado na gest\u00e3o passada.<br \/>\nOs dois pavilh\u00f5es haviam sido cedidos \u00e0 pasta da Cultura na gest\u00e3o passada. Em janeiro de 2016, a Secretaria Estadual de Sa\u00fade, afirmou que cederia tamb\u00e9m os outros quatro pavilh\u00f5es, mas, ap\u00f3s alguns meses, a pata mudou de posicionamento e n\u00e3o s\u00f3 desistiu de ceder os pavilh\u00f5es 1, 2, 3 e 4, como pediu de volta o 5 e o 6.<br \/>\n<span class=\"intertit\">Secretaria de Cultura n\u00e3o apresenta alternativas<\/span><br \/>\nEm novembro de 2016, ap\u00f3s a interdi\u00e7\u00e3o, os grupos teatrais se reuniram com o secret\u00e1rio da Cultura, Victor Hugo. Na ocasi\u00e3o, o secret\u00e1rio se comprometeu a apresentar uma lista de poss\u00edveis locais para onde os grupos poderiam migrar suas atividades. Hamilton leite afirma que at\u00e9 agora nenhuma sugest\u00e3o foi apresentada pelo secret\u00e1rio.<br \/>\nPor parte dos grupos, foram apontados dois galp\u00f5es localizados no bairro Partenon, que pertencem ao Ip\u00ea e atualmente est\u00e3o desativados. Por\u00e9m, at\u00e9 o momento, segue indefinido o futuro do Condom\u00ednio C\u00eanico.<br \/>\nParticiparam da audi\u00eancia com o procurador C\u00e9sar Faccioli, representantes dos cinco grupos que atualmente comp\u00f5em o condom\u00ednio c\u00eanico &#8211; Falus e Stercus, Neelic, Oigal\u00ea, Povo da Rua e Caixa Preta &#8211; o SATED (Sindicato de Artistas e T\u00e9cnicos de Espet\u00e1culos de Divers\u00e3o), al\u00e9m do deputado estadual Pedro Ruas (PSOL).<br \/>\nNa representa\u00e7\u00e3o, o grupo destaca ainda dois fatos ocorridos no dia da inspe\u00e7\u00e3o do Corpo do Bombeiro. Segundo o texto, o laudo emitido pelo Corpo de Bombeiros teria definido \u201cinterdi\u00e7\u00e3o total\u201d do hospital, tendo sido rasurado posteriormente para \u201cinterdi\u00e7\u00e3o parcial\u201d. O outro fato apontado \u00e9 a <a href=\"http:\/\/www.facebook.com\/satedrs\/videos\/684699658362700\/?hc_ref=PAGES_TIMELINE\" target=\"_blank\" rel=\"noopener noreferrer\">agress\u00e3o a um integrante de um dos grupos, que foi filmada e divulgada na \u00e9poca<\/a>.<\/p>\n","protected":false},"excerpt":{"rendered":"<p>Os grupos que comp\u00f5em o Condom\u00ednio C\u00eanico do Hospital Psiqui\u00e1trico S\u00e3o Pedro entraram com representa\u00e7\u00e3o no Minist\u00e9rio P\u00fablico Estadual pedindo a media\u00e7\u00e3o do MP com o poder p\u00fablico estadual. A representa\u00e7\u00e3o foi entregue em audi\u00eancia com o Procurador de Justi\u00e7a C\u00e9sar Faccioli na tarde desta quarta-feira. A inten\u00e7\u00e3o dos grupos \u00e9 que o MP ajude [&hellip;]<\/p>\n","protected":false},"author":4,"featured_media":41450,"comment_status":"open","ping_status":"closed","sticky":false,"template":"","format":"standard","meta":{"_jetpack_newsletter_access":"","_jetpack_dont_email_post_to_subs":false,"_jetpack_newsletter_tier_id":0,"_jetpack_memberships_contains_paywalled_content":false,"_jetpack_feature_clip_id":0,"_jetpack_memberships_contains_paid_content":false,"footnotes":"","jetpack_post_was_ever_published":false},"categories":[26],"tags":[],"class_list":["post-45144","post","type-post","status-publish","format-standard","has-post-thumbnail","hentry","category-geral"],"aioseo_notices":[],"aioseo_head":"\n\t\t<!-- All in One SEO 5.0.1.1 - aioseo.com -->\n\t<meta name=\"robots\" content=\"max-image-preview:large\" \/>\n\t<meta name=\"author\" content=\"da Reda\u00e7\u00e3o\"\/>\n\t<link rel=\"canonical\" href=\"https:\/\/www.jornalja.com.br\/arquivo\/artistas-vao-ao-mp-pela-volta-do-condominio-cenico-do-sao-pedro\/\" \/>\n\t<meta name=\"generator\" content=\"All in One SEO (AIOSEO) 5.0.1.1\" \/>\n\t\t<meta property=\"og:locale\" content=\"pt_BR\" \/>\n\t\t<meta property=\"og:site_name\" content=\"Arquivo | Jornal J\u00c1 | Porto Alegre\" \/>\n\t\t<meta property=\"og:type\" content=\"article\" \/>\n\t\t<meta property=\"og:title\" content=\"Artistas v\u00e3o ao MP pela volta do Condom\u00ednio C\u00eanico do S\u00e3o Pedro | Arquivo\" \/>\n\t\t<meta property=\"og:url\" content=\"https:\/\/www.jornalja.com.br\/arquivo\/artistas-vao-ao-mp-pela-volta-do-condominio-cenico-do-sao-pedro\/\" \/>\n\t\t<meta property=\"og:image\" content=\"https:\/\/www.jornalja.com.br\/wp-content\/uploads\/2017\/03\/teatros-300x225.jpg\" \/>\n\t\t<meta property=\"og:image:secure_url\" content=\"https:\/\/www.jornalja.com.br\/wp-content\/uploads\/2017\/03\/teatros-300x225.jpg\" \/>\n\t\t<meta property=\"article:published_time\" content=\"2017-03-01T23:57:04+00:00\" \/>\n\t\t<meta property=\"article:modified_time\" content=\"2017-03-01T23:57:04+00:00\" \/>\n\t\t<meta name=\"twitter:card\" content=\"summary\" \/>\n\t\t<meta name=\"twitter:title\" content=\"Artistas v\u00e3o ao MP pela volta do Condom\u00ednio C\u00eanico do S\u00e3o Pedro | Arquivo\" \/>\n\t\t<meta name=\"twitter:image\" content=\"https:\/\/www.jornalja.com.br\/economics\/wp-content\/uploads\/sites\/11\/2026\/08\/ja-folhaderosto-facebook.jpg\" \/>\n\t\t<script type=\"application\/ld+json\" class=\"aioseo-schema\">\n\t\t\t{\"@context\":\"https:\\\/\\\/schema.org\",\"@graph\":[{\"@type\":\"BlogPosting\",\"@id\":\"https:\\\/\\\/www.jornalja.com.br\\\/arquivo\\\/artistas-vao-ao-mp-pela-volta-do-condominio-cenico-do-sao-pedro\\\/#blogposting\",\"name\":\"Artistas v\\u00e3o ao MP pela volta do Condom\\u00ednio C\\u00eanico do S\\u00e3o Pedro | Arquivo\",\"headline\":\"Artistas v\\u00e3o ao MP pela volta do Condom\\u00ednio C\\u00eanico do S\\u00e3o Pedro\",\"author\":{\"@id\":\"https:\\\/\\\/www.jornalja.com.br\\\/arquivo\\\/author\\\/daredacao\\\/#author\"},\"publisher\":{\"@id\":\"https:\\\/\\\/www.jornalja.com.br\\\/arquivo\\\/#organization\"},\"image\":{\"@type\":\"ImageObject\",\"url\":41450},\"datePublished\":\"2017-03-01T20:57:04-03:00\",\"dateModified\":\"2017-03-01T20:57:04-03:00\",\"inLanguage\":\"pt-BR\",\"mainEntityOfPage\":{\"@id\":\"https:\\\/\\\/www.jornalja.com.br\\\/arquivo\\\/artistas-vao-ao-mp-pela-volta-do-condominio-cenico-do-sao-pedro\\\/#webpage\"},\"isPartOf\":{\"@id\":\"https:\\\/\\\/www.jornalja.com.br\\\/arquivo\\\/artistas-vao-ao-mp-pela-volta-do-condominio-cenico-do-sao-pedro\\\/#webpage\"},\"articleSection\":\"Geral\"},{\"@type\":\"BreadcrumbList\",\"@id\":\"https:\\\/\\\/www.jornalja.com.br\\\/arquivo\\\/artistas-vao-ao-mp-pela-volta-do-condominio-cenico-do-sao-pedro\\\/#breadcrumblist\",\"itemListElement\":[{\"@type\":\"ListItem\",\"@id\":\"https:\\\/\\\/www.jornalja.com.br\\\/arquivo#listItem\",\"position\":1,\"name\":\"Home\",\"item\":\"https:\\\/\\\/www.jornalja.com.br\\\/arquivo\",\"nextItem\":{\"@type\":\"ListItem\",\"@id\":\"https:\\\/\\\/www.jornalja.com.br\\\/arquivo\\\/category\\\/geral\\\/#listItem\",\"name\":\"Geral\"}},{\"@type\":\"ListItem\",\"@id\":\"https:\\\/\\\/www.jornalja.com.br\\\/arquivo\\\/category\\\/geral\\\/#listItem\",\"position\":2,\"name\":\"Geral\",\"item\":\"https:\\\/\\\/www.jornalja.com.br\\\/arquivo\\\/category\\\/geral\\\/\",\"nextItem\":{\"@type\":\"ListItem\",\"@id\":\"https:\\\/\\\/www.jornalja.com.br\\\/arquivo\\\/artistas-vao-ao-mp-pela-volta-do-condominio-cenico-do-sao-pedro\\\/#listItem\",\"name\":\"Artistas v\\u00e3o ao MP pela volta do Condom\\u00ednio C\\u00eanico do S\\u00e3o Pedro\"},\"previousItem\":{\"@type\":\"ListItem\",\"@id\":\"https:\\\/\\\/www.jornalja.com.br\\\/arquivo#listItem\",\"name\":\"Home\"}},{\"@type\":\"ListItem\",\"@id\":\"https:\\\/\\\/www.jornalja.com.br\\\/arquivo\\\/artistas-vao-ao-mp-pela-volta-do-condominio-cenico-do-sao-pedro\\\/#listItem\",\"position\":3,\"name\":\"Artistas v\\u00e3o ao MP pela volta do Condom\\u00ednio C\\u00eanico do S\\u00e3o Pedro\",\"previousItem\":{\"@type\":\"ListItem\",\"@id\":\"https:\\\/\\\/www.jornalja.com.br\\\/arquivo\\\/category\\\/geral\\\/#listItem\",\"name\":\"Geral\"}}]},{\"@type\":\"Organization\",\"@id\":\"https:\\\/\\\/www.jornalja.com.br\\\/arquivo\\\/#organization\",\"name\":\"Jornal J\\u00c1\",\"description\":\"Jornal J\\u00c1 | Porto Alegre\",\"url\":\"https:\\\/\\\/www.jornalja.com.br\\\/arquivo\\\/\",\"telephone\":\"+555133307272\",\"logo\":{\"@type\":\"ImageObject\",\"url\":\"https:\\\/\\\/www.jornalja.com.br\\\/wp-content\\\/uploads\\\/cards\\\/JAslogan.png\",\"@id\":\"https:\\\/\\\/www.jornalja.com.br\\\/arquivo\\\/artistas-vao-ao-mp-pela-volta-do-condominio-cenico-do-sao-pedro\\\/#organizationLogo\"},\"image\":{\"@id\":\"https:\\\/\\\/www.jornalja.com.br\\\/arquivo\\\/artistas-vao-ao-mp-pela-volta-do-condominio-cenico-do-sao-pedro\\\/#organizationLogo\"}},{\"@type\":\"Person\",\"@id\":\"https:\\\/\\\/www.jornalja.com.br\\\/arquivo\\\/author\\\/daredacao\\\/#author\",\"url\":\"https:\\\/\\\/www.jornalja.com.br\\\/arquivo\\\/author\\\/daredacao\\\/\",\"name\":\"da Reda\\u00e7\\u00e3o\",\"image\":{\"@type\":\"ImageObject\",\"@id\":\"https:\\\/\\\/www.jornalja.com.br\\\/arquivo\\\/artistas-vao-ao-mp-pela-volta-do-condominio-cenico-do-sao-pedro\\\/#authorImage\",\"url\":\"https:\\\/\\\/secure.gravatar.com\\\/avatar\\\/469fd857d6605ad19919d27ed29d35a968a25f6e8fd9318356bbb7f57aae9c65?s=96&d=mm&r=g\",\"width\":96,\"height\":96,\"caption\":\"da Reda\\u00e7\\u00e3o\"}},{\"@type\":\"WebPage\",\"@id\":\"https:\\\/\\\/www.jornalja.com.br\\\/arquivo\\\/artistas-vao-ao-mp-pela-volta-do-condominio-cenico-do-sao-pedro\\\/#webpage\",\"url\":\"https:\\\/\\\/www.jornalja.com.br\\\/arquivo\\\/artistas-vao-ao-mp-pela-volta-do-condominio-cenico-do-sao-pedro\\\/\",\"name\":\"Artistas v\\u00e3o ao MP pela volta do Condom\\u00ednio C\\u00eanico do S\\u00e3o Pedro | Arquivo\",\"inLanguage\":\"pt-BR\",\"isPartOf\":{\"@id\":\"https:\\\/\\\/www.jornalja.com.br\\\/arquivo\\\/#website\"},\"breadcrumb\":{\"@id\":\"https:\\\/\\\/www.jornalja.com.br\\\/arquivo\\\/artistas-vao-ao-mp-pela-volta-do-condominio-cenico-do-sao-pedro\\\/#breadcrumblist\"},\"author\":{\"@id\":\"https:\\\/\\\/www.jornalja.com.br\\\/arquivo\\\/author\\\/daredacao\\\/#author\"},\"creator\":{\"@id\":\"https:\\\/\\\/www.jornalja.com.br\\\/arquivo\\\/author\\\/daredacao\\\/#author\"},\"image\":{\"@type\":\"ImageObject\",\"url\":41450,\"@id\":\"https:\\\/\\\/www.jornalja.com.br\\\/arquivo\\\/artistas-vao-ao-mp-pela-volta-do-condominio-cenico-do-sao-pedro\\\/#mainImage\"},\"primaryImageOfPage\":{\"@id\":\"https:\\\/\\\/www.jornalja.com.br\\\/arquivo\\\/artistas-vao-ao-mp-pela-volta-do-condominio-cenico-do-sao-pedro\\\/#mainImage\"},\"datePublished\":\"2017-03-01T20:57:04-03:00\",\"dateModified\":\"2017-03-01T20:57:04-03:00\"},{\"@type\":\"WebSite\",\"@id\":\"https:\\\/\\\/www.jornalja.com.br\\\/arquivo\\\/#website\",\"url\":\"https:\\\/\\\/www.jornalja.com.br\\\/arquivo\\\/\",\"name\":\"Arquivo\",\"description\":\"Jornal J\\u00c1 | Porto Alegre\",\"inLanguage\":\"pt-BR\",\"publisher\":{\"@id\":\"https:\\\/\\\/www.jornalja.com.br\\\/arquivo\\\/#organization\"}}]}\n\t\t<\/script>\n\t\t<!-- All in One SEO -->\n\n","aioseo_head_json":{"title":"Artistas v\u00e3o ao MP pela volta do Condom\u00ednio C\u00eanico do S\u00e3o Pedro | Arquivo","description":"","canonical_url":"https:\/\/www.jornalja.com.br\/arquivo\/artistas-vao-ao-mp-pela-volta-do-condominio-cenico-do-sao-pedro\/","robots":"max-image-preview:large","keywords":"","webmasterTools":{"miscellaneous":""},"schema":{"@context":"https:\/\/schema.org","@graph":[{"@type":"BlogPosting","@id":"https:\/\/www.jornalja.com.br\/arquivo\/artistas-vao-ao-mp-pela-volta-do-condominio-cenico-do-sao-pedro\/#blogposting","name":"Artistas v\u00e3o ao MP pela volta do Condom\u00ednio C\u00eanico do S\u00e3o Pedro | Arquivo","headline":"Artistas v\u00e3o ao MP pela volta do Condom\u00ednio C\u00eanico do S\u00e3o Pedro","author":{"@id":"https:\/\/www.jornalja.com.br\/arquivo\/author\/daredacao\/#author"},"publisher":{"@id":"https:\/\/www.jornalja.com.br\/arquivo\/#organization"},"image":{"@type":"ImageObject","url":41450},"datePublished":"2017-03-01T20:57:04-03:00","dateModified":"2017-03-01T20:57:04-03:00","inLanguage":"pt-BR","mainEntityOfPage":{"@id":"https:\/\/www.jornalja.com.br\/arquivo\/artistas-vao-ao-mp-pela-volta-do-condominio-cenico-do-sao-pedro\/#webpage"},"isPartOf":{"@id":"https:\/\/www.jornalja.com.br\/arquivo\/artistas-vao-ao-mp-pela-volta-do-condominio-cenico-do-sao-pedro\/#webpage"},"articleSection":"Geral"},{"@type":"BreadcrumbList","@id":"https:\/\/www.jornalja.com.br\/arquivo\/artistas-vao-ao-mp-pela-volta-do-condominio-cenico-do-sao-pedro\/#breadcrumblist","itemListElement":[{"@type":"ListItem","@id":"https:\/\/www.jornalja.com.br\/arquivo#listItem","position":1,"name":"Home","item":"https:\/\/www.jornalja.com.br\/arquivo","nextItem":{"@type":"ListItem","@id":"https:\/\/www.jornalja.com.br\/arquivo\/category\/geral\/#listItem","name":"Geral"}},{"@type":"ListItem","@id":"https:\/\/www.jornalja.com.br\/arquivo\/category\/geral\/#listItem","position":2,"name":"Geral","item":"https:\/\/www.jornalja.com.br\/arquivo\/category\/geral\/","nextItem":{"@type":"ListItem","@id":"https:\/\/www.jornalja.com.br\/arquivo\/artistas-vao-ao-mp-pela-volta-do-condominio-cenico-do-sao-pedro\/#listItem","name":"Artistas v\u00e3o ao MP pela volta do Condom\u00ednio C\u00eanico do S\u00e3o Pedro"},"previousItem":{"@type":"ListItem","@id":"https:\/\/www.jornalja.com.br\/arquivo#listItem","name":"Home"}},{"@type":"ListItem","@id":"https:\/\/www.jornalja.com.br\/arquivo\/artistas-vao-ao-mp-pela-volta-do-condominio-cenico-do-sao-pedro\/#listItem","position":3,"name":"Artistas v\u00e3o ao MP pela volta do Condom\u00ednio C\u00eanico do S\u00e3o Pedro","previousItem":{"@type":"ListItem","@id":"https:\/\/www.jornalja.com.br\/arquivo\/category\/geral\/#listItem","name":"Geral"}}]},{"@type":"Organization","@id":"https:\/\/www.jornalja.com.br\/arquivo\/#organization","name":"Jornal J\u00c1","description":"Jornal J\u00c1 | Porto Alegre","url":"https:\/\/www.jornalja.com.br\/arquivo\/","telephone":"+555133307272","logo":{"@type":"ImageObject","url":"https:\/\/www.jornalja.com.br\/wp-content\/uploads\/cards\/JAslogan.png","@id":"https:\/\/www.jornalja.com.br\/arquivo\/artistas-vao-ao-mp-pela-volta-do-condominio-cenico-do-sao-pedro\/#organizationLogo"},"image":{"@id":"https:\/\/www.jornalja.com.br\/arquivo\/artistas-vao-ao-mp-pela-volta-do-condominio-cenico-do-sao-pedro\/#organizationLogo"}},{"@type":"Person","@id":"https:\/\/www.jornalja.com.br\/arquivo\/author\/daredacao\/#author","url":"https:\/\/www.jornalja.com.br\/arquivo\/author\/daredacao\/","name":"da Reda\u00e7\u00e3o","image":{"@type":"ImageObject","@id":"https:\/\/www.jornalja.com.br\/arquivo\/artistas-vao-ao-mp-pela-volta-do-condominio-cenico-do-sao-pedro\/#authorImage","url":"https:\/\/secure.gravatar.com\/avatar\/469fd857d6605ad19919d27ed29d35a968a25f6e8fd9318356bbb7f57aae9c65?s=96&d=mm&r=g","width":96,"height":96,"caption":"da Reda\u00e7\u00e3o"}},{"@type":"WebPage","@id":"https:\/\/www.jornalja.com.br\/arquivo\/artistas-vao-ao-mp-pela-volta-do-condominio-cenico-do-sao-pedro\/#webpage","url":"https:\/\/www.jornalja.com.br\/arquivo\/artistas-vao-ao-mp-pela-volta-do-condominio-cenico-do-sao-pedro\/","name":"Artistas v\u00e3o ao MP pela volta do Condom\u00ednio C\u00eanico do S\u00e3o Pedro | Arquivo","inLanguage":"pt-BR","isPartOf":{"@id":"https:\/\/www.jornalja.com.br\/arquivo\/#website"},"breadcrumb":{"@id":"https:\/\/www.jornalja.com.br\/arquivo\/artistas-vao-ao-mp-pela-volta-do-condominio-cenico-do-sao-pedro\/#breadcrumblist"},"author":{"@id":"https:\/\/www.jornalja.com.br\/arquivo\/author\/daredacao\/#author"},"creator":{"@id":"https:\/\/www.jornalja.com.br\/arquivo\/author\/daredacao\/#author"},"image":{"@type":"ImageObject","url":41450,"@id":"https:\/\/www.jornalja.com.br\/arquivo\/artistas-vao-ao-mp-pela-volta-do-condominio-cenico-do-sao-pedro\/#mainImage"},"primaryImageOfPage":{"@id":"https:\/\/www.jornalja.com.br\/arquivo\/artistas-vao-ao-mp-pela-volta-do-condominio-cenico-do-sao-pedro\/#mainImage"},"datePublished":"2017-03-01T20:57:04-03:00","dateModified":"2017-03-01T20:57:04-03:00"},{"@type":"WebSite","@id":"https:\/\/www.jornalja.com.br\/arquivo\/#website","url":"https:\/\/www.jornalja.com.br\/arquivo\/","name":"Arquivo","description":"Jornal J\u00c1 | Porto Alegre","inLanguage":"pt-BR","publisher":{"@id":"https:\/\/www.jornalja.com.br\/arquivo\/#organization"}}]},"og:locale":"pt_BR","og:site_name":"Arquivo | Jornal J\u00c1 | Porto Alegre","og:type":"article","og:title":"Artistas v\u00e3o ao MP pela volta do Condom\u00ednio C\u00eanico do S\u00e3o Pedro | Arquivo","og:url":"https:\/\/www.jornalja.com.br\/arquivo\/artistas-vao-ao-mp-pela-volta-do-condominio-cenico-do-sao-pedro\/","og:image":"https:\/\/www.jornalja.com.br\/wp-content\/uploads\/2017\/03\/teatros-300x225.jpg","og:image:secure_url":"https:\/\/www.jornalja.com.br\/wp-content\/uploads\/2017\/03\/teatros-300x225.jpg","article:published_time":"2017-03-01T23:57:04+00:00","article:modified_time":"2017-03-01T23:57:04+00:00","twitter:card":"summary","twitter:title":"Artistas v\u00e3o ao MP pela volta do Condom\u00ednio C\u00eanico do S\u00e3o Pedro | Arquivo","twitter:image":"https:\/\/www.jornalja.com.br\/economics\/wp-content\/uploads\/sites\/11\/2026\/08\/ja-folhaderosto-facebook.jpg"},"aioseo_meta_data":{"post_id":"45144","title":null,"description":null,"keywords":null,"keyphrases":null,"primary_term":null,"canonical_url":null,"og_title":null,"og_description":null,"og_object_type":"default","og_image_type":"default","og_image_url":null,"og_image_width":null,"og_image_height":null,"og_image_custom_url":null,"og_image_custom_fields":null,"og_video":null,"og_custom_url":null,"og_article_section":null,"og_article_tags":null,"twitter_use_og":false,"twitter_card":"default","twitter_image_type":"default","twitter_image_url":null,"twitter_image_custom_url":null,"twitter_image_custom_fields":null,"twitter_title":null,"twitter_description":null,"schema":{"blockGraphs":[],"customGraphs":[],"default":{"data":{"Article":[],"Course":[],"Dataset":[],"FAQPage":[],"Movie":[],"Person":[],"Product":[],"ProductReview":[],"Car":[],"Recipe":[],"Service":[],"SoftwareApplication":[],"WebPage":[]},"graphName":"","isEnabled":true},"graphs":[],"defaultGraph":"","defaultPostTypeGraph":""},"schema_type":null,"schema_type_options":null,"pillar_content":false,"robots_default":true,"robots_noindex":false,"robots_noarchive":false,"robots_nosnippet":false,"robots_nofollow":false,"robots_noimageindex":false,"robots_noodp":false,"robots_notranslate":false,"robots_max_snippet":null,"robots_max_videopreview":null,"robots_max_imagepreview":"large","priority":null,"frequency":null,"location":null,"local_seo":null,"breadcrumb_settings":null,"limit_modified_date":false,"ai":null,"created":"2020-12-20 20:38:59","updated":"2025-07-19 20:14:03","seo_analyzer_scan_date":null,"focus_keyword":null,"additional_keywords":null,"truseo_locale":null},"jetpack_sharing_enabled":true,"jetpack-related-posts":[{"id":13240,"url":"https:\/\/www.jornalja.com.br\/arquivo\/plano-diretor-estamos-construindo-o-caos\/","url_meta":{"origin":45144,"position":0},"title":"Plano diretor: &quot;Estamos construindo o caos&quot;","author":"Patr\u00edcia Marini","date":"26 de maio de 2014","format":false,"excerpt":"Desabafo que arquiteta Eliana Castilhos, delegada da Regi\u00e3o de Planejamento 1, postou nas redes sociais \u00e9 um testemunho do ambiente que se criou no Conselho do Plano Diretor de Porto Alegre, onde a aprova\u00e7\u00e3o de grandes empreendimentos \u00e9 empurrada guela abaixo dos conselheiros. Ao CMDUA Como delegada da Regi\u00e3o de\u2026","rel":"","context":"Em &quot;Geral&quot;","block_context":{"text":"Geral","link":"https:\/\/www.jornalja.com.br\/arquivo\/category\/geral\/"},"img":{"alt_text":"","src":"","width":0,"height":0},"classes":[]},{"id":13101,"url":"https:\/\/www.jornalja.com.br\/arquivo\/morre-um-guerreiro-do-texto\/","url_meta":{"origin":45144,"position":1},"title":"Morre um guerreiro do texto","author":"Patr\u00edcia Marini","date":"14 de maio de 2014","format":false,"excerpt":"Por Ricardo Kotscho Reproduzido do blog do autor, 11\/5\/2014; t\u00edtulo original \u201cE l\u00e1 se foi o nosso Myltainho, guerreiro do texto\u201d. Mi\u00fado e franzino, meu amigo Myltainho era um valente e inconformado guerreiro na luta contra as injusti\u00e7as sociais, a hipocrisia, as maracutaias, o autoritarismo, a intoler\u00e2ncia, a viol\u00eancia, o\u2026","rel":"","context":"Em &quot;Geral&quot;","block_context":{"text":"Geral","link":"https:\/\/www.jornalja.com.br\/arquivo\/category\/geral\/"},"img":{"alt_text":"","src":"","width":0,"height":0},"classes":[]},{"id":5440,"url":"https:\/\/www.jornalja.com.br\/arquivo\/casarao-da-venancio-destino-permanece-incerto\/","url_meta":{"origin":45144,"position":2},"title":"Estado ainda n\u00e3o sabe o que fazer com casar\u00e3o abandonado h\u00e1 20 anos","author":"Elmar Bones","date":"6 de julho de 2009","format":false,"excerpt":"O casar\u00e3o amarelo, numa esquina nobre de Porto Alegre (Ven\u00e2ncio Aires com Jo\u00e3o Pessoa), j\u00e1 abrigou uma escola. H\u00e1 duas d\u00e9cadas, pelo menos, est\u00e1 abandonado, porque seu propriet\u00e1rio, o governo do Estado do Rio Grande do Sul, n\u00e3o consegue achar um destino para ele. Planos n\u00e3o faltaram. O governador Ol\u00edvio\u2026","rel":"","context":"Em &quot;X.Categorias velhas&quot;","block_context":{"text":"X.Categorias velhas","link":"https:\/\/www.jornalja.com.br\/arquivo\/category\/x-categorias-velhas\/"},"img":{"alt_text":"geraldo1","src":"https:\/\/i0.wp.com\/www.jornalja.com.br\/wp-content\/uploads\/2009\/07\/geraldo1.jpg?resize=350%2C200&ssl=1","width":350,"height":200},"classes":[]},{"id":14241,"url":"https:\/\/www.jornalja.com.br\/arquivo\/o-guaiba-nas-imagens-poeticas-de-achutti\/","url_meta":{"origin":45144,"position":3},"title":"O Gua\u00edba nas imagens po\u00e9ticas de Achutti","author":"da Reda\u00e7\u00e3o","date":"18 de junho de 2014","format":false,"excerpt":"Em \u201cO Gua\u00edba por Achutti\u201d \u2013 obra financiada via Minist\u00e9rio da Cultura, produ\u00e7\u00e3o executiva de Pedro Longhi, e Fl\u00e1vio Wild como designer \u2013, o fot\u00f3grafo revela a beleza e as mazelas de um espa\u00e7o aqu\u00e1tico de \u00e1guas sempre renovadas, cheio de hist\u00f3rias e lendas como as das cidades que foram\u2026","rel":"","context":"Em &quot;Cultura-Geral&quot;","block_context":{"text":"Cultura-Geral","link":"https:\/\/www.jornalja.com.br\/arquivo\/category\/materiasecundaria\/"},"img":{"alt_text":"","src":"","width":0,"height":0},"classes":[]},{"id":13109,"url":"https:\/\/www.jornalja.com.br\/arquivo\/judiciario-reconhece-poluicao-eletromagnetica\/","url_meta":{"origin":45144,"position":4},"title":"Judici\u00e1rio reconhece polui\u00e7\u00e3o eletromagn\u00e9tica","author":"Patr\u00edcia Marini","date":"16 de maio de 2014","format":false,"excerpt":"A\u00e7\u00e3o de duas associa\u00e7\u00f5es de moradores foi acolhida pelo Tribunal de Justi\u00e7a de S\u00e3o Paulo que. em decis\u00e3o in\u00e9dita, determinou a redu\u00e7\u00e3o do campo eletromagn\u00e9tico gerado pelas linhas de transmiss\u00e3o de energia que cortam os bairros City Boa\u00e7ava e Alto de Pinheiros. \u00c9 a primeira vez que um tribunal do\u2026","rel":"","context":"Em &quot;X.Categorias velhas&quot;","block_context":{"text":"X.Categorias velhas","link":"https:\/\/www.jornalja.com.br\/arquivo\/category\/x-categorias-velhas\/"},"img":{"alt_text":"","src":"","width":0,"height":0},"classes":[]},{"id":13239,"url":"https:\/\/www.jornalja.com.br\/arquivo\/conselho-desdenha-do-plano-diretor\/","url_meta":{"origin":45144,"position":5},"title":"Porto Alegre: Conselho detona Plano Diretor","author":"Patr\u00edcia Marini","date":"25 de maio de 2014","format":false,"excerpt":"Den\u00fancia do arquiteto e \u00a0urbanista Ibir\u00e1 Santos Lucas. Ele diz que os conselheiros est\u00e3o votando com \"enorme irresponsabilidade\". \"Mudam regime com a maior naturalidade,,,regularizam absurdos de constru\u00e7\u00f5es irregulares... \"O CMDUA est\u00e1 flexibilizando a lei do plano diretor, de uma forma impactante na vida da cidade. Mudam regime com a maior\u2026","rel":"","context":"Em &quot;Geral&quot;","block_context":{"text":"Geral","link":"https:\/\/www.jornalja.com.br\/arquivo\/category\/geral\/"},"img":{"alt_text":"","src":"","width":0,"height":0},"classes":[]}],"jetpack_shortlink":"https:\/\/wp.me\/pbQjBd-bK8","jetpack_featured_media_url":"","_links":{"self":[{"href":"https:\/\/www.jornalja.com.br\/arquivo\/wp-json\/wp\/v2\/posts\/45144","targetHints":{"allow":["GET"]}}],"collection":[{"href":"https:\/\/www.jornalja.com.br\/arquivo\/wp-json\/wp\/v2\/posts"}],"about":[{"href":"https:\/\/www.jornalja.com.br\/arquivo\/wp-json\/wp\/v2\/types\/post"}],"author":[{"embeddable":true,"href":"https:\/\/www.jornalja.com.br\/arquivo\/wp-json\/wp\/v2\/users\/4"}],"replies":[{"embeddable":true,"href":"https:\/\/www.jornalja.com.br\/arquivo\/wp-json\/wp\/v2\/comments?post=45144"}],"version-history":[{"count":0,"href":"https:\/\/www.jornalja.com.br\/arquivo\/wp-json\/wp\/v2\/posts\/45144\/revisions"}],"wp:attachment":[{"href":"https:\/\/www.jornalja.com.br\/arquivo\/wp-json\/wp\/v2\/media?parent=45144"}],"wp:term":[{"taxonomy":"category","embeddable":true,"href":"https:\/\/www.jornalja.com.br\/arquivo\/wp-json\/wp\/v2\/categories?post=45144"},{"taxonomy":"post_tag","embeddable":true,"href":"https:\/\/www.jornalja.com.br\/arquivo\/wp-json\/wp\/v2\/tags?post=45144"}],"curies":[{"name":"wp","href":"https:\/\/api.w.org\/{rel}","templated":true}]}}