{"id":45150,"date":"2017-03-02T02:17:14","date_gmt":"2017-03-02T05:17:14","guid":{"rendered":"https:\/\/www.jornalja.com.br\/?p=45150"},"modified":"2017-03-02T02:17:14","modified_gmt":"2017-03-02T05:17:14","slug":"temer-age-como-se-padilha-ja-estivesse-fora-do-governo","status":"publish","type":"post","link":"https:\/\/www.jornalja.com.br\/arquivo\/temer-age-como-se-padilha-ja-estivesse-fora-do-governo\/","title":{"rendered":"Temer age como se Padilha j\u00e1 estivesse fora do governo"},"content":{"rendered":"<p>Em dez dias derreteram-se os superpoderes atribu\u00eddos ao Chefe da Casa Civil do governo Temer, o ministro Eliseu Padilha.<br \/>\nNo dia 20 de fevereiro, ele passou mal e foi internado no Hospital das For\u00e7as Armadas em Brasilia.Tinha uma obstru\u00e7\u00e3o urin\u00e1ria, causada pela pr\u00f3stata aumentada.<br \/>\nNa noite desta quarta-feira, 1o. de mar\u00e7o, ele estava em Porto Alegre \u00a0recuperando-se de uma cirurgia. Sua queda era dada como certa em Brasilia.<br \/>\nPadilha ainda estava em observa\u00e7\u00e3o, tr\u00eas dias depois da crise urin\u00e1ria, quando foi atingido por um petardo pol\u00edtico: o advogado Jos\u00e9 Yunes, ex-assessor especial da Presid\u00eancia, relatou ao Minist\u00e9rio P\u00fablico Federal que foi \u201cmula involunt\u00e1ria\u201d do ministro ao receber em seu escrit\u00f3rio em S\u00e3o Paulo, em 2014, um pacote. Seriam R$ 4 milh\u00f5es em dinheiro vivo, destinado a Padilha.<br \/>\nJos\u00e9 Yunes, deixou o governo em dezembro, quando veio a p\u00fablico a dela\u00e7\u00e3o premiada de Cl\u00e1udio Melo Filho, ex-executivo da empreiteira Odebrecht..<br \/>\nFoi Melo Filho quem revelou a hist\u00f3ria dos R$ 4 milh\u00f5es entregues no escrit\u00f3rio de Yunes, que seriam parte de um repasse de R$ 10 milh\u00f5es para a campanha do PMDB.<br \/>\nO dinheiro, segundo Melo Filho, teria sido pedido por Temer num jantar, em que Padilha estava junto, com Marcelo Odebrecht, no Pal\u00e1cio do Jaburu, resid\u00eancia oficial do vice-presidente.<br \/>\nAgora, segundo o Globo, o pr\u00f3prio Yunes procurou espont\u00e2neamente o Minist\u00e9rio P\u00fablico para dar a sua vers\u00e3o dos fatos, envolvendo apenas Eliseu Padilha.<br \/>\nQuando a bomba estourou, Padilha j\u00e1 tinha um diagn\u00f3stico de cirurgia para seu problema de sa\u00fade. No dia 27, se internou no Hospital Moinhos de Vento, em Porto Alegre, para extrair a pr\u00f3stata.\u00a0O notici\u00e1rio pol\u00edtico \u00a0j\u00e1 falava que seu futuro no governo era \u201cincerto\u201d.<br \/>\nO colunista Merval Pereira, da Rede Globo e afiliadas, adiantou que a sa\u00edda de Padilha seria uma boa solu\u00e7\u00e3o para o governo Temer. Sequer levou em conta que o pr\u00f3prio presidente dias antes anunciara que den\u00fancias em dela\u00e7\u00f5es n\u00e3o seriam motivo para queda de ministro.<br \/>\nNo dia seguinte Elio Gaspari, outro comentarista pol\u00edtico influente, colocou Padilha na lista dos ministros de Temer que ca\u00edram: Juc\u00e1, Yunes, Geddel, Padilha&#8230;<br \/>\n\u201cNunca na hist\u00f3ria deste pa\u00eds um presidente perdeu tantos colaboradores em t\u00e3o pouco tempo por motivos t\u00e3o pouco louv\u00e1veis&#8221;, escreveu em sua coluna publicada pelo Globo, Folha e v\u00e1rios outros jornais. Padilha seria o oitavo ministro a cair em apenas nove meses.<br \/>\nA cirurgia do ministro na segunda feira de carnaval foi bem sucedida, segundo \u00a0as not\u00edcias, j\u00e1 lac\u00f4nicas.<br \/>\nSegundo o relato de Yunes ao MP, Eliseu Padilha ligou para ele e disse que uma pessoa iria deixar em seu escrit\u00f3rio em S\u00e3o Paulo documentos que depois seriam retirados por um emiss\u00e1rio.<br \/>\nAo receber o portador dos documentos, viu que era o doleiro L\u00facio Funaro, preso e apontado pela Pol\u00edcia Federal como operador do deputado cassado e ex-presidente da C\u00e2mara Eduardo Cunha.<br \/>\nNa ter\u00e7a-feira, 27, o mesmo dia em que Padilha fez a sua cirurgia, a rep\u00f3rter Andr\u00e9ia Sadi, da Globo News, informou que Yunes est\u00e1 disposto a provar a liga\u00e7\u00e3o de Padilha para seu escrit\u00f3rio: \u201cO advogado e amigo do presidente Michel Temer Jos\u00e9 Yunes disponibilizou ao Minist\u00e9rio P\u00fablico a quebra do seu sigilo telef\u00f4nico durante depoimento espont\u00e2neo em fevereiro\u201d.<br \/>\nO objetivo de Yunes seria \u201ccomprovar sua vers\u00e3o de que recebeu uma liga\u00e7\u00e3o de Eliseu Padilha em 2014 pedindo a ele que recebesse um envelope em seu escrit\u00f3rio em S\u00e3o Paulo\u201d. Yunes disse aos investigadores que sua secret\u00e1ria pode ratificar sua vers\u00e3o.<br \/>\nSegundo Yunes, o envelope foi entregue pelo doleiro Lucio Funaro, que est\u00e1 preso em pela Opera\u00e7\u00e3o Lava Jato. Yunes disse \u00e0 Globo News estar \u00e0 disposi\u00e7\u00e3o para uma acarea\u00e7\u00e3o com qualquer personagem de sua narrativa &#8211; seja Padilha, seja Funaro.<br \/>\nNesta quarta-feira de cinzas, quando o hospital informou que Padilha j\u00e1 estava no quarto em situa\u00e7\u00e3o \u201cest\u00e1vel\u201d, o jornalista mais pr\u00f3ximo a Michel Temer, o colunista Jorge Bastos Moreno, do Globo, perguntou<em>: \u201cPor que Jos\u00e9 Yunes deu o tiro de miseric\u00f3rdia no Padilha? Por que ele est\u00e1 desfilando com a cabe\u00e7a do combalido pela Pra\u00e7a dos Tr\u00eas Poderes, ligando para Deus e todo mundo para dizer que pediu \u00e0 Procuradoria-Geral da Rep\u00fablica a quebra do seu sigilo telef\u00f4nico para provar seus contatos com Padilha?\u201d. <\/em>Em seguida contou uma historinha para demonstrar que Temer e Yunes \u00a0s\u00e3o como irm\u00e3os.<br \/>\n<em>No G1, um post das 9h da manh\u00e3 j\u00e1 informava que \u201cSem Padilha, Temer assumiu as negocia\u00e7\u00f5es com o Congresso\u201d. Uma foto de Temer tendo ao lado uma cadeira vazia ilustrava a nota.<\/em><br \/>\n<em>No in\u00edcio da noite chegavam aos jornais as primeiras informa\u00e7\u00f5es sobre o depoimento de Marcelo Odebrecht ao ministro Benjamin Herman, relator do processo que investiga o uso de caixa 2 na campanha de 2014. Ele confirmou o jantar com Temer no Jaburu mas disse que foi &#8220;uma conversa gen\u00e9rica, em que n\u00e3o se mencionaram valores&#8221;. <\/em><br \/>\n<em>Uma nota do G1, postada \u00e0s 22h27 parecia selar o destino do ministro: \u201cMarcelo diz que Padilha tratou do repasse de 10 milh\u00f5es\u201d. \u00a0<\/em><br \/>\n&nbsp;<br \/>\n&nbsp;<br \/>\n&nbsp;<br \/>\n&nbsp;<\/p>\n","protected":false},"excerpt":{"rendered":"<p>Em dez dias derreteram-se os superpoderes atribu\u00eddos ao Chefe da Casa Civil do governo Temer, o ministro Eliseu Padilha. No dia 20 de fevereiro, ele passou mal e foi internado no Hospital das For\u00e7as Armadas em Brasilia.Tinha uma obstru\u00e7\u00e3o urin\u00e1ria, causada pela pr\u00f3stata aumentada. Na noite desta quarta-feira, 1o. de mar\u00e7o, ele estava em Porto [&hellip;]<\/p>\n","protected":false},"author":4,"featured_media":45153,"comment_status":"open","ping_status":"closed","sticky":false,"template":"","format":"standard","meta":{"_jetpack_newsletter_access":"","_jetpack_dont_email_post_to_subs":false,"_jetpack_newsletter_tier_id":0,"_jetpack_memberships_contains_paywalled_content":false,"_jetpack_feature_clip_id":0,"_jetpack_memberships_contains_paid_content":false,"footnotes":"","jetpack_post_was_ever_published":false},"categories":[26],"tags":[],"class_list":["post-45150","post","type-post","status-publish","format-standard","has-post-thumbnail","hentry","category-geral"],"aioseo_notices":[],"aioseo_head":"\n\t\t<!-- All in One SEO 5.0.1.1 - aioseo.com -->\n\t<meta name=\"robots\" content=\"max-image-preview:large\" \/>\n\t<meta name=\"author\" content=\"da Reda\u00e7\u00e3o\"\/>\n\t<link rel=\"canonical\" href=\"https:\/\/www.jornalja.com.br\/arquivo\/temer-age-como-se-padilha-ja-estivesse-fora-do-governo\/\" \/>\n\t<meta name=\"generator\" content=\"All in One SEO (AIOSEO) 5.0.1.1\" \/>\n\t\t<meta property=\"og:locale\" content=\"pt_BR\" \/>\n\t\t<meta property=\"og:site_name\" content=\"Arquivo | Jornal J\u00c1 | Porto Alegre\" \/>\n\t\t<meta property=\"og:type\" content=\"article\" \/>\n\t\t<meta property=\"og:title\" content=\"Temer age como se Padilha j\u00e1 estivesse fora do governo | Arquivo\" \/>\n\t\t<meta property=\"og:url\" content=\"https:\/\/www.jornalja.com.br\/arquivo\/temer-age-como-se-padilha-ja-estivesse-fora-do-governo\/\" \/>\n\t\t<meta property=\"og:image\" content=\"https:\/\/www.jornalja.com.br\/economics\/wp-content\/uploads\/sites\/11\/2026\/08\/ja-folhaderosto-facebook.jpg\" \/>\n\t\t<meta property=\"og:image:secure_url\" content=\"https:\/\/www.jornalja.com.br\/economics\/wp-content\/uploads\/sites\/11\/2026\/08\/ja-folhaderosto-facebook.jpg\" \/>\n\t\t<meta property=\"article:published_time\" content=\"2017-03-02T05:17:14+00:00\" \/>\n\t\t<meta property=\"article:modified_time\" content=\"2017-03-02T05:17:14+00:00\" \/>\n\t\t<meta name=\"twitter:card\" content=\"summary\" \/>\n\t\t<meta name=\"twitter:title\" content=\"Temer age como se Padilha j\u00e1 estivesse fora do governo | Arquivo\" \/>\n\t\t<meta name=\"twitter:image\" content=\"https:\/\/www.jornalja.com.br\/economics\/wp-content\/uploads\/sites\/11\/2026\/08\/ja-folhaderosto-facebook.jpg\" \/>\n\t\t<script type=\"application\/ld+json\" class=\"aioseo-schema\">\n\t\t\t{\"@context\":\"https:\\\/\\\/schema.org\",\"@graph\":[{\"@type\":\"BlogPosting\",\"@id\":\"https:\\\/\\\/www.jornalja.com.br\\\/arquivo\\\/temer-age-como-se-padilha-ja-estivesse-fora-do-governo\\\/#blogposting\",\"name\":\"Temer age como se Padilha j\\u00e1 estivesse fora do governo | Arquivo\",\"headline\":\"Temer age como se Padilha j\\u00e1 estivesse fora do governo\",\"author\":{\"@id\":\"https:\\\/\\\/www.jornalja.com.br\\\/arquivo\\\/author\\\/daredacao\\\/#author\"},\"publisher\":{\"@id\":\"https:\\\/\\\/www.jornalja.com.br\\\/arquivo\\\/#organization\"},\"image\":{\"@type\":\"ImageObject\",\"url\":45153},\"datePublished\":\"2017-03-02T02:17:14-03:00\",\"dateModified\":\"2017-03-02T02:17:14-03:00\",\"inLanguage\":\"pt-BR\",\"mainEntityOfPage\":{\"@id\":\"https:\\\/\\\/www.jornalja.com.br\\\/arquivo\\\/temer-age-como-se-padilha-ja-estivesse-fora-do-governo\\\/#webpage\"},\"isPartOf\":{\"@id\":\"https:\\\/\\\/www.jornalja.com.br\\\/arquivo\\\/temer-age-como-se-padilha-ja-estivesse-fora-do-governo\\\/#webpage\"},\"articleSection\":\"Geral\"},{\"@type\":\"BreadcrumbList\",\"@id\":\"https:\\\/\\\/www.jornalja.com.br\\\/arquivo\\\/temer-age-como-se-padilha-ja-estivesse-fora-do-governo\\\/#breadcrumblist\",\"itemListElement\":[{\"@type\":\"ListItem\",\"@id\":\"https:\\\/\\\/www.jornalja.com.br\\\/arquivo#listItem\",\"position\":1,\"name\":\"Home\",\"item\":\"https:\\\/\\\/www.jornalja.com.br\\\/arquivo\",\"nextItem\":{\"@type\":\"ListItem\",\"@id\":\"https:\\\/\\\/www.jornalja.com.br\\\/arquivo\\\/category\\\/geral\\\/#listItem\",\"name\":\"Geral\"}},{\"@type\":\"ListItem\",\"@id\":\"https:\\\/\\\/www.jornalja.com.br\\\/arquivo\\\/category\\\/geral\\\/#listItem\",\"position\":2,\"name\":\"Geral\",\"item\":\"https:\\\/\\\/www.jornalja.com.br\\\/arquivo\\\/category\\\/geral\\\/\",\"nextItem\":{\"@type\":\"ListItem\",\"@id\":\"https:\\\/\\\/www.jornalja.com.br\\\/arquivo\\\/temer-age-como-se-padilha-ja-estivesse-fora-do-governo\\\/#listItem\",\"name\":\"Temer age como se Padilha j\\u00e1 estivesse fora do governo\"},\"previousItem\":{\"@type\":\"ListItem\",\"@id\":\"https:\\\/\\\/www.jornalja.com.br\\\/arquivo#listItem\",\"name\":\"Home\"}},{\"@type\":\"ListItem\",\"@id\":\"https:\\\/\\\/www.jornalja.com.br\\\/arquivo\\\/temer-age-como-se-padilha-ja-estivesse-fora-do-governo\\\/#listItem\",\"position\":3,\"name\":\"Temer age como se Padilha j\\u00e1 estivesse fora do governo\",\"previousItem\":{\"@type\":\"ListItem\",\"@id\":\"https:\\\/\\\/www.jornalja.com.br\\\/arquivo\\\/category\\\/geral\\\/#listItem\",\"name\":\"Geral\"}}]},{\"@type\":\"Organization\",\"@id\":\"https:\\\/\\\/www.jornalja.com.br\\\/arquivo\\\/#organization\",\"name\":\"Jornal J\\u00c1\",\"description\":\"Jornal J\\u00c1 | Porto Alegre\",\"url\":\"https:\\\/\\\/www.jornalja.com.br\\\/arquivo\\\/\",\"telephone\":\"+555133307272\",\"logo\":{\"@type\":\"ImageObject\",\"url\":\"https:\\\/\\\/www.jornalja.com.br\\\/wp-content\\\/uploads\\\/cards\\\/JAslogan.png\",\"@id\":\"https:\\\/\\\/www.jornalja.com.br\\\/arquivo\\\/temer-age-como-se-padilha-ja-estivesse-fora-do-governo\\\/#organizationLogo\"},\"image\":{\"@id\":\"https:\\\/\\\/www.jornalja.com.br\\\/arquivo\\\/temer-age-como-se-padilha-ja-estivesse-fora-do-governo\\\/#organizationLogo\"}},{\"@type\":\"Person\",\"@id\":\"https:\\\/\\\/www.jornalja.com.br\\\/arquivo\\\/author\\\/daredacao\\\/#author\",\"url\":\"https:\\\/\\\/www.jornalja.com.br\\\/arquivo\\\/author\\\/daredacao\\\/\",\"name\":\"da Reda\\u00e7\\u00e3o\",\"image\":{\"@type\":\"ImageObject\",\"@id\":\"https:\\\/\\\/www.jornalja.com.br\\\/arquivo\\\/temer-age-como-se-padilha-ja-estivesse-fora-do-governo\\\/#authorImage\",\"url\":\"https:\\\/\\\/secure.gravatar.com\\\/avatar\\\/469fd857d6605ad19919d27ed29d35a968a25f6e8fd9318356bbb7f57aae9c65?s=96&d=mm&r=g\",\"width\":96,\"height\":96,\"caption\":\"da Reda\\u00e7\\u00e3o\"}},{\"@type\":\"WebPage\",\"@id\":\"https:\\\/\\\/www.jornalja.com.br\\\/arquivo\\\/temer-age-como-se-padilha-ja-estivesse-fora-do-governo\\\/#webpage\",\"url\":\"https:\\\/\\\/www.jornalja.com.br\\\/arquivo\\\/temer-age-como-se-padilha-ja-estivesse-fora-do-governo\\\/\",\"name\":\"Temer age como se Padilha j\\u00e1 estivesse fora do governo | Arquivo\",\"inLanguage\":\"pt-BR\",\"isPartOf\":{\"@id\":\"https:\\\/\\\/www.jornalja.com.br\\\/arquivo\\\/#website\"},\"breadcrumb\":{\"@id\":\"https:\\\/\\\/www.jornalja.com.br\\\/arquivo\\\/temer-age-como-se-padilha-ja-estivesse-fora-do-governo\\\/#breadcrumblist\"},\"author\":{\"@id\":\"https:\\\/\\\/www.jornalja.com.br\\\/arquivo\\\/author\\\/daredacao\\\/#author\"},\"creator\":{\"@id\":\"https:\\\/\\\/www.jornalja.com.br\\\/arquivo\\\/author\\\/daredacao\\\/#author\"},\"image\":{\"@type\":\"ImageObject\",\"url\":45153,\"@id\":\"https:\\\/\\\/www.jornalja.com.br\\\/arquivo\\\/temer-age-como-se-padilha-ja-estivesse-fora-do-governo\\\/#mainImage\"},\"primaryImageOfPage\":{\"@id\":\"https:\\\/\\\/www.jornalja.com.br\\\/arquivo\\\/temer-age-como-se-padilha-ja-estivesse-fora-do-governo\\\/#mainImage\"},\"datePublished\":\"2017-03-02T02:17:14-03:00\",\"dateModified\":\"2017-03-02T02:17:14-03:00\"},{\"@type\":\"WebSite\",\"@id\":\"https:\\\/\\\/www.jornalja.com.br\\\/arquivo\\\/#website\",\"url\":\"https:\\\/\\\/www.jornalja.com.br\\\/arquivo\\\/\",\"name\":\"Arquivo\",\"description\":\"Jornal J\\u00c1 | Porto Alegre\",\"inLanguage\":\"pt-BR\",\"publisher\":{\"@id\":\"https:\\\/\\\/www.jornalja.com.br\\\/arquivo\\\/#organization\"}}]}\n\t\t<\/script>\n\t\t<!-- All in One SEO -->\n\n","aioseo_head_json":{"title":"Temer age como se Padilha j\u00e1 estivesse fora do governo | Arquivo","description":"","canonical_url":"https:\/\/www.jornalja.com.br\/arquivo\/temer-age-como-se-padilha-ja-estivesse-fora-do-governo\/","robots":"max-image-preview:large","keywords":"","webmasterTools":{"miscellaneous":""},"schema":{"@context":"https:\/\/schema.org","@graph":[{"@type":"BlogPosting","@id":"https:\/\/www.jornalja.com.br\/arquivo\/temer-age-como-se-padilha-ja-estivesse-fora-do-governo\/#blogposting","name":"Temer age como se Padilha j\u00e1 estivesse fora do governo | Arquivo","headline":"Temer age como se Padilha j\u00e1 estivesse fora do governo","author":{"@id":"https:\/\/www.jornalja.com.br\/arquivo\/author\/daredacao\/#author"},"publisher":{"@id":"https:\/\/www.jornalja.com.br\/arquivo\/#organization"},"image":{"@type":"ImageObject","url":45153},"datePublished":"2017-03-02T02:17:14-03:00","dateModified":"2017-03-02T02:17:14-03:00","inLanguage":"pt-BR","mainEntityOfPage":{"@id":"https:\/\/www.jornalja.com.br\/arquivo\/temer-age-como-se-padilha-ja-estivesse-fora-do-governo\/#webpage"},"isPartOf":{"@id":"https:\/\/www.jornalja.com.br\/arquivo\/temer-age-como-se-padilha-ja-estivesse-fora-do-governo\/#webpage"},"articleSection":"Geral"},{"@type":"BreadcrumbList","@id":"https:\/\/www.jornalja.com.br\/arquivo\/temer-age-como-se-padilha-ja-estivesse-fora-do-governo\/#breadcrumblist","itemListElement":[{"@type":"ListItem","@id":"https:\/\/www.jornalja.com.br\/arquivo#listItem","position":1,"name":"Home","item":"https:\/\/www.jornalja.com.br\/arquivo","nextItem":{"@type":"ListItem","@id":"https:\/\/www.jornalja.com.br\/arquivo\/category\/geral\/#listItem","name":"Geral"}},{"@type":"ListItem","@id":"https:\/\/www.jornalja.com.br\/arquivo\/category\/geral\/#listItem","position":2,"name":"Geral","item":"https:\/\/www.jornalja.com.br\/arquivo\/category\/geral\/","nextItem":{"@type":"ListItem","@id":"https:\/\/www.jornalja.com.br\/arquivo\/temer-age-como-se-padilha-ja-estivesse-fora-do-governo\/#listItem","name":"Temer age como se Padilha j\u00e1 estivesse fora do governo"},"previousItem":{"@type":"ListItem","@id":"https:\/\/www.jornalja.com.br\/arquivo#listItem","name":"Home"}},{"@type":"ListItem","@id":"https:\/\/www.jornalja.com.br\/arquivo\/temer-age-como-se-padilha-ja-estivesse-fora-do-governo\/#listItem","position":3,"name":"Temer age como se Padilha j\u00e1 estivesse fora do governo","previousItem":{"@type":"ListItem","@id":"https:\/\/www.jornalja.com.br\/arquivo\/category\/geral\/#listItem","name":"Geral"}}]},{"@type":"Organization","@id":"https:\/\/www.jornalja.com.br\/arquivo\/#organization","name":"Jornal J\u00c1","description":"Jornal J\u00c1 | Porto Alegre","url":"https:\/\/www.jornalja.com.br\/arquivo\/","telephone":"+555133307272","logo":{"@type":"ImageObject","url":"https:\/\/www.jornalja.com.br\/wp-content\/uploads\/cards\/JAslogan.png","@id":"https:\/\/www.jornalja.com.br\/arquivo\/temer-age-como-se-padilha-ja-estivesse-fora-do-governo\/#organizationLogo"},"image":{"@id":"https:\/\/www.jornalja.com.br\/arquivo\/temer-age-como-se-padilha-ja-estivesse-fora-do-governo\/#organizationLogo"}},{"@type":"Person","@id":"https:\/\/www.jornalja.com.br\/arquivo\/author\/daredacao\/#author","url":"https:\/\/www.jornalja.com.br\/arquivo\/author\/daredacao\/","name":"da Reda\u00e7\u00e3o","image":{"@type":"ImageObject","@id":"https:\/\/www.jornalja.com.br\/arquivo\/temer-age-como-se-padilha-ja-estivesse-fora-do-governo\/#authorImage","url":"https:\/\/secure.gravatar.com\/avatar\/469fd857d6605ad19919d27ed29d35a968a25f6e8fd9318356bbb7f57aae9c65?s=96&d=mm&r=g","width":96,"height":96,"caption":"da Reda\u00e7\u00e3o"}},{"@type":"WebPage","@id":"https:\/\/www.jornalja.com.br\/arquivo\/temer-age-como-se-padilha-ja-estivesse-fora-do-governo\/#webpage","url":"https:\/\/www.jornalja.com.br\/arquivo\/temer-age-como-se-padilha-ja-estivesse-fora-do-governo\/","name":"Temer age como se Padilha j\u00e1 estivesse fora do governo | Arquivo","inLanguage":"pt-BR","isPartOf":{"@id":"https:\/\/www.jornalja.com.br\/arquivo\/#website"},"breadcrumb":{"@id":"https:\/\/www.jornalja.com.br\/arquivo\/temer-age-como-se-padilha-ja-estivesse-fora-do-governo\/#breadcrumblist"},"author":{"@id":"https:\/\/www.jornalja.com.br\/arquivo\/author\/daredacao\/#author"},"creator":{"@id":"https:\/\/www.jornalja.com.br\/arquivo\/author\/daredacao\/#author"},"image":{"@type":"ImageObject","url":45153,"@id":"https:\/\/www.jornalja.com.br\/arquivo\/temer-age-como-se-padilha-ja-estivesse-fora-do-governo\/#mainImage"},"primaryImageOfPage":{"@id":"https:\/\/www.jornalja.com.br\/arquivo\/temer-age-como-se-padilha-ja-estivesse-fora-do-governo\/#mainImage"},"datePublished":"2017-03-02T02:17:14-03:00","dateModified":"2017-03-02T02:17:14-03:00"},{"@type":"WebSite","@id":"https:\/\/www.jornalja.com.br\/arquivo\/#website","url":"https:\/\/www.jornalja.com.br\/arquivo\/","name":"Arquivo","description":"Jornal J\u00c1 | Porto Alegre","inLanguage":"pt-BR","publisher":{"@id":"https:\/\/www.jornalja.com.br\/arquivo\/#organization"}}]},"og:locale":"pt_BR","og:site_name":"Arquivo | Jornal J\u00c1 | Porto Alegre","og:type":"article","og:title":"Temer age como se Padilha j\u00e1 estivesse fora do governo | Arquivo","og:url":"https:\/\/www.jornalja.com.br\/arquivo\/temer-age-como-se-padilha-ja-estivesse-fora-do-governo\/","og:image":"https:\/\/www.jornalja.com.br\/economics\/wp-content\/uploads\/sites\/11\/2026\/08\/ja-folhaderosto-facebook.jpg","og:image:secure_url":"https:\/\/www.jornalja.com.br\/economics\/wp-content\/uploads\/sites\/11\/2026\/08\/ja-folhaderosto-facebook.jpg","article:published_time":"2017-03-02T05:17:14+00:00","article:modified_time":"2017-03-02T05:17:14+00:00","twitter:card":"summary","twitter:title":"Temer age como se Padilha j\u00e1 estivesse fora do governo | Arquivo","twitter:image":"https:\/\/www.jornalja.com.br\/economics\/wp-content\/uploads\/sites\/11\/2026\/08\/ja-folhaderosto-facebook.jpg"},"aioseo_meta_data":{"post_id":"45150","title":null,"description":null,"keywords":null,"keyphrases":null,"primary_term":null,"canonical_url":null,"og_title":null,"og_description":null,"og_object_type":"default","og_image_type":"default","og_image_url":null,"og_image_width":null,"og_image_height":null,"og_image_custom_url":null,"og_image_custom_fields":null,"og_video":null,"og_custom_url":null,"og_article_section":null,"og_article_tags":null,"twitter_use_og":false,"twitter_card":"default","twitter_image_type":"default","twitter_image_url":null,"twitter_image_custom_url":null,"twitter_image_custom_fields":null,"twitter_title":null,"twitter_description":null,"schema":{"blockGraphs":[],"customGraphs":[],"default":{"data":{"Article":[],"Course":[],"Dataset":[],"FAQPage":[],"Movie":[],"Person":[],"Product":[],"ProductReview":[],"Car":[],"Recipe":[],"Service":[],"SoftwareApplication":[],"WebPage":[]},"graphName":"","isEnabled":true},"graphs":[],"defaultGraph":"","defaultPostTypeGraph":""},"schema_type":null,"schema_type_options":null,"pillar_content":false,"robots_default":true,"robots_noindex":false,"robots_noarchive":false,"robots_nosnippet":false,"robots_nofollow":false,"robots_noimageindex":false,"robots_noodp":false,"robots_notranslate":false,"robots_max_snippet":null,"robots_max_videopreview":null,"robots_max_imagepreview":"large","priority":null,"frequency":null,"location":null,"local_seo":null,"breadcrumb_settings":null,"limit_modified_date":false,"ai":null,"created":"2020-12-20 20:38:59","updated":"2025-07-19 20:14:03","seo_analyzer_scan_date":null,"focus_keyword":null,"additional_keywords":null,"truseo_locale":null},"jetpack_sharing_enabled":true,"jetpack-related-posts":[{"id":13128,"url":"https:\/\/www.jornalja.com.br\/arquivo\/maconha-terra-diz-que-uso-medicinal-e-desculpa\/","url_meta":{"origin":45150,"position":0},"title":"Maconha: Terra diz que uso medicinal \u00e9 desculpa","author":"Patr\u00edcia Marini","date":"4 de junho de 2014","format":false,"excerpt":"A condi\u00e7\u00e3o de pol\u00edtico, em \u00e9poca de campanha de campanha eleitoral, tira for\u00e7a do discurso do m\u00e9dico Osmar Terra contra a legaliza\u00e7\u00e3o da maconha. A tese dele de que a libera\u00e7\u00e3o vai ampliar exponencialmente o consumo \u00e9 discutivel, o consumo \u00e9 corrente. Mas seus alertas quanto aos riscos tem que\u2026","rel":"","context":"Em &quot;X.Categorias velhas&quot;","block_context":{"text":"X.Categorias velhas","link":"https:\/\/www.jornalja.com.br\/arquivo\/category\/x-categorias-velhas\/"},"img":{"alt_text":"","src":"","width":0,"height":0},"classes":[]},{"id":5440,"url":"https:\/\/www.jornalja.com.br\/arquivo\/casarao-da-venancio-destino-permanece-incerto\/","url_meta":{"origin":45150,"position":1},"title":"Estado ainda n\u00e3o sabe o que fazer com casar\u00e3o abandonado h\u00e1 20 anos","author":"Elmar Bones","date":"6 de julho de 2009","format":false,"excerpt":"O casar\u00e3o amarelo, numa esquina nobre de Porto Alegre (Ven\u00e2ncio Aires com Jo\u00e3o Pessoa), j\u00e1 abrigou uma escola. H\u00e1 duas d\u00e9cadas, pelo menos, est\u00e1 abandonado, porque seu propriet\u00e1rio, o governo do Estado do Rio Grande do Sul, n\u00e3o consegue achar um destino para ele. Planos n\u00e3o faltaram. O governador Ol\u00edvio\u2026","rel":"","context":"Em &quot;X.Categorias velhas&quot;","block_context":{"text":"X.Categorias velhas","link":"https:\/\/www.jornalja.com.br\/arquivo\/category\/x-categorias-velhas\/"},"img":{"alt_text":"geraldo1","src":"https:\/\/i0.wp.com\/www.jornalja.com.br\/wp-content\/uploads\/2009\/07\/geraldo1.jpg?resize=350%2C200&ssl=1","width":350,"height":200},"classes":[]},{"id":13109,"url":"https:\/\/www.jornalja.com.br\/arquivo\/judiciario-reconhece-poluicao-eletromagnetica\/","url_meta":{"origin":45150,"position":2},"title":"Judici\u00e1rio reconhece polui\u00e7\u00e3o eletromagn\u00e9tica","author":"Patr\u00edcia Marini","date":"16 de maio de 2014","format":false,"excerpt":"A\u00e7\u00e3o de duas associa\u00e7\u00f5es de moradores foi acolhida pelo Tribunal de Justi\u00e7a de S\u00e3o Paulo que. em decis\u00e3o in\u00e9dita, determinou a redu\u00e7\u00e3o do campo eletromagn\u00e9tico gerado pelas linhas de transmiss\u00e3o de energia que cortam os bairros City Boa\u00e7ava e Alto de Pinheiros. \u00c9 a primeira vez que um tribunal do\u2026","rel":"","context":"Em &quot;X.Categorias velhas&quot;","block_context":{"text":"X.Categorias velhas","link":"https:\/\/www.jornalja.com.br\/arquivo\/category\/x-categorias-velhas\/"},"img":{"alt_text":"","src":"","width":0,"height":0},"classes":[]},{"id":12960,"url":"https:\/\/www.jornalja.com.br\/arquivo\/populacao-culpa-empresas-pela-greve-dos-rodoviarios\/","url_meta":{"origin":45150,"position":3},"title":"Popula\u00e7\u00e3o culpa empresas pela greve","author":"Patr\u00edcia Marini","date":"14 de fevereiro de 2014","format":false,"excerpt":"Pesquisa divulgada na edi\u00e7\u00e3o do jornal Metro desta sexta-feira,14, comprova o velho ditado: \u00e9 poss\u00edvel enganar muitos por algum tempo, mas n\u00e3o \u00e9 poss\u00edvel enganar a todos o tempo inteiro. A principal revela\u00e7\u00e3o foi que 59,8% dos entrevistados apontaram as empresas como as principais respons\u00e1veis pela grave e 46% culparam\u2026","rel":"","context":"Em &quot;X.Categorias velhas&quot;","block_context":{"text":"X.Categorias velhas","link":"https:\/\/www.jornalja.com.br\/arquivo\/category\/x-categorias-velhas\/"},"img":{"alt_text":"","src":"","width":0,"height":0},"classes":[]},{"id":14241,"url":"https:\/\/www.jornalja.com.br\/arquivo\/o-guaiba-nas-imagens-poeticas-de-achutti\/","url_meta":{"origin":45150,"position":4},"title":"O Gua\u00edba nas imagens po\u00e9ticas de Achutti","author":"da Reda\u00e7\u00e3o","date":"18 de junho de 2014","format":false,"excerpt":"Em \u201cO Gua\u00edba por Achutti\u201d \u2013 obra financiada via Minist\u00e9rio da Cultura, produ\u00e7\u00e3o executiva de Pedro Longhi, e Fl\u00e1vio Wild como designer \u2013, o fot\u00f3grafo revela a beleza e as mazelas de um espa\u00e7o aqu\u00e1tico de \u00e1guas sempre renovadas, cheio de hist\u00f3rias e lendas como as das cidades que foram\u2026","rel":"","context":"Em &quot;Cultura-Geral&quot;","block_context":{"text":"Cultura-Geral","link":"https:\/\/www.jornalja.com.br\/arquivo\/category\/materiasecundaria\/"},"img":{"alt_text":"","src":"","width":0,"height":0},"classes":[]},{"id":13124,"url":"https:\/\/www.jornalja.com.br\/arquivo\/sangue-latino-no-iecine\/","url_meta":{"origin":45150,"position":5},"title":"Sangue latino no IECINE","author":"da Reda\u00e7\u00e3o","date":"18 de maio de 2014","format":false,"excerpt":"Francisco Ribeiro O Instituto Estadual de Cinema (IECINE) tem a frente, desde abril \u00faltimo, um novo diretor, o cineasta colombiano Juan Zapata, 36, que substitui Luiz Alberto Cassol. Radicado h\u00e1 dez anos em Porto Alegre, Zapata tem diante de si o desafio de conduzir at\u00e9 o final do ano um\u2026","rel":"","context":"Em &quot;Cultura-Geral&quot;","block_context":{"text":"Cultura-Geral","link":"https:\/\/www.jornalja.com.br\/arquivo\/category\/materiasecundaria\/"},"img":{"alt_text":"","src":"","width":0,"height":0},"classes":[]}],"jetpack_shortlink":"https:\/\/wp.me\/pbQjBd-bKe","jetpack_featured_media_url":"","_links":{"self":[{"href":"https:\/\/www.jornalja.com.br\/arquivo\/wp-json\/wp\/v2\/posts\/45150","targetHints":{"allow":["GET"]}}],"collection":[{"href":"https:\/\/www.jornalja.com.br\/arquivo\/wp-json\/wp\/v2\/posts"}],"about":[{"href":"https:\/\/www.jornalja.com.br\/arquivo\/wp-json\/wp\/v2\/types\/post"}],"author":[{"embeddable":true,"href":"https:\/\/www.jornalja.com.br\/arquivo\/wp-json\/wp\/v2\/users\/4"}],"replies":[{"embeddable":true,"href":"https:\/\/www.jornalja.com.br\/arquivo\/wp-json\/wp\/v2\/comments?post=45150"}],"version-history":[{"count":0,"href":"https:\/\/www.jornalja.com.br\/arquivo\/wp-json\/wp\/v2\/posts\/45150\/revisions"}],"wp:attachment":[{"href":"https:\/\/www.jornalja.com.br\/arquivo\/wp-json\/wp\/v2\/media?parent=45150"}],"wp:term":[{"taxonomy":"category","embeddable":true,"href":"https:\/\/www.jornalja.com.br\/arquivo\/wp-json\/wp\/v2\/categories?post=45150"},{"taxonomy":"post_tag","embeddable":true,"href":"https:\/\/www.jornalja.com.br\/arquivo\/wp-json\/wp\/v2\/tags?post=45150"}],"curies":[{"name":"wp","href":"https:\/\/api.w.org\/{rel}","templated":true}]}}