{"id":45171,"date":"2017-03-02T17:23:28","date_gmt":"2017-03-02T20:23:28","guid":{"rendered":"https:\/\/www.jornalja.com.br\/?p=45171"},"modified":"2017-03-02T17:23:28","modified_gmt":"2017-03-02T20:23:28","slug":"libretos-lanca-livro-governar-na-crise-de-marco-weissheimer","status":"publish","type":"post","link":"https:\/\/www.jornalja.com.br\/arquivo\/libretos-lanca-livro-governar-na-crise-de-marco-weissheimer\/","title":{"rendered":"Libretos lan\u00e7a livro Governar na Crise, de Marco Weissheimer"},"content":{"rendered":"<p><em><strong>WALMARO PAZ<\/strong><\/em><br \/>\nDois anos depois do governo Sartori ter colocado o Rio Grande do Sul neste buraco negro da crise onde n\u00e3o aparece nem mesmo uma chama de vela no fim do t\u00fanel, vale a pena a leitura do livro \u201cGovernar na Crise\u201d (Um olhar sobre o governo Tarso Genro \u2013 2011\/2014), de Marco Weissheimer, que ser\u00e1\u00a0lan\u00e7ado pela Libretos na segunda-feira (6), no Clube de Cultura, as 19h30min.<img loading=\"lazy\" decoding=\"async\" class=\"alignnone size-medium wp-image-45178 alignleft\" src=\"https:\/\/www.jornalja.com.br\/wp-content\/uploads\/2017\/03\/maarco-193x300.jpg\" alt=\"maarco\" width=\"193\" height=\"300\" \/><br \/>\nA obra de 222 p\u00e1ginas do rep\u00f3rter do site Sul21 \u00e9 uma an\u00e1lise que serve de contraponto \u00e0s propostas catastr\u00f3ficas de governabilidade que estamos vivenciando. N\u00e3o se trata de uma apologia do governo Tarso, mas uma an\u00e1lise cr\u00edtica sobre as duas propostas de governo que vem se alternando no Pal\u00e1cio Piratini desde o final da ditadura: o neoliberalismo baseado em dados cont\u00e1beis e no combate ao d\u00e9ficit fiscal ou a implementa\u00e7\u00e3o de pol\u00edticas p\u00fablicas de crescimento das economias familiares, com sal\u00e1rios justos e pagos em dia que movimentam a economia do Estado.<br \/>\nJ\u00e1 na apresenta\u00e7\u00e3o, onde o autor tenta responder as perguntas: \u201cO que \u00e9 governar? Para que serve um governo? Qual a medida para avaliar se um governo \u00e9 bom ou n\u00e3o? \u201d \u2013 fica clara a sua inten\u00e7\u00e3o. Com a cita\u00e7\u00e3o do economista texano James K. Galbraith que faz uma cr\u00edtica profunda ao projeto neoliberal citando a hist\u00f3ria dos Estados Unidos e mostrando que o desenvolvimento da pot\u00eancia do norte foi financiado totalmente com a d\u00edvida p\u00fablica e o \u201c saneamento\u201d desta d\u00edvida levou a grande recess\u00e3o.<br \/>\nSegundo ele, \u201ca receita de que \u00e9 poss\u00edvel cortar o gasto p\u00fablico sem cortar a atividade econ\u00f4mica \u00e9 completamente falaciosa, como mostra bem a realidade vivida por v\u00e1rios pa\u00edses europeus nos \u00faltimos anos\u201d. E cita Galbraith: \u201cEm todos os lugares em que foi aplicada, a austeridade produziu mais austeridade, mais desigualdade, mais concentra\u00e7\u00e3o de renda&#8230;\u201d<br \/>\nSeu maior argumento \u00e9 dado pela aprova\u00e7\u00e3o das contas de Tarso no Tribunal de Contas do Estado relatado pelo ministro ex-peemedebista, Algir Lorenzon; \u201cEle sacou bastante do Caixa \u00danico? Sacou, \u00e9 verdade, mas aplicou mais do que qualquer outro&#8230; na educa\u00e7\u00e3o, na sa\u00fade, no pagamento dos precat\u00f3rios, no reajuste aos servidores p\u00fablicos, no pagamento em dia desses servidores e na reposi\u00e7\u00e3o de pessoal das \u00e1reas de seguran\u00e7a, sa\u00fade e educa\u00e7\u00e3o\u201d.<br \/>\nEnfim, o livro merece uma leitura atenta nestes tempos dif\u00edceis. Como anexo, nas suas \u00faltimas p\u00e1ginas o autor colocou o programa de governo elaborado em 2010, depois de ter entrevistado v\u00e1rios gestores dos diferentes setores do governo Tarso, permitindo uma compara\u00e7\u00e3o entre o que foi executado e o que estava programado.<\/p>\n","protected":false},"excerpt":{"rendered":"<p>WALMARO PAZ Dois anos depois do governo Sartori ter colocado o Rio Grande do Sul neste buraco negro da crise onde n\u00e3o aparece nem mesmo uma chama de vela no fim do t\u00fanel, vale a pena a leitura do livro \u201cGovernar na Crise\u201d (Um olhar sobre o governo Tarso Genro \u2013 2011\/2014), de Marco Weissheimer, [&hellip;]<\/p>\n","protected":false},"author":4,"featured_media":45177,"comment_status":"open","ping_status":"closed","sticky":false,"template":"","format":"standard","meta":{"_jetpack_newsletter_access":"","_jetpack_dont_email_post_to_subs":false,"_jetpack_newsletter_tier_id":0,"_jetpack_memberships_contains_paywalled_content":false,"_jetpack_feature_clip_id":0,"_jetpack_memberships_contains_paid_content":false,"footnotes":"","jetpack_post_was_ever_published":false},"categories":[26],"tags":[],"class_list":["post-45171","post","type-post","status-publish","format-standard","has-post-thumbnail","hentry","category-geral"],"aioseo_notices":[],"aioseo_head":"\n\t\t<!-- All in One SEO 5.0.1.1 - aioseo.com -->\n\t<meta name=\"robots\" content=\"max-image-preview:large\" \/>\n\t<meta name=\"author\" content=\"da Reda\u00e7\u00e3o\"\/>\n\t<link rel=\"canonical\" href=\"https:\/\/www.jornalja.com.br\/arquivo\/libretos-lanca-livro-governar-na-crise-de-marco-weissheimer\/\" \/>\n\t<meta name=\"generator\" content=\"All in One SEO (AIOSEO) 5.0.1.1\" \/>\n\t\t<meta property=\"og:locale\" content=\"pt_BR\" \/>\n\t\t<meta property=\"og:site_name\" content=\"Arquivo | Jornal J\u00c1 | Porto Alegre\" \/>\n\t\t<meta property=\"og:type\" content=\"article\" \/>\n\t\t<meta property=\"og:title\" content=\"Libretos lan\u00e7a livro Governar na Crise, de Marco Weissheimer | Arquivo\" \/>\n\t\t<meta property=\"og:url\" content=\"https:\/\/www.jornalja.com.br\/arquivo\/libretos-lanca-livro-governar-na-crise-de-marco-weissheimer\/\" \/>\n\t\t<meta property=\"og:image\" content=\"https:\/\/www.jornalja.com.br\/wp-content\/uploads\/2017\/03\/maarco-193x300.jpg\" \/>\n\t\t<meta property=\"og:image:secure_url\" content=\"https:\/\/www.jornalja.com.br\/wp-content\/uploads\/2017\/03\/maarco-193x300.jpg\" \/>\n\t\t<meta property=\"article:published_time\" content=\"2017-03-02T20:23:28+00:00\" \/>\n\t\t<meta property=\"article:modified_time\" content=\"2017-03-02T20:23:28+00:00\" \/>\n\t\t<meta name=\"twitter:card\" content=\"summary\" \/>\n\t\t<meta name=\"twitter:title\" content=\"Libretos lan\u00e7a livro Governar na Crise, de Marco Weissheimer | Arquivo\" \/>\n\t\t<meta name=\"twitter:image\" content=\"https:\/\/www.jornalja.com.br\/economics\/wp-content\/uploads\/sites\/11\/2026\/08\/ja-folhaderosto-facebook.jpg\" \/>\n\t\t<script type=\"application\/ld+json\" class=\"aioseo-schema\">\n\t\t\t{\"@context\":\"https:\\\/\\\/schema.org\",\"@graph\":[{\"@type\":\"BlogPosting\",\"@id\":\"https:\\\/\\\/www.jornalja.com.br\\\/arquivo\\\/libretos-lanca-livro-governar-na-crise-de-marco-weissheimer\\\/#blogposting\",\"name\":\"Libretos lan\\u00e7a livro Governar na Crise, de Marco Weissheimer | Arquivo\",\"headline\":\"Libretos lan\\u00e7a livro Governar na Crise, de Marco Weissheimer\",\"author\":{\"@id\":\"https:\\\/\\\/www.jornalja.com.br\\\/arquivo\\\/author\\\/daredacao\\\/#author\"},\"publisher\":{\"@id\":\"https:\\\/\\\/www.jornalja.com.br\\\/arquivo\\\/#organization\"},\"image\":{\"@type\":\"ImageObject\",\"url\":45177},\"datePublished\":\"2017-03-02T17:23:28-03:00\",\"dateModified\":\"2017-03-02T17:23:28-03:00\",\"inLanguage\":\"pt-BR\",\"mainEntityOfPage\":{\"@id\":\"https:\\\/\\\/www.jornalja.com.br\\\/arquivo\\\/libretos-lanca-livro-governar-na-crise-de-marco-weissheimer\\\/#webpage\"},\"isPartOf\":{\"@id\":\"https:\\\/\\\/www.jornalja.com.br\\\/arquivo\\\/libretos-lanca-livro-governar-na-crise-de-marco-weissheimer\\\/#webpage\"},\"articleSection\":\"Geral\"},{\"@type\":\"BreadcrumbList\",\"@id\":\"https:\\\/\\\/www.jornalja.com.br\\\/arquivo\\\/libretos-lanca-livro-governar-na-crise-de-marco-weissheimer\\\/#breadcrumblist\",\"itemListElement\":[{\"@type\":\"ListItem\",\"@id\":\"https:\\\/\\\/www.jornalja.com.br\\\/arquivo#listItem\",\"position\":1,\"name\":\"Home\",\"item\":\"https:\\\/\\\/www.jornalja.com.br\\\/arquivo\",\"nextItem\":{\"@type\":\"ListItem\",\"@id\":\"https:\\\/\\\/www.jornalja.com.br\\\/arquivo\\\/category\\\/geral\\\/#listItem\",\"name\":\"Geral\"}},{\"@type\":\"ListItem\",\"@id\":\"https:\\\/\\\/www.jornalja.com.br\\\/arquivo\\\/category\\\/geral\\\/#listItem\",\"position\":2,\"name\":\"Geral\",\"item\":\"https:\\\/\\\/www.jornalja.com.br\\\/arquivo\\\/category\\\/geral\\\/\",\"nextItem\":{\"@type\":\"ListItem\",\"@id\":\"https:\\\/\\\/www.jornalja.com.br\\\/arquivo\\\/libretos-lanca-livro-governar-na-crise-de-marco-weissheimer\\\/#listItem\",\"name\":\"Libretos lan\\u00e7a livro Governar na Crise, de Marco Weissheimer\"},\"previousItem\":{\"@type\":\"ListItem\",\"@id\":\"https:\\\/\\\/www.jornalja.com.br\\\/arquivo#listItem\",\"name\":\"Home\"}},{\"@type\":\"ListItem\",\"@id\":\"https:\\\/\\\/www.jornalja.com.br\\\/arquivo\\\/libretos-lanca-livro-governar-na-crise-de-marco-weissheimer\\\/#listItem\",\"position\":3,\"name\":\"Libretos lan\\u00e7a livro Governar na Crise, de Marco Weissheimer\",\"previousItem\":{\"@type\":\"ListItem\",\"@id\":\"https:\\\/\\\/www.jornalja.com.br\\\/arquivo\\\/category\\\/geral\\\/#listItem\",\"name\":\"Geral\"}}]},{\"@type\":\"Organization\",\"@id\":\"https:\\\/\\\/www.jornalja.com.br\\\/arquivo\\\/#organization\",\"name\":\"Jornal J\\u00c1\",\"description\":\"Jornal J\\u00c1 | Porto Alegre\",\"url\":\"https:\\\/\\\/www.jornalja.com.br\\\/arquivo\\\/\",\"telephone\":\"+555133307272\",\"logo\":{\"@type\":\"ImageObject\",\"url\":\"https:\\\/\\\/www.jornalja.com.br\\\/wp-content\\\/uploads\\\/cards\\\/JAslogan.png\",\"@id\":\"https:\\\/\\\/www.jornalja.com.br\\\/arquivo\\\/libretos-lanca-livro-governar-na-crise-de-marco-weissheimer\\\/#organizationLogo\"},\"image\":{\"@id\":\"https:\\\/\\\/www.jornalja.com.br\\\/arquivo\\\/libretos-lanca-livro-governar-na-crise-de-marco-weissheimer\\\/#organizationLogo\"}},{\"@type\":\"Person\",\"@id\":\"https:\\\/\\\/www.jornalja.com.br\\\/arquivo\\\/author\\\/daredacao\\\/#author\",\"url\":\"https:\\\/\\\/www.jornalja.com.br\\\/arquivo\\\/author\\\/daredacao\\\/\",\"name\":\"da Reda\\u00e7\\u00e3o\",\"image\":{\"@type\":\"ImageObject\",\"@id\":\"https:\\\/\\\/www.jornalja.com.br\\\/arquivo\\\/libretos-lanca-livro-governar-na-crise-de-marco-weissheimer\\\/#authorImage\",\"url\":\"https:\\\/\\\/secure.gravatar.com\\\/avatar\\\/469fd857d6605ad19919d27ed29d35a968a25f6e8fd9318356bbb7f57aae9c65?s=96&d=mm&r=g\",\"width\":96,\"height\":96,\"caption\":\"da Reda\\u00e7\\u00e3o\"}},{\"@type\":\"WebPage\",\"@id\":\"https:\\\/\\\/www.jornalja.com.br\\\/arquivo\\\/libretos-lanca-livro-governar-na-crise-de-marco-weissheimer\\\/#webpage\",\"url\":\"https:\\\/\\\/www.jornalja.com.br\\\/arquivo\\\/libretos-lanca-livro-governar-na-crise-de-marco-weissheimer\\\/\",\"name\":\"Libretos lan\\u00e7a livro Governar na Crise, de Marco Weissheimer | Arquivo\",\"inLanguage\":\"pt-BR\",\"isPartOf\":{\"@id\":\"https:\\\/\\\/www.jornalja.com.br\\\/arquivo\\\/#website\"},\"breadcrumb\":{\"@id\":\"https:\\\/\\\/www.jornalja.com.br\\\/arquivo\\\/libretos-lanca-livro-governar-na-crise-de-marco-weissheimer\\\/#breadcrumblist\"},\"author\":{\"@id\":\"https:\\\/\\\/www.jornalja.com.br\\\/arquivo\\\/author\\\/daredacao\\\/#author\"},\"creator\":{\"@id\":\"https:\\\/\\\/www.jornalja.com.br\\\/arquivo\\\/author\\\/daredacao\\\/#author\"},\"image\":{\"@type\":\"ImageObject\",\"url\":45177,\"@id\":\"https:\\\/\\\/www.jornalja.com.br\\\/arquivo\\\/libretos-lanca-livro-governar-na-crise-de-marco-weissheimer\\\/#mainImage\"},\"primaryImageOfPage\":{\"@id\":\"https:\\\/\\\/www.jornalja.com.br\\\/arquivo\\\/libretos-lanca-livro-governar-na-crise-de-marco-weissheimer\\\/#mainImage\"},\"datePublished\":\"2017-03-02T17:23:28-03:00\",\"dateModified\":\"2017-03-02T17:23:28-03:00\"},{\"@type\":\"WebSite\",\"@id\":\"https:\\\/\\\/www.jornalja.com.br\\\/arquivo\\\/#website\",\"url\":\"https:\\\/\\\/www.jornalja.com.br\\\/arquivo\\\/\",\"name\":\"Arquivo\",\"description\":\"Jornal J\\u00c1 | Porto Alegre\",\"inLanguage\":\"pt-BR\",\"publisher\":{\"@id\":\"https:\\\/\\\/www.jornalja.com.br\\\/arquivo\\\/#organization\"}}]}\n\t\t<\/script>\n\t\t<!-- All in One SEO -->\n\n","aioseo_head_json":{"title":"Libretos lan\u00e7a livro Governar na Crise, de Marco Weissheimer | Arquivo","description":"","canonical_url":"https:\/\/www.jornalja.com.br\/arquivo\/libretos-lanca-livro-governar-na-crise-de-marco-weissheimer\/","robots":"max-image-preview:large","keywords":"","webmasterTools":{"miscellaneous":""},"schema":{"@context":"https:\/\/schema.org","@graph":[{"@type":"BlogPosting","@id":"https:\/\/www.jornalja.com.br\/arquivo\/libretos-lanca-livro-governar-na-crise-de-marco-weissheimer\/#blogposting","name":"Libretos lan\u00e7a livro Governar na Crise, de Marco Weissheimer | Arquivo","headline":"Libretos lan\u00e7a livro Governar na Crise, de Marco Weissheimer","author":{"@id":"https:\/\/www.jornalja.com.br\/arquivo\/author\/daredacao\/#author"},"publisher":{"@id":"https:\/\/www.jornalja.com.br\/arquivo\/#organization"},"image":{"@type":"ImageObject","url":45177},"datePublished":"2017-03-02T17:23:28-03:00","dateModified":"2017-03-02T17:23:28-03:00","inLanguage":"pt-BR","mainEntityOfPage":{"@id":"https:\/\/www.jornalja.com.br\/arquivo\/libretos-lanca-livro-governar-na-crise-de-marco-weissheimer\/#webpage"},"isPartOf":{"@id":"https:\/\/www.jornalja.com.br\/arquivo\/libretos-lanca-livro-governar-na-crise-de-marco-weissheimer\/#webpage"},"articleSection":"Geral"},{"@type":"BreadcrumbList","@id":"https:\/\/www.jornalja.com.br\/arquivo\/libretos-lanca-livro-governar-na-crise-de-marco-weissheimer\/#breadcrumblist","itemListElement":[{"@type":"ListItem","@id":"https:\/\/www.jornalja.com.br\/arquivo#listItem","position":1,"name":"Home","item":"https:\/\/www.jornalja.com.br\/arquivo","nextItem":{"@type":"ListItem","@id":"https:\/\/www.jornalja.com.br\/arquivo\/category\/geral\/#listItem","name":"Geral"}},{"@type":"ListItem","@id":"https:\/\/www.jornalja.com.br\/arquivo\/category\/geral\/#listItem","position":2,"name":"Geral","item":"https:\/\/www.jornalja.com.br\/arquivo\/category\/geral\/","nextItem":{"@type":"ListItem","@id":"https:\/\/www.jornalja.com.br\/arquivo\/libretos-lanca-livro-governar-na-crise-de-marco-weissheimer\/#listItem","name":"Libretos lan\u00e7a livro Governar na Crise, de Marco Weissheimer"},"previousItem":{"@type":"ListItem","@id":"https:\/\/www.jornalja.com.br\/arquivo#listItem","name":"Home"}},{"@type":"ListItem","@id":"https:\/\/www.jornalja.com.br\/arquivo\/libretos-lanca-livro-governar-na-crise-de-marco-weissheimer\/#listItem","position":3,"name":"Libretos lan\u00e7a livro Governar na Crise, de Marco Weissheimer","previousItem":{"@type":"ListItem","@id":"https:\/\/www.jornalja.com.br\/arquivo\/category\/geral\/#listItem","name":"Geral"}}]},{"@type":"Organization","@id":"https:\/\/www.jornalja.com.br\/arquivo\/#organization","name":"Jornal J\u00c1","description":"Jornal J\u00c1 | Porto Alegre","url":"https:\/\/www.jornalja.com.br\/arquivo\/","telephone":"+555133307272","logo":{"@type":"ImageObject","url":"https:\/\/www.jornalja.com.br\/wp-content\/uploads\/cards\/JAslogan.png","@id":"https:\/\/www.jornalja.com.br\/arquivo\/libretos-lanca-livro-governar-na-crise-de-marco-weissheimer\/#organizationLogo"},"image":{"@id":"https:\/\/www.jornalja.com.br\/arquivo\/libretos-lanca-livro-governar-na-crise-de-marco-weissheimer\/#organizationLogo"}},{"@type":"Person","@id":"https:\/\/www.jornalja.com.br\/arquivo\/author\/daredacao\/#author","url":"https:\/\/www.jornalja.com.br\/arquivo\/author\/daredacao\/","name":"da Reda\u00e7\u00e3o","image":{"@type":"ImageObject","@id":"https:\/\/www.jornalja.com.br\/arquivo\/libretos-lanca-livro-governar-na-crise-de-marco-weissheimer\/#authorImage","url":"https:\/\/secure.gravatar.com\/avatar\/469fd857d6605ad19919d27ed29d35a968a25f6e8fd9318356bbb7f57aae9c65?s=96&d=mm&r=g","width":96,"height":96,"caption":"da Reda\u00e7\u00e3o"}},{"@type":"WebPage","@id":"https:\/\/www.jornalja.com.br\/arquivo\/libretos-lanca-livro-governar-na-crise-de-marco-weissheimer\/#webpage","url":"https:\/\/www.jornalja.com.br\/arquivo\/libretos-lanca-livro-governar-na-crise-de-marco-weissheimer\/","name":"Libretos lan\u00e7a livro Governar na Crise, de Marco Weissheimer | Arquivo","inLanguage":"pt-BR","isPartOf":{"@id":"https:\/\/www.jornalja.com.br\/arquivo\/#website"},"breadcrumb":{"@id":"https:\/\/www.jornalja.com.br\/arquivo\/libretos-lanca-livro-governar-na-crise-de-marco-weissheimer\/#breadcrumblist"},"author":{"@id":"https:\/\/www.jornalja.com.br\/arquivo\/author\/daredacao\/#author"},"creator":{"@id":"https:\/\/www.jornalja.com.br\/arquivo\/author\/daredacao\/#author"},"image":{"@type":"ImageObject","url":45177,"@id":"https:\/\/www.jornalja.com.br\/arquivo\/libretos-lanca-livro-governar-na-crise-de-marco-weissheimer\/#mainImage"},"primaryImageOfPage":{"@id":"https:\/\/www.jornalja.com.br\/arquivo\/libretos-lanca-livro-governar-na-crise-de-marco-weissheimer\/#mainImage"},"datePublished":"2017-03-02T17:23:28-03:00","dateModified":"2017-03-02T17:23:28-03:00"},{"@type":"WebSite","@id":"https:\/\/www.jornalja.com.br\/arquivo\/#website","url":"https:\/\/www.jornalja.com.br\/arquivo\/","name":"Arquivo","description":"Jornal J\u00c1 | Porto Alegre","inLanguage":"pt-BR","publisher":{"@id":"https:\/\/www.jornalja.com.br\/arquivo\/#organization"}}]},"og:locale":"pt_BR","og:site_name":"Arquivo | Jornal J\u00c1 | Porto Alegre","og:type":"article","og:title":"Libretos lan\u00e7a livro Governar na Crise, de Marco Weissheimer | Arquivo","og:url":"https:\/\/www.jornalja.com.br\/arquivo\/libretos-lanca-livro-governar-na-crise-de-marco-weissheimer\/","og:image":"https:\/\/www.jornalja.com.br\/wp-content\/uploads\/2017\/03\/maarco-193x300.jpg","og:image:secure_url":"https:\/\/www.jornalja.com.br\/wp-content\/uploads\/2017\/03\/maarco-193x300.jpg","article:published_time":"2017-03-02T20:23:28+00:00","article:modified_time":"2017-03-02T20:23:28+00:00","twitter:card":"summary","twitter:title":"Libretos lan\u00e7a livro Governar na Crise, de Marco Weissheimer | Arquivo","twitter:image":"https:\/\/www.jornalja.com.br\/economics\/wp-content\/uploads\/sites\/11\/2026\/08\/ja-folhaderosto-facebook.jpg"},"aioseo_meta_data":{"post_id":"45171","title":null,"description":null,"keywords":null,"keyphrases":null,"primary_term":null,"canonical_url":null,"og_title":null,"og_description":null,"og_object_type":"default","og_image_type":"default","og_image_url":null,"og_image_width":null,"og_image_height":null,"og_image_custom_url":null,"og_image_custom_fields":null,"og_video":null,"og_custom_url":null,"og_article_section":null,"og_article_tags":null,"twitter_use_og":false,"twitter_card":"default","twitter_image_type":"default","twitter_image_url":null,"twitter_image_custom_url":null,"twitter_image_custom_fields":null,"twitter_title":null,"twitter_description":null,"schema":{"blockGraphs":[],"customGraphs":[],"default":{"data":{"Article":[],"Course":[],"Dataset":[],"FAQPage":[],"Movie":[],"Person":[],"Product":[],"ProductReview":[],"Car":[],"Recipe":[],"Service":[],"SoftwareApplication":[],"WebPage":[]},"graphName":"","isEnabled":true},"graphs":[],"defaultGraph":"","defaultPostTypeGraph":""},"schema_type":null,"schema_type_options":null,"pillar_content":false,"robots_default":true,"robots_noindex":false,"robots_noarchive":false,"robots_nosnippet":false,"robots_nofollow":false,"robots_noimageindex":false,"robots_noodp":false,"robots_notranslate":false,"robots_max_snippet":null,"robots_max_videopreview":null,"robots_max_imagepreview":"large","priority":null,"frequency":null,"location":null,"local_seo":null,"breadcrumb_settings":null,"limit_modified_date":false,"ai":null,"created":"2020-12-20 20:38:59","updated":"2025-07-19 20:14:49","seo_analyzer_scan_date":null,"focus_keyword":null,"additional_keywords":null,"truseo_locale":null},"jetpack_sharing_enabled":true,"jetpack-related-posts":[{"id":13128,"url":"https:\/\/www.jornalja.com.br\/arquivo\/maconha-terra-diz-que-uso-medicinal-e-desculpa\/","url_meta":{"origin":45171,"position":0},"title":"Maconha: Terra diz que uso medicinal \u00e9 desculpa","author":"Patr\u00edcia Marini","date":"4 de junho de 2014","format":false,"excerpt":"A condi\u00e7\u00e3o de pol\u00edtico, em \u00e9poca de campanha de campanha eleitoral, tira for\u00e7a do discurso do m\u00e9dico Osmar Terra contra a legaliza\u00e7\u00e3o da maconha. A tese dele de que a libera\u00e7\u00e3o vai ampliar exponencialmente o consumo \u00e9 discutivel, o consumo \u00e9 corrente. Mas seus alertas quanto aos riscos tem que\u2026","rel":"","context":"Em &quot;X.Categorias velhas&quot;","block_context":{"text":"X.Categorias velhas","link":"https:\/\/www.jornalja.com.br\/arquivo\/category\/x-categorias-velhas\/"},"img":{"alt_text":"","src":"","width":0,"height":0},"classes":[]},{"id":13109,"url":"https:\/\/www.jornalja.com.br\/arquivo\/judiciario-reconhece-poluicao-eletromagnetica\/","url_meta":{"origin":45171,"position":1},"title":"Judici\u00e1rio reconhece polui\u00e7\u00e3o eletromagn\u00e9tica","author":"Patr\u00edcia Marini","date":"16 de maio de 2014","format":false,"excerpt":"A\u00e7\u00e3o de duas associa\u00e7\u00f5es de moradores foi acolhida pelo Tribunal de Justi\u00e7a de S\u00e3o Paulo que. em decis\u00e3o in\u00e9dita, determinou a redu\u00e7\u00e3o do campo eletromagn\u00e9tico gerado pelas linhas de transmiss\u00e3o de energia que cortam os bairros City Boa\u00e7ava e Alto de Pinheiros. \u00c9 a primeira vez que um tribunal do\u2026","rel":"","context":"Em &quot;X.Categorias velhas&quot;","block_context":{"text":"X.Categorias velhas","link":"https:\/\/www.jornalja.com.br\/arquivo\/category\/x-categorias-velhas\/"},"img":{"alt_text":"","src":"","width":0,"height":0},"classes":[]},{"id":5440,"url":"https:\/\/www.jornalja.com.br\/arquivo\/casarao-da-venancio-destino-permanece-incerto\/","url_meta":{"origin":45171,"position":2},"title":"Estado ainda n\u00e3o sabe o que fazer com casar\u00e3o abandonado h\u00e1 20 anos","author":"Elmar Bones","date":"6 de julho de 2009","format":false,"excerpt":"O casar\u00e3o amarelo, numa esquina nobre de Porto Alegre (Ven\u00e2ncio Aires com Jo\u00e3o Pessoa), j\u00e1 abrigou uma escola. H\u00e1 duas d\u00e9cadas, pelo menos, est\u00e1 abandonado, porque seu propriet\u00e1rio, o governo do Estado do Rio Grande do Sul, n\u00e3o consegue achar um destino para ele. Planos n\u00e3o faltaram. O governador Ol\u00edvio\u2026","rel":"","context":"Em &quot;X.Categorias velhas&quot;","block_context":{"text":"X.Categorias velhas","link":"https:\/\/www.jornalja.com.br\/arquivo\/category\/x-categorias-velhas\/"},"img":{"alt_text":"geraldo1","src":"https:\/\/i0.wp.com\/www.jornalja.com.br\/wp-content\/uploads\/2009\/07\/geraldo1.jpg?resize=350%2C200&ssl=1","width":350,"height":200},"classes":[]},{"id":13101,"url":"https:\/\/www.jornalja.com.br\/arquivo\/morre-um-guerreiro-do-texto\/","url_meta":{"origin":45171,"position":3},"title":"Morre um guerreiro do texto","author":"Patr\u00edcia Marini","date":"14 de maio de 2014","format":false,"excerpt":"Por Ricardo Kotscho Reproduzido do blog do autor, 11\/5\/2014; t\u00edtulo original \u201cE l\u00e1 se foi o nosso Myltainho, guerreiro do texto\u201d. Mi\u00fado e franzino, meu amigo Myltainho era um valente e inconformado guerreiro na luta contra as injusti\u00e7as sociais, a hipocrisia, as maracutaias, o autoritarismo, a intoler\u00e2ncia, a viol\u00eancia, o\u2026","rel":"","context":"Em &quot;Geral&quot;","block_context":{"text":"Geral","link":"https:\/\/www.jornalja.com.br\/arquivo\/category\/geral\/"},"img":{"alt_text":"","src":"","width":0,"height":0},"classes":[]},{"id":13240,"url":"https:\/\/www.jornalja.com.br\/arquivo\/plano-diretor-estamos-construindo-o-caos\/","url_meta":{"origin":45171,"position":4},"title":"Plano diretor: &quot;Estamos construindo o caos&quot;","author":"Patr\u00edcia Marini","date":"26 de maio de 2014","format":false,"excerpt":"Desabafo que arquiteta Eliana Castilhos, delegada da Regi\u00e3o de Planejamento 1, postou nas redes sociais \u00e9 um testemunho do ambiente que se criou no Conselho do Plano Diretor de Porto Alegre, onde a aprova\u00e7\u00e3o de grandes empreendimentos \u00e9 empurrada guela abaixo dos conselheiros. Ao CMDUA Como delegada da Regi\u00e3o de\u2026","rel":"","context":"Em &quot;Geral&quot;","block_context":{"text":"Geral","link":"https:\/\/www.jornalja.com.br\/arquivo\/category\/geral\/"},"img":{"alt_text":"","src":"","width":0,"height":0},"classes":[]},{"id":13124,"url":"https:\/\/www.jornalja.com.br\/arquivo\/sangue-latino-no-iecine\/","url_meta":{"origin":45171,"position":5},"title":"Sangue latino no IECINE","author":"da Reda\u00e7\u00e3o","date":"18 de maio de 2014","format":false,"excerpt":"Francisco Ribeiro O Instituto Estadual de Cinema (IECINE) tem a frente, desde abril \u00faltimo, um novo diretor, o cineasta colombiano Juan Zapata, 36, que substitui Luiz Alberto Cassol. Radicado h\u00e1 dez anos em Porto Alegre, Zapata tem diante de si o desafio de conduzir at\u00e9 o final do ano um\u2026","rel":"","context":"Em &quot;Cultura-Geral&quot;","block_context":{"text":"Cultura-Geral","link":"https:\/\/www.jornalja.com.br\/arquivo\/category\/materiasecundaria\/"},"img":{"alt_text":"","src":"","width":0,"height":0},"classes":[]}],"jetpack_shortlink":"https:\/\/wp.me\/pbQjBd-bKz","jetpack_featured_media_url":"","_links":{"self":[{"href":"https:\/\/www.jornalja.com.br\/arquivo\/wp-json\/wp\/v2\/posts\/45171","targetHints":{"allow":["GET"]}}],"collection":[{"href":"https:\/\/www.jornalja.com.br\/arquivo\/wp-json\/wp\/v2\/posts"}],"about":[{"href":"https:\/\/www.jornalja.com.br\/arquivo\/wp-json\/wp\/v2\/types\/post"}],"author":[{"embeddable":true,"href":"https:\/\/www.jornalja.com.br\/arquivo\/wp-json\/wp\/v2\/users\/4"}],"replies":[{"embeddable":true,"href":"https:\/\/www.jornalja.com.br\/arquivo\/wp-json\/wp\/v2\/comments?post=45171"}],"version-history":[{"count":0,"href":"https:\/\/www.jornalja.com.br\/arquivo\/wp-json\/wp\/v2\/posts\/45171\/revisions"}],"wp:attachment":[{"href":"https:\/\/www.jornalja.com.br\/arquivo\/wp-json\/wp\/v2\/media?parent=45171"}],"wp:term":[{"taxonomy":"category","embeddable":true,"href":"https:\/\/www.jornalja.com.br\/arquivo\/wp-json\/wp\/v2\/categories?post=45171"},{"taxonomy":"post_tag","embeddable":true,"href":"https:\/\/www.jornalja.com.br\/arquivo\/wp-json\/wp\/v2\/tags?post=45171"}],"curies":[{"name":"wp","href":"https:\/\/api.w.org\/{rel}","templated":true}]}}