{"id":45335,"date":"2017-03-06T16:55:08","date_gmt":"2017-03-06T19:55:08","guid":{"rendered":"https:\/\/www.jornalja.com.br\/?p=45335"},"modified":"2017-03-06T16:55:08","modified_gmt":"2017-03-06T19:55:08","slug":"marchezan-muda-regra-e-nomeia-cc-para-direcao-do-atelier-livre","status":"publish","type":"post","link":"https:\/\/www.jornalja.com.br\/arquivo\/marchezan-muda-regra-e-nomeia-cc-para-direcao-do-atelier-livre\/","title":{"rendered":"Marchezan muda regra e nomeia CC para dire\u00e7\u00e3o do Atelier Livre"},"content":{"rendered":"<p><span class=\"assina\">Matheus Chaparini<\/span><br \/>\nNos \u00faltimos dias, professores, funcion\u00e1rios e alunos do Atelier Livre foram surpreendidos com uma publica\u00e7\u00e3o no Di\u00e1rio Oficial. Tradicionalmente, a dire\u00e7\u00e3o do Atelier Livre \u00e9 escolhida atrav\u00e9s de elei\u00e7\u00f5es internas diretas, onde somente podem concorrer funcion\u00e1rios do quadro.<br \/>\nNo final de 2016, a ent\u00e3o diretora, Miriam Topolar, foi reeleita para um mandato de dois anos. Mas na \u00faltima quinta-feira, outra pessoa foi nomeada para o mesmo cargo.<br \/>\nO prefeito Nelson Marchezan J\u00fanior revogou o Decreto 9.473, de 1989, que determinava a escolha atrav\u00e9s de elei\u00e7\u00f5es, onde votam todos os professores, funcion\u00e1rios e uma representa\u00e7\u00e3o dos estudantes.<br \/>\nO decreto, da \u00e9poca da cria\u00e7\u00e3o da Secretaria Municipal de Cultura, define como devem se dar as elei\u00e7\u00f5es e foi revogado por um <a href=\"http:\/\/www2.portoalegre.rs.gov.br\/netahtml\/sirel\/atos\/Decreto%2019676\" target=\"_blank\" rel=\"noopener noreferrer\">novo decreto, o 19.767, assinado pelo prefeito Marchezan em 6 de fevereiro deste ano e publicado no Di\u00e1rio Oficial de Porto Alegre (DOPA) do dia 10.<\/a><br \/>\n<span class=\"intertit\">Diretora nomeada n\u00e3o vai atuar no cargo<\/span><br \/>\nNo dia 2 de mar\u00e7o, foi publicada no Di\u00e1rio Oficial a nomea\u00e7\u00e3o de C\u00e1tia Tedesco para o cargo de Diretora do Atelier Livre. A nomea\u00e7\u00e3o \u00e9 retroativa a 23 de janeiro. Entretanto, C\u00e1tia Tedesco n\u00e3o vai ocupar o cargo para o qual foi nomeada, mas a coordena\u00e7\u00e3o de comunica\u00e7\u00e3o da Secretaria Municipal da Cultura. No site da prefeitura, seu nome j\u00e1 consta na SMC.<br \/>\n&#8220;Est\u00e1 tramitando uma reforma dos cargos em comiss\u00e3o e assim que aprovado definitivamente o novo organograma da SMC, os profissionais ser\u00e3o realocados em seus cargos devidos. Todas as secretarias est\u00e3o passando pelo mesmo processo&#8221;, explicou C\u00e1tia Tedesco, por email.<br \/>\nC\u00e1tia \u00e9 formada em comunica\u00e7\u00e3o social pela PUCRS e foi selecionada atrav\u00e9s do banco de talentos. Com quase 20 anos de experi\u00eancia na \u00e1rea cultural, era coordenadora da Ag\u00eancia Cigana, que presta assessoria de imprensa a grandes eventos culturais e \u00e0 Opus Promo\u00e7\u00f5es. Antes, trabalhou durante dez anos no setor de comunica\u00e7\u00e3o da Opus.<br \/>\n<span class=\"intertit\">\u201cFomos atropelados pela not\u00edcia\u201d<\/span><br \/>\nA nomea\u00e7\u00e3o da nova diretora pegou a todos de surpresa. \u201cFomos atropelados pela not\u00edcia, pelo di\u00e1rio oficial. A diretora estava de f\u00e9rias e n\u00e3o sabia que n\u00e3o era mais diretora\u201d, critica a artista pl\u00e1stica Gra\u00e7a Craidy, aluna do Atelier h\u00e1 cinco anos.<br \/>\nEla explica que as elei\u00e7\u00f5es sempre foram realizadas por um colegiado de professores. \u201cSempre \u00e9 um processo muito tranquilo. Os professores s\u00e3o apaixonado pelo Atelier, s\u00e3o muito dedicados\u201d, afirma Gra\u00e7a.<br \/>\nA aus\u00eancia de um di\u00e1logo com a equipe do Atelier gerou certa preocupa\u00e7\u00e3o. \u201cN\u00f3s ainda n\u00e3o sabemos claramente qual o projeto pol\u00edtico dessa gest\u00e3o para a cultura, mas tem uma certa arbitrariedade nessa falta de di\u00e1logo, que nos deixa preocupados\u201d, afirma a instrutora Ana Fl\u00e1via Baldisserotto. Desde 2000 no Atelier, Ana Flavia \u00e9 das funcion\u00e1rias mais recentes, aprovada no \u00faltimo concurso, de 1996.<br \/>\nMesmo com o quadro reduzido, o Atelier atende atualmente cerca de 600 alunos. \u201cPoucas cidades no Brasil t\u00eam uma escola de arte p\u00fablica com a qualidade do Atelier Livre. \u00c9 um patrim\u00f4nio imaterial da cidade\u201d, defende.<br \/>\nA artista critica a desaten\u00e7\u00e3o de sucessivas gest\u00f5es municipais que fragilizou a institui\u00e7\u00e3o. Para ela, \u00e9 urgente a realiza\u00e7\u00e3o de um novo concurso. \u201cDa forma que est\u00e1, caminha para a extin\u00e7\u00e3o\u201d, conclui.<br \/>\nO Atelier Livre foi criado em 1961, a partir de uma experi\u00eancia realizada no ano anterior pelo pintor Iber\u00ea Camargo. Iber\u00ea ministrou um curso aberto de pintura na ent\u00e3o Galeria Municipal de Arte de Porto Alegre. A atividade demonstrou o potencial de um ateli\u00ea aberto, em oposi\u00e7\u00e3o ao ambiente do ensino acad\u00eamico do Instituto de Belas Artes, hoje Instituto de Artes da UFRGS.<\/p>\n","protected":false},"excerpt":{"rendered":"<p>Matheus Chaparini Nos \u00faltimos dias, professores, funcion\u00e1rios e alunos do Atelier Livre foram surpreendidos com uma publica\u00e7\u00e3o no Di\u00e1rio Oficial. Tradicionalmente, a dire\u00e7\u00e3o do Atelier Livre \u00e9 escolhida atrav\u00e9s de elei\u00e7\u00f5es internas diretas, onde somente podem concorrer funcion\u00e1rios do quadro. No final de 2016, a ent\u00e3o diretora, Miriam Topolar, foi reeleita para um mandato de [&hellip;]<\/p>\n","protected":false},"author":4,"featured_media":45337,"comment_status":"open","ping_status":"closed","sticky":false,"template":"","format":"standard","meta":{"_jetpack_newsletter_access":"","_jetpack_dont_email_post_to_subs":false,"_jetpack_newsletter_tier_id":0,"_jetpack_memberships_contains_paywalled_content":false,"_jetpack_feature_clip_id":0,"_jetpack_memberships_contains_paid_content":false,"footnotes":"","jetpack_post_was_ever_published":false},"categories":[26],"tags":[],"class_list":["post-45335","post","type-post","status-publish","format-standard","has-post-thumbnail","hentry","category-geral"],"aioseo_notices":[],"aioseo_head":"\n\t\t<!-- All in One SEO 5.0.1.1 - aioseo.com -->\n\t<meta name=\"robots\" content=\"max-image-preview:large\" \/>\n\t<meta name=\"author\" content=\"da Reda\u00e7\u00e3o\"\/>\n\t<link rel=\"canonical\" href=\"https:\/\/www.jornalja.com.br\/arquivo\/marchezan-muda-regra-e-nomeia-cc-para-direcao-do-atelier-livre\/\" \/>\n\t<meta name=\"generator\" content=\"All in One SEO (AIOSEO) 5.0.1.1\" \/>\n\t\t<meta property=\"og:locale\" content=\"pt_BR\" \/>\n\t\t<meta property=\"og:site_name\" content=\"Arquivo | Jornal J\u00c1 | Porto Alegre\" \/>\n\t\t<meta property=\"og:type\" content=\"article\" \/>\n\t\t<meta property=\"og:title\" content=\"Marchezan muda regra e nomeia CC para dire\u00e7\u00e3o do Atelier Livre | Arquivo\" \/>\n\t\t<meta property=\"og:url\" content=\"https:\/\/www.jornalja.com.br\/arquivo\/marchezan-muda-regra-e-nomeia-cc-para-direcao-do-atelier-livre\/\" \/>\n\t\t<meta property=\"og:image\" content=\"https:\/\/www.jornalja.com.br\/economics\/wp-content\/uploads\/sites\/11\/2026\/08\/ja-folhaderosto-facebook.jpg\" \/>\n\t\t<meta property=\"og:image:secure_url\" content=\"https:\/\/www.jornalja.com.br\/economics\/wp-content\/uploads\/sites\/11\/2026\/08\/ja-folhaderosto-facebook.jpg\" \/>\n\t\t<meta property=\"article:published_time\" content=\"2017-03-06T19:55:08+00:00\" \/>\n\t\t<meta property=\"article:modified_time\" content=\"2017-03-06T19:55:08+00:00\" \/>\n\t\t<meta name=\"twitter:card\" content=\"summary\" \/>\n\t\t<meta name=\"twitter:title\" content=\"Marchezan muda regra e nomeia CC para dire\u00e7\u00e3o do Atelier Livre | Arquivo\" \/>\n\t\t<meta name=\"twitter:image\" content=\"https:\/\/www.jornalja.com.br\/economics\/wp-content\/uploads\/sites\/11\/2026\/08\/ja-folhaderosto-facebook.jpg\" \/>\n\t\t<script type=\"application\/ld+json\" class=\"aioseo-schema\">\n\t\t\t{\"@context\":\"https:\\\/\\\/schema.org\",\"@graph\":[{\"@type\":\"BlogPosting\",\"@id\":\"https:\\\/\\\/www.jornalja.com.br\\\/arquivo\\\/marchezan-muda-regra-e-nomeia-cc-para-direcao-do-atelier-livre\\\/#blogposting\",\"name\":\"Marchezan muda regra e nomeia CC para dire\\u00e7\\u00e3o do Atelier Livre | Arquivo\",\"headline\":\"Marchezan muda regra e nomeia CC para dire\\u00e7\\u00e3o do Atelier Livre\",\"author\":{\"@id\":\"https:\\\/\\\/www.jornalja.com.br\\\/arquivo\\\/author\\\/daredacao\\\/#author\"},\"publisher\":{\"@id\":\"https:\\\/\\\/www.jornalja.com.br\\\/arquivo\\\/#organization\"},\"image\":{\"@type\":\"ImageObject\",\"url\":45337},\"datePublished\":\"2017-03-06T16:55:08-03:00\",\"dateModified\":\"2017-03-06T16:55:08-03:00\",\"inLanguage\":\"pt-BR\",\"commentCount\":1,\"mainEntityOfPage\":{\"@id\":\"https:\\\/\\\/www.jornalja.com.br\\\/arquivo\\\/marchezan-muda-regra-e-nomeia-cc-para-direcao-do-atelier-livre\\\/#webpage\"},\"isPartOf\":{\"@id\":\"https:\\\/\\\/www.jornalja.com.br\\\/arquivo\\\/marchezan-muda-regra-e-nomeia-cc-para-direcao-do-atelier-livre\\\/#webpage\"},\"articleSection\":\"Geral\"},{\"@type\":\"BreadcrumbList\",\"@id\":\"https:\\\/\\\/www.jornalja.com.br\\\/arquivo\\\/marchezan-muda-regra-e-nomeia-cc-para-direcao-do-atelier-livre\\\/#breadcrumblist\",\"itemListElement\":[{\"@type\":\"ListItem\",\"@id\":\"https:\\\/\\\/www.jornalja.com.br\\\/arquivo#listItem\",\"position\":1,\"name\":\"Home\",\"item\":\"https:\\\/\\\/www.jornalja.com.br\\\/arquivo\",\"nextItem\":{\"@type\":\"ListItem\",\"@id\":\"https:\\\/\\\/www.jornalja.com.br\\\/arquivo\\\/category\\\/geral\\\/#listItem\",\"name\":\"Geral\"}},{\"@type\":\"ListItem\",\"@id\":\"https:\\\/\\\/www.jornalja.com.br\\\/arquivo\\\/category\\\/geral\\\/#listItem\",\"position\":2,\"name\":\"Geral\",\"item\":\"https:\\\/\\\/www.jornalja.com.br\\\/arquivo\\\/category\\\/geral\\\/\",\"nextItem\":{\"@type\":\"ListItem\",\"@id\":\"https:\\\/\\\/www.jornalja.com.br\\\/arquivo\\\/marchezan-muda-regra-e-nomeia-cc-para-direcao-do-atelier-livre\\\/#listItem\",\"name\":\"Marchezan muda regra e nomeia CC para dire\\u00e7\\u00e3o do Atelier Livre\"},\"previousItem\":{\"@type\":\"ListItem\",\"@id\":\"https:\\\/\\\/www.jornalja.com.br\\\/arquivo#listItem\",\"name\":\"Home\"}},{\"@type\":\"ListItem\",\"@id\":\"https:\\\/\\\/www.jornalja.com.br\\\/arquivo\\\/marchezan-muda-regra-e-nomeia-cc-para-direcao-do-atelier-livre\\\/#listItem\",\"position\":3,\"name\":\"Marchezan muda regra e nomeia CC para dire\\u00e7\\u00e3o do Atelier Livre\",\"previousItem\":{\"@type\":\"ListItem\",\"@id\":\"https:\\\/\\\/www.jornalja.com.br\\\/arquivo\\\/category\\\/geral\\\/#listItem\",\"name\":\"Geral\"}}]},{\"@type\":\"Organization\",\"@id\":\"https:\\\/\\\/www.jornalja.com.br\\\/arquivo\\\/#organization\",\"name\":\"Jornal J\\u00c1\",\"description\":\"Jornal J\\u00c1 | Porto Alegre\",\"url\":\"https:\\\/\\\/www.jornalja.com.br\\\/arquivo\\\/\",\"telephone\":\"+555133307272\",\"logo\":{\"@type\":\"ImageObject\",\"url\":\"https:\\\/\\\/www.jornalja.com.br\\\/wp-content\\\/uploads\\\/cards\\\/JAslogan.png\",\"@id\":\"https:\\\/\\\/www.jornalja.com.br\\\/arquivo\\\/marchezan-muda-regra-e-nomeia-cc-para-direcao-do-atelier-livre\\\/#organizationLogo\"},\"image\":{\"@id\":\"https:\\\/\\\/www.jornalja.com.br\\\/arquivo\\\/marchezan-muda-regra-e-nomeia-cc-para-direcao-do-atelier-livre\\\/#organizationLogo\"}},{\"@type\":\"Person\",\"@id\":\"https:\\\/\\\/www.jornalja.com.br\\\/arquivo\\\/author\\\/daredacao\\\/#author\",\"url\":\"https:\\\/\\\/www.jornalja.com.br\\\/arquivo\\\/author\\\/daredacao\\\/\",\"name\":\"da Reda\\u00e7\\u00e3o\",\"image\":{\"@type\":\"ImageObject\",\"@id\":\"https:\\\/\\\/www.jornalja.com.br\\\/arquivo\\\/marchezan-muda-regra-e-nomeia-cc-para-direcao-do-atelier-livre\\\/#authorImage\",\"url\":\"https:\\\/\\\/secure.gravatar.com\\\/avatar\\\/469fd857d6605ad19919d27ed29d35a968a25f6e8fd9318356bbb7f57aae9c65?s=96&d=mm&r=g\",\"width\":96,\"height\":96,\"caption\":\"da Reda\\u00e7\\u00e3o\"}},{\"@type\":\"WebPage\",\"@id\":\"https:\\\/\\\/www.jornalja.com.br\\\/arquivo\\\/marchezan-muda-regra-e-nomeia-cc-para-direcao-do-atelier-livre\\\/#webpage\",\"url\":\"https:\\\/\\\/www.jornalja.com.br\\\/arquivo\\\/marchezan-muda-regra-e-nomeia-cc-para-direcao-do-atelier-livre\\\/\",\"name\":\"Marchezan muda regra e nomeia CC para dire\\u00e7\\u00e3o do Atelier Livre | Arquivo\",\"inLanguage\":\"pt-BR\",\"isPartOf\":{\"@id\":\"https:\\\/\\\/www.jornalja.com.br\\\/arquivo\\\/#website\"},\"breadcrumb\":{\"@id\":\"https:\\\/\\\/www.jornalja.com.br\\\/arquivo\\\/marchezan-muda-regra-e-nomeia-cc-para-direcao-do-atelier-livre\\\/#breadcrumblist\"},\"author\":{\"@id\":\"https:\\\/\\\/www.jornalja.com.br\\\/arquivo\\\/author\\\/daredacao\\\/#author\"},\"creator\":{\"@id\":\"https:\\\/\\\/www.jornalja.com.br\\\/arquivo\\\/author\\\/daredacao\\\/#author\"},\"image\":{\"@type\":\"ImageObject\",\"url\":45337,\"@id\":\"https:\\\/\\\/www.jornalja.com.br\\\/arquivo\\\/marchezan-muda-regra-e-nomeia-cc-para-direcao-do-atelier-livre\\\/#mainImage\"},\"primaryImageOfPage\":{\"@id\":\"https:\\\/\\\/www.jornalja.com.br\\\/arquivo\\\/marchezan-muda-regra-e-nomeia-cc-para-direcao-do-atelier-livre\\\/#mainImage\"},\"datePublished\":\"2017-03-06T16:55:08-03:00\",\"dateModified\":\"2017-03-06T16:55:08-03:00\"},{\"@type\":\"WebSite\",\"@id\":\"https:\\\/\\\/www.jornalja.com.br\\\/arquivo\\\/#website\",\"url\":\"https:\\\/\\\/www.jornalja.com.br\\\/arquivo\\\/\",\"name\":\"Arquivo\",\"description\":\"Jornal J\\u00c1 | Porto Alegre\",\"inLanguage\":\"pt-BR\",\"publisher\":{\"@id\":\"https:\\\/\\\/www.jornalja.com.br\\\/arquivo\\\/#organization\"}}]}\n\t\t<\/script>\n\t\t<!-- All in One SEO -->\n\n","aioseo_head_json":{"title":"Marchezan muda regra e nomeia CC para dire\u00e7\u00e3o do Atelier Livre | Arquivo","description":"","canonical_url":"https:\/\/www.jornalja.com.br\/arquivo\/marchezan-muda-regra-e-nomeia-cc-para-direcao-do-atelier-livre\/","robots":"max-image-preview:large","keywords":"","webmasterTools":{"miscellaneous":""},"schema":{"@context":"https:\/\/schema.org","@graph":[{"@type":"BlogPosting","@id":"https:\/\/www.jornalja.com.br\/arquivo\/marchezan-muda-regra-e-nomeia-cc-para-direcao-do-atelier-livre\/#blogposting","name":"Marchezan muda regra e nomeia CC para dire\u00e7\u00e3o do Atelier Livre | Arquivo","headline":"Marchezan muda regra e nomeia CC para dire\u00e7\u00e3o do Atelier Livre","author":{"@id":"https:\/\/www.jornalja.com.br\/arquivo\/author\/daredacao\/#author"},"publisher":{"@id":"https:\/\/www.jornalja.com.br\/arquivo\/#organization"},"image":{"@type":"ImageObject","url":45337},"datePublished":"2017-03-06T16:55:08-03:00","dateModified":"2017-03-06T16:55:08-03:00","inLanguage":"pt-BR","commentCount":1,"mainEntityOfPage":{"@id":"https:\/\/www.jornalja.com.br\/arquivo\/marchezan-muda-regra-e-nomeia-cc-para-direcao-do-atelier-livre\/#webpage"},"isPartOf":{"@id":"https:\/\/www.jornalja.com.br\/arquivo\/marchezan-muda-regra-e-nomeia-cc-para-direcao-do-atelier-livre\/#webpage"},"articleSection":"Geral"},{"@type":"BreadcrumbList","@id":"https:\/\/www.jornalja.com.br\/arquivo\/marchezan-muda-regra-e-nomeia-cc-para-direcao-do-atelier-livre\/#breadcrumblist","itemListElement":[{"@type":"ListItem","@id":"https:\/\/www.jornalja.com.br\/arquivo#listItem","position":1,"name":"Home","item":"https:\/\/www.jornalja.com.br\/arquivo","nextItem":{"@type":"ListItem","@id":"https:\/\/www.jornalja.com.br\/arquivo\/category\/geral\/#listItem","name":"Geral"}},{"@type":"ListItem","@id":"https:\/\/www.jornalja.com.br\/arquivo\/category\/geral\/#listItem","position":2,"name":"Geral","item":"https:\/\/www.jornalja.com.br\/arquivo\/category\/geral\/","nextItem":{"@type":"ListItem","@id":"https:\/\/www.jornalja.com.br\/arquivo\/marchezan-muda-regra-e-nomeia-cc-para-direcao-do-atelier-livre\/#listItem","name":"Marchezan muda regra e nomeia CC para dire\u00e7\u00e3o do Atelier Livre"},"previousItem":{"@type":"ListItem","@id":"https:\/\/www.jornalja.com.br\/arquivo#listItem","name":"Home"}},{"@type":"ListItem","@id":"https:\/\/www.jornalja.com.br\/arquivo\/marchezan-muda-regra-e-nomeia-cc-para-direcao-do-atelier-livre\/#listItem","position":3,"name":"Marchezan muda regra e nomeia CC para dire\u00e7\u00e3o do Atelier Livre","previousItem":{"@type":"ListItem","@id":"https:\/\/www.jornalja.com.br\/arquivo\/category\/geral\/#listItem","name":"Geral"}}]},{"@type":"Organization","@id":"https:\/\/www.jornalja.com.br\/arquivo\/#organization","name":"Jornal J\u00c1","description":"Jornal J\u00c1 | Porto Alegre","url":"https:\/\/www.jornalja.com.br\/arquivo\/","telephone":"+555133307272","logo":{"@type":"ImageObject","url":"https:\/\/www.jornalja.com.br\/wp-content\/uploads\/cards\/JAslogan.png","@id":"https:\/\/www.jornalja.com.br\/arquivo\/marchezan-muda-regra-e-nomeia-cc-para-direcao-do-atelier-livre\/#organizationLogo"},"image":{"@id":"https:\/\/www.jornalja.com.br\/arquivo\/marchezan-muda-regra-e-nomeia-cc-para-direcao-do-atelier-livre\/#organizationLogo"}},{"@type":"Person","@id":"https:\/\/www.jornalja.com.br\/arquivo\/author\/daredacao\/#author","url":"https:\/\/www.jornalja.com.br\/arquivo\/author\/daredacao\/","name":"da Reda\u00e7\u00e3o","image":{"@type":"ImageObject","@id":"https:\/\/www.jornalja.com.br\/arquivo\/marchezan-muda-regra-e-nomeia-cc-para-direcao-do-atelier-livre\/#authorImage","url":"https:\/\/secure.gravatar.com\/avatar\/469fd857d6605ad19919d27ed29d35a968a25f6e8fd9318356bbb7f57aae9c65?s=96&d=mm&r=g","width":96,"height":96,"caption":"da Reda\u00e7\u00e3o"}},{"@type":"WebPage","@id":"https:\/\/www.jornalja.com.br\/arquivo\/marchezan-muda-regra-e-nomeia-cc-para-direcao-do-atelier-livre\/#webpage","url":"https:\/\/www.jornalja.com.br\/arquivo\/marchezan-muda-regra-e-nomeia-cc-para-direcao-do-atelier-livre\/","name":"Marchezan muda regra e nomeia CC para dire\u00e7\u00e3o do Atelier Livre | Arquivo","inLanguage":"pt-BR","isPartOf":{"@id":"https:\/\/www.jornalja.com.br\/arquivo\/#website"},"breadcrumb":{"@id":"https:\/\/www.jornalja.com.br\/arquivo\/marchezan-muda-regra-e-nomeia-cc-para-direcao-do-atelier-livre\/#breadcrumblist"},"author":{"@id":"https:\/\/www.jornalja.com.br\/arquivo\/author\/daredacao\/#author"},"creator":{"@id":"https:\/\/www.jornalja.com.br\/arquivo\/author\/daredacao\/#author"},"image":{"@type":"ImageObject","url":45337,"@id":"https:\/\/www.jornalja.com.br\/arquivo\/marchezan-muda-regra-e-nomeia-cc-para-direcao-do-atelier-livre\/#mainImage"},"primaryImageOfPage":{"@id":"https:\/\/www.jornalja.com.br\/arquivo\/marchezan-muda-regra-e-nomeia-cc-para-direcao-do-atelier-livre\/#mainImage"},"datePublished":"2017-03-06T16:55:08-03:00","dateModified":"2017-03-06T16:55:08-03:00"},{"@type":"WebSite","@id":"https:\/\/www.jornalja.com.br\/arquivo\/#website","url":"https:\/\/www.jornalja.com.br\/arquivo\/","name":"Arquivo","description":"Jornal J\u00c1 | Porto Alegre","inLanguage":"pt-BR","publisher":{"@id":"https:\/\/www.jornalja.com.br\/arquivo\/#organization"}}]},"og:locale":"pt_BR","og:site_name":"Arquivo | Jornal J\u00c1 | Porto Alegre","og:type":"article","og:title":"Marchezan muda regra e nomeia CC para dire\u00e7\u00e3o do Atelier Livre | Arquivo","og:url":"https:\/\/www.jornalja.com.br\/arquivo\/marchezan-muda-regra-e-nomeia-cc-para-direcao-do-atelier-livre\/","og:image":"https:\/\/www.jornalja.com.br\/economics\/wp-content\/uploads\/sites\/11\/2026\/08\/ja-folhaderosto-facebook.jpg","og:image:secure_url":"https:\/\/www.jornalja.com.br\/economics\/wp-content\/uploads\/sites\/11\/2026\/08\/ja-folhaderosto-facebook.jpg","article:published_time":"2017-03-06T19:55:08+00:00","article:modified_time":"2017-03-06T19:55:08+00:00","twitter:card":"summary","twitter:title":"Marchezan muda regra e nomeia CC para dire\u00e7\u00e3o do Atelier Livre | Arquivo","twitter:image":"https:\/\/www.jornalja.com.br\/economics\/wp-content\/uploads\/sites\/11\/2026\/08\/ja-folhaderosto-facebook.jpg"},"aioseo_meta_data":{"post_id":"45335","title":null,"description":null,"keywords":null,"keyphrases":null,"primary_term":null,"canonical_url":null,"og_title":null,"og_description":null,"og_object_type":"default","og_image_type":"default","og_image_url":null,"og_image_width":null,"og_image_height":null,"og_image_custom_url":null,"og_image_custom_fields":null,"og_video":null,"og_custom_url":null,"og_article_section":null,"og_article_tags":null,"twitter_use_og":false,"twitter_card":"default","twitter_image_type":"default","twitter_image_url":null,"twitter_image_custom_url":null,"twitter_image_custom_fields":null,"twitter_title":null,"twitter_description":null,"schema":{"blockGraphs":[],"customGraphs":[],"default":{"data":{"Article":[],"Course":[],"Dataset":[],"FAQPage":[],"Movie":[],"Person":[],"Product":[],"ProductReview":[],"Car":[],"Recipe":[],"Service":[],"SoftwareApplication":[],"WebPage":[]},"graphName":"","isEnabled":true},"graphs":[]},"schema_type":null,"schema_type_options":null,"pillar_content":false,"robots_default":true,"robots_noindex":false,"robots_noarchive":false,"robots_nosnippet":false,"robots_nofollow":false,"robots_noimageindex":false,"robots_noodp":false,"robots_notranslate":false,"robots_max_snippet":null,"robots_max_videopreview":null,"robots_max_imagepreview":"large","priority":null,"frequency":null,"location":null,"local_seo":null,"breadcrumb_settings":null,"limit_modified_date":false,"ai":null,"created":"2020-12-20 20:38:59","updated":"2025-07-19 20:18:50","seo_analyzer_scan_date":null,"focus_keyword":null,"additional_keywords":null,"truseo_locale":null},"jetpack_sharing_enabled":true,"jetpack-related-posts":[{"id":14241,"url":"https:\/\/www.jornalja.com.br\/arquivo\/o-guaiba-nas-imagens-poeticas-de-achutti\/","url_meta":{"origin":45335,"position":0},"title":"O Gua\u00edba nas imagens po\u00e9ticas de Achutti","author":"da Reda\u00e7\u00e3o","date":"18 de junho de 2014","format":false,"excerpt":"Em \u201cO Gua\u00edba por Achutti\u201d \u2013 obra financiada via Minist\u00e9rio da Cultura, produ\u00e7\u00e3o executiva de Pedro Longhi, e Fl\u00e1vio Wild como designer \u2013, o fot\u00f3grafo revela a beleza e as mazelas de um espa\u00e7o aqu\u00e1tico de \u00e1guas sempre renovadas, cheio de hist\u00f3rias e lendas como as das cidades que foram\u2026","rel":"","context":"Em &quot;Cultura-Geral&quot;","block_context":{"text":"Cultura-Geral","link":"https:\/\/www.jornalja.com.br\/arquivo\/category\/materiasecundaria\/"},"img":{"alt_text":"","src":"","width":0,"height":0},"classes":[]},{"id":13101,"url":"https:\/\/www.jornalja.com.br\/arquivo\/morre-um-guerreiro-do-texto\/","url_meta":{"origin":45335,"position":1},"title":"Morre um guerreiro do texto","author":"Patr\u00edcia Marini","date":"14 de maio de 2014","format":false,"excerpt":"Por Ricardo Kotscho Reproduzido do blog do autor, 11\/5\/2014; t\u00edtulo original \u201cE l\u00e1 se foi o nosso Myltainho, guerreiro do texto\u201d. Mi\u00fado e franzino, meu amigo Myltainho era um valente e inconformado guerreiro na luta contra as injusti\u00e7as sociais, a hipocrisia, as maracutaias, o autoritarismo, a intoler\u00e2ncia, a viol\u00eancia, o\u2026","rel":"","context":"Em &quot;Geral&quot;","block_context":{"text":"Geral","link":"https:\/\/www.jornalja.com.br\/arquivo\/category\/geral\/"},"img":{"alt_text":"","src":"","width":0,"height":0},"classes":[]},{"id":13109,"url":"https:\/\/www.jornalja.com.br\/arquivo\/judiciario-reconhece-poluicao-eletromagnetica\/","url_meta":{"origin":45335,"position":2},"title":"Judici\u00e1rio reconhece polui\u00e7\u00e3o eletromagn\u00e9tica","author":"Patr\u00edcia Marini","date":"16 de maio de 2014","format":false,"excerpt":"A\u00e7\u00e3o de duas associa\u00e7\u00f5es de moradores foi acolhida pelo Tribunal de Justi\u00e7a de S\u00e3o Paulo que. em decis\u00e3o in\u00e9dita, determinou a redu\u00e7\u00e3o do campo eletromagn\u00e9tico gerado pelas linhas de transmiss\u00e3o de energia que cortam os bairros City Boa\u00e7ava e Alto de Pinheiros. \u00c9 a primeira vez que um tribunal do\u2026","rel":"","context":"Em &quot;X.Categorias velhas&quot;","block_context":{"text":"X.Categorias velhas","link":"https:\/\/www.jornalja.com.br\/arquivo\/category\/x-categorias-velhas\/"},"img":{"alt_text":"","src":"","width":0,"height":0},"classes":[]},{"id":13240,"url":"https:\/\/www.jornalja.com.br\/arquivo\/plano-diretor-estamos-construindo-o-caos\/","url_meta":{"origin":45335,"position":3},"title":"Plano diretor: &quot;Estamos construindo o caos&quot;","author":"Patr\u00edcia Marini","date":"26 de maio de 2014","format":false,"excerpt":"Desabafo que arquiteta Eliana Castilhos, delegada da Regi\u00e3o de Planejamento 1, postou nas redes sociais \u00e9 um testemunho do ambiente que se criou no Conselho do Plano Diretor de Porto Alegre, onde a aprova\u00e7\u00e3o de grandes empreendimentos \u00e9 empurrada guela abaixo dos conselheiros. Ao CMDUA Como delegada da Regi\u00e3o de\u2026","rel":"","context":"Em &quot;Geral&quot;","block_context":{"text":"Geral","link":"https:\/\/www.jornalja.com.br\/arquivo\/category\/geral\/"},"img":{"alt_text":"","src":"","width":0,"height":0},"classes":[]},{"id":13124,"url":"https:\/\/www.jornalja.com.br\/arquivo\/sangue-latino-no-iecine\/","url_meta":{"origin":45335,"position":4},"title":"Sangue latino no IECINE","author":"da Reda\u00e7\u00e3o","date":"18 de maio de 2014","format":false,"excerpt":"Francisco Ribeiro O Instituto Estadual de Cinema (IECINE) tem a frente, desde abril \u00faltimo, um novo diretor, o cineasta colombiano Juan Zapata, 36, que substitui Luiz Alberto Cassol. Radicado h\u00e1 dez anos em Porto Alegre, Zapata tem diante de si o desafio de conduzir at\u00e9 o final do ano um\u2026","rel":"","context":"Em &quot;Cultura-Geral&quot;","block_context":{"text":"Cultura-Geral","link":"https:\/\/www.jornalja.com.br\/arquivo\/category\/materiasecundaria\/"},"img":{"alt_text":"","src":"","width":0,"height":0},"classes":[]},{"id":5440,"url":"https:\/\/www.jornalja.com.br\/arquivo\/casarao-da-venancio-destino-permanece-incerto\/","url_meta":{"origin":45335,"position":5},"title":"Estado ainda n\u00e3o sabe o que fazer com casar\u00e3o abandonado h\u00e1 20 anos","author":"Elmar Bones","date":"6 de julho de 2009","format":false,"excerpt":"O casar\u00e3o amarelo, numa esquina nobre de Porto Alegre (Ven\u00e2ncio Aires com Jo\u00e3o Pessoa), j\u00e1 abrigou uma escola. H\u00e1 duas d\u00e9cadas, pelo menos, est\u00e1 abandonado, porque seu propriet\u00e1rio, o governo do Estado do Rio Grande do Sul, n\u00e3o consegue achar um destino para ele. Planos n\u00e3o faltaram. O governador Ol\u00edvio\u2026","rel":"","context":"Em &quot;X.Categorias velhas&quot;","block_context":{"text":"X.Categorias velhas","link":"https:\/\/www.jornalja.com.br\/arquivo\/category\/x-categorias-velhas\/"},"img":{"alt_text":"geraldo1","src":"https:\/\/i0.wp.com\/www.jornalja.com.br\/wp-content\/uploads\/2009\/07\/geraldo1.jpg?resize=350%2C200&ssl=1","width":350,"height":200},"classes":[]}],"jetpack_shortlink":"https:\/\/wp.me\/pbQjBd-bNd","jetpack_featured_media_url":"","_links":{"self":[{"href":"https:\/\/www.jornalja.com.br\/arquivo\/wp-json\/wp\/v2\/posts\/45335","targetHints":{"allow":["GET"]}}],"collection":[{"href":"https:\/\/www.jornalja.com.br\/arquivo\/wp-json\/wp\/v2\/posts"}],"about":[{"href":"https:\/\/www.jornalja.com.br\/arquivo\/wp-json\/wp\/v2\/types\/post"}],"author":[{"embeddable":true,"href":"https:\/\/www.jornalja.com.br\/arquivo\/wp-json\/wp\/v2\/users\/4"}],"replies":[{"embeddable":true,"href":"https:\/\/www.jornalja.com.br\/arquivo\/wp-json\/wp\/v2\/comments?post=45335"}],"version-history":[{"count":0,"href":"https:\/\/www.jornalja.com.br\/arquivo\/wp-json\/wp\/v2\/posts\/45335\/revisions"}],"wp:attachment":[{"href":"https:\/\/www.jornalja.com.br\/arquivo\/wp-json\/wp\/v2\/media?parent=45335"}],"wp:term":[{"taxonomy":"category","embeddable":true,"href":"https:\/\/www.jornalja.com.br\/arquivo\/wp-json\/wp\/v2\/categories?post=45335"},{"taxonomy":"post_tag","embeddable":true,"href":"https:\/\/www.jornalja.com.br\/arquivo\/wp-json\/wp\/v2\/tags?post=45335"}],"curies":[{"name":"wp","href":"https:\/\/api.w.org\/{rel}","templated":true}]}}