{"id":45353,"date":"2017-03-07T08:56:52","date_gmt":"2017-03-07T11:56:52","guid":{"rendered":"https:\/\/www.jornalja.com.br\/?p=45353"},"modified":"2017-03-07T08:56:52","modified_gmt":"2017-03-07T11:56:52","slug":"nao-tem-como-fazer-politica-publica-sem-saber-quem-sao-os-artistas","status":"publish","type":"post","link":"https:\/\/www.jornalja.com.br\/arquivo\/nao-tem-como-fazer-politica-publica-sem-saber-quem-sao-os-artistas\/","title":{"rendered":"\u201cN\u00e3o tem como fazer pol\u00edtica p\u00fablica sem saber quem s\u00e3o os artistas\u201d"},"content":{"rendered":"<p>Artistas de rua e representantes da Secretaria Municipal de Cultura se reuniram novamente para discutir a rela\u00e7\u00e3o entre arte de rua e a nova administra\u00e7\u00e3o, \u00a0nesta segunda-feira.<br \/>\nNa semana passada, em uma reuni\u00e3o com apenas tr\u00eas artistas, <a href=\"https:\/\/www.jornalja.com.br\/prefeitura-quer-cadastrar-artistas-de-rua-em-banco-de-talentos\/\" target=\"_blank\" rel=\"noopener noreferrer\">um projeto de cadastramento foi apresentado pela SMC<\/a>.<br \/>\nDesta vez a representatividade foi maior, com cerca de dez artistas presentes, representando diversos grupos como Oigal\u00ea, Falus e Stercus, Levanta Favela, Conjunto Bluegrass Porto Alegrense, al\u00e9m de artistas independentes, como o conhecido Homem do Gato, Feliciano Falc\u00e3o.<br \/>\nDuas propostas da prefeitura dominaram a pauta do encontro: o cadastramento dos artistas de rua e o convite para que integrem a programa\u00e7\u00e3o do anivers\u00e1rio da cidade.<br \/>\nNo primeiro encontro, a ideia de um cadastramento havia assustado os artistas presentes. Um fatos que dificulta o levantamento \u00e9 o fato de ser uma popula\u00e7\u00e3o flutuante, que, em fun\u00e7\u00e3o da atividade, n\u00e3o necessariamente est\u00e1 fixa na cidade.<br \/>\nOs artistas temem ainda que o cadastro possa servir de forma inversa, limitando os espa\u00e7os e sua atua\u00e7\u00e3o. O nome \u201cbanco de talentos art\u00edsticos\u201d foi abandonado.<br \/>\nLuiz Armando Capra Filho, diretor da Usina do Gas\u00f4metro\u00a0e respons\u00e1vel por este projeto, garantiu que a limita\u00e7\u00e3o do espa\u00e7o n\u00e3o est\u00e1 em quest\u00e3o. Ele afirmou ainda n\u00e3o se tratar de um cadastramento, mas de um agendamento. A frase que p\u00f4s fim ao debate sem\u00e2ntico em torno da palavra \u201ccadastramento\u201d foi do pr\u00f3prio Capra: \u201cN\u00e3o tem como fazer pol\u00edtica p\u00fablica para a arte de rua sem saber quem s\u00e3o os artistas.\u201d<br \/>\nCapra vai pedir \u00e0 Procempa que desenvolva um piloto, para ser apresentado aos artistas. O modelo \u00e9 inspirado na<a href=\"http:\/\/www.artistasnarua.com.br\/\" target=\"_blank\" rel=\"noopener noreferrer\"> plataforma Artistas na Rua<\/a>, que funciona em S\u00e3o Paulo e traz uma agenda das apresenta\u00e7\u00f5es dos artistas, not\u00edcias, perfis dos artistas e um mapa com a disposi\u00e7\u00e3o dos locais onde acontecem as apresenta\u00e7\u00f5es. A expectativa \u00e9 que a vers\u00e3o demonstrativa fique pronta na pr\u00f3xima semana.<br \/>\nUma ideia sugerida na reuni\u00e3o e que contou com apoio da grande maioria foi a realiza\u00e7\u00e3o de um edital pela Prefeitura, atrav\u00e9s das inscri\u00e7\u00f5es a Prefeitura teria acesso a informa\u00e7\u00f5es sobre os artistas.<br \/>\nEntretanto, Capra frizou que mesmo um edital \u00e9 invi\u00e1vel de ser desenvolvido sem que o poder p\u00fablico tenha um banco de dados que permita identificar quem s\u00e3o, quantos s\u00e3o e que locais ocupam os artistas.<br \/>\nEm rela\u00e7\u00e3o ao edital, foram levantadas algumas sugest\u00f5es, como determinar que parte das apresenta\u00e7\u00f5es aconte\u00e7a fora da regi\u00e3o central da cidade, descentralizando o acesso \u00e0 cultura.<br \/>\nOutras quest\u00e3o levantada por Fernando Zugno, Coordenador de Arte C\u00eanicas da SMC, \u00e9 a falta de recursos da Prefeitura, levantando a possibilidade de fazer um edital sem cach\u00ea para os artistas.<\/p>\n","protected":false},"excerpt":{"rendered":"<p>Artistas de rua e representantes da Secretaria Municipal de Cultura se reuniram novamente para discutir a rela\u00e7\u00e3o entre arte de rua e a nova administra\u00e7\u00e3o, \u00a0nesta segunda-feira. Na semana passada, em uma reuni\u00e3o com apenas tr\u00eas artistas, um projeto de cadastramento foi apresentado pela SMC. Desta vez a representatividade foi maior, com cerca de dez [&hellip;]<\/p>\n","protected":false},"author":4,"featured_media":34372,"comment_status":"open","ping_status":"closed","sticky":false,"template":"","format":"standard","meta":{"_jetpack_newsletter_access":"","_jetpack_dont_email_post_to_subs":false,"_jetpack_newsletter_tier_id":0,"_jetpack_memberships_contains_paywalled_content":false,"_jetpack_feature_clip_id":0,"_jetpack_memberships_contains_paid_content":false,"footnotes":"","jetpack_post_was_ever_published":false},"categories":[26],"tags":[],"class_list":["post-45353","post","type-post","status-publish","format-standard","has-post-thumbnail","hentry","category-geral"],"aioseo_notices":[],"aioseo_head":"\n\t\t<!-- All in One SEO 5.0.1.1 - aioseo.com -->\n\t<meta name=\"robots\" content=\"max-image-preview:large\" \/>\n\t<meta name=\"author\" content=\"da Reda\u00e7\u00e3o\"\/>\n\t<link rel=\"canonical\" href=\"https:\/\/www.jornalja.com.br\/arquivo\/nao-tem-como-fazer-politica-publica-sem-saber-quem-sao-os-artistas\/\" \/>\n\t<meta name=\"generator\" content=\"All in One SEO (AIOSEO) 5.0.1.1\" \/>\n\t\t<meta property=\"og:locale\" content=\"pt_BR\" \/>\n\t\t<meta property=\"og:site_name\" content=\"Arquivo | Jornal J\u00c1 | Porto Alegre\" \/>\n\t\t<meta property=\"og:type\" content=\"article\" \/>\n\t\t<meta property=\"og:title\" content=\"\u201cN\u00e3o tem como fazer pol\u00edtica p\u00fablica sem saber quem s\u00e3o os artistas\u201d | Arquivo\" \/>\n\t\t<meta property=\"og:url\" content=\"https:\/\/www.jornalja.com.br\/arquivo\/nao-tem-como-fazer-politica-publica-sem-saber-quem-sao-os-artistas\/\" \/>\n\t\t<meta property=\"og:image\" content=\"https:\/\/www.jornalja.com.br\/economics\/wp-content\/uploads\/sites\/11\/2026\/08\/ja-folhaderosto-facebook.jpg\" \/>\n\t\t<meta property=\"og:image:secure_url\" content=\"https:\/\/www.jornalja.com.br\/economics\/wp-content\/uploads\/sites\/11\/2026\/08\/ja-folhaderosto-facebook.jpg\" \/>\n\t\t<meta property=\"article:published_time\" content=\"2017-03-07T11:56:52+00:00\" \/>\n\t\t<meta property=\"article:modified_time\" content=\"2017-03-07T11:56:52+00:00\" \/>\n\t\t<meta name=\"twitter:card\" content=\"summary\" \/>\n\t\t<meta name=\"twitter:title\" content=\"\u201cN\u00e3o tem como fazer pol\u00edtica p\u00fablica sem saber quem s\u00e3o os artistas\u201d | Arquivo\" \/>\n\t\t<meta name=\"twitter:image\" content=\"https:\/\/www.jornalja.com.br\/economics\/wp-content\/uploads\/sites\/11\/2026\/08\/ja-folhaderosto-facebook.jpg\" \/>\n\t\t<script type=\"application\/ld+json\" class=\"aioseo-schema\">\n\t\t\t{\"@context\":\"https:\\\/\\\/schema.org\",\"@graph\":[{\"@type\":\"BlogPosting\",\"@id\":\"https:\\\/\\\/www.jornalja.com.br\\\/arquivo\\\/nao-tem-como-fazer-politica-publica-sem-saber-quem-sao-os-artistas\\\/#blogposting\",\"name\":\"\\u201cN\\u00e3o tem como fazer pol\\u00edtica p\\u00fablica sem saber quem s\\u00e3o os artistas\\u201d | Arquivo\",\"headline\":\"\\u201cN\\u00e3o tem como fazer pol\\u00edtica p\\u00fablica sem saber quem s\\u00e3o os artistas\\u201d\",\"author\":{\"@id\":\"https:\\\/\\\/www.jornalja.com.br\\\/arquivo\\\/author\\\/daredacao\\\/#author\"},\"publisher\":{\"@id\":\"https:\\\/\\\/www.jornalja.com.br\\\/arquivo\\\/#organization\"},\"image\":{\"@type\":\"ImageObject\",\"url\":34372},\"datePublished\":\"2017-03-07T08:56:52-03:00\",\"dateModified\":\"2017-03-07T08:56:52-03:00\",\"inLanguage\":\"pt-BR\",\"mainEntityOfPage\":{\"@id\":\"https:\\\/\\\/www.jornalja.com.br\\\/arquivo\\\/nao-tem-como-fazer-politica-publica-sem-saber-quem-sao-os-artistas\\\/#webpage\"},\"isPartOf\":{\"@id\":\"https:\\\/\\\/www.jornalja.com.br\\\/arquivo\\\/nao-tem-como-fazer-politica-publica-sem-saber-quem-sao-os-artistas\\\/#webpage\"},\"articleSection\":\"Geral\"},{\"@type\":\"BreadcrumbList\",\"@id\":\"https:\\\/\\\/www.jornalja.com.br\\\/arquivo\\\/nao-tem-como-fazer-politica-publica-sem-saber-quem-sao-os-artistas\\\/#breadcrumblist\",\"itemListElement\":[{\"@type\":\"ListItem\",\"@id\":\"https:\\\/\\\/www.jornalja.com.br\\\/arquivo#listItem\",\"position\":1,\"name\":\"Home\",\"item\":\"https:\\\/\\\/www.jornalja.com.br\\\/arquivo\",\"nextItem\":{\"@type\":\"ListItem\",\"@id\":\"https:\\\/\\\/www.jornalja.com.br\\\/arquivo\\\/category\\\/geral\\\/#listItem\",\"name\":\"Geral\"}},{\"@type\":\"ListItem\",\"@id\":\"https:\\\/\\\/www.jornalja.com.br\\\/arquivo\\\/category\\\/geral\\\/#listItem\",\"position\":2,\"name\":\"Geral\",\"item\":\"https:\\\/\\\/www.jornalja.com.br\\\/arquivo\\\/category\\\/geral\\\/\",\"nextItem\":{\"@type\":\"ListItem\",\"@id\":\"https:\\\/\\\/www.jornalja.com.br\\\/arquivo\\\/nao-tem-como-fazer-politica-publica-sem-saber-quem-sao-os-artistas\\\/#listItem\",\"name\":\"\\u201cN\\u00e3o tem como fazer pol\\u00edtica p\\u00fablica sem saber quem s\\u00e3o os artistas\\u201d\"},\"previousItem\":{\"@type\":\"ListItem\",\"@id\":\"https:\\\/\\\/www.jornalja.com.br\\\/arquivo#listItem\",\"name\":\"Home\"}},{\"@type\":\"ListItem\",\"@id\":\"https:\\\/\\\/www.jornalja.com.br\\\/arquivo\\\/nao-tem-como-fazer-politica-publica-sem-saber-quem-sao-os-artistas\\\/#listItem\",\"position\":3,\"name\":\"\\u201cN\\u00e3o tem como fazer pol\\u00edtica p\\u00fablica sem saber quem s\\u00e3o os artistas\\u201d\",\"previousItem\":{\"@type\":\"ListItem\",\"@id\":\"https:\\\/\\\/www.jornalja.com.br\\\/arquivo\\\/category\\\/geral\\\/#listItem\",\"name\":\"Geral\"}}]},{\"@type\":\"Organization\",\"@id\":\"https:\\\/\\\/www.jornalja.com.br\\\/arquivo\\\/#organization\",\"name\":\"Jornal J\\u00c1\",\"description\":\"Jornal J\\u00c1 | Porto Alegre\",\"url\":\"https:\\\/\\\/www.jornalja.com.br\\\/arquivo\\\/\",\"telephone\":\"+555133307272\",\"logo\":{\"@type\":\"ImageObject\",\"url\":\"https:\\\/\\\/www.jornalja.com.br\\\/wp-content\\\/uploads\\\/cards\\\/JAslogan.png\",\"@id\":\"https:\\\/\\\/www.jornalja.com.br\\\/arquivo\\\/nao-tem-como-fazer-politica-publica-sem-saber-quem-sao-os-artistas\\\/#organizationLogo\"},\"image\":{\"@id\":\"https:\\\/\\\/www.jornalja.com.br\\\/arquivo\\\/nao-tem-como-fazer-politica-publica-sem-saber-quem-sao-os-artistas\\\/#organizationLogo\"}},{\"@type\":\"Person\",\"@id\":\"https:\\\/\\\/www.jornalja.com.br\\\/arquivo\\\/author\\\/daredacao\\\/#author\",\"url\":\"https:\\\/\\\/www.jornalja.com.br\\\/arquivo\\\/author\\\/daredacao\\\/\",\"name\":\"da Reda\\u00e7\\u00e3o\",\"image\":{\"@type\":\"ImageObject\",\"@id\":\"https:\\\/\\\/www.jornalja.com.br\\\/arquivo\\\/nao-tem-como-fazer-politica-publica-sem-saber-quem-sao-os-artistas\\\/#authorImage\",\"url\":\"https:\\\/\\\/secure.gravatar.com\\\/avatar\\\/469fd857d6605ad19919d27ed29d35a968a25f6e8fd9318356bbb7f57aae9c65?s=96&d=mm&r=g\",\"width\":96,\"height\":96,\"caption\":\"da Reda\\u00e7\\u00e3o\"}},{\"@type\":\"WebPage\",\"@id\":\"https:\\\/\\\/www.jornalja.com.br\\\/arquivo\\\/nao-tem-como-fazer-politica-publica-sem-saber-quem-sao-os-artistas\\\/#webpage\",\"url\":\"https:\\\/\\\/www.jornalja.com.br\\\/arquivo\\\/nao-tem-como-fazer-politica-publica-sem-saber-quem-sao-os-artistas\\\/\",\"name\":\"\\u201cN\\u00e3o tem como fazer pol\\u00edtica p\\u00fablica sem saber quem s\\u00e3o os artistas\\u201d | Arquivo\",\"inLanguage\":\"pt-BR\",\"isPartOf\":{\"@id\":\"https:\\\/\\\/www.jornalja.com.br\\\/arquivo\\\/#website\"},\"breadcrumb\":{\"@id\":\"https:\\\/\\\/www.jornalja.com.br\\\/arquivo\\\/nao-tem-como-fazer-politica-publica-sem-saber-quem-sao-os-artistas\\\/#breadcrumblist\"},\"author\":{\"@id\":\"https:\\\/\\\/www.jornalja.com.br\\\/arquivo\\\/author\\\/daredacao\\\/#author\"},\"creator\":{\"@id\":\"https:\\\/\\\/www.jornalja.com.br\\\/arquivo\\\/author\\\/daredacao\\\/#author\"},\"image\":{\"@type\":\"ImageObject\",\"url\":34372,\"@id\":\"https:\\\/\\\/www.jornalja.com.br\\\/arquivo\\\/nao-tem-como-fazer-politica-publica-sem-saber-quem-sao-os-artistas\\\/#mainImage\"},\"primaryImageOfPage\":{\"@id\":\"https:\\\/\\\/www.jornalja.com.br\\\/arquivo\\\/nao-tem-como-fazer-politica-publica-sem-saber-quem-sao-os-artistas\\\/#mainImage\"},\"datePublished\":\"2017-03-07T08:56:52-03:00\",\"dateModified\":\"2017-03-07T08:56:52-03:00\"},{\"@type\":\"WebSite\",\"@id\":\"https:\\\/\\\/www.jornalja.com.br\\\/arquivo\\\/#website\",\"url\":\"https:\\\/\\\/www.jornalja.com.br\\\/arquivo\\\/\",\"name\":\"Arquivo\",\"description\":\"Jornal J\\u00c1 | Porto Alegre\",\"inLanguage\":\"pt-BR\",\"publisher\":{\"@id\":\"https:\\\/\\\/www.jornalja.com.br\\\/arquivo\\\/#organization\"}}]}\n\t\t<\/script>\n\t\t<!-- All in One SEO -->\n\n","aioseo_head_json":{"title":"\u201cN\u00e3o tem como fazer pol\u00edtica p\u00fablica sem saber quem s\u00e3o os artistas\u201d | Arquivo","description":"","canonical_url":"https:\/\/www.jornalja.com.br\/arquivo\/nao-tem-como-fazer-politica-publica-sem-saber-quem-sao-os-artistas\/","robots":"max-image-preview:large","keywords":"","webmasterTools":{"miscellaneous":""},"schema":{"@context":"https:\/\/schema.org","@graph":[{"@type":"BlogPosting","@id":"https:\/\/www.jornalja.com.br\/arquivo\/nao-tem-como-fazer-politica-publica-sem-saber-quem-sao-os-artistas\/#blogposting","name":"\u201cN\u00e3o tem como fazer pol\u00edtica p\u00fablica sem saber quem s\u00e3o os artistas\u201d | Arquivo","headline":"\u201cN\u00e3o tem como fazer pol\u00edtica p\u00fablica sem saber quem s\u00e3o os artistas\u201d","author":{"@id":"https:\/\/www.jornalja.com.br\/arquivo\/author\/daredacao\/#author"},"publisher":{"@id":"https:\/\/www.jornalja.com.br\/arquivo\/#organization"},"image":{"@type":"ImageObject","url":34372},"datePublished":"2017-03-07T08:56:52-03:00","dateModified":"2017-03-07T08:56:52-03:00","inLanguage":"pt-BR","mainEntityOfPage":{"@id":"https:\/\/www.jornalja.com.br\/arquivo\/nao-tem-como-fazer-politica-publica-sem-saber-quem-sao-os-artistas\/#webpage"},"isPartOf":{"@id":"https:\/\/www.jornalja.com.br\/arquivo\/nao-tem-como-fazer-politica-publica-sem-saber-quem-sao-os-artistas\/#webpage"},"articleSection":"Geral"},{"@type":"BreadcrumbList","@id":"https:\/\/www.jornalja.com.br\/arquivo\/nao-tem-como-fazer-politica-publica-sem-saber-quem-sao-os-artistas\/#breadcrumblist","itemListElement":[{"@type":"ListItem","@id":"https:\/\/www.jornalja.com.br\/arquivo#listItem","position":1,"name":"Home","item":"https:\/\/www.jornalja.com.br\/arquivo","nextItem":{"@type":"ListItem","@id":"https:\/\/www.jornalja.com.br\/arquivo\/category\/geral\/#listItem","name":"Geral"}},{"@type":"ListItem","@id":"https:\/\/www.jornalja.com.br\/arquivo\/category\/geral\/#listItem","position":2,"name":"Geral","item":"https:\/\/www.jornalja.com.br\/arquivo\/category\/geral\/","nextItem":{"@type":"ListItem","@id":"https:\/\/www.jornalja.com.br\/arquivo\/nao-tem-como-fazer-politica-publica-sem-saber-quem-sao-os-artistas\/#listItem","name":"\u201cN\u00e3o tem como fazer pol\u00edtica p\u00fablica sem saber quem s\u00e3o os artistas\u201d"},"previousItem":{"@type":"ListItem","@id":"https:\/\/www.jornalja.com.br\/arquivo#listItem","name":"Home"}},{"@type":"ListItem","@id":"https:\/\/www.jornalja.com.br\/arquivo\/nao-tem-como-fazer-politica-publica-sem-saber-quem-sao-os-artistas\/#listItem","position":3,"name":"\u201cN\u00e3o tem como fazer pol\u00edtica p\u00fablica sem saber quem s\u00e3o os artistas\u201d","previousItem":{"@type":"ListItem","@id":"https:\/\/www.jornalja.com.br\/arquivo\/category\/geral\/#listItem","name":"Geral"}}]},{"@type":"Organization","@id":"https:\/\/www.jornalja.com.br\/arquivo\/#organization","name":"Jornal J\u00c1","description":"Jornal J\u00c1 | Porto Alegre","url":"https:\/\/www.jornalja.com.br\/arquivo\/","telephone":"+555133307272","logo":{"@type":"ImageObject","url":"https:\/\/www.jornalja.com.br\/wp-content\/uploads\/cards\/JAslogan.png","@id":"https:\/\/www.jornalja.com.br\/arquivo\/nao-tem-como-fazer-politica-publica-sem-saber-quem-sao-os-artistas\/#organizationLogo"},"image":{"@id":"https:\/\/www.jornalja.com.br\/arquivo\/nao-tem-como-fazer-politica-publica-sem-saber-quem-sao-os-artistas\/#organizationLogo"}},{"@type":"Person","@id":"https:\/\/www.jornalja.com.br\/arquivo\/author\/daredacao\/#author","url":"https:\/\/www.jornalja.com.br\/arquivo\/author\/daredacao\/","name":"da Reda\u00e7\u00e3o","image":{"@type":"ImageObject","@id":"https:\/\/www.jornalja.com.br\/arquivo\/nao-tem-como-fazer-politica-publica-sem-saber-quem-sao-os-artistas\/#authorImage","url":"https:\/\/secure.gravatar.com\/avatar\/469fd857d6605ad19919d27ed29d35a968a25f6e8fd9318356bbb7f57aae9c65?s=96&d=mm&r=g","width":96,"height":96,"caption":"da Reda\u00e7\u00e3o"}},{"@type":"WebPage","@id":"https:\/\/www.jornalja.com.br\/arquivo\/nao-tem-como-fazer-politica-publica-sem-saber-quem-sao-os-artistas\/#webpage","url":"https:\/\/www.jornalja.com.br\/arquivo\/nao-tem-como-fazer-politica-publica-sem-saber-quem-sao-os-artistas\/","name":"\u201cN\u00e3o tem como fazer pol\u00edtica p\u00fablica sem saber quem s\u00e3o os artistas\u201d | Arquivo","inLanguage":"pt-BR","isPartOf":{"@id":"https:\/\/www.jornalja.com.br\/arquivo\/#website"},"breadcrumb":{"@id":"https:\/\/www.jornalja.com.br\/arquivo\/nao-tem-como-fazer-politica-publica-sem-saber-quem-sao-os-artistas\/#breadcrumblist"},"author":{"@id":"https:\/\/www.jornalja.com.br\/arquivo\/author\/daredacao\/#author"},"creator":{"@id":"https:\/\/www.jornalja.com.br\/arquivo\/author\/daredacao\/#author"},"image":{"@type":"ImageObject","url":34372,"@id":"https:\/\/www.jornalja.com.br\/arquivo\/nao-tem-como-fazer-politica-publica-sem-saber-quem-sao-os-artistas\/#mainImage"},"primaryImageOfPage":{"@id":"https:\/\/www.jornalja.com.br\/arquivo\/nao-tem-como-fazer-politica-publica-sem-saber-quem-sao-os-artistas\/#mainImage"},"datePublished":"2017-03-07T08:56:52-03:00","dateModified":"2017-03-07T08:56:52-03:00"},{"@type":"WebSite","@id":"https:\/\/www.jornalja.com.br\/arquivo\/#website","url":"https:\/\/www.jornalja.com.br\/arquivo\/","name":"Arquivo","description":"Jornal J\u00c1 | Porto Alegre","inLanguage":"pt-BR","publisher":{"@id":"https:\/\/www.jornalja.com.br\/arquivo\/#organization"}}]},"og:locale":"pt_BR","og:site_name":"Arquivo | Jornal J\u00c1 | Porto Alegre","og:type":"article","og:title":"\u201cN\u00e3o tem como fazer pol\u00edtica p\u00fablica sem saber quem s\u00e3o os artistas\u201d | Arquivo","og:url":"https:\/\/www.jornalja.com.br\/arquivo\/nao-tem-como-fazer-politica-publica-sem-saber-quem-sao-os-artistas\/","og:image":"https:\/\/www.jornalja.com.br\/economics\/wp-content\/uploads\/sites\/11\/2026\/08\/ja-folhaderosto-facebook.jpg","og:image:secure_url":"https:\/\/www.jornalja.com.br\/economics\/wp-content\/uploads\/sites\/11\/2026\/08\/ja-folhaderosto-facebook.jpg","article:published_time":"2017-03-07T11:56:52+00:00","article:modified_time":"2017-03-07T11:56:52+00:00","twitter:card":"summary","twitter:title":"\u201cN\u00e3o tem como fazer pol\u00edtica p\u00fablica sem saber quem s\u00e3o os artistas\u201d | Arquivo","twitter:image":"https:\/\/www.jornalja.com.br\/economics\/wp-content\/uploads\/sites\/11\/2026\/08\/ja-folhaderosto-facebook.jpg"},"aioseo_meta_data":{"post_id":"45353","title":null,"description":null,"keywords":null,"keyphrases":null,"primary_term":null,"canonical_url":null,"og_title":null,"og_description":null,"og_object_type":"default","og_image_type":"default","og_image_url":null,"og_image_width":null,"og_image_height":null,"og_image_custom_url":null,"og_image_custom_fields":null,"og_video":null,"og_custom_url":null,"og_article_section":null,"og_article_tags":null,"twitter_use_og":false,"twitter_card":"default","twitter_image_type":"default","twitter_image_url":null,"twitter_image_custom_url":null,"twitter_image_custom_fields":null,"twitter_title":null,"twitter_description":null,"schema":{"blockGraphs":[],"customGraphs":[],"default":{"data":{"Article":[],"Course":[],"Dataset":[],"FAQPage":[],"Movie":[],"Person":[],"Product":[],"ProductReview":[],"Car":[],"Recipe":[],"Service":[],"SoftwareApplication":[],"WebPage":[]},"graphName":"","isEnabled":true},"graphs":[],"defaultGraph":"","defaultPostTypeGraph":""},"schema_type":null,"schema_type_options":null,"pillar_content":false,"robots_default":true,"robots_noindex":false,"robots_noarchive":false,"robots_nosnippet":false,"robots_nofollow":false,"robots_noimageindex":false,"robots_noodp":false,"robots_notranslate":false,"robots_max_snippet":null,"robots_max_videopreview":null,"robots_max_imagepreview":"large","priority":null,"frequency":null,"location":null,"local_seo":null,"breadcrumb_settings":null,"limit_modified_date":false,"ai":null,"created":"2020-12-20 20:38:59","updated":"2025-07-19 20:18:50","seo_analyzer_scan_date":null,"focus_keyword":null,"additional_keywords":null,"truseo_locale":null},"jetpack_sharing_enabled":true,"jetpack-related-posts":[{"id":13240,"url":"https:\/\/www.jornalja.com.br\/arquivo\/plano-diretor-estamos-construindo-o-caos\/","url_meta":{"origin":45353,"position":0},"title":"Plano diretor: &quot;Estamos construindo o caos&quot;","author":"Patr\u00edcia Marini","date":"26 de maio de 2014","format":false,"excerpt":"Desabafo que arquiteta Eliana Castilhos, delegada da Regi\u00e3o de Planejamento 1, postou nas redes sociais \u00e9 um testemunho do ambiente que se criou no Conselho do Plano Diretor de Porto Alegre, onde a aprova\u00e7\u00e3o de grandes empreendimentos \u00e9 empurrada guela abaixo dos conselheiros. Ao CMDUA Como delegada da Regi\u00e3o de\u2026","rel":"","context":"Em &quot;Geral&quot;","block_context":{"text":"Geral","link":"https:\/\/www.jornalja.com.br\/arquivo\/category\/geral\/"},"img":{"alt_text":"","src":"","width":0,"height":0},"classes":[]},{"id":13124,"url":"https:\/\/www.jornalja.com.br\/arquivo\/sangue-latino-no-iecine\/","url_meta":{"origin":45353,"position":1},"title":"Sangue latino no IECINE","author":"da Reda\u00e7\u00e3o","date":"18 de maio de 2014","format":false,"excerpt":"Francisco Ribeiro O Instituto Estadual de Cinema (IECINE) tem a frente, desde abril \u00faltimo, um novo diretor, o cineasta colombiano Juan Zapata, 36, que substitui Luiz Alberto Cassol. Radicado h\u00e1 dez anos em Porto Alegre, Zapata tem diante de si o desafio de conduzir at\u00e9 o final do ano um\u2026","rel":"","context":"Em &quot;Cultura-Geral&quot;","block_context":{"text":"Cultura-Geral","link":"https:\/\/www.jornalja.com.br\/arquivo\/category\/materiasecundaria\/"},"img":{"alt_text":"","src":"","width":0,"height":0},"classes":[]},{"id":13101,"url":"https:\/\/www.jornalja.com.br\/arquivo\/morre-um-guerreiro-do-texto\/","url_meta":{"origin":45353,"position":2},"title":"Morre um guerreiro do texto","author":"Patr\u00edcia Marini","date":"14 de maio de 2014","format":false,"excerpt":"Por Ricardo Kotscho Reproduzido do blog do autor, 11\/5\/2014; t\u00edtulo original \u201cE l\u00e1 se foi o nosso Myltainho, guerreiro do texto\u201d. Mi\u00fado e franzino, meu amigo Myltainho era um valente e inconformado guerreiro na luta contra as injusti\u00e7as sociais, a hipocrisia, as maracutaias, o autoritarismo, a intoler\u00e2ncia, a viol\u00eancia, o\u2026","rel":"","context":"Em &quot;Geral&quot;","block_context":{"text":"Geral","link":"https:\/\/www.jornalja.com.br\/arquivo\/category\/geral\/"},"img":{"alt_text":"","src":"","width":0,"height":0},"classes":[]}],"jetpack_shortlink":"https:\/\/wp.me\/pbQjBd-bNv","jetpack_featured_media_url":"","_links":{"self":[{"href":"https:\/\/www.jornalja.com.br\/arquivo\/wp-json\/wp\/v2\/posts\/45353","targetHints":{"allow":["GET"]}}],"collection":[{"href":"https:\/\/www.jornalja.com.br\/arquivo\/wp-json\/wp\/v2\/posts"}],"about":[{"href":"https:\/\/www.jornalja.com.br\/arquivo\/wp-json\/wp\/v2\/types\/post"}],"author":[{"embeddable":true,"href":"https:\/\/www.jornalja.com.br\/arquivo\/wp-json\/wp\/v2\/users\/4"}],"replies":[{"embeddable":true,"href":"https:\/\/www.jornalja.com.br\/arquivo\/wp-json\/wp\/v2\/comments?post=45353"}],"version-history":[{"count":0,"href":"https:\/\/www.jornalja.com.br\/arquivo\/wp-json\/wp\/v2\/posts\/45353\/revisions"}],"wp:attachment":[{"href":"https:\/\/www.jornalja.com.br\/arquivo\/wp-json\/wp\/v2\/media?parent=45353"}],"wp:term":[{"taxonomy":"category","embeddable":true,"href":"https:\/\/www.jornalja.com.br\/arquivo\/wp-json\/wp\/v2\/categories?post=45353"},{"taxonomy":"post_tag","embeddable":true,"href":"https:\/\/www.jornalja.com.br\/arquivo\/wp-json\/wp\/v2\/tags?post=45353"}],"curies":[{"name":"wp","href":"https:\/\/api.w.org\/{rel}","templated":true}]}}