{"id":45469,"date":"2017-03-09T08:13:35","date_gmt":"2017-03-09T11:13:35","guid":{"rendered":"https:\/\/www.jornalja.com.br\/?p=45469"},"modified":"2017-03-09T08:13:35","modified_gmt":"2017-03-09T11:13:35","slug":"futuro-do-rs-e-das-fundacoes-em-debate-na-assembleia-legislativa-nesta-quinta","status":"publish","type":"post","link":"https:\/\/www.jornalja.com.br\/arquivo\/futuro-do-rs-e-das-fundacoes-em-debate-na-assembleia-legislativa-nesta-quinta\/","title":{"rendered":"Futuro do RS e das Funda\u00e7\u00f5es em debate na Assembleia Legislativa nesta quinta"},"content":{"rendered":"<p>Nesta quinta-feira, dia 9, a partir das 18h30 no audit\u00f3rio Dante Barone da Assembleia Legislativa ga\u00facha, ser\u00e1 apresentado um painel\u00a0hist\u00f3rico sobre as funda\u00e7\u00f5es e demais \u00f3rg\u00e3os em vias de serem extintos\u00a0diante da reforma do estado proposta no pacote\u00a0do governo Sartori.<br \/>\nO\u00a0Futuro do RS: Fundamentos e Funda\u00e7\u00f5es ter\u00e1 participar\u00e3o de representantes das funda\u00e7\u00f5es, da Corag, do Semapi entre outras entidades. Entre os componentes das mesas, confirmadas as presen\u00e7as significativas do fil\u00f3sofo e professor Jo\u00e3o Carlos Brum Torres e do economista e professor Claudio Accurso. A iniciativa \u00e9 do Coletivo ProsperArte<br \/>\nA nota que est\u00e1 circulando nas redes sociais diz que desde sua apresenta\u00e7\u00e3o, ao final de 2016, o conjunto de projetos de lei (pacote Sartori 2016) levado pelo Piratini \u00e0 Assembl\u00e9ia Legislativa provoca estarrecimento em diferentes segmentos da sociedade. &#8220;Nota-se a absoluta falta de democracia na formula\u00e7\u00e3o, apresenta\u00e7\u00e3o, aprova\u00e7\u00e3o e execu\u00e7\u00e3o dos projetos, com aus\u00eancia de di\u00e1logo e excesso de trucul\u00eancia. Nota-se tamb\u00e9m a inconsist\u00eancia das medidas e seu impacto nefasto para a hist\u00f3ria do RS. Manifesta\u00e7\u00f5es, carta aberta, artigos em jornal e tentativas de contato direto com o governo n\u00e3o surtem efeito. Em vista disto, e da amea\u00e7a que impende sobre nosso destino hist\u00f3rico, cresce a mobiliza\u00e7\u00e3o e a urg\u00eancia de se realizar toda a press\u00e3o poss\u00edvel para evitar que se consume iniciativa nefasta do governo estadual.&#8221;<br \/>\n<strong>PROGRAMA\u00c7\u00c3O<\/strong>\u00a0(em aberto)<br \/>\nRecep\u00e7\u00e3o e credenciamento: 18h30 &#8211; 18h50<br \/>\nSauda\u00e7\u00e3o musical: 18h50-19h<br \/>\nAbertura &#8211; 19h-19h10: apresenta\u00e7\u00e3o do evento e sua din\u00e2mica (FM)<br \/>\nMesa 1, coordena\u00e7\u00e3o de Carla Ferreira.<br \/>\n<strong>Painel 1<\/strong> &#8211; 19h15-20h15 &#8211; documenta\u00e7\u00e3o: as funda\u00e7\u00f5es, sua identidade, hist\u00f3rico, realiza\u00e7\u00f5es, incid\u00eancias na sociedade e na economia do RS, consequ\u00eancias do pacote. 5 minutos por institui\u00e7\u00e3o, apresentadas em ordem alfab\u00e9tica, as funda\u00e7\u00f5es e demais \u00f3rg\u00e3os de estado (estatais) atingidos pelo pacote.<br \/>\nMesa 2, coordena\u00e7\u00e3o de Lu\u00eds Augusto Fischer<br \/>\n<strong>Painel 2<\/strong> &#8211; 20h20-21h an\u00e1lise: pondera\u00e7\u00e3o hist\u00f3rica sobre a fun\u00e7\u00e3o social das funda\u00e7\u00f5es, seu potencial e valor. Claudio Accurso, Diego Mizette Oliz (SENGE) Jo\u00e3o Carlos Brum Torres, Pedro Cezar Dutra Fonseca e L\u00facia Carpena.<br \/>\nMesa 3, coordena\u00e7\u00e3o de Antonio Villeroyy<br \/>\n<strong>Painel 3<\/strong> &#8211; 21h05-21h40 &#8211; alternativas para a crise, com Andr\u00e9 Scherer (FEE), Carlos de Martini (AFOCEFE) e Josu\u00e9 Martins (Auditor do TCE).<br \/>\nTribuna livre, coordena\u00e7\u00e3o Jacqueline Cust\u00f3dio &#8211; 21h40-22h<br \/>\nEncerramento, com leitura de documento manifesto (Zoravia Bettiol)<\/p>\n","protected":false},"excerpt":{"rendered":"<p>Nesta quinta-feira, dia 9, a partir das 18h30 no audit\u00f3rio Dante Barone da Assembleia Legislativa ga\u00facha, ser\u00e1 apresentado um painel\u00a0hist\u00f3rico sobre as funda\u00e7\u00f5es e demais \u00f3rg\u00e3os em vias de serem extintos\u00a0diante da reforma do estado proposta no pacote\u00a0do governo Sartori. O\u00a0Futuro do RS: Fundamentos e Funda\u00e7\u00f5es ter\u00e1 participar\u00e3o de representantes das funda\u00e7\u00f5es, da Corag, do [&hellip;]<\/p>\n","protected":false},"author":4,"featured_media":43530,"comment_status":"open","ping_status":"closed","sticky":false,"template":"","format":"standard","meta":{"_jetpack_memberships_contains_paid_content":false,"footnotes":""},"categories":[26],"tags":[],"class_list":["post-45469","post","type-post","status-publish","format-standard","has-post-thumbnail","hentry","category-geral"],"aioseo_notices":[],"jetpack_featured_media_url":"","jetpack_sharing_enabled":true,"jetpack-related-posts":[],"jetpack_shortlink":"https:\/\/wp.me\/pbQjBd-bPn","_links":{"self":[{"href":"https:\/\/www.jornalja.com.br\/arquivo\/wp-json\/wp\/v2\/posts\/45469","targetHints":{"allow":["GET"]}}],"collection":[{"href":"https:\/\/www.jornalja.com.br\/arquivo\/wp-json\/wp\/v2\/posts"}],"about":[{"href":"https:\/\/www.jornalja.com.br\/arquivo\/wp-json\/wp\/v2\/types\/post"}],"author":[{"embeddable":true,"href":"https:\/\/www.jornalja.com.br\/arquivo\/wp-json\/wp\/v2\/users\/4"}],"replies":[{"embeddable":true,"href":"https:\/\/www.jornalja.com.br\/arquivo\/wp-json\/wp\/v2\/comments?post=45469"}],"version-history":[{"count":0,"href":"https:\/\/www.jornalja.com.br\/arquivo\/wp-json\/wp\/v2\/posts\/45469\/revisions"}],"wp:featuredmedia":[{"embeddable":true,"href":"https:\/\/www.jornalja.com.br\/arquivo\/wp-json\/"}],"wp:attachment":[{"href":"https:\/\/www.jornalja.com.br\/arquivo\/wp-json\/wp\/v2\/media?parent=45469"}],"wp:term":[{"taxonomy":"category","embeddable":true,"href":"https:\/\/www.jornalja.com.br\/arquivo\/wp-json\/wp\/v2\/categories?post=45469"},{"taxonomy":"post_tag","embeddable":true,"href":"https:\/\/www.jornalja.com.br\/arquivo\/wp-json\/wp\/v2\/tags?post=45469"}],"curies":[{"name":"wp","href":"https:\/\/api.w.org\/{rel}","templated":true}]}}