{"id":45483,"date":"2017-03-08T17:47:46","date_gmt":"2017-03-08T20:47:46","guid":{"rendered":"https:\/\/www.jornalja.com.br\/?p=45483"},"modified":"2017-03-08T17:47:46","modified_gmt":"2017-03-08T20:47:46","slug":"dia-internacional-das-mulheres-tem-programacao-intensa-em-porto-alegre","status":"publish","type":"post","link":"https:\/\/www.jornalja.com.br\/arquivo\/dia-internacional-das-mulheres-tem-programacao-intensa-em-porto-alegre\/","title":{"rendered":"Dia Internacional das Mulheres tem programa\u00e7\u00e3o intensa em Porto Alegre"},"content":{"rendered":"<p>\u00c0s cinco horas da manh\u00e3, o sol ainda n\u00e3o havia nascido, mas dezenas de \u00f4nibus de todas as regi\u00f5es do estado chegavam \u00e0 Ponte do Gua\u00edba, local onde as trabalhadoras do campo foram recebidas por outras mulheres da cidade e pelo grupo de percuss\u00e3o N\u00e3o Mexe Comigo que Eu N\u00e3o Ando S\u00f3.<br \/>\nMilhares de mulheres marcharam at\u00e9 o centro da cidade, em uma caminhada que durou cerca de tr\u00eas horas. Ao longo do dia a programa\u00e7\u00e3o do Dia Internacional da Mulher teve semin\u00e1rios, manifesta\u00e7\u00f5es e atividades culturais.<br \/>\nA programa\u00e7\u00e3o encerra com uma caminhada pela centro da cidade, com concentra\u00e7\u00e3o marcada para a esquina democr\u00e1tica, e sa\u00edda prevista para as 18h. Antes da caminhada ser\u00e1 lido o manifesto internacional deste 8 de mar\u00e7o.<br \/>\n<figure id=\"attachment_45461\" aria-describedby=\"caption-attachment-45461\" style=\"width: 725px\" class=\"wp-caption alignnone\"><img decoding=\"async\" class=\"wp-image-45461 size-full\" src=\"https:\/\/www.jornalja.com.br\/wp-content\/uploads\/2017\/03\/17191471_837390356419111_8256078599367654513_n.jpg\" alt=\"Foto MST\" width=\"725\" height=\"462\" \/><figcaption id=\"caption-attachment-45461\" class=\"wp-caption-text\">Foto MST<\/figcaption><\/figure><br \/>\n&nbsp;<br \/>\n<figure id=\"attachment_45473\" aria-describedby=\"caption-attachment-45473\" style=\"width: 725px\" class=\"wp-caption alignnone\"><img decoding=\"async\" class=\"wp-image-45473 size-full\" src=\"https:\/\/www.jornalja.com.br\/wp-content\/uploads\/2017\/03\/Marcha-de-mulheres-8-de-mar\u00e7o-2017.-Catiana-de-Medeiros-3.jpg\" alt=\"Foto Catiana de Medeiros\" width=\"725\" height=\"483\" \/><figcaption id=\"caption-attachment-45473\" class=\"wp-caption-text\">Foto Catiana de Medeiros<\/figcaption><\/figure><br \/>\n<figure id=\"attachment_45464\" aria-describedby=\"caption-attachment-45464\" style=\"width: 725px\" class=\"wp-caption alignnone\"><img decoding=\"async\" class=\"wp-image-45464 size-full\" src=\"https:\/\/www.jornalja.com.br\/wp-content\/uploads\/2017\/03\/16939152_837364723088341_9078084588206444922_n.jpg\" alt=\"Foto M\u00eddia Ninja\" width=\"725\" height=\"483\" \/><figcaption id=\"caption-attachment-45464\" class=\"wp-caption-text\">Foto M\u00eddia Ninja<\/figcaption><\/figure><br \/>\n<figure id=\"attachment_45475\" aria-describedby=\"caption-attachment-45475\" style=\"width: 725px\" class=\"wp-caption alignnone\"><img decoding=\"async\" class=\"wp-image-45475 size-full\" src=\"https:\/\/www.jornalja.com.br\/wp-content\/uploads\/2017\/03\/Marcha-de-mulheres-8-de-mar\u00e7o-2017.-Catiana-de-Medeiros-5.jpg\" alt=\"Foto Catiana de Medeiros\" width=\"725\" height=\"483\" \/><figcaption id=\"caption-attachment-45475\" class=\"wp-caption-text\">Foto Catiana de Medeiros<\/figcaption><\/figure><br \/>\n<figure id=\"attachment_45463\" aria-describedby=\"caption-attachment-45463\" style=\"width: 725px\" class=\"wp-caption alignnone\"><img decoding=\"async\" class=\"wp-image-45463 size-full\" src=\"https:\/\/www.jornalja.com.br\/wp-content\/uploads\/2017\/03\/17190602_837364686421678_8581226616320418326_n.jpg\" alt=\"Marcha das Mulheres 8 de mar\u00e7o \/ Foto M\u00eddia Ninja\" width=\"725\" height=\"483\" \/><figcaption id=\"caption-attachment-45463\" class=\"wp-caption-text\">Foto M\u00eddia Ninja<\/figcaption><\/figure><\/p>\n","protected":false},"excerpt":{"rendered":"<p>\u00c0s cinco horas da manh\u00e3, o sol ainda n\u00e3o havia nascido, mas dezenas de \u00f4nibus de todas as regi\u00f5es do estado chegavam \u00e0 Ponte do Gua\u00edba, local onde as trabalhadoras do campo foram recebidas por outras mulheres da cidade e pelo grupo de percuss\u00e3o N\u00e3o Mexe Comigo que Eu N\u00e3o Ando S\u00f3. Milhares de mulheres [&hellip;]<\/p>\n","protected":false},"author":4,"featured_media":45474,"comment_status":"open","ping_status":"closed","sticky":false,"template":"","format":"standard","meta":{"_jetpack_memberships_contains_paid_content":false,"footnotes":""},"categories":[26],"tags":[],"class_list":["post-45483","post","type-post","status-publish","format-standard","has-post-thumbnail","hentry","category-geral"],"aioseo_notices":[],"jetpack_featured_media_url":"","jetpack_sharing_enabled":true,"jetpack-related-posts":[],"jetpack_shortlink":"https:\/\/wp.me\/pbQjBd-bPB","_links":{"self":[{"href":"https:\/\/www.jornalja.com.br\/arquivo\/wp-json\/wp\/v2\/posts\/45483","targetHints":{"allow":["GET"]}}],"collection":[{"href":"https:\/\/www.jornalja.com.br\/arquivo\/wp-json\/wp\/v2\/posts"}],"about":[{"href":"https:\/\/www.jornalja.com.br\/arquivo\/wp-json\/wp\/v2\/types\/post"}],"author":[{"embeddable":true,"href":"https:\/\/www.jornalja.com.br\/arquivo\/wp-json\/wp\/v2\/users\/4"}],"replies":[{"embeddable":true,"href":"https:\/\/www.jornalja.com.br\/arquivo\/wp-json\/wp\/v2\/comments?post=45483"}],"version-history":[{"count":0,"href":"https:\/\/www.jornalja.com.br\/arquivo\/wp-json\/wp\/v2\/posts\/45483\/revisions"}],"wp:featuredmedia":[{"embeddable":true,"href":"https:\/\/www.jornalja.com.br\/arquivo\/wp-json\/"}],"wp:attachment":[{"href":"https:\/\/www.jornalja.com.br\/arquivo\/wp-json\/wp\/v2\/media?parent=45483"}],"wp:term":[{"taxonomy":"category","embeddable":true,"href":"https:\/\/www.jornalja.com.br\/arquivo\/wp-json\/wp\/v2\/categories?post=45483"},{"taxonomy":"post_tag","embeddable":true,"href":"https:\/\/www.jornalja.com.br\/arquivo\/wp-json\/wp\/v2\/tags?post=45483"}],"curies":[{"name":"wp","href":"https:\/\/api.w.org\/{rel}","templated":true}]}}