{"id":45521,"date":"2017-03-09T14:49:44","date_gmt":"2017-03-09T17:49:44","guid":{"rendered":"https:\/\/www.jornalja.com.br\/?p=45521"},"modified":"2017-03-09T14:49:44","modified_gmt":"2017-03-09T17:49:44","slug":"por-um-estado-democratico-e-transparente","status":"publish","type":"post","link":"https:\/\/www.jornalja.com.br\/arquivo\/por-um-estado-democratico-e-transparente\/","title":{"rendered":"Por um Estado democr\u00e1tico e transparente"},"content":{"rendered":"<p><span class=\"assina\">Benedito Tadeu C\u00e9sar<\/span><br \/>\n<span class=\"descreve\">Intelectual e acad\u00eamico da UFRGS, aposentado<\/span><br \/>\nOs deputados do PMDB est\u00e3o repetindo a mesma cartilha. \u00c9 o que se deduz de manifesta\u00e7\u00f5es recentes do l\u00edder do governo na Assembleia e de um ex-presidente do partido na imprensa ga\u00facha.<br \/>\nEm artigos no Correio do Povo, no dia 18 de fevereiro, e na Zero Hora, no dia 28 do mesmo m\u00eas, os parlamentares classificaram de \u201c\u00b4pseudointelectuais ideol\u00f3gicos\u201d e de &#8220;academicistas ideol\u00f3gicos divorciados dos anseios sociais&#8221; todos os que ousam discordar das medidas de &#8220;moderniza\u00e7\u00e3o&#8221; propostas pelo governador Jos\u00e9 Ivo Sartori e acatadas inconteste pelos governistas.<br \/>\nO conceito de ideologia est\u00e1 ligado \u00e0 ideia de distorcer a realidade para favorecer os interesses de determinados grupos. Assim, talvez o ep\u00edteto de ideol\u00f3gico se adeque melhor a pol\u00edticos que defendem medidas sem serem capazes de comprovar sua real necessidade e efic\u00e1cia.<br \/>\nAfirmam, os deputados, que &#8220;as propostas resultam de an\u00e1lise profunda&#8221;, que &#8220;as a\u00e7\u00f5es para resgatar o Estado do naufr\u00e1gio foram debatidas Estado (sic) afora&#8221; e, ainda, que &#8220;uma pesquisa encomendada por entidades representativas do setor produtivo j\u00e1 revelou que 72,4% dos ga\u00fachos aprovam o plano de Sartori&#8221;.<br \/>\nOnde est\u00e1 a &#8220;an\u00e1lise profunda&#8221;, que n\u00e3o foi apresentada sequer ao Legislativo? Onde est\u00e3o os estudos dos impactos das extin\u00e7\u00f5es e das privatiza\u00e7\u00f5es pretendidas? Quem os realizou? Onde est\u00e3o as informa\u00e7\u00f5es sobre as datas, as localidades e o n\u00famero de presentes em cada debate realizado sobre as medidas?<br \/>\nSem questionar os interesses que moveram o gesto dadivoso das entidades que financiaram a pesquisa, o que se pergunta, seguindo a metodologia recomendada, \u00e9 se os entrevistados foram inquiridos, ao iniciar suas respostas, sobre o seu grau de conhecimento das compet\u00eancias e or\u00e7amentos das funda\u00e7\u00f5es e empresas amea\u00e7adas.<br \/>\nNenhuma dessas informa\u00e7\u00f5es veio \u00e0 luz, n\u00e3o obstante tenha sido encaminhado um pedido de di\u00e1logo ao governador, no dia 9 de janeiro, por meio de uma carta aberta encabe\u00e7ada por 66 artistas e acad\u00eamicos reconhecidos em suas \u00e1reas e que conta hoje com cerca de 1,5 mil subscritores.<br \/>\nReafirmando que encaminhar reformas n\u00e3o expostas claramente \u00e0 sociedade constitui postura ideol\u00f3gica, mantenho, como um dos signat\u00e1rios da carta aberta, nossa disposi\u00e7\u00e3o ao debate democr\u00e1tico e renovo o pedido de divulga\u00e7\u00e3o dos estudos e de instala\u00e7\u00e3o de um f\u00f3rum com representantes da sociedade civil para elaborar alternativas para o desenvolvimento do RS.<br \/>\n&nbsp;<\/p>\n","protected":false},"excerpt":{"rendered":"<p>Benedito Tadeu C\u00e9sar Intelectual e acad\u00eamico da UFRGS, aposentado Os deputados do PMDB est\u00e3o repetindo a mesma cartilha. \u00c9 o que se deduz de manifesta\u00e7\u00f5es recentes do l\u00edder do governo na Assembleia e de um ex-presidente do partido na imprensa ga\u00facha. Em artigos no Correio do Povo, no dia 18 de fevereiro, e na Zero [&hellip;]<\/p>\n","protected":false},"author":4,"featured_media":45522,"comment_status":"open","ping_status":"closed","sticky":false,"template":"","format":"standard","meta":{"_jetpack_newsletter_access":"","_jetpack_dont_email_post_to_subs":false,"_jetpack_newsletter_tier_id":0,"_jetpack_memberships_contains_paywalled_content":false,"_jetpack_feature_clip_id":0,"_jetpack_memberships_contains_paid_content":false,"footnotes":"","jetpack_post_was_ever_published":false},"categories":[10,2011,2012],"tags":[],"class_list":["post-45521","post","type-post","status-publish","format-standard","has-post-thumbnail","hentry","category-analiseopiniao","category-destaque","category-debates"],"aioseo_notices":[],"aioseo_head":"\n\t\t<!-- All in One SEO 5.0.1.1 - aioseo.com -->\n\t<meta name=\"robots\" content=\"max-image-preview:large\" \/>\n\t<meta name=\"author\" content=\"da Reda\u00e7\u00e3o\"\/>\n\t<link rel=\"canonical\" href=\"https:\/\/www.jornalja.com.br\/arquivo\/por-um-estado-democratico-e-transparente\/\" \/>\n\t<meta name=\"generator\" content=\"All in One SEO (AIOSEO) 5.0.1.1\" \/>\n\t\t<meta property=\"og:locale\" content=\"pt_BR\" \/>\n\t\t<meta property=\"og:site_name\" content=\"Arquivo | Jornal J\u00c1 | Porto Alegre\" \/>\n\t\t<meta property=\"og:type\" content=\"article\" \/>\n\t\t<meta property=\"og:title\" content=\"Por um Estado democr\u00e1tico e transparente | Arquivo\" \/>\n\t\t<meta property=\"og:url\" content=\"https:\/\/www.jornalja.com.br\/arquivo\/por-um-estado-democratico-e-transparente\/\" \/>\n\t\t<meta property=\"og:image\" content=\"https:\/\/www.jornalja.com.br\/economics\/wp-content\/uploads\/sites\/11\/2026\/08\/ja-folhaderosto-facebook.jpg\" \/>\n\t\t<meta property=\"og:image:secure_url\" content=\"https:\/\/www.jornalja.com.br\/economics\/wp-content\/uploads\/sites\/11\/2026\/08\/ja-folhaderosto-facebook.jpg\" \/>\n\t\t<meta property=\"article:published_time\" content=\"2017-03-09T17:49:44+00:00\" \/>\n\t\t<meta property=\"article:modified_time\" content=\"2017-03-09T17:49:44+00:00\" \/>\n\t\t<meta name=\"twitter:card\" content=\"summary\" \/>\n\t\t<meta name=\"twitter:title\" content=\"Por um Estado democr\u00e1tico e transparente | Arquivo\" \/>\n\t\t<meta name=\"twitter:image\" content=\"https:\/\/www.jornalja.com.br\/economics\/wp-content\/uploads\/sites\/11\/2026\/08\/ja-folhaderosto-facebook.jpg\" \/>\n\t\t<script type=\"application\/ld+json\" class=\"aioseo-schema\">\n\t\t\t{\"@context\":\"https:\\\/\\\/schema.org\",\"@graph\":[{\"@type\":\"BlogPosting\",\"@id\":\"https:\\\/\\\/www.jornalja.com.br\\\/arquivo\\\/por-um-estado-democratico-e-transparente\\\/#blogposting\",\"name\":\"Por um Estado democr\\u00e1tico e transparente | Arquivo\",\"headline\":\"Por um Estado democr\\u00e1tico e transparente\",\"author\":{\"@id\":\"https:\\\/\\\/www.jornalja.com.br\\\/arquivo\\\/author\\\/daredacao\\\/#author\"},\"publisher\":{\"@id\":\"https:\\\/\\\/www.jornalja.com.br\\\/arquivo\\\/#organization\"},\"image\":{\"@type\":\"ImageObject\",\"url\":45522},\"datePublished\":\"2017-03-09T14:49:44-03:00\",\"dateModified\":\"2017-03-09T14:49:44-03:00\",\"inLanguage\":\"pt-BR\",\"mainEntityOfPage\":{\"@id\":\"https:\\\/\\\/www.jornalja.com.br\\\/arquivo\\\/por-um-estado-democratico-e-transparente\\\/#webpage\"},\"isPartOf\":{\"@id\":\"https:\\\/\\\/www.jornalja.com.br\\\/arquivo\\\/por-um-estado-democratico-e-transparente\\\/#webpage\"},\"articleSection\":\"AN\\u00c1LISE&amp;OPINI\\u00c3O, CDD-artigo em destaque, HOTSITE Comit\\u00ea pela Democracia\"},{\"@type\":\"BreadcrumbList\",\"@id\":\"https:\\\/\\\/www.jornalja.com.br\\\/arquivo\\\/por-um-estado-democratico-e-transparente\\\/#breadcrumblist\",\"itemListElement\":[{\"@type\":\"ListItem\",\"@id\":\"https:\\\/\\\/www.jornalja.com.br\\\/arquivo#listItem\",\"position\":1,\"name\":\"Home\",\"item\":\"https:\\\/\\\/www.jornalja.com.br\\\/arquivo\",\"nextItem\":{\"@type\":\"ListItem\",\"@id\":\"https:\\\/\\\/www.jornalja.com.br\\\/arquivo\\\/category\\\/analiseopiniao\\\/#listItem\",\"name\":\"AN\\u00c1LISE&amp;OPINI\\u00c3O\"}},{\"@type\":\"ListItem\",\"@id\":\"https:\\\/\\\/www.jornalja.com.br\\\/arquivo\\\/category\\\/analiseopiniao\\\/#listItem\",\"position\":2,\"name\":\"AN\\u00c1LISE&amp;OPINI\\u00c3O\",\"item\":\"https:\\\/\\\/www.jornalja.com.br\\\/arquivo\\\/category\\\/analiseopiniao\\\/\",\"nextItem\":{\"@type\":\"ListItem\",\"@id\":\"https:\\\/\\\/www.jornalja.com.br\\\/arquivo\\\/por-um-estado-democratico-e-transparente\\\/#listItem\",\"name\":\"Por um Estado democr\\u00e1tico e transparente\"},\"previousItem\":{\"@type\":\"ListItem\",\"@id\":\"https:\\\/\\\/www.jornalja.com.br\\\/arquivo#listItem\",\"name\":\"Home\"}},{\"@type\":\"ListItem\",\"@id\":\"https:\\\/\\\/www.jornalja.com.br\\\/arquivo\\\/por-um-estado-democratico-e-transparente\\\/#listItem\",\"position\":3,\"name\":\"Por um Estado democr\\u00e1tico e transparente\",\"previousItem\":{\"@type\":\"ListItem\",\"@id\":\"https:\\\/\\\/www.jornalja.com.br\\\/arquivo\\\/category\\\/analiseopiniao\\\/#listItem\",\"name\":\"AN\\u00c1LISE&amp;OPINI\\u00c3O\"}}]},{\"@type\":\"Organization\",\"@id\":\"https:\\\/\\\/www.jornalja.com.br\\\/arquivo\\\/#organization\",\"name\":\"Jornal J\\u00c1\",\"description\":\"Jornal J\\u00c1 | Porto Alegre\",\"url\":\"https:\\\/\\\/www.jornalja.com.br\\\/arquivo\\\/\",\"telephone\":\"+555133307272\",\"logo\":{\"@type\":\"ImageObject\",\"url\":\"https:\\\/\\\/www.jornalja.com.br\\\/wp-content\\\/uploads\\\/cards\\\/JAslogan.png\",\"@id\":\"https:\\\/\\\/www.jornalja.com.br\\\/arquivo\\\/por-um-estado-democratico-e-transparente\\\/#organizationLogo\"},\"image\":{\"@id\":\"https:\\\/\\\/www.jornalja.com.br\\\/arquivo\\\/por-um-estado-democratico-e-transparente\\\/#organizationLogo\"}},{\"@type\":\"Person\",\"@id\":\"https:\\\/\\\/www.jornalja.com.br\\\/arquivo\\\/author\\\/daredacao\\\/#author\",\"url\":\"https:\\\/\\\/www.jornalja.com.br\\\/arquivo\\\/author\\\/daredacao\\\/\",\"name\":\"da Reda\\u00e7\\u00e3o\",\"image\":{\"@type\":\"ImageObject\",\"@id\":\"https:\\\/\\\/www.jornalja.com.br\\\/arquivo\\\/por-um-estado-democratico-e-transparente\\\/#authorImage\",\"url\":\"https:\\\/\\\/secure.gravatar.com\\\/avatar\\\/469fd857d6605ad19919d27ed29d35a968a25f6e8fd9318356bbb7f57aae9c65?s=96&d=mm&r=g\",\"width\":96,\"height\":96,\"caption\":\"da Reda\\u00e7\\u00e3o\"}},{\"@type\":\"WebPage\",\"@id\":\"https:\\\/\\\/www.jornalja.com.br\\\/arquivo\\\/por-um-estado-democratico-e-transparente\\\/#webpage\",\"url\":\"https:\\\/\\\/www.jornalja.com.br\\\/arquivo\\\/por-um-estado-democratico-e-transparente\\\/\",\"name\":\"Por um Estado democr\\u00e1tico e transparente | Arquivo\",\"inLanguage\":\"pt-BR\",\"isPartOf\":{\"@id\":\"https:\\\/\\\/www.jornalja.com.br\\\/arquivo\\\/#website\"},\"breadcrumb\":{\"@id\":\"https:\\\/\\\/www.jornalja.com.br\\\/arquivo\\\/por-um-estado-democratico-e-transparente\\\/#breadcrumblist\"},\"author\":{\"@id\":\"https:\\\/\\\/www.jornalja.com.br\\\/arquivo\\\/author\\\/daredacao\\\/#author\"},\"creator\":{\"@id\":\"https:\\\/\\\/www.jornalja.com.br\\\/arquivo\\\/author\\\/daredacao\\\/#author\"},\"image\":{\"@type\":\"ImageObject\",\"url\":45522,\"@id\":\"https:\\\/\\\/www.jornalja.com.br\\\/arquivo\\\/por-um-estado-democratico-e-transparente\\\/#mainImage\"},\"primaryImageOfPage\":{\"@id\":\"https:\\\/\\\/www.jornalja.com.br\\\/arquivo\\\/por-um-estado-democratico-e-transparente\\\/#mainImage\"},\"datePublished\":\"2017-03-09T14:49:44-03:00\",\"dateModified\":\"2017-03-09T14:49:44-03:00\"},{\"@type\":\"WebSite\",\"@id\":\"https:\\\/\\\/www.jornalja.com.br\\\/arquivo\\\/#website\",\"url\":\"https:\\\/\\\/www.jornalja.com.br\\\/arquivo\\\/\",\"name\":\"Arquivo\",\"description\":\"Jornal J\\u00c1 | Porto Alegre\",\"inLanguage\":\"pt-BR\",\"publisher\":{\"@id\":\"https:\\\/\\\/www.jornalja.com.br\\\/arquivo\\\/#organization\"}}]}\n\t\t<\/script>\n\t\t<!-- All in One SEO -->\n\n","aioseo_head_json":{"title":"Por um Estado democr\u00e1tico e transparente | Arquivo","description":"","canonical_url":"https:\/\/www.jornalja.com.br\/arquivo\/por-um-estado-democratico-e-transparente\/","robots":"max-image-preview:large","keywords":"","webmasterTools":{"miscellaneous":""},"schema":{"@context":"https:\/\/schema.org","@graph":[{"@type":"BlogPosting","@id":"https:\/\/www.jornalja.com.br\/arquivo\/por-um-estado-democratico-e-transparente\/#blogposting","name":"Por um Estado democr\u00e1tico e transparente | Arquivo","headline":"Por um Estado democr\u00e1tico e transparente","author":{"@id":"https:\/\/www.jornalja.com.br\/arquivo\/author\/daredacao\/#author"},"publisher":{"@id":"https:\/\/www.jornalja.com.br\/arquivo\/#organization"},"image":{"@type":"ImageObject","url":45522},"datePublished":"2017-03-09T14:49:44-03:00","dateModified":"2017-03-09T14:49:44-03:00","inLanguage":"pt-BR","mainEntityOfPage":{"@id":"https:\/\/www.jornalja.com.br\/arquivo\/por-um-estado-democratico-e-transparente\/#webpage"},"isPartOf":{"@id":"https:\/\/www.jornalja.com.br\/arquivo\/por-um-estado-democratico-e-transparente\/#webpage"},"articleSection":"AN\u00c1LISE&amp;OPINI\u00c3O, CDD-artigo em destaque, HOTSITE Comit\u00ea pela Democracia"},{"@type":"BreadcrumbList","@id":"https:\/\/www.jornalja.com.br\/arquivo\/por-um-estado-democratico-e-transparente\/#breadcrumblist","itemListElement":[{"@type":"ListItem","@id":"https:\/\/www.jornalja.com.br\/arquivo#listItem","position":1,"name":"Home","item":"https:\/\/www.jornalja.com.br\/arquivo","nextItem":{"@type":"ListItem","@id":"https:\/\/www.jornalja.com.br\/arquivo\/category\/analiseopiniao\/#listItem","name":"AN\u00c1LISE&amp;OPINI\u00c3O"}},{"@type":"ListItem","@id":"https:\/\/www.jornalja.com.br\/arquivo\/category\/analiseopiniao\/#listItem","position":2,"name":"AN\u00c1LISE&amp;OPINI\u00c3O","item":"https:\/\/www.jornalja.com.br\/arquivo\/category\/analiseopiniao\/","nextItem":{"@type":"ListItem","@id":"https:\/\/www.jornalja.com.br\/arquivo\/por-um-estado-democratico-e-transparente\/#listItem","name":"Por um Estado democr\u00e1tico e transparente"},"previousItem":{"@type":"ListItem","@id":"https:\/\/www.jornalja.com.br\/arquivo#listItem","name":"Home"}},{"@type":"ListItem","@id":"https:\/\/www.jornalja.com.br\/arquivo\/por-um-estado-democratico-e-transparente\/#listItem","position":3,"name":"Por um Estado democr\u00e1tico e transparente","previousItem":{"@type":"ListItem","@id":"https:\/\/www.jornalja.com.br\/arquivo\/category\/analiseopiniao\/#listItem","name":"AN\u00c1LISE&amp;OPINI\u00c3O"}}]},{"@type":"Organization","@id":"https:\/\/www.jornalja.com.br\/arquivo\/#organization","name":"Jornal J\u00c1","description":"Jornal J\u00c1 | Porto Alegre","url":"https:\/\/www.jornalja.com.br\/arquivo\/","telephone":"+555133307272","logo":{"@type":"ImageObject","url":"https:\/\/www.jornalja.com.br\/wp-content\/uploads\/cards\/JAslogan.png","@id":"https:\/\/www.jornalja.com.br\/arquivo\/por-um-estado-democratico-e-transparente\/#organizationLogo"},"image":{"@id":"https:\/\/www.jornalja.com.br\/arquivo\/por-um-estado-democratico-e-transparente\/#organizationLogo"}},{"@type":"Person","@id":"https:\/\/www.jornalja.com.br\/arquivo\/author\/daredacao\/#author","url":"https:\/\/www.jornalja.com.br\/arquivo\/author\/daredacao\/","name":"da Reda\u00e7\u00e3o","image":{"@type":"ImageObject","@id":"https:\/\/www.jornalja.com.br\/arquivo\/por-um-estado-democratico-e-transparente\/#authorImage","url":"https:\/\/secure.gravatar.com\/avatar\/469fd857d6605ad19919d27ed29d35a968a25f6e8fd9318356bbb7f57aae9c65?s=96&d=mm&r=g","width":96,"height":96,"caption":"da Reda\u00e7\u00e3o"}},{"@type":"WebPage","@id":"https:\/\/www.jornalja.com.br\/arquivo\/por-um-estado-democratico-e-transparente\/#webpage","url":"https:\/\/www.jornalja.com.br\/arquivo\/por-um-estado-democratico-e-transparente\/","name":"Por um Estado democr\u00e1tico e transparente | Arquivo","inLanguage":"pt-BR","isPartOf":{"@id":"https:\/\/www.jornalja.com.br\/arquivo\/#website"},"breadcrumb":{"@id":"https:\/\/www.jornalja.com.br\/arquivo\/por-um-estado-democratico-e-transparente\/#breadcrumblist"},"author":{"@id":"https:\/\/www.jornalja.com.br\/arquivo\/author\/daredacao\/#author"},"creator":{"@id":"https:\/\/www.jornalja.com.br\/arquivo\/author\/daredacao\/#author"},"image":{"@type":"ImageObject","url":45522,"@id":"https:\/\/www.jornalja.com.br\/arquivo\/por-um-estado-democratico-e-transparente\/#mainImage"},"primaryImageOfPage":{"@id":"https:\/\/www.jornalja.com.br\/arquivo\/por-um-estado-democratico-e-transparente\/#mainImage"},"datePublished":"2017-03-09T14:49:44-03:00","dateModified":"2017-03-09T14:49:44-03:00"},{"@type":"WebSite","@id":"https:\/\/www.jornalja.com.br\/arquivo\/#website","url":"https:\/\/www.jornalja.com.br\/arquivo\/","name":"Arquivo","description":"Jornal J\u00c1 | Porto Alegre","inLanguage":"pt-BR","publisher":{"@id":"https:\/\/www.jornalja.com.br\/arquivo\/#organization"}}]},"og:locale":"pt_BR","og:site_name":"Arquivo | Jornal J\u00c1 | Porto Alegre","og:type":"article","og:title":"Por um Estado democr\u00e1tico e transparente | Arquivo","og:url":"https:\/\/www.jornalja.com.br\/arquivo\/por-um-estado-democratico-e-transparente\/","og:image":"https:\/\/www.jornalja.com.br\/economics\/wp-content\/uploads\/sites\/11\/2026\/08\/ja-folhaderosto-facebook.jpg","og:image:secure_url":"https:\/\/www.jornalja.com.br\/economics\/wp-content\/uploads\/sites\/11\/2026\/08\/ja-folhaderosto-facebook.jpg","article:published_time":"2017-03-09T17:49:44+00:00","article:modified_time":"2017-03-09T17:49:44+00:00","twitter:card":"summary","twitter:title":"Por um Estado democr\u00e1tico e transparente | Arquivo","twitter:image":"https:\/\/www.jornalja.com.br\/economics\/wp-content\/uploads\/sites\/11\/2026\/08\/ja-folhaderosto-facebook.jpg"},"aioseo_meta_data":{"post_id":"45521","title":null,"description":null,"keywords":null,"keyphrases":null,"primary_term":null,"canonical_url":null,"og_title":null,"og_description":null,"og_object_type":"default","og_image_type":"default","og_image_url":null,"og_image_width":null,"og_image_height":null,"og_image_custom_url":null,"og_image_custom_fields":null,"og_video":null,"og_custom_url":null,"og_article_section":null,"og_article_tags":null,"twitter_use_og":false,"twitter_card":"default","twitter_image_type":"default","twitter_image_url":null,"twitter_image_custom_url":null,"twitter_image_custom_fields":null,"twitter_title":null,"twitter_description":null,"schema":{"blockGraphs":[],"customGraphs":[],"default":{"data":{"Article":[],"Course":[],"Dataset":[],"FAQPage":[],"Movie":[],"Person":[],"Product":[],"ProductReview":[],"Car":[],"Recipe":[],"Service":[],"SoftwareApplication":[],"WebPage":[]},"graphName":"","isEnabled":true},"graphs":[],"defaultGraph":"","defaultPostTypeGraph":""},"schema_type":null,"schema_type_options":null,"pillar_content":false,"robots_default":true,"robots_noindex":false,"robots_noarchive":false,"robots_nosnippet":false,"robots_nofollow":false,"robots_noimageindex":false,"robots_noodp":false,"robots_notranslate":false,"robots_max_snippet":null,"robots_max_videopreview":null,"robots_max_imagepreview":"large","priority":null,"frequency":null,"location":null,"local_seo":null,"breadcrumb_settings":null,"limit_modified_date":false,"ai":null,"created":"2020-12-20 20:38:59","updated":"2025-07-19 20:22:36","seo_analyzer_scan_date":null,"focus_keyword":null,"additional_keywords":null,"truseo_locale":null},"jetpack_sharing_enabled":true,"jetpack-related-posts":[{"id":13124,"url":"https:\/\/www.jornalja.com.br\/arquivo\/sangue-latino-no-iecine\/","url_meta":{"origin":45521,"position":0},"title":"Sangue latino no IECINE","author":"da Reda\u00e7\u00e3o","date":"18 de maio de 2014","format":false,"excerpt":"Francisco Ribeiro O Instituto Estadual de Cinema (IECINE) tem a frente, desde abril \u00faltimo, um novo diretor, o cineasta colombiano Juan Zapata, 36, que substitui Luiz Alberto Cassol. Radicado h\u00e1 dez anos em Porto Alegre, Zapata tem diante de si o desafio de conduzir at\u00e9 o final do ano um\u2026","rel":"","context":"Em &quot;Cultura-Geral&quot;","block_context":{"text":"Cultura-Geral","link":"https:\/\/www.jornalja.com.br\/arquivo\/category\/materiasecundaria\/"},"img":{"alt_text":"","src":"","width":0,"height":0},"classes":[]},{"id":12960,"url":"https:\/\/www.jornalja.com.br\/arquivo\/populacao-culpa-empresas-pela-greve-dos-rodoviarios\/","url_meta":{"origin":45521,"position":1},"title":"Popula\u00e7\u00e3o culpa empresas pela greve","author":"Patr\u00edcia Marini","date":"14 de fevereiro de 2014","format":false,"excerpt":"Pesquisa divulgada na edi\u00e7\u00e3o do jornal Metro desta sexta-feira,14, comprova o velho ditado: \u00e9 poss\u00edvel enganar muitos por algum tempo, mas n\u00e3o \u00e9 poss\u00edvel enganar a todos o tempo inteiro. A principal revela\u00e7\u00e3o foi que 59,8% dos entrevistados apontaram as empresas como as principais respons\u00e1veis pela grave e 46% culparam\u2026","rel":"","context":"Em &quot;X.Categorias velhas&quot;","block_context":{"text":"X.Categorias velhas","link":"https:\/\/www.jornalja.com.br\/arquivo\/category\/x-categorias-velhas\/"},"img":{"alt_text":"","src":"","width":0,"height":0},"classes":[]},{"id":13128,"url":"https:\/\/www.jornalja.com.br\/arquivo\/maconha-terra-diz-que-uso-medicinal-e-desculpa\/","url_meta":{"origin":45521,"position":2},"title":"Maconha: Terra diz que uso medicinal \u00e9 desculpa","author":"Patr\u00edcia Marini","date":"4 de junho de 2014","format":false,"excerpt":"A condi\u00e7\u00e3o de pol\u00edtico, em \u00e9poca de campanha de campanha eleitoral, tira for\u00e7a do discurso do m\u00e9dico Osmar Terra contra a legaliza\u00e7\u00e3o da maconha. A tese dele de que a libera\u00e7\u00e3o vai ampliar exponencialmente o consumo \u00e9 discutivel, o consumo \u00e9 corrente. Mas seus alertas quanto aos riscos tem que\u2026","rel":"","context":"Em &quot;X.Categorias velhas&quot;","block_context":{"text":"X.Categorias velhas","link":"https:\/\/www.jornalja.com.br\/arquivo\/category\/x-categorias-velhas\/"},"img":{"alt_text":"","src":"","width":0,"height":0},"classes":[]},{"id":5440,"url":"https:\/\/www.jornalja.com.br\/arquivo\/casarao-da-venancio-destino-permanece-incerto\/","url_meta":{"origin":45521,"position":3},"title":"Estado ainda n\u00e3o sabe o que fazer com casar\u00e3o abandonado h\u00e1 20 anos","author":"Elmar Bones","date":"6 de julho de 2009","format":false,"excerpt":"O casar\u00e3o amarelo, numa esquina nobre de Porto Alegre (Ven\u00e2ncio Aires com Jo\u00e3o Pessoa), j\u00e1 abrigou uma escola. H\u00e1 duas d\u00e9cadas, pelo menos, est\u00e1 abandonado, porque seu propriet\u00e1rio, o governo do Estado do Rio Grande do Sul, n\u00e3o consegue achar um destino para ele. Planos n\u00e3o faltaram. O governador Ol\u00edvio\u2026","rel":"","context":"Em &quot;X.Categorias velhas&quot;","block_context":{"text":"X.Categorias velhas","link":"https:\/\/www.jornalja.com.br\/arquivo\/category\/x-categorias-velhas\/"},"img":{"alt_text":"geraldo1","src":"https:\/\/i0.wp.com\/www.jornalja.com.br\/wp-content\/uploads\/2009\/07\/geraldo1.jpg?resize=350%2C200&ssl=1","width":350,"height":200},"classes":[]},{"id":13240,"url":"https:\/\/www.jornalja.com.br\/arquivo\/plano-diretor-estamos-construindo-o-caos\/","url_meta":{"origin":45521,"position":4},"title":"Plano diretor: &quot;Estamos construindo o caos&quot;","author":"Patr\u00edcia Marini","date":"26 de maio de 2014","format":false,"excerpt":"Desabafo que arquiteta Eliana Castilhos, delegada da Regi\u00e3o de Planejamento 1, postou nas redes sociais \u00e9 um testemunho do ambiente que se criou no Conselho do Plano Diretor de Porto Alegre, onde a aprova\u00e7\u00e3o de grandes empreendimentos \u00e9 empurrada guela abaixo dos conselheiros. Ao CMDUA Como delegada da Regi\u00e3o de\u2026","rel":"","context":"Em &quot;Geral&quot;","block_context":{"text":"Geral","link":"https:\/\/www.jornalja.com.br\/arquivo\/category\/geral\/"},"img":{"alt_text":"","src":"","width":0,"height":0},"classes":[]},{"id":13101,"url":"https:\/\/www.jornalja.com.br\/arquivo\/morre-um-guerreiro-do-texto\/","url_meta":{"origin":45521,"position":5},"title":"Morre um guerreiro do texto","author":"Patr\u00edcia Marini","date":"14 de maio de 2014","format":false,"excerpt":"Por Ricardo Kotscho Reproduzido do blog do autor, 11\/5\/2014; t\u00edtulo original \u201cE l\u00e1 se foi o nosso Myltainho, guerreiro do texto\u201d. Mi\u00fado e franzino, meu amigo Myltainho era um valente e inconformado guerreiro na luta contra as injusti\u00e7as sociais, a hipocrisia, as maracutaias, o autoritarismo, a intoler\u00e2ncia, a viol\u00eancia, o\u2026","rel":"","context":"Em &quot;Geral&quot;","block_context":{"text":"Geral","link":"https:\/\/www.jornalja.com.br\/arquivo\/category\/geral\/"},"img":{"alt_text":"","src":"","width":0,"height":0},"classes":[]}],"jetpack_shortlink":"https:\/\/wp.me\/pbQjBd-bQd","jetpack_featured_media_url":"","_links":{"self":[{"href":"https:\/\/www.jornalja.com.br\/arquivo\/wp-json\/wp\/v2\/posts\/45521","targetHints":{"allow":["GET"]}}],"collection":[{"href":"https:\/\/www.jornalja.com.br\/arquivo\/wp-json\/wp\/v2\/posts"}],"about":[{"href":"https:\/\/www.jornalja.com.br\/arquivo\/wp-json\/wp\/v2\/types\/post"}],"author":[{"embeddable":true,"href":"https:\/\/www.jornalja.com.br\/arquivo\/wp-json\/wp\/v2\/users\/4"}],"replies":[{"embeddable":true,"href":"https:\/\/www.jornalja.com.br\/arquivo\/wp-json\/wp\/v2\/comments?post=45521"}],"version-history":[{"count":0,"href":"https:\/\/www.jornalja.com.br\/arquivo\/wp-json\/wp\/v2\/posts\/45521\/revisions"}],"wp:attachment":[{"href":"https:\/\/www.jornalja.com.br\/arquivo\/wp-json\/wp\/v2\/media?parent=45521"}],"wp:term":[{"taxonomy":"category","embeddable":true,"href":"https:\/\/www.jornalja.com.br\/arquivo\/wp-json\/wp\/v2\/categories?post=45521"},{"taxonomy":"post_tag","embeddable":true,"href":"https:\/\/www.jornalja.com.br\/arquivo\/wp-json\/wp\/v2\/tags?post=45521"}],"curies":[{"name":"wp","href":"https:\/\/api.w.org\/{rel}","templated":true}]}}