{"id":45525,"date":"2017-03-09T17:56:07","date_gmt":"2017-03-09T20:56:07","guid":{"rendered":"https:\/\/www.jornalja.com.br\/?p=45525"},"modified":"2017-03-09T17:56:07","modified_gmt":"2017-03-09T20:56:07","slug":"lider-do-governo-garante-que-prefeitura-nao-ira-retirar-carrinheiros-da-rua","status":"publish","type":"post","link":"https:\/\/www.jornalja.com.br\/arquivo\/lider-do-governo-garante-que-prefeitura-nao-ira-retirar-carrinheiros-da-rua\/","title":{"rendered":"L\u00edder do governo garante que Prefeitura n\u00e3o ir\u00e1 retirar carrinhos da rua"},"content":{"rendered":"<p>L\u00edder do governo na C\u00e2mara de Vereadores, Claudio Janta (SDD) garantiu que nem a EPTC , nem outro \u00f3rg\u00e3o da Prefeitura\u00a0vai retirar os carrinheiros e catadores, que a partir de amanh\u00e3 ser\u00e3o ilegais, das ruas. Nesta sexta-feira come\u00e7a a vigora a lei\u00a0Lei n\u00ba 10.531, que preve a retirada do carroceiros (j\u00e1 ocorrida), carrinheiros e catadores de lixo recicl\u00e1vel nas ruas de Porto Alegre.<br \/>\nDurante a tarde centenas de catadores estiveram na\u00a0C\u00e2mara de Vereadores pressionando parlamentares a prorrogar at\u00e9 2022 o tempo de permiss\u00e3o para que o trabalho continue legal.<br \/>\nAl\u00e9m da perman\u00eancia nas ruas os catadores\u00a0querem um contrato legal com a Prefeitura: a coleta solidaria, que seria realizada pelos catadores e cooperativas envolvidos na coleta seletiva e nas unidades de triagem.\u00a0&#8220;Tem que fazer a contrata\u00e7\u00e3o dos catadores, essa \u00e9 a forma de incluir, formando contrato com as nossas cooperativas&#8221;, afirmou o presidente do Movimento Nacional dos Catadores de materiais recicl\u00e1veis (MNCR) , Alex Cardoso, que esteve presente na C\u00e2mara.<br \/>\n<strong>Carrinhos ficaram do lado de fora da C\u00e2mara\u00a0<\/strong><br \/>\nAs galerias estavam cheias. Do lado de fora, na Av. Loureiro da Silva, uma tropa de choque da Brigada Militar fazia prontid\u00e3o. No p\u00e1tio da c\u00e2mara alguns carrinhos com seus donos aguardavam o desfecho.<br \/>\nUma delas era Kelly Souza, 30 anos. H\u00e1 tr\u00eas anos catadora, a moradora do Lami, recolhe latas e pl\u00e1sticos para reciclagem junto com o marido. Desse jeito os dois sustentam o filho F\u00e1bio de tr\u00eas anos. Ela cursou at\u00e9 a s\u00e9tima s\u00e9rie do Ensino Fundamental, seu marido at\u00e9 a quarta s\u00e9rie. Sem estudos ela n\u00e3o v\u00ea chances de outro servi\u00e7o mas gostaria de ter outro trabalho. &#8220;Seu n\u00e3o fizer isso vou ficar em casa cuidando meu filho&#8221; explica Kelly que desconhece o Programa Somos Todos Porto Alegre, criado para a inclus\u00e3o produtiva de pessoas que trabalham na reciclagem de res\u00edduos s\u00f3lidos.<br \/>\n<img loading=\"lazy\" decoding=\"async\" class=\"alignleft size-full wp-image-45538\" src=\"https:\/\/www.jornalja.com.br\/wp-content\/uploads\/2017\/03\/IMG_20170309_151944.jpg\" alt=\"IMG_20170309_151944\" width=\"725\" height=\"483\" \/><\/p>\n<p style=\"margin-bottom: 19.5pt\"><span style=\"font-size: 11.5pt;font-family: 'Helvetica','sans-serif';color: #333333\">O Programa Todos Somos Porto Alegre surgiu em 2012, e foi implementado nos anos seguintes com o intuito de emancipar os carroceiros, catadores e carrinheiros buscando \u00a0dar melhor condi\u00e7\u00f5es de trabalho para os mesmos. De l\u00e1 pra c\u00e1 disse j\u00e1 ter beneficiado\u00a01700 pessoas\u00a0<\/span><\/p>\n<p style=\"margin-bottom: 19.5pt\">Diferente de Kelly, seu Aldair, 60 anos, n\u00e3o quer sair das ruas. No ramo h\u00e1 25, desde 1993 em Porto Alegre, o morador da Vila dos Papeleiros, natural de Montenegro trabalha e sustenta a fam\u00edlia. &#8220;D\u00e1 pra tirar uns dois mil, as vezes mais&#8221; garante o catador que afirma recolher o lixo apenas da zona onde mora em restaurantes e condom\u00ednios. &#8220;Enquanto tiver sa\u00fade n\u00e3o irei parar&#8221; finalizou.<\/p>\n<p style=\"margin-bottom: 19.5pt\"><img loading=\"lazy\" decoding=\"async\" class=\"alignleft size-full wp-image-45539\" src=\"https:\/\/www.jornalja.com.br\/wp-content\/uploads\/2017\/03\/IMG_20170309_152644.jpg\" alt=\"IMG_20170309_152644\" width=\"725\" height=\"483\" \/><\/p>\n<p style=\"margin-bottom: 19.5pt\">Enquanto corre na C\u00e2mara o projeto do vereador\u00a0Marcelo Sgarbossa (PT), a Prefeitura deve enviar um projeto de regulariza\u00e7\u00e3o ou tamb\u00e9m de prorroga\u00e7\u00e3o do prazo de circula\u00e7\u00e3o para os catadores.<\/p>\n<figure id=\"attachment_45540\" aria-describedby=\"caption-attachment-45540\" style=\"width: 725px\" class=\"wp-caption alignleft\"><img loading=\"lazy\" decoding=\"async\" class=\"size-full wp-image-45540\" src=\"https:\/\/www.jornalja.com.br\/wp-content\/uploads\/2017\/03\/IMG_20170309_144855.jpg\" alt=\"Galerias estiveram lotadas de catadores e trabalhadores das unidades de triagem\" width=\"725\" height=\"483\" \/><figcaption id=\"caption-attachment-45540\" class=\"wp-caption-text\">Galerias estiveram lotadas de catadores e trabalhadores das unidades de triagem<\/figcaption><\/figure>\n<p style=\"margin-bottom: 19.5pt\"><img loading=\"lazy\" decoding=\"async\" class=\"alignleft size-full wp-image-45541\" src=\"https:\/\/www.jornalja.com.br\/wp-content\/uploads\/2017\/03\/IMG_20170309_144408.jpg\" alt=\"IMG_20170309_144408\" width=\"725\" height=\"483\" \/><\/p>\n<p style=\"margin-bottom: 19.5pt\">\n","protected":false},"excerpt":{"rendered":"<p>L\u00edder do governo na C\u00e2mara de Vereadores, Claudio Janta (SDD) garantiu que nem a EPTC , nem outro \u00f3rg\u00e3o da Prefeitura\u00a0vai retirar os carrinheiros e catadores, que a partir de amanh\u00e3 ser\u00e3o ilegais, das ruas. Nesta sexta-feira come\u00e7a a vigora a lei\u00a0Lei n\u00ba 10.531, que preve a retirada do carroceiros (j\u00e1 ocorrida), carrinheiros e catadores [&hellip;]<\/p>\n","protected":false},"author":4,"featured_media":45536,"comment_status":"open","ping_status":"closed","sticky":false,"template":"","format":"standard","meta":{"_jetpack_newsletter_access":"","_jetpack_dont_email_post_to_subs":false,"_jetpack_newsletter_tier_id":0,"_jetpack_memberships_contains_paywalled_content":false,"_jetpack_feature_clip_id":0,"_jetpack_memberships_contains_paid_content":false,"footnotes":"","jetpack_post_was_ever_published":false},"categories":[26],"tags":[],"class_list":["post-45525","post","type-post","status-publish","format-standard","has-post-thumbnail","hentry","category-geral"],"aioseo_notices":[],"aioseo_head":"\n\t\t<!-- All in One SEO 5.0.1.1 - aioseo.com -->\n\t<meta name=\"robots\" content=\"max-image-preview:large\" \/>\n\t<meta name=\"author\" content=\"da Reda\u00e7\u00e3o\"\/>\n\t<link rel=\"canonical\" href=\"https:\/\/www.jornalja.com.br\/arquivo\/lider-do-governo-garante-que-prefeitura-nao-ira-retirar-carrinheiros-da-rua\/\" \/>\n\t<meta name=\"generator\" content=\"All in One SEO (AIOSEO) 5.0.1.1\" \/>\n\t\t<meta property=\"og:locale\" content=\"pt_BR\" \/>\n\t\t<meta property=\"og:site_name\" content=\"Arquivo | Jornal J\u00c1 | Porto Alegre\" \/>\n\t\t<meta property=\"og:type\" content=\"article\" \/>\n\t\t<meta property=\"og:title\" content=\"L\u00edder do governo garante que Prefeitura n\u00e3o ir\u00e1 retirar carrinhos da rua | Arquivo\" \/>\n\t\t<meta property=\"og:url\" content=\"https:\/\/www.jornalja.com.br\/arquivo\/lider-do-governo-garante-que-prefeitura-nao-ira-retirar-carrinheiros-da-rua\/\" \/>\n\t\t<meta property=\"og:image\" content=\"https:\/\/www.jornalja.com.br\/wp-content\/uploads\/2017\/03\/IMG_20170309_151944.jpg\" \/>\n\t\t<meta property=\"og:image:secure_url\" content=\"https:\/\/www.jornalja.com.br\/wp-content\/uploads\/2017\/03\/IMG_20170309_151944.jpg\" \/>\n\t\t<meta property=\"article:published_time\" content=\"2017-03-09T20:56:07+00:00\" \/>\n\t\t<meta property=\"article:modified_time\" content=\"2017-03-09T20:56:07+00:00\" \/>\n\t\t<meta name=\"twitter:card\" content=\"summary\" \/>\n\t\t<meta name=\"twitter:title\" content=\"L\u00edder do governo garante que Prefeitura n\u00e3o ir\u00e1 retirar carrinhos da rua | Arquivo\" \/>\n\t\t<meta name=\"twitter:image\" content=\"https:\/\/www.jornalja.com.br\/economics\/wp-content\/uploads\/sites\/11\/2026\/08\/ja-folhaderosto-facebook.jpg\" \/>\n\t\t<script type=\"application\/ld+json\" class=\"aioseo-schema\">\n\t\t\t{\"@context\":\"https:\\\/\\\/schema.org\",\"@graph\":[{\"@type\":\"BlogPosting\",\"@id\":\"https:\\\/\\\/www.jornalja.com.br\\\/arquivo\\\/lider-do-governo-garante-que-prefeitura-nao-ira-retirar-carrinheiros-da-rua\\\/#blogposting\",\"name\":\"L\\u00edder do governo garante que Prefeitura n\\u00e3o ir\\u00e1 retirar carrinhos da rua | Arquivo\",\"headline\":\"L\\u00edder do governo garante que Prefeitura n\\u00e3o ir\\u00e1 retirar carrinhos da rua\",\"author\":{\"@id\":\"https:\\\/\\\/www.jornalja.com.br\\\/arquivo\\\/author\\\/daredacao\\\/#author\"},\"publisher\":{\"@id\":\"https:\\\/\\\/www.jornalja.com.br\\\/arquivo\\\/#organization\"},\"image\":{\"@type\":\"ImageObject\",\"url\":45536},\"datePublished\":\"2017-03-09T17:56:07-03:00\",\"dateModified\":\"2017-03-09T17:56:07-03:00\",\"inLanguage\":\"pt-BR\",\"mainEntityOfPage\":{\"@id\":\"https:\\\/\\\/www.jornalja.com.br\\\/arquivo\\\/lider-do-governo-garante-que-prefeitura-nao-ira-retirar-carrinheiros-da-rua\\\/#webpage\"},\"isPartOf\":{\"@id\":\"https:\\\/\\\/www.jornalja.com.br\\\/arquivo\\\/lider-do-governo-garante-que-prefeitura-nao-ira-retirar-carrinheiros-da-rua\\\/#webpage\"},\"articleSection\":\"Geral\"},{\"@type\":\"BreadcrumbList\",\"@id\":\"https:\\\/\\\/www.jornalja.com.br\\\/arquivo\\\/lider-do-governo-garante-que-prefeitura-nao-ira-retirar-carrinheiros-da-rua\\\/#breadcrumblist\",\"itemListElement\":[{\"@type\":\"ListItem\",\"@id\":\"https:\\\/\\\/www.jornalja.com.br\\\/arquivo#listItem\",\"position\":1,\"name\":\"Home\",\"item\":\"https:\\\/\\\/www.jornalja.com.br\\\/arquivo\",\"nextItem\":{\"@type\":\"ListItem\",\"@id\":\"https:\\\/\\\/www.jornalja.com.br\\\/arquivo\\\/category\\\/geral\\\/#listItem\",\"name\":\"Geral\"}},{\"@type\":\"ListItem\",\"@id\":\"https:\\\/\\\/www.jornalja.com.br\\\/arquivo\\\/category\\\/geral\\\/#listItem\",\"position\":2,\"name\":\"Geral\",\"item\":\"https:\\\/\\\/www.jornalja.com.br\\\/arquivo\\\/category\\\/geral\\\/\",\"nextItem\":{\"@type\":\"ListItem\",\"@id\":\"https:\\\/\\\/www.jornalja.com.br\\\/arquivo\\\/lider-do-governo-garante-que-prefeitura-nao-ira-retirar-carrinheiros-da-rua\\\/#listItem\",\"name\":\"L\\u00edder do governo garante que Prefeitura n\\u00e3o ir\\u00e1 retirar carrinhos da rua\"},\"previousItem\":{\"@type\":\"ListItem\",\"@id\":\"https:\\\/\\\/www.jornalja.com.br\\\/arquivo#listItem\",\"name\":\"Home\"}},{\"@type\":\"ListItem\",\"@id\":\"https:\\\/\\\/www.jornalja.com.br\\\/arquivo\\\/lider-do-governo-garante-que-prefeitura-nao-ira-retirar-carrinheiros-da-rua\\\/#listItem\",\"position\":3,\"name\":\"L\\u00edder do governo garante que Prefeitura n\\u00e3o ir\\u00e1 retirar carrinhos da rua\",\"previousItem\":{\"@type\":\"ListItem\",\"@id\":\"https:\\\/\\\/www.jornalja.com.br\\\/arquivo\\\/category\\\/geral\\\/#listItem\",\"name\":\"Geral\"}}]},{\"@type\":\"Organization\",\"@id\":\"https:\\\/\\\/www.jornalja.com.br\\\/arquivo\\\/#organization\",\"name\":\"Jornal J\\u00c1\",\"description\":\"Jornal J\\u00c1 | Porto Alegre\",\"url\":\"https:\\\/\\\/www.jornalja.com.br\\\/arquivo\\\/\",\"telephone\":\"+555133307272\",\"logo\":{\"@type\":\"ImageObject\",\"url\":\"https:\\\/\\\/www.jornalja.com.br\\\/wp-content\\\/uploads\\\/cards\\\/JAslogan.png\",\"@id\":\"https:\\\/\\\/www.jornalja.com.br\\\/arquivo\\\/lider-do-governo-garante-que-prefeitura-nao-ira-retirar-carrinheiros-da-rua\\\/#organizationLogo\"},\"image\":{\"@id\":\"https:\\\/\\\/www.jornalja.com.br\\\/arquivo\\\/lider-do-governo-garante-que-prefeitura-nao-ira-retirar-carrinheiros-da-rua\\\/#organizationLogo\"}},{\"@type\":\"Person\",\"@id\":\"https:\\\/\\\/www.jornalja.com.br\\\/arquivo\\\/author\\\/daredacao\\\/#author\",\"url\":\"https:\\\/\\\/www.jornalja.com.br\\\/arquivo\\\/author\\\/daredacao\\\/\",\"name\":\"da Reda\\u00e7\\u00e3o\",\"image\":{\"@type\":\"ImageObject\",\"@id\":\"https:\\\/\\\/www.jornalja.com.br\\\/arquivo\\\/lider-do-governo-garante-que-prefeitura-nao-ira-retirar-carrinheiros-da-rua\\\/#authorImage\",\"url\":\"https:\\\/\\\/secure.gravatar.com\\\/avatar\\\/469fd857d6605ad19919d27ed29d35a968a25f6e8fd9318356bbb7f57aae9c65?s=96&d=mm&r=g\",\"width\":96,\"height\":96,\"caption\":\"da Reda\\u00e7\\u00e3o\"}},{\"@type\":\"WebPage\",\"@id\":\"https:\\\/\\\/www.jornalja.com.br\\\/arquivo\\\/lider-do-governo-garante-que-prefeitura-nao-ira-retirar-carrinheiros-da-rua\\\/#webpage\",\"url\":\"https:\\\/\\\/www.jornalja.com.br\\\/arquivo\\\/lider-do-governo-garante-que-prefeitura-nao-ira-retirar-carrinheiros-da-rua\\\/\",\"name\":\"L\\u00edder do governo garante que Prefeitura n\\u00e3o ir\\u00e1 retirar carrinhos da rua | Arquivo\",\"inLanguage\":\"pt-BR\",\"isPartOf\":{\"@id\":\"https:\\\/\\\/www.jornalja.com.br\\\/arquivo\\\/#website\"},\"breadcrumb\":{\"@id\":\"https:\\\/\\\/www.jornalja.com.br\\\/arquivo\\\/lider-do-governo-garante-que-prefeitura-nao-ira-retirar-carrinheiros-da-rua\\\/#breadcrumblist\"},\"author\":{\"@id\":\"https:\\\/\\\/www.jornalja.com.br\\\/arquivo\\\/author\\\/daredacao\\\/#author\"},\"creator\":{\"@id\":\"https:\\\/\\\/www.jornalja.com.br\\\/arquivo\\\/author\\\/daredacao\\\/#author\"},\"image\":{\"@type\":\"ImageObject\",\"url\":45536,\"@id\":\"https:\\\/\\\/www.jornalja.com.br\\\/arquivo\\\/lider-do-governo-garante-que-prefeitura-nao-ira-retirar-carrinheiros-da-rua\\\/#mainImage\"},\"primaryImageOfPage\":{\"@id\":\"https:\\\/\\\/www.jornalja.com.br\\\/arquivo\\\/lider-do-governo-garante-que-prefeitura-nao-ira-retirar-carrinheiros-da-rua\\\/#mainImage\"},\"datePublished\":\"2017-03-09T17:56:07-03:00\",\"dateModified\":\"2017-03-09T17:56:07-03:00\"},{\"@type\":\"WebSite\",\"@id\":\"https:\\\/\\\/www.jornalja.com.br\\\/arquivo\\\/#website\",\"url\":\"https:\\\/\\\/www.jornalja.com.br\\\/arquivo\\\/\",\"name\":\"Arquivo\",\"description\":\"Jornal J\\u00c1 | Porto Alegre\",\"inLanguage\":\"pt-BR\",\"publisher\":{\"@id\":\"https:\\\/\\\/www.jornalja.com.br\\\/arquivo\\\/#organization\"}}]}\n\t\t<\/script>\n\t\t<!-- All in One SEO -->\n\n","aioseo_head_json":{"title":"L\u00edder do governo garante que Prefeitura n\u00e3o ir\u00e1 retirar carrinhos da rua | Arquivo","description":"","canonical_url":"https:\/\/www.jornalja.com.br\/arquivo\/lider-do-governo-garante-que-prefeitura-nao-ira-retirar-carrinheiros-da-rua\/","robots":"max-image-preview:large","keywords":"","webmasterTools":{"miscellaneous":""},"schema":{"@context":"https:\/\/schema.org","@graph":[{"@type":"BlogPosting","@id":"https:\/\/www.jornalja.com.br\/arquivo\/lider-do-governo-garante-que-prefeitura-nao-ira-retirar-carrinheiros-da-rua\/#blogposting","name":"L\u00edder do governo garante que Prefeitura n\u00e3o ir\u00e1 retirar carrinhos da rua | Arquivo","headline":"L\u00edder do governo garante que Prefeitura n\u00e3o ir\u00e1 retirar carrinhos da rua","author":{"@id":"https:\/\/www.jornalja.com.br\/arquivo\/author\/daredacao\/#author"},"publisher":{"@id":"https:\/\/www.jornalja.com.br\/arquivo\/#organization"},"image":{"@type":"ImageObject","url":45536},"datePublished":"2017-03-09T17:56:07-03:00","dateModified":"2017-03-09T17:56:07-03:00","inLanguage":"pt-BR","mainEntityOfPage":{"@id":"https:\/\/www.jornalja.com.br\/arquivo\/lider-do-governo-garante-que-prefeitura-nao-ira-retirar-carrinheiros-da-rua\/#webpage"},"isPartOf":{"@id":"https:\/\/www.jornalja.com.br\/arquivo\/lider-do-governo-garante-que-prefeitura-nao-ira-retirar-carrinheiros-da-rua\/#webpage"},"articleSection":"Geral"},{"@type":"BreadcrumbList","@id":"https:\/\/www.jornalja.com.br\/arquivo\/lider-do-governo-garante-que-prefeitura-nao-ira-retirar-carrinheiros-da-rua\/#breadcrumblist","itemListElement":[{"@type":"ListItem","@id":"https:\/\/www.jornalja.com.br\/arquivo#listItem","position":1,"name":"Home","item":"https:\/\/www.jornalja.com.br\/arquivo","nextItem":{"@type":"ListItem","@id":"https:\/\/www.jornalja.com.br\/arquivo\/category\/geral\/#listItem","name":"Geral"}},{"@type":"ListItem","@id":"https:\/\/www.jornalja.com.br\/arquivo\/category\/geral\/#listItem","position":2,"name":"Geral","item":"https:\/\/www.jornalja.com.br\/arquivo\/category\/geral\/","nextItem":{"@type":"ListItem","@id":"https:\/\/www.jornalja.com.br\/arquivo\/lider-do-governo-garante-que-prefeitura-nao-ira-retirar-carrinheiros-da-rua\/#listItem","name":"L\u00edder do governo garante que Prefeitura n\u00e3o ir\u00e1 retirar carrinhos da rua"},"previousItem":{"@type":"ListItem","@id":"https:\/\/www.jornalja.com.br\/arquivo#listItem","name":"Home"}},{"@type":"ListItem","@id":"https:\/\/www.jornalja.com.br\/arquivo\/lider-do-governo-garante-que-prefeitura-nao-ira-retirar-carrinheiros-da-rua\/#listItem","position":3,"name":"L\u00edder do governo garante que Prefeitura n\u00e3o ir\u00e1 retirar carrinhos da rua","previousItem":{"@type":"ListItem","@id":"https:\/\/www.jornalja.com.br\/arquivo\/category\/geral\/#listItem","name":"Geral"}}]},{"@type":"Organization","@id":"https:\/\/www.jornalja.com.br\/arquivo\/#organization","name":"Jornal J\u00c1","description":"Jornal J\u00c1 | Porto Alegre","url":"https:\/\/www.jornalja.com.br\/arquivo\/","telephone":"+555133307272","logo":{"@type":"ImageObject","url":"https:\/\/www.jornalja.com.br\/wp-content\/uploads\/cards\/JAslogan.png","@id":"https:\/\/www.jornalja.com.br\/arquivo\/lider-do-governo-garante-que-prefeitura-nao-ira-retirar-carrinheiros-da-rua\/#organizationLogo"},"image":{"@id":"https:\/\/www.jornalja.com.br\/arquivo\/lider-do-governo-garante-que-prefeitura-nao-ira-retirar-carrinheiros-da-rua\/#organizationLogo"}},{"@type":"Person","@id":"https:\/\/www.jornalja.com.br\/arquivo\/author\/daredacao\/#author","url":"https:\/\/www.jornalja.com.br\/arquivo\/author\/daredacao\/","name":"da Reda\u00e7\u00e3o","image":{"@type":"ImageObject","@id":"https:\/\/www.jornalja.com.br\/arquivo\/lider-do-governo-garante-que-prefeitura-nao-ira-retirar-carrinheiros-da-rua\/#authorImage","url":"https:\/\/secure.gravatar.com\/avatar\/469fd857d6605ad19919d27ed29d35a968a25f6e8fd9318356bbb7f57aae9c65?s=96&d=mm&r=g","width":96,"height":96,"caption":"da Reda\u00e7\u00e3o"}},{"@type":"WebPage","@id":"https:\/\/www.jornalja.com.br\/arquivo\/lider-do-governo-garante-que-prefeitura-nao-ira-retirar-carrinheiros-da-rua\/#webpage","url":"https:\/\/www.jornalja.com.br\/arquivo\/lider-do-governo-garante-que-prefeitura-nao-ira-retirar-carrinheiros-da-rua\/","name":"L\u00edder do governo garante que Prefeitura n\u00e3o ir\u00e1 retirar carrinhos da rua | Arquivo","inLanguage":"pt-BR","isPartOf":{"@id":"https:\/\/www.jornalja.com.br\/arquivo\/#website"},"breadcrumb":{"@id":"https:\/\/www.jornalja.com.br\/arquivo\/lider-do-governo-garante-que-prefeitura-nao-ira-retirar-carrinheiros-da-rua\/#breadcrumblist"},"author":{"@id":"https:\/\/www.jornalja.com.br\/arquivo\/author\/daredacao\/#author"},"creator":{"@id":"https:\/\/www.jornalja.com.br\/arquivo\/author\/daredacao\/#author"},"image":{"@type":"ImageObject","url":45536,"@id":"https:\/\/www.jornalja.com.br\/arquivo\/lider-do-governo-garante-que-prefeitura-nao-ira-retirar-carrinheiros-da-rua\/#mainImage"},"primaryImageOfPage":{"@id":"https:\/\/www.jornalja.com.br\/arquivo\/lider-do-governo-garante-que-prefeitura-nao-ira-retirar-carrinheiros-da-rua\/#mainImage"},"datePublished":"2017-03-09T17:56:07-03:00","dateModified":"2017-03-09T17:56:07-03:00"},{"@type":"WebSite","@id":"https:\/\/www.jornalja.com.br\/arquivo\/#website","url":"https:\/\/www.jornalja.com.br\/arquivo\/","name":"Arquivo","description":"Jornal J\u00c1 | Porto Alegre","inLanguage":"pt-BR","publisher":{"@id":"https:\/\/www.jornalja.com.br\/arquivo\/#organization"}}]},"og:locale":"pt_BR","og:site_name":"Arquivo | Jornal J\u00c1 | Porto Alegre","og:type":"article","og:title":"L\u00edder do governo garante que Prefeitura n\u00e3o ir\u00e1 retirar carrinhos da rua | Arquivo","og:url":"https:\/\/www.jornalja.com.br\/arquivo\/lider-do-governo-garante-que-prefeitura-nao-ira-retirar-carrinheiros-da-rua\/","og:image":"https:\/\/www.jornalja.com.br\/wp-content\/uploads\/2017\/03\/IMG_20170309_151944.jpg","og:image:secure_url":"https:\/\/www.jornalja.com.br\/wp-content\/uploads\/2017\/03\/IMG_20170309_151944.jpg","article:published_time":"2017-03-09T20:56:07+00:00","article:modified_time":"2017-03-09T20:56:07+00:00","twitter:card":"summary","twitter:title":"L\u00edder do governo garante que Prefeitura n\u00e3o ir\u00e1 retirar carrinhos da rua | Arquivo","twitter:image":"https:\/\/www.jornalja.com.br\/economics\/wp-content\/uploads\/sites\/11\/2026\/08\/ja-folhaderosto-facebook.jpg"},"aioseo_meta_data":{"post_id":"45525","title":null,"description":null,"keywords":null,"keyphrases":null,"primary_term":null,"canonical_url":null,"og_title":null,"og_description":null,"og_object_type":"default","og_image_type":"default","og_image_url":null,"og_image_width":null,"og_image_height":null,"og_image_custom_url":null,"og_image_custom_fields":null,"og_video":null,"og_custom_url":null,"og_article_section":null,"og_article_tags":null,"twitter_use_og":false,"twitter_card":"default","twitter_image_type":"default","twitter_image_url":null,"twitter_image_custom_url":null,"twitter_image_custom_fields":null,"twitter_title":null,"twitter_description":null,"schema":{"blockGraphs":[],"customGraphs":[],"default":{"data":{"Article":[],"Course":[],"Dataset":[],"FAQPage":[],"Movie":[],"Person":[],"Product":[],"ProductReview":[],"Car":[],"Recipe":[],"Service":[],"SoftwareApplication":[],"WebPage":[]},"graphName":"","isEnabled":true},"graphs":[]},"schema_type":null,"schema_type_options":null,"pillar_content":false,"robots_default":true,"robots_noindex":false,"robots_noarchive":false,"robots_nosnippet":false,"robots_nofollow":false,"robots_noimageindex":false,"robots_noodp":false,"robots_notranslate":false,"robots_max_snippet":null,"robots_max_videopreview":null,"robots_max_imagepreview":"large","priority":null,"frequency":null,"location":null,"local_seo":null,"breadcrumb_settings":null,"limit_modified_date":false,"ai":null,"created":"2020-12-20 20:38:59","updated":"2025-07-19 20:22:36","seo_analyzer_scan_date":null,"focus_keyword":null,"additional_keywords":null,"truseo_locale":null},"jetpack_sharing_enabled":true,"jetpack-related-posts":[{"id":1280,"url":"https:\/\/www.jornalja.com.br\/arquivo\/o-menino-que-se-tornou-brizola\/","url_meta":{"origin":45525,"position":0},"title":"O Menino que se Tornou Brizola","author":"da Reda\u00e7\u00e3o","date":"28 de julho de 2008","format":false,"excerpt":"Autor: Cleber Dioni A vida de Leonel Brizola, com \u00eanfase para os primeiros anos em Porto Alegre, at\u00e9 o ex\u00edlio no Uruguai e a volta, quinze anos depois. \u00a0\"...\u00c9ramos todos jovens e nos identific\u00e1vamos com aquela massa an\u00f4nima a percorrer as ruas de Porto Alegre, gritando 'Get\u00falio', 'Get\u00falio' e empunhando\u2026","rel":"","context":"Em &quot;Livros&quot;","block_context":{"text":"Livros","link":"https:\/\/www.jornalja.com.br\/arquivo\/category\/livros\/"},"img":{"alt_text":"","src":"https:\/\/i0.wp.com\/www.jornalja.com.br\/wp-content\/uploads\/2008\/07\/brizola.gif?resize=350%2C200&ssl=1","width":350,"height":200},"classes":[]},{"id":13240,"url":"https:\/\/www.jornalja.com.br\/arquivo\/plano-diretor-estamos-construindo-o-caos\/","url_meta":{"origin":45525,"position":1},"title":"Plano diretor: &quot;Estamos construindo o caos&quot;","author":"Patr\u00edcia Marini","date":"26 de maio de 2014","format":false,"excerpt":"Desabafo que arquiteta Eliana Castilhos, delegada da Regi\u00e3o de Planejamento 1, postou nas redes sociais \u00e9 um testemunho do ambiente que se criou no Conselho do Plano Diretor de Porto Alegre, onde a aprova\u00e7\u00e3o de grandes empreendimentos \u00e9 empurrada guela abaixo dos conselheiros. Ao CMDUA Como delegada da Regi\u00e3o de\u2026","rel":"","context":"Em &quot;Geral&quot;","block_context":{"text":"Geral","link":"https:\/\/www.jornalja.com.br\/arquivo\/category\/geral\/"},"img":{"alt_text":"","src":"","width":0,"height":0},"classes":[]},{"id":12960,"url":"https:\/\/www.jornalja.com.br\/arquivo\/populacao-culpa-empresas-pela-greve-dos-rodoviarios\/","url_meta":{"origin":45525,"position":2},"title":"Popula\u00e7\u00e3o culpa empresas pela greve","author":"Patr\u00edcia Marini","date":"14 de fevereiro de 2014","format":false,"excerpt":"Pesquisa divulgada na edi\u00e7\u00e3o do jornal Metro desta sexta-feira,14, comprova o velho ditado: \u00e9 poss\u00edvel enganar muitos por algum tempo, mas n\u00e3o \u00e9 poss\u00edvel enganar a todos o tempo inteiro. A principal revela\u00e7\u00e3o foi que 59,8% dos entrevistados apontaram as empresas como as principais respons\u00e1veis pela grave e 46% culparam\u2026","rel":"","context":"Em &quot;X.Categorias velhas&quot;","block_context":{"text":"X.Categorias velhas","link":"https:\/\/www.jornalja.com.br\/arquivo\/category\/x-categorias-velhas\/"},"img":{"alt_text":"","src":"","width":0,"height":0},"classes":[]},{"id":5440,"url":"https:\/\/www.jornalja.com.br\/arquivo\/casarao-da-venancio-destino-permanece-incerto\/","url_meta":{"origin":45525,"position":3},"title":"Estado ainda n\u00e3o sabe o que fazer com casar\u00e3o abandonado h\u00e1 20 anos","author":"Elmar Bones","date":"6 de julho de 2009","format":false,"excerpt":"O casar\u00e3o amarelo, numa esquina nobre de Porto Alegre (Ven\u00e2ncio Aires com Jo\u00e3o Pessoa), j\u00e1 abrigou uma escola. H\u00e1 duas d\u00e9cadas, pelo menos, est\u00e1 abandonado, porque seu propriet\u00e1rio, o governo do Estado do Rio Grande do Sul, n\u00e3o consegue achar um destino para ele. Planos n\u00e3o faltaram. O governador Ol\u00edvio\u2026","rel":"","context":"Em &quot;X.Categorias velhas&quot;","block_context":{"text":"X.Categorias velhas","link":"https:\/\/www.jornalja.com.br\/arquivo\/category\/x-categorias-velhas\/"},"img":{"alt_text":"geraldo1","src":"https:\/\/i0.wp.com\/www.jornalja.com.br\/wp-content\/uploads\/2009\/07\/geraldo1.jpg?resize=350%2C200&ssl=1","width":350,"height":200},"classes":[]},{"id":13239,"url":"https:\/\/www.jornalja.com.br\/arquivo\/conselho-desdenha-do-plano-diretor\/","url_meta":{"origin":45525,"position":4},"title":"Porto Alegre: Conselho detona Plano Diretor","author":"Patr\u00edcia Marini","date":"25 de maio de 2014","format":false,"excerpt":"Den\u00fancia do arquiteto e \u00a0urbanista Ibir\u00e1 Santos Lucas. Ele diz que os conselheiros est\u00e3o votando com \"enorme irresponsabilidade\". \"Mudam regime com a maior naturalidade,,,regularizam absurdos de constru\u00e7\u00f5es irregulares... \"O CMDUA est\u00e1 flexibilizando a lei do plano diretor, de uma forma impactante na vida da cidade. Mudam regime com a maior\u2026","rel":"","context":"Em &quot;Geral&quot;","block_context":{"text":"Geral","link":"https:\/\/www.jornalja.com.br\/arquivo\/category\/geral\/"},"img":{"alt_text":"","src":"","width":0,"height":0},"classes":[]},{"id":13124,"url":"https:\/\/www.jornalja.com.br\/arquivo\/sangue-latino-no-iecine\/","url_meta":{"origin":45525,"position":5},"title":"Sangue latino no IECINE","author":"da Reda\u00e7\u00e3o","date":"18 de maio de 2014","format":false,"excerpt":"Francisco Ribeiro O Instituto Estadual de Cinema (IECINE) tem a frente, desde abril \u00faltimo, um novo diretor, o cineasta colombiano Juan Zapata, 36, que substitui Luiz Alberto Cassol. Radicado h\u00e1 dez anos em Porto Alegre, Zapata tem diante de si o desafio de conduzir at\u00e9 o final do ano um\u2026","rel":"","context":"Em &quot;Cultura-Geral&quot;","block_context":{"text":"Cultura-Geral","link":"https:\/\/www.jornalja.com.br\/arquivo\/category\/materiasecundaria\/"},"img":{"alt_text":"","src":"","width":0,"height":0},"classes":[]}],"jetpack_shortlink":"https:\/\/wp.me\/pbQjBd-bQh","jetpack_featured_media_url":"","_links":{"self":[{"href":"https:\/\/www.jornalja.com.br\/arquivo\/wp-json\/wp\/v2\/posts\/45525","targetHints":{"allow":["GET"]}}],"collection":[{"href":"https:\/\/www.jornalja.com.br\/arquivo\/wp-json\/wp\/v2\/posts"}],"about":[{"href":"https:\/\/www.jornalja.com.br\/arquivo\/wp-json\/wp\/v2\/types\/post"}],"author":[{"embeddable":true,"href":"https:\/\/www.jornalja.com.br\/arquivo\/wp-json\/wp\/v2\/users\/4"}],"replies":[{"embeddable":true,"href":"https:\/\/www.jornalja.com.br\/arquivo\/wp-json\/wp\/v2\/comments?post=45525"}],"version-history":[{"count":0,"href":"https:\/\/www.jornalja.com.br\/arquivo\/wp-json\/wp\/v2\/posts\/45525\/revisions"}],"wp:attachment":[{"href":"https:\/\/www.jornalja.com.br\/arquivo\/wp-json\/wp\/v2\/media?parent=45525"}],"wp:term":[{"taxonomy":"category","embeddable":true,"href":"https:\/\/www.jornalja.com.br\/arquivo\/wp-json\/wp\/v2\/categories?post=45525"},{"taxonomy":"post_tag","embeddable":true,"href":"https:\/\/www.jornalja.com.br\/arquivo\/wp-json\/wp\/v2\/tags?post=45525"}],"curies":[{"name":"wp","href":"https:\/\/api.w.org\/{rel}","templated":true}]}}