{"id":45564,"date":"2017-03-10T12:14:32","date_gmt":"2017-03-10T15:14:32","guid":{"rendered":"https:\/\/www.jornalja.com.br\/?p=45564"},"modified":"2017-03-10T12:14:32","modified_gmt":"2017-03-10T15:14:32","slug":"municiparios-de-porto-alegre-aderem-a-greve-geral","status":"publish","type":"post","link":"https:\/\/www.jornalja.com.br\/arquivo\/municiparios-de-porto-alegre-aderem-a-greve-geral\/","title":{"rendered":"Municip\u00e1rios de Porto Alegre aderem \u00e0 greve geral"},"content":{"rendered":"<p>Em assembl\u00e9ia na tardde de quinta-feira, os funcion\u00e1rios da prefeitura de Porto Alegre decidiram aderir \u00e0 greve geral, convocada por diversas centrais sindicais para a pr\u00f3xima quarta-feira, 15.<br \/>\nA greve \u00e9 contra as reformas da Previd\u00eancia e das Leis Trabalhista, que o governo Temer pretende aprovar no Congresso.<br \/>\nA assembl\u00e9ia foi no Centro de Eventos do Parque Harmonia e contou com mais 3 mil servidores, segundo o Sindicato dos Municip\u00e1rios de Porto Alegre (Simpa).<br \/>\nAp\u00f3s formularem uma agenda de mobiliza\u00e7\u00e3o, a categoria saiu em marcha pelo centro da cidade at\u00e9 o Pa\u00e7o Municipal.<br \/>\nOs municip\u00e1rios defendem que a situa\u00e7\u00e3o financeira de Porto Alegre \u00e9 diferente da situa\u00e7\u00e3o do estado do Rio Grande do Sul. Na assembleia foi apresentado um estudo do Dieese, que aponta que a D\u00edvida Consolidada L\u00edquida do RS representa 212, 95% da sua Receita Corrente L\u00edquida, quando o limite definido pelo Senado Federal \u00e9 de 200%. J\u00e1 a D\u00edvida de Porto Alegre representa 21,70% da sua Receita Corrente L\u00edquida, sendo de 120% o limite definido pelo Senado.<br \/>\nTamb\u00e9m foi apresentado demonstrativo do comprometimento da folha de pessoal da Prefeitura. Porto Alegre n\u00e3o atingiu o limite prudencial estabelecido na Lei de Responsabilidade Fiscal, que \u00e9 de 60%. Em 2016, o percentual de comprometimento foi de 51,67%. O percentual est\u00e1 abaixo do registrado em 2013 (52,05%).<br \/>\n<strong>Agenda de mobiliza\u00e7\u00e3o dos municip\u00e1rios:<\/strong><br \/>\n10\/3 \u2013 Reuni\u00e3o do Conselho de Representantes da Atempa (18h, no Simpa)<br \/>\n13\/3 \u2013 Mobiliza\u00e7\u00f5es Regionais da Educa\u00e7\u00e3o<br \/>\n14\/3 \u2013 Ato P\u00fablico \u201cEduca\u00e7\u00e3o toma a Cidade\u201d, junto com as comunidades escolares (no per\u00edodo da tarde)<br \/>\n15\/3 \u2013 Ades\u00e3o dos municip\u00e1rios \u00e0 Greve Geral contra as Reformas da Previd\u00eancia e Trabalhista<br \/>\n16\/3 \u2013 Assembleia da Educa\u00e7\u00e3o (no per\u00edodo da tarde)<\/p>\n","protected":false},"excerpt":{"rendered":"<p>Em assembl\u00e9ia na tardde de quinta-feira, os funcion\u00e1rios da prefeitura de Porto Alegre decidiram aderir \u00e0 greve geral, convocada por diversas centrais sindicais para a pr\u00f3xima quarta-feira, 15. A greve \u00e9 contra as reformas da Previd\u00eancia e das Leis Trabalhista, que o governo Temer pretende aprovar no Congresso. A assembl\u00e9ia foi no Centro de Eventos [&hellip;]<\/p>\n","protected":false},"author":4,"featured_media":45566,"comment_status":"open","ping_status":"closed","sticky":false,"template":"","format":"standard","meta":{"_jetpack_memberships_contains_paid_content":false,"footnotes":""},"categories":[26],"tags":[],"class_list":["post-45564","post","type-post","status-publish","format-standard","has-post-thumbnail","hentry","category-geral"],"aioseo_notices":[],"jetpack_featured_media_url":"","jetpack_sharing_enabled":true,"jetpack-related-posts":[{"id":1280,"url":"https:\/\/www.jornalja.com.br\/arquivo\/o-menino-que-se-tornou-brizola\/","url_meta":{"origin":45564,"position":0},"title":"O Menino que se Tornou Brizola","author":"da Reda\u00e7\u00e3o","date":"28 de julho de 2008","format":false,"excerpt":"Autor: Cleber Dioni A vida de Leonel Brizola, com \u00eanfase para os primeiros anos em Porto Alegre, at\u00e9 o ex\u00edlio no Uruguai e a volta, quinze anos depois. \u00a0\"...\u00c9ramos todos jovens e nos identific\u00e1vamos com aquela massa an\u00f4nima a percorrer as ruas de Porto Alegre, gritando 'Get\u00falio', 'Get\u00falio' e empunhando\u2026","rel":"","context":"Em &quot;Livros&quot;","block_context":{"text":"Livros","link":"https:\/\/www.jornalja.com.br\/arquivo\/category\/livros\/"},"img":{"alt_text":"","src":"https:\/\/i0.wp.com\/www.jornalja.com.br\/wp-content\/uploads\/2008\/07\/brizola.gif?resize=350%2C200&ssl=1","width":350,"height":200},"classes":[]}],"jetpack_shortlink":"https:\/\/wp.me\/pbQjBd-bQU","_links":{"self":[{"href":"https:\/\/www.jornalja.com.br\/arquivo\/wp-json\/wp\/v2\/posts\/45564","targetHints":{"allow":["GET"]}}],"collection":[{"href":"https:\/\/www.jornalja.com.br\/arquivo\/wp-json\/wp\/v2\/posts"}],"about":[{"href":"https:\/\/www.jornalja.com.br\/arquivo\/wp-json\/wp\/v2\/types\/post"}],"author":[{"embeddable":true,"href":"https:\/\/www.jornalja.com.br\/arquivo\/wp-json\/wp\/v2\/users\/4"}],"replies":[{"embeddable":true,"href":"https:\/\/www.jornalja.com.br\/arquivo\/wp-json\/wp\/v2\/comments?post=45564"}],"version-history":[{"count":0,"href":"https:\/\/www.jornalja.com.br\/arquivo\/wp-json\/wp\/v2\/posts\/45564\/revisions"}],"wp:featuredmedia":[{"embeddable":true,"href":"https:\/\/www.jornalja.com.br\/arquivo\/wp-json\/"}],"wp:attachment":[{"href":"https:\/\/www.jornalja.com.br\/arquivo\/wp-json\/wp\/v2\/media?parent=45564"}],"wp:term":[{"taxonomy":"category","embeddable":true,"href":"https:\/\/www.jornalja.com.br\/arquivo\/wp-json\/wp\/v2\/categories?post=45564"},{"taxonomy":"post_tag","embeddable":true,"href":"https:\/\/www.jornalja.com.br\/arquivo\/wp-json\/wp\/v2\/tags?post=45564"}],"curies":[{"name":"wp","href":"https:\/\/api.w.org\/{rel}","templated":true}]}}