{"id":45669,"date":"2017-03-13T12:26:04","date_gmt":"2017-03-13T15:26:04","guid":{"rendered":"https:\/\/www.jornalja.com.br\/?p=45669"},"modified":"2017-03-13T12:26:04","modified_gmt":"2017-03-13T15:26:04","slug":"futuro-de-padilha-no-governo-sera-decidido-em-reuniao-com-temer","status":"publish","type":"post","link":"https:\/\/www.jornalja.com.br\/arquivo\/futuro-de-padilha-no-governo-sera-decidido-em-reuniao-com-temer\/","title":{"rendered":"Futuro de Padilha no governo ser\u00e1 decidido em reuni\u00e3o com Temer"},"content":{"rendered":"<div class=\"mc-column content-text active-extra-styles active-capital-letter\" data-block-type=\"unstyled\" data-block-weight=\"27\">\n<p class=\"content-text__container theme-color-primary-first-letter\" data-track-category=\"Link no Texto\" data-track-links=\"\">O ministro-chefe da Casa Civil, Eliseu Padilha, reassumiu o cargo nesta \u00a0segunda-feira (13), depois da licen\u00e7a m\u00e9dica de 21 dias. O ministro passou por uma cirurgia para retirada da pr\u00f3stata.<\/p>\n<\/div>\n<div class=\"mc-column content-text active-extra-styles \" data-block-type=\"unstyled\" data-block-weight=\"40\">\n<p class=\"content-text__container \" data-track-category=\"Link no Texto\" data-track-links=\"\">Ele fez tudo para demonstrar que era uma volta normal, inclusive participando de uma reuni\u00e3o com o presidente Michel Temer, os ministros Sergio Etchegoyen (Gabinete de Seguran\u00e7a Institucional), Osmar Serraglio (Justi\u00e7a) e Raul Jungmann (Defesa), para discutir seguran\u00e7a p\u00fablica e combate ao crime organizado.<\/p>\n<\/div>\n<div class=\"mc-column content-text active-extra-styles \" data-block-type=\"unstyled\" data-block-weight=\"44\">\n<p class=\"content-text__container \" data-track-category=\"Link no Texto\" data-track-links=\"\">Segundo a agenda divulgada, ele tem \u00e0s 17h30, um encontro com os l\u00edderes do governo no Senado, Romero Juc\u00e1 (PMDB-RR), no Congresso, Andr\u00e9 Moura (PSC-SE), na C\u00e2mara, Aguinaldo Ribeiro (PP-PB), e o l\u00edder da maioria na C\u00e2mara, Lelo Coimbra (PMDB-ES) para discutir a reforma da Previd\u00eancia.<\/p>\n<p class=\"content-text__container \" data-track-category=\"Link no Texto\" data-track-links=\"\">A reuni\u00e3o mais importante, por\u00e9m, n\u00e3o consta da agenda oficial: \u00a0ser\u00e1 um encontro a s\u00f3s com o presidente Temer, \u00a0no Planalto, para decidir se ele vai se manifestar sobre as den\u00fancias de Jos\u00e9 Yunes, amigo de Temer e do ex-executivo da Odebrecht, Jos\u00e9 de Carvalho Filho.<\/p>\n<p class=\"content-text__container \" data-track-category=\"Link no Texto\" data-track-links=\"\">Carvalho \u00a0confirmou ao TSE, na sexta-feira, que Padilha acertou pessoalmente com Claudio Mello Filho, ex-vice presidente de rela\u00e7\u00f5es institucionais da empreiteira, a entrega de parte dos R$ 10 milh\u00f5es repassados ao PMDB em 2014.<\/p>\n<\/div>\n<div class=\"mc-column content-text active-extra-styles\" data-block-type=\"raw\" data-block-weight=\"1\">\u00a0Em depoimento espont\u00e2neo, no dia 23,Yunes revelou que recebeu um envelope com \u201cdocumentos\u201d do doleiro L\u00facio Funaro a pedido de Padilha, durante a campanha presidencial de 2014. Funaro, preso na Opera\u00e7\u00e3o Lava Jato, \u00e9 apontado pela PGR como operador financeiro do ex-presidente da C\u00e2mara e deputado cassado Eduardo Cunha (PMDB-RJ), preso na Opera\u00e7\u00e3o Lava Jato.<\/div>\n<div class=\"mc-column content-text active-extra-styles \" data-block-type=\"unstyled\" data-block-weight=\"41\">\n<p class=\"content-text__container \" data-track-category=\"Link no Texto\" data-track-links=\"\">Segundo dela\u00e7\u00e3o premiada do ex-vice-presidente de Rela\u00e7\u00f5es Institucionais da Odebrecht Cl\u00e1udio Melo Filho, o envelope continha dinheiro. Yunes disse desconhecer o conte\u00fado do envelope, entregue no escrit\u00f3rio dele, segundo afirmou, a pedido de Eliseu Padilha, e retirado posteriormente por um emiss\u00e1rio.<\/p>\n<p class=\"content-text__container \" data-track-category=\"Link no Texto\" data-track-links=\"\">Em Brasilia, circula a informa\u00e7\u00e3o de que para preservar Temer no processo do TSE, Padilha ter\u00e1 que ser sacrificado, com a perda do cargo.<\/p>\n<\/div>\n<div class=\"mc-column content-text active-extra-styles\" data-block-type=\"raw\" data-block-weight=\"1\"><\/div>\n<div class=\"mc-column content-text active-extra-styles \" data-block-type=\"unstyled\" data-block-weight=\"22\"><\/div>\n<div class=\"mc-column content-know-more\" data-block-type=\"related-articles\"><\/div>\n","protected":false},"excerpt":{"rendered":"<p>O ministro-chefe da Casa Civil, Eliseu Padilha, reassumiu o cargo nesta \u00a0segunda-feira (13), depois da licen\u00e7a m\u00e9dica de 21 dias. O ministro passou por uma cirurgia para retirada da pr\u00f3stata. Ele fez tudo para demonstrar que era uma volta normal, inclusive participando de uma reuni\u00e3o com o presidente Michel Temer, os ministros Sergio Etchegoyen (Gabinete [&hellip;]<\/p>\n","protected":false},"author":4,"featured_media":45671,"comment_status":"open","ping_status":"closed","sticky":false,"template":"","format":"standard","meta":{"_jetpack_newsletter_access":"","_jetpack_dont_email_post_to_subs":false,"_jetpack_newsletter_tier_id":0,"_jetpack_memberships_contains_paywalled_content":false,"_jetpack_feature_clip_id":0,"_jetpack_memberships_contains_paid_content":false,"footnotes":"","jetpack_post_was_ever_published":false},"categories":[26],"tags":[],"class_list":["post-45669","post","type-post","status-publish","format-standard","has-post-thumbnail","hentry","category-geral"],"aioseo_notices":[],"aioseo_head":"\n\t\t<!-- All in One SEO 5.0.1.1 - aioseo.com -->\n\t<meta name=\"robots\" content=\"max-image-preview:large\" \/>\n\t<meta name=\"author\" content=\"da Reda\u00e7\u00e3o\"\/>\n\t<link rel=\"canonical\" href=\"https:\/\/www.jornalja.com.br\/arquivo\/futuro-de-padilha-no-governo-sera-decidido-em-reuniao-com-temer\/\" \/>\n\t<meta name=\"generator\" content=\"All in One SEO (AIOSEO) 5.0.1.1\" \/>\n\t\t<meta property=\"og:locale\" content=\"pt_BR\" \/>\n\t\t<meta property=\"og:site_name\" content=\"Arquivo | Jornal J\u00c1 | Porto Alegre\" \/>\n\t\t<meta property=\"og:type\" content=\"article\" \/>\n\t\t<meta property=\"og:title\" content=\"Futuro de Padilha no governo ser\u00e1 decidido em reuni\u00e3o com Temer | Arquivo\" \/>\n\t\t<meta property=\"og:url\" content=\"https:\/\/www.jornalja.com.br\/arquivo\/futuro-de-padilha-no-governo-sera-decidido-em-reuniao-com-temer\/\" \/>\n\t\t<meta property=\"og:image\" content=\"https:\/\/www.jornalja.com.br\/economics\/wp-content\/uploads\/sites\/11\/2026\/08\/ja-folhaderosto-facebook.jpg\" \/>\n\t\t<meta property=\"og:image:secure_url\" content=\"https:\/\/www.jornalja.com.br\/economics\/wp-content\/uploads\/sites\/11\/2026\/08\/ja-folhaderosto-facebook.jpg\" \/>\n\t\t<meta property=\"article:published_time\" content=\"2017-03-13T15:26:04+00:00\" \/>\n\t\t<meta property=\"article:modified_time\" content=\"2017-03-13T15:26:04+00:00\" \/>\n\t\t<meta name=\"twitter:card\" content=\"summary\" \/>\n\t\t<meta name=\"twitter:title\" content=\"Futuro de Padilha no governo ser\u00e1 decidido em reuni\u00e3o com Temer | Arquivo\" \/>\n\t\t<meta name=\"twitter:image\" content=\"https:\/\/www.jornalja.com.br\/economics\/wp-content\/uploads\/sites\/11\/2026\/08\/ja-folhaderosto-facebook.jpg\" \/>\n\t\t<script type=\"application\/ld+json\" class=\"aioseo-schema\">\n\t\t\t{\"@context\":\"https:\\\/\\\/schema.org\",\"@graph\":[{\"@type\":\"BlogPosting\",\"@id\":\"https:\\\/\\\/www.jornalja.com.br\\\/arquivo\\\/futuro-de-padilha-no-governo-sera-decidido-em-reuniao-com-temer\\\/#blogposting\",\"name\":\"Futuro de Padilha no governo ser\\u00e1 decidido em reuni\\u00e3o com Temer | Arquivo\",\"headline\":\"Futuro de Padilha no governo ser\\u00e1 decidido em reuni\\u00e3o com Temer\",\"author\":{\"@id\":\"https:\\\/\\\/www.jornalja.com.br\\\/arquivo\\\/author\\\/daredacao\\\/#author\"},\"publisher\":{\"@id\":\"https:\\\/\\\/www.jornalja.com.br\\\/arquivo\\\/#organization\"},\"image\":{\"@type\":\"ImageObject\",\"url\":45671},\"datePublished\":\"2017-03-13T12:26:04-03:00\",\"dateModified\":\"2017-03-13T12:26:04-03:00\",\"inLanguage\":\"pt-BR\",\"mainEntityOfPage\":{\"@id\":\"https:\\\/\\\/www.jornalja.com.br\\\/arquivo\\\/futuro-de-padilha-no-governo-sera-decidido-em-reuniao-com-temer\\\/#webpage\"},\"isPartOf\":{\"@id\":\"https:\\\/\\\/www.jornalja.com.br\\\/arquivo\\\/futuro-de-padilha-no-governo-sera-decidido-em-reuniao-com-temer\\\/#webpage\"},\"articleSection\":\"Geral\"},{\"@type\":\"BreadcrumbList\",\"@id\":\"https:\\\/\\\/www.jornalja.com.br\\\/arquivo\\\/futuro-de-padilha-no-governo-sera-decidido-em-reuniao-com-temer\\\/#breadcrumblist\",\"itemListElement\":[{\"@type\":\"ListItem\",\"@id\":\"https:\\\/\\\/www.jornalja.com.br\\\/arquivo#listItem\",\"position\":1,\"name\":\"Home\",\"item\":\"https:\\\/\\\/www.jornalja.com.br\\\/arquivo\",\"nextItem\":{\"@type\":\"ListItem\",\"@id\":\"https:\\\/\\\/www.jornalja.com.br\\\/arquivo\\\/category\\\/geral\\\/#listItem\",\"name\":\"Geral\"}},{\"@type\":\"ListItem\",\"@id\":\"https:\\\/\\\/www.jornalja.com.br\\\/arquivo\\\/category\\\/geral\\\/#listItem\",\"position\":2,\"name\":\"Geral\",\"item\":\"https:\\\/\\\/www.jornalja.com.br\\\/arquivo\\\/category\\\/geral\\\/\",\"nextItem\":{\"@type\":\"ListItem\",\"@id\":\"https:\\\/\\\/www.jornalja.com.br\\\/arquivo\\\/futuro-de-padilha-no-governo-sera-decidido-em-reuniao-com-temer\\\/#listItem\",\"name\":\"Futuro de Padilha no governo ser\\u00e1 decidido em reuni\\u00e3o com Temer\"},\"previousItem\":{\"@type\":\"ListItem\",\"@id\":\"https:\\\/\\\/www.jornalja.com.br\\\/arquivo#listItem\",\"name\":\"Home\"}},{\"@type\":\"ListItem\",\"@id\":\"https:\\\/\\\/www.jornalja.com.br\\\/arquivo\\\/futuro-de-padilha-no-governo-sera-decidido-em-reuniao-com-temer\\\/#listItem\",\"position\":3,\"name\":\"Futuro de Padilha no governo ser\\u00e1 decidido em reuni\\u00e3o com Temer\",\"previousItem\":{\"@type\":\"ListItem\",\"@id\":\"https:\\\/\\\/www.jornalja.com.br\\\/arquivo\\\/category\\\/geral\\\/#listItem\",\"name\":\"Geral\"}}]},{\"@type\":\"Organization\",\"@id\":\"https:\\\/\\\/www.jornalja.com.br\\\/arquivo\\\/#organization\",\"name\":\"Jornal J\\u00c1\",\"description\":\"Jornal J\\u00c1 | Porto Alegre\",\"url\":\"https:\\\/\\\/www.jornalja.com.br\\\/arquivo\\\/\",\"telephone\":\"+555133307272\",\"logo\":{\"@type\":\"ImageObject\",\"url\":\"https:\\\/\\\/www.jornalja.com.br\\\/wp-content\\\/uploads\\\/cards\\\/JAslogan.png\",\"@id\":\"https:\\\/\\\/www.jornalja.com.br\\\/arquivo\\\/futuro-de-padilha-no-governo-sera-decidido-em-reuniao-com-temer\\\/#organizationLogo\"},\"image\":{\"@id\":\"https:\\\/\\\/www.jornalja.com.br\\\/arquivo\\\/futuro-de-padilha-no-governo-sera-decidido-em-reuniao-com-temer\\\/#organizationLogo\"}},{\"@type\":\"Person\",\"@id\":\"https:\\\/\\\/www.jornalja.com.br\\\/arquivo\\\/author\\\/daredacao\\\/#author\",\"url\":\"https:\\\/\\\/www.jornalja.com.br\\\/arquivo\\\/author\\\/daredacao\\\/\",\"name\":\"da Reda\\u00e7\\u00e3o\",\"image\":{\"@type\":\"ImageObject\",\"@id\":\"https:\\\/\\\/www.jornalja.com.br\\\/arquivo\\\/futuro-de-padilha-no-governo-sera-decidido-em-reuniao-com-temer\\\/#authorImage\",\"url\":\"https:\\\/\\\/secure.gravatar.com\\\/avatar\\\/469fd857d6605ad19919d27ed29d35a968a25f6e8fd9318356bbb7f57aae9c65?s=96&d=mm&r=g\",\"width\":96,\"height\":96,\"caption\":\"da Reda\\u00e7\\u00e3o\"}},{\"@type\":\"WebPage\",\"@id\":\"https:\\\/\\\/www.jornalja.com.br\\\/arquivo\\\/futuro-de-padilha-no-governo-sera-decidido-em-reuniao-com-temer\\\/#webpage\",\"url\":\"https:\\\/\\\/www.jornalja.com.br\\\/arquivo\\\/futuro-de-padilha-no-governo-sera-decidido-em-reuniao-com-temer\\\/\",\"name\":\"Futuro de Padilha no governo ser\\u00e1 decidido em reuni\\u00e3o com Temer | Arquivo\",\"inLanguage\":\"pt-BR\",\"isPartOf\":{\"@id\":\"https:\\\/\\\/www.jornalja.com.br\\\/arquivo\\\/#website\"},\"breadcrumb\":{\"@id\":\"https:\\\/\\\/www.jornalja.com.br\\\/arquivo\\\/futuro-de-padilha-no-governo-sera-decidido-em-reuniao-com-temer\\\/#breadcrumblist\"},\"author\":{\"@id\":\"https:\\\/\\\/www.jornalja.com.br\\\/arquivo\\\/author\\\/daredacao\\\/#author\"},\"creator\":{\"@id\":\"https:\\\/\\\/www.jornalja.com.br\\\/arquivo\\\/author\\\/daredacao\\\/#author\"},\"image\":{\"@type\":\"ImageObject\",\"url\":45671,\"@id\":\"https:\\\/\\\/www.jornalja.com.br\\\/arquivo\\\/futuro-de-padilha-no-governo-sera-decidido-em-reuniao-com-temer\\\/#mainImage\"},\"primaryImageOfPage\":{\"@id\":\"https:\\\/\\\/www.jornalja.com.br\\\/arquivo\\\/futuro-de-padilha-no-governo-sera-decidido-em-reuniao-com-temer\\\/#mainImage\"},\"datePublished\":\"2017-03-13T12:26:04-03:00\",\"dateModified\":\"2017-03-13T12:26:04-03:00\"},{\"@type\":\"WebSite\",\"@id\":\"https:\\\/\\\/www.jornalja.com.br\\\/arquivo\\\/#website\",\"url\":\"https:\\\/\\\/www.jornalja.com.br\\\/arquivo\\\/\",\"name\":\"Arquivo\",\"description\":\"Jornal J\\u00c1 | Porto Alegre\",\"inLanguage\":\"pt-BR\",\"publisher\":{\"@id\":\"https:\\\/\\\/www.jornalja.com.br\\\/arquivo\\\/#organization\"}}]}\n\t\t<\/script>\n\t\t<!-- All in One SEO -->\n\n","aioseo_head_json":{"title":"Futuro de Padilha no governo ser\u00e1 decidido em reuni\u00e3o com Temer | Arquivo","description":"","canonical_url":"https:\/\/www.jornalja.com.br\/arquivo\/futuro-de-padilha-no-governo-sera-decidido-em-reuniao-com-temer\/","robots":"max-image-preview:large","keywords":"","webmasterTools":{"miscellaneous":""},"schema":{"@context":"https:\/\/schema.org","@graph":[{"@type":"BlogPosting","@id":"https:\/\/www.jornalja.com.br\/arquivo\/futuro-de-padilha-no-governo-sera-decidido-em-reuniao-com-temer\/#blogposting","name":"Futuro de Padilha no governo ser\u00e1 decidido em reuni\u00e3o com Temer | Arquivo","headline":"Futuro de Padilha no governo ser\u00e1 decidido em reuni\u00e3o com Temer","author":{"@id":"https:\/\/www.jornalja.com.br\/arquivo\/author\/daredacao\/#author"},"publisher":{"@id":"https:\/\/www.jornalja.com.br\/arquivo\/#organization"},"image":{"@type":"ImageObject","url":45671},"datePublished":"2017-03-13T12:26:04-03:00","dateModified":"2017-03-13T12:26:04-03:00","inLanguage":"pt-BR","mainEntityOfPage":{"@id":"https:\/\/www.jornalja.com.br\/arquivo\/futuro-de-padilha-no-governo-sera-decidido-em-reuniao-com-temer\/#webpage"},"isPartOf":{"@id":"https:\/\/www.jornalja.com.br\/arquivo\/futuro-de-padilha-no-governo-sera-decidido-em-reuniao-com-temer\/#webpage"},"articleSection":"Geral"},{"@type":"BreadcrumbList","@id":"https:\/\/www.jornalja.com.br\/arquivo\/futuro-de-padilha-no-governo-sera-decidido-em-reuniao-com-temer\/#breadcrumblist","itemListElement":[{"@type":"ListItem","@id":"https:\/\/www.jornalja.com.br\/arquivo#listItem","position":1,"name":"Home","item":"https:\/\/www.jornalja.com.br\/arquivo","nextItem":{"@type":"ListItem","@id":"https:\/\/www.jornalja.com.br\/arquivo\/category\/geral\/#listItem","name":"Geral"}},{"@type":"ListItem","@id":"https:\/\/www.jornalja.com.br\/arquivo\/category\/geral\/#listItem","position":2,"name":"Geral","item":"https:\/\/www.jornalja.com.br\/arquivo\/category\/geral\/","nextItem":{"@type":"ListItem","@id":"https:\/\/www.jornalja.com.br\/arquivo\/futuro-de-padilha-no-governo-sera-decidido-em-reuniao-com-temer\/#listItem","name":"Futuro de Padilha no governo ser\u00e1 decidido em reuni\u00e3o com Temer"},"previousItem":{"@type":"ListItem","@id":"https:\/\/www.jornalja.com.br\/arquivo#listItem","name":"Home"}},{"@type":"ListItem","@id":"https:\/\/www.jornalja.com.br\/arquivo\/futuro-de-padilha-no-governo-sera-decidido-em-reuniao-com-temer\/#listItem","position":3,"name":"Futuro de Padilha no governo ser\u00e1 decidido em reuni\u00e3o com Temer","previousItem":{"@type":"ListItem","@id":"https:\/\/www.jornalja.com.br\/arquivo\/category\/geral\/#listItem","name":"Geral"}}]},{"@type":"Organization","@id":"https:\/\/www.jornalja.com.br\/arquivo\/#organization","name":"Jornal J\u00c1","description":"Jornal J\u00c1 | Porto Alegre","url":"https:\/\/www.jornalja.com.br\/arquivo\/","telephone":"+555133307272","logo":{"@type":"ImageObject","url":"https:\/\/www.jornalja.com.br\/wp-content\/uploads\/cards\/JAslogan.png","@id":"https:\/\/www.jornalja.com.br\/arquivo\/futuro-de-padilha-no-governo-sera-decidido-em-reuniao-com-temer\/#organizationLogo"},"image":{"@id":"https:\/\/www.jornalja.com.br\/arquivo\/futuro-de-padilha-no-governo-sera-decidido-em-reuniao-com-temer\/#organizationLogo"}},{"@type":"Person","@id":"https:\/\/www.jornalja.com.br\/arquivo\/author\/daredacao\/#author","url":"https:\/\/www.jornalja.com.br\/arquivo\/author\/daredacao\/","name":"da Reda\u00e7\u00e3o","image":{"@type":"ImageObject","@id":"https:\/\/www.jornalja.com.br\/arquivo\/futuro-de-padilha-no-governo-sera-decidido-em-reuniao-com-temer\/#authorImage","url":"https:\/\/secure.gravatar.com\/avatar\/469fd857d6605ad19919d27ed29d35a968a25f6e8fd9318356bbb7f57aae9c65?s=96&d=mm&r=g","width":96,"height":96,"caption":"da Reda\u00e7\u00e3o"}},{"@type":"WebPage","@id":"https:\/\/www.jornalja.com.br\/arquivo\/futuro-de-padilha-no-governo-sera-decidido-em-reuniao-com-temer\/#webpage","url":"https:\/\/www.jornalja.com.br\/arquivo\/futuro-de-padilha-no-governo-sera-decidido-em-reuniao-com-temer\/","name":"Futuro de Padilha no governo ser\u00e1 decidido em reuni\u00e3o com Temer | Arquivo","inLanguage":"pt-BR","isPartOf":{"@id":"https:\/\/www.jornalja.com.br\/arquivo\/#website"},"breadcrumb":{"@id":"https:\/\/www.jornalja.com.br\/arquivo\/futuro-de-padilha-no-governo-sera-decidido-em-reuniao-com-temer\/#breadcrumblist"},"author":{"@id":"https:\/\/www.jornalja.com.br\/arquivo\/author\/daredacao\/#author"},"creator":{"@id":"https:\/\/www.jornalja.com.br\/arquivo\/author\/daredacao\/#author"},"image":{"@type":"ImageObject","url":45671,"@id":"https:\/\/www.jornalja.com.br\/arquivo\/futuro-de-padilha-no-governo-sera-decidido-em-reuniao-com-temer\/#mainImage"},"primaryImageOfPage":{"@id":"https:\/\/www.jornalja.com.br\/arquivo\/futuro-de-padilha-no-governo-sera-decidido-em-reuniao-com-temer\/#mainImage"},"datePublished":"2017-03-13T12:26:04-03:00","dateModified":"2017-03-13T12:26:04-03:00"},{"@type":"WebSite","@id":"https:\/\/www.jornalja.com.br\/arquivo\/#website","url":"https:\/\/www.jornalja.com.br\/arquivo\/","name":"Arquivo","description":"Jornal J\u00c1 | Porto Alegre","inLanguage":"pt-BR","publisher":{"@id":"https:\/\/www.jornalja.com.br\/arquivo\/#organization"}}]},"og:locale":"pt_BR","og:site_name":"Arquivo | Jornal J\u00c1 | Porto Alegre","og:type":"article","og:title":"Futuro de Padilha no governo ser\u00e1 decidido em reuni\u00e3o com Temer | Arquivo","og:url":"https:\/\/www.jornalja.com.br\/arquivo\/futuro-de-padilha-no-governo-sera-decidido-em-reuniao-com-temer\/","og:image":"https:\/\/www.jornalja.com.br\/economics\/wp-content\/uploads\/sites\/11\/2026\/08\/ja-folhaderosto-facebook.jpg","og:image:secure_url":"https:\/\/www.jornalja.com.br\/economics\/wp-content\/uploads\/sites\/11\/2026\/08\/ja-folhaderosto-facebook.jpg","article:published_time":"2017-03-13T15:26:04+00:00","article:modified_time":"2017-03-13T15:26:04+00:00","twitter:card":"summary","twitter:title":"Futuro de Padilha no governo ser\u00e1 decidido em reuni\u00e3o com Temer | Arquivo","twitter:image":"https:\/\/www.jornalja.com.br\/economics\/wp-content\/uploads\/sites\/11\/2026\/08\/ja-folhaderosto-facebook.jpg"},"aioseo_meta_data":{"post_id":"45669","title":null,"description":null,"keywords":null,"keyphrases":null,"primary_term":null,"canonical_url":null,"og_title":null,"og_description":null,"og_object_type":"default","og_image_type":"default","og_image_url":null,"og_image_width":null,"og_image_height":null,"og_image_custom_url":null,"og_image_custom_fields":null,"og_video":null,"og_custom_url":null,"og_article_section":null,"og_article_tags":null,"twitter_use_og":false,"twitter_card":"default","twitter_image_type":"default","twitter_image_url":null,"twitter_image_custom_url":null,"twitter_image_custom_fields":null,"twitter_title":null,"twitter_description":null,"schema":{"blockGraphs":[],"customGraphs":[],"default":{"data":{"Article":[],"Course":[],"Dataset":[],"FAQPage":[],"Movie":[],"Person":[],"Product":[],"ProductReview":[],"Car":[],"Recipe":[],"Service":[],"SoftwareApplication":[],"WebPage":[]},"graphName":"","isEnabled":true},"graphs":[],"defaultGraph":"","defaultPostTypeGraph":""},"schema_type":null,"schema_type_options":null,"pillar_content":false,"robots_default":true,"robots_noindex":false,"robots_noarchive":false,"robots_nosnippet":false,"robots_nofollow":false,"robots_noimageindex":false,"robots_noodp":false,"robots_notranslate":false,"robots_max_snippet":null,"robots_max_videopreview":null,"robots_max_imagepreview":"large","priority":null,"frequency":null,"location":null,"local_seo":null,"breadcrumb_settings":null,"limit_modified_date":false,"ai":null,"created":"2020-12-20 20:38:59","updated":"2025-07-19 20:23:31","seo_analyzer_scan_date":null,"focus_keyword":null,"additional_keywords":null,"truseo_locale":null},"jetpack_sharing_enabled":true,"jetpack-related-posts":[{"id":13109,"url":"https:\/\/www.jornalja.com.br\/arquivo\/judiciario-reconhece-poluicao-eletromagnetica\/","url_meta":{"origin":45669,"position":0},"title":"Judici\u00e1rio reconhece polui\u00e7\u00e3o eletromagn\u00e9tica","author":"Patr\u00edcia Marini","date":"16 de maio de 2014","format":false,"excerpt":"A\u00e7\u00e3o de duas associa\u00e7\u00f5es de moradores foi acolhida pelo Tribunal de Justi\u00e7a de S\u00e3o Paulo que. em decis\u00e3o in\u00e9dita, determinou a redu\u00e7\u00e3o do campo eletromagn\u00e9tico gerado pelas linhas de transmiss\u00e3o de energia que cortam os bairros City Boa\u00e7ava e Alto de Pinheiros. \u00c9 a primeira vez que um tribunal do\u2026","rel":"","context":"Em &quot;X.Categorias velhas&quot;","block_context":{"text":"X.Categorias velhas","link":"https:\/\/www.jornalja.com.br\/arquivo\/category\/x-categorias-velhas\/"},"img":{"alt_text":"","src":"","width":0,"height":0},"classes":[]},{"id":13240,"url":"https:\/\/www.jornalja.com.br\/arquivo\/plano-diretor-estamos-construindo-o-caos\/","url_meta":{"origin":45669,"position":1},"title":"Plano diretor: &quot;Estamos construindo o caos&quot;","author":"Patr\u00edcia Marini","date":"26 de maio de 2014","format":false,"excerpt":"Desabafo que arquiteta Eliana Castilhos, delegada da Regi\u00e3o de Planejamento 1, postou nas redes sociais \u00e9 um testemunho do ambiente que se criou no Conselho do Plano Diretor de Porto Alegre, onde a aprova\u00e7\u00e3o de grandes empreendimentos \u00e9 empurrada guela abaixo dos conselheiros. Ao CMDUA Como delegada da Regi\u00e3o de\u2026","rel":"","context":"Em &quot;Geral&quot;","block_context":{"text":"Geral","link":"https:\/\/www.jornalja.com.br\/arquivo\/category\/geral\/"},"img":{"alt_text":"","src":"","width":0,"height":0},"classes":[]},{"id":14241,"url":"https:\/\/www.jornalja.com.br\/arquivo\/o-guaiba-nas-imagens-poeticas-de-achutti\/","url_meta":{"origin":45669,"position":2},"title":"O Gua\u00edba nas imagens po\u00e9ticas de Achutti","author":"da Reda\u00e7\u00e3o","date":"18 de junho de 2014","format":false,"excerpt":"Em \u201cO Gua\u00edba por Achutti\u201d \u2013 obra financiada via Minist\u00e9rio da Cultura, produ\u00e7\u00e3o executiva de Pedro Longhi, e Fl\u00e1vio Wild como designer \u2013, o fot\u00f3grafo revela a beleza e as mazelas de um espa\u00e7o aqu\u00e1tico de \u00e1guas sempre renovadas, cheio de hist\u00f3rias e lendas como as das cidades que foram\u2026","rel":"","context":"Em &quot;Cultura-Geral&quot;","block_context":{"text":"Cultura-Geral","link":"https:\/\/www.jornalja.com.br\/arquivo\/category\/materiasecundaria\/"},"img":{"alt_text":"","src":"","width":0,"height":0},"classes":[]}],"jetpack_shortlink":"https:\/\/wp.me\/pbQjBd-bSB","jetpack_featured_media_url":"","_links":{"self":[{"href":"https:\/\/www.jornalja.com.br\/arquivo\/wp-json\/wp\/v2\/posts\/45669","targetHints":{"allow":["GET"]}}],"collection":[{"href":"https:\/\/www.jornalja.com.br\/arquivo\/wp-json\/wp\/v2\/posts"}],"about":[{"href":"https:\/\/www.jornalja.com.br\/arquivo\/wp-json\/wp\/v2\/types\/post"}],"author":[{"embeddable":true,"href":"https:\/\/www.jornalja.com.br\/arquivo\/wp-json\/wp\/v2\/users\/4"}],"replies":[{"embeddable":true,"href":"https:\/\/www.jornalja.com.br\/arquivo\/wp-json\/wp\/v2\/comments?post=45669"}],"version-history":[{"count":0,"href":"https:\/\/www.jornalja.com.br\/arquivo\/wp-json\/wp\/v2\/posts\/45669\/revisions"}],"wp:attachment":[{"href":"https:\/\/www.jornalja.com.br\/arquivo\/wp-json\/wp\/v2\/media?parent=45669"}],"wp:term":[{"taxonomy":"category","embeddable":true,"href":"https:\/\/www.jornalja.com.br\/arquivo\/wp-json\/wp\/v2\/categories?post=45669"},{"taxonomy":"post_tag","embeddable":true,"href":"https:\/\/www.jornalja.com.br\/arquivo\/wp-json\/wp\/v2\/tags?post=45669"}],"curies":[{"name":"wp","href":"https:\/\/api.w.org\/{rel}","templated":true}]}}