{"id":45707,"date":"2017-03-13T23:07:07","date_gmt":"2017-03-14T02:07:07","guid":{"rendered":"https:\/\/www.jornalja.com.br\/?p=45707"},"modified":"2017-03-13T23:07:07","modified_gmt":"2017-03-14T02:07:07","slug":"ex-ministro-da-lula-e-dilma-afirma-a-trabalhadores-que-reforma-da-previdencia-e-maldade","status":"publish","type":"post","link":"https:\/\/www.jornalja.com.br\/arquivo\/ex-ministro-da-lula-e-dilma-afirma-a-trabalhadores-que-reforma-da-previdencia-e-maldade\/","title":{"rendered":"Ex-ministro Gabas afirma que reforma da Previd\u00eancia \u00e9 maldade"},"content":{"rendered":"<p><strong>WALMARO PAZ<\/strong><br \/>\nServidor da Previd\u00eancia Social desde 1985 e ministro nos governos Lula e Dilma, Carlos Eduardo Gabas, que deixou o cargo definitivamente em outubro de 2015, afirmou nesta segunda-feira (13), em Porto Alegre, a centenas de lideran\u00e7as sindicais reunidas no audit\u00f3rio do Sindipolo que h\u00e1 uma necessidade de atualiza\u00e7\u00e3o das regras da Previd\u00eancia Social. \u201cMas sem a utiliza\u00e7\u00e3o deste verdadeiro pacote de maldades apresentado pelo atual governo atrav\u00e9s de Proposta de Emenda \u00e0 Constitui\u00e7\u00e3o (PEC) 287\u201d.<br \/>\nGabas afirmou discordar da proposta na forma e no conte\u00fado.\u00a0 Segundo ele, na forma porque o governo enviou ao Congresso um pacote pronto sem conversar com a sociedade, ainda em dezembro do ano passado e em poucos dias teve parecer favor\u00e1vel do relator deputado federal Alceu Moreira (PMDB-RS). J\u00e1 o conte\u00fado \u00e9 errado, conforme Gabas porque n\u00e3o existe conforme foi alegado \u201cum descontrole de despesas o que est\u00e1 havendo \u00e9 uma queda brutal de arrecada\u00e7\u00e3o\u201d.\u00a0 Para ele o rem\u00e9dio para esta situa\u00e7\u00e3o \u00e9 o crescimento econ\u00f4mico.<br \/>\n<figure id=\"attachment_45711\" aria-describedby=\"caption-attachment-45711\" style=\"width: 300px\" class=\"wp-caption alignleft\"><img loading=\"lazy\" decoding=\"async\" class=\"size-medium wp-image-45711\" src=\"https:\/\/www.jornalja.com.br\/wp-content\/uploads\/2017\/03\/DSCN3222-300x225.jpg\" alt=\"Trabalhadores ouvem ex-ministro. Foto Jana\u00edna Capeletti\" width=\"300\" height=\"225\" \/><figcaption id=\"caption-attachment-45711\" class=\"wp-caption-text\">Trabalhadores ouvem ex-ministro. Foto Jana\u00edna Capeletti<\/figcaption><\/figure><br \/>\nO ex-ministro lembrou ainda que a presidente Dilma j\u00e1 havia criado o F\u00f3rum Nacional de Trabalho e Previd\u00eancia que tinha o objetivo de fazer os ajustes conversando com todos os setores da sociedade: empres\u00e1rios, trabalhadores e governo. \u201c O grande desafio enfrentado atualmente pela Previd\u00eancia \u00e9 a transi\u00e7\u00e3o demogr\u00e1fica. As mulheres est\u00e3o tendo em m\u00e9dia 1,7 filhos, as pessoas vivem mais, a sobrevida aumentou em dez anos sobre a expectativa de vida\u201d. Ele explicou que a expectativa de vida no Brasil hoje chega a 74 anos para os homens e 76 para as mulheres e a sobrevida, isto \u00e9, a vida a mais para os que passam dos 60 \u00e9 de 84 anos.<br \/>\nUm grande desafio e muito mais grave segundo Gabas, \u00e9 a isen\u00e7\u00e3o previdenci\u00e1ria que atingiu em 2015 R$66 bilh\u00f5es al\u00e9m de uma d\u00edvida de mais de \u00bd trilh\u00e3o de reais de empresas que n\u00e3o recolhem e n\u00e3o pagam. E mesmo assim at\u00e9 2014 a previd\u00eancia urbana era superavit\u00e1ria. Ele disse que esta situa\u00e7\u00e3o \u00e9 pass\u00edvel de solu\u00e7\u00e3o apenas com a cobran\u00e7a das d\u00edvidas de apenas 13 mil empresas.<br \/>\n<strong>A aposentadoria rural, um sistema solid\u00e1rio<\/strong><br \/>\nOutro problema alegado pelos defensores da reforma da Previd\u00eancia \u00e9 o do trabalhador rural supostamente n\u00e3o pagar para receber o benef\u00edcio. Mas isto \u00e9 uma fal\u00e1cia, porque o agricultor paga 2,1 por cento de tudo o que vende, e 70% dos alimentos consumidos pelos brasileiros vem da agricultura familiar. Ele informou ainda que na constitui\u00e7\u00e3o foram criadas fontes de recursos para o financiamento destes trabalhadores: o COFINS.<br \/>\n\u201cA Constitui\u00e7\u00e3o previu uma pol\u00edtica de prote\u00e7\u00e3o ao homem do campo. Ao estabelecer a igualdade de idade \u2013 hoje o homem do campo, segurado especial, se aposenta aos 60 anos o homem, aos 55 anos a mulher \u2013, foi todo mundo para 65. E mais, ele vai ser obrigado a contribuir mensalmente, igual aos trabalhadores urbanos. Agora, voc\u00ea imagina se isso \u00e9 vi\u00e1vel. Voc\u00ea vai para o sert\u00e3o do pa\u00eds, tem um campon\u00eas l\u00e1 trabalhando a terra, ele para o trabalho dele para ir determinado dia do m\u00eas recolher uma guia da Previd\u00eancia Social no banco. Primeiro, ele nem sabe o que \u00e9, nem vai saber. Segundo, n\u00e3o tem dinheiro para fazer isso. A contribui\u00e7\u00e3o dele se dava na medida em que ele comercializava a produ\u00e7\u00e3o, ou se n\u00e3o diretamente por ele por substitui\u00e7\u00e3o tribut\u00e1ria, quem comprava a produ\u00e7\u00e3o dele pagava no meio da comercializa\u00e7\u00e3o. Isso n\u00e3o vai valer mais. Ele vai ser obrigado a contribuir todo m\u00eas, ou n\u00e3o vai se aposentar. Por isso que, na minha avalia\u00e7\u00e3o, \u00e9 o fim da aposentadoria rural\u201d, explicou.<br \/>\nOutra maldade, para Gabas \u00e9 a equipara\u00e7\u00e3o das mulheres e dos homens. \u201cN\u00f3s n\u00e3o temos uma sociedade igual. Vamos dar um exemplo: uma mulher que tiver 44 anos e tenha come\u00e7ado a trabalhar aos 15, est\u00e1 com 29 anos de trabalho, falta um para se aposentar. Ela vai de trabalhar mais 16 anos. Isso \u00e9 cruel. E mais ainda: a maldade n\u00e3o \u00e9 s\u00f3 contra as mulheres. Se voc\u00ea observar, a nova regra prev\u00ea aposentadoria s\u00f3 aos 65 anos de idade. Tem de ter 25 de contribui\u00e7\u00e3o. Mas ela mexe no c\u00e1lculo da aposentadoria. N\u00e3o \u00e9 mais 100% do valor da m\u00e9dia, \u00e9 51% mais um 1% a cada ano trabalhado e contribu\u00eddo. Significa dizer que o trabalhador, para ter 100%, para ter sua aposentadoria integral, vai ter de trabalhar at\u00e9 os 65 anos e ter no m\u00ednimo 49 anos de contribui\u00e7\u00e3o. Isso nenhum pa\u00eds do mundo tem, \u00e9 muito maior que a m\u00e9dia da OCDE (Organiza\u00e7\u00e3o para a Coopera\u00e7\u00e3o e Desenvolvimento Econ\u00f4mico). \u00c9 botar na conta do trabalhador uma responsabilidade que n\u00e3o \u00e9 dele, \u00e9 da crise econ\u00f4mica\u201d.<br \/>\nMais um ponto critic\u00e1vel \u00a0na proposta do governo segundo ele, \u00e9 o BPC\/Loas [Benef\u00edcio da Presta\u00e7\u00e3o Continuada da Lei Org\u00e2nica da Assist\u00eancia Social], que \u00e9 pago a idosos e deficientes, pobres. Hoje \u00e9 pago aos 65, eles elevam para 70 anos. Isso vai dificultar muito a vida de quem j\u00e1 sofre. E um outro aspecto: todas as aposentadorias e pens\u00f5es passam a pagar contribui\u00e7\u00e3o \u00e0 Previd\u00eancia. Para quem j\u00e1 \u00e9 aposentado, j\u00e1 \u00e9 uma redu\u00e7\u00e3o de sal\u00e1rio. E [a proposta] desvincula tanto BPC\/Loas quanto as pens\u00f5es do sal\u00e1rio m\u00ednimo. Uma senhora que \u00e9 casada com um aposentado, que recebe sal\u00e1rio m\u00ednimo, fica vi\u00fava, vai receber metade do sal\u00e1rio m\u00ednimo.<br \/>\nConforme Gabas a Previd\u00eancia Social brasileira \u00e9 baseada na solidariedade e por isso foi elogiada e premiada em outros pa\u00edses. No entanto este pacote se baseia no individualismo e calcula sobre o que cada um contribui. N\u00e3o interessando a situa\u00e7\u00e3o do restante da sociedade.<br \/>\n<strong>Uma propaganda \u00a0bem feita<\/strong><br \/>\nEle disse ainda que a propaganda apresentada atrav\u00e9s da m\u00eddia pelo governo \u00e9 muito bem-feita e faz as pessoas acreditarem na necessidade, por\u00e9m apresenta uma situa\u00e7\u00e3o mascarada. \u201c Eles colocam no or\u00e7amento da Previd\u00eancia Social as aposentadorias dos servidores p\u00fablicos civis e militares que s\u00e3o um encargo exclusivo do poder executivo, al\u00e9m dos sal\u00e1rios dos servidores ativos da previd\u00eancia. Por isso aparece um rombo enorme\u201d.<br \/>\nGabas entende que a sociedade brasileira deve resistir e os trabalhadores pressionarem os congressistas \u00b4para que esta proposta n\u00e3o passe e devem propor o retorno do F\u00f3rum para que a sociedade como um todo discuta o problema.<\/p>\n","protected":false},"excerpt":{"rendered":"<p>WALMARO PAZ Servidor da Previd\u00eancia Social desde 1985 e ministro nos governos Lula e Dilma, Carlos Eduardo Gabas, que deixou o cargo definitivamente em outubro de 2015, afirmou nesta segunda-feira (13), em Porto Alegre, a centenas de lideran\u00e7as sindicais reunidas no audit\u00f3rio do Sindipolo que h\u00e1 uma necessidade de atualiza\u00e7\u00e3o das regras da Previd\u00eancia Social. [&hellip;]<\/p>\n","protected":false},"author":4,"featured_media":45709,"comment_status":"open","ping_status":"closed","sticky":false,"template":"","format":"standard","meta":{"_jetpack_newsletter_access":"","_jetpack_dont_email_post_to_subs":false,"_jetpack_newsletter_tier_id":0,"_jetpack_memberships_contains_paywalled_content":false,"_jetpack_feature_clip_id":0,"_jetpack_memberships_contains_paid_content":false,"footnotes":"","jetpack_post_was_ever_published":false},"categories":[26],"tags":[],"class_list":["post-45707","post","type-post","status-publish","format-standard","has-post-thumbnail","hentry","category-geral"],"aioseo_notices":[],"aioseo_head":"\n\t\t<!-- All in One SEO 5.0.1.1 - aioseo.com -->\n\t<meta name=\"robots\" content=\"max-image-preview:large\" \/>\n\t<meta name=\"author\" content=\"da Reda\u00e7\u00e3o\"\/>\n\t<link rel=\"canonical\" href=\"https:\/\/www.jornalja.com.br\/arquivo\/ex-ministro-da-lula-e-dilma-afirma-a-trabalhadores-que-reforma-da-previdencia-e-maldade\/\" \/>\n\t<meta name=\"generator\" content=\"All in One SEO (AIOSEO) 5.0.1.1\" \/>\n\t\t<meta property=\"og:locale\" content=\"pt_BR\" \/>\n\t\t<meta property=\"og:site_name\" content=\"Arquivo | Jornal J\u00c1 | Porto Alegre\" \/>\n\t\t<meta property=\"og:type\" content=\"article\" \/>\n\t\t<meta property=\"og:title\" content=\"Ex-ministro Gabas afirma que reforma da Previd\u00eancia \u00e9 maldade | Arquivo\" \/>\n\t\t<meta property=\"og:url\" content=\"https:\/\/www.jornalja.com.br\/arquivo\/ex-ministro-da-lula-e-dilma-afirma-a-trabalhadores-que-reforma-da-previdencia-e-maldade\/\" \/>\n\t\t<meta property=\"og:image\" content=\"https:\/\/www.jornalja.com.br\/wp-content\/uploads\/2017\/03\/DSCN3222-300x225.jpg\" \/>\n\t\t<meta property=\"og:image:secure_url\" content=\"https:\/\/www.jornalja.com.br\/wp-content\/uploads\/2017\/03\/DSCN3222-300x225.jpg\" \/>\n\t\t<meta property=\"article:published_time\" content=\"2017-03-14T02:07:07+00:00\" \/>\n\t\t<meta property=\"article:modified_time\" content=\"2017-03-14T02:07:07+00:00\" \/>\n\t\t<meta name=\"twitter:card\" content=\"summary\" \/>\n\t\t<meta name=\"twitter:title\" content=\"Ex-ministro Gabas afirma que reforma da Previd\u00eancia \u00e9 maldade | Arquivo\" \/>\n\t\t<meta name=\"twitter:image\" content=\"https:\/\/www.jornalja.com.br\/economics\/wp-content\/uploads\/sites\/11\/2026\/08\/ja-folhaderosto-facebook.jpg\" \/>\n\t\t<script type=\"application\/ld+json\" class=\"aioseo-schema\">\n\t\t\t{\"@context\":\"https:\\\/\\\/schema.org\",\"@graph\":[{\"@type\":\"BlogPosting\",\"@id\":\"https:\\\/\\\/www.jornalja.com.br\\\/arquivo\\\/ex-ministro-da-lula-e-dilma-afirma-a-trabalhadores-que-reforma-da-previdencia-e-maldade\\\/#blogposting\",\"name\":\"Ex-ministro Gabas afirma que reforma da Previd\\u00eancia \\u00e9 maldade | Arquivo\",\"headline\":\"Ex-ministro Gabas afirma que reforma da Previd\\u00eancia \\u00e9 maldade\",\"author\":{\"@id\":\"https:\\\/\\\/www.jornalja.com.br\\\/arquivo\\\/author\\\/daredacao\\\/#author\"},\"publisher\":{\"@id\":\"https:\\\/\\\/www.jornalja.com.br\\\/arquivo\\\/#organization\"},\"image\":{\"@type\":\"ImageObject\",\"url\":45709},\"datePublished\":\"2017-03-13T23:07:07-03:00\",\"dateModified\":\"2017-03-13T23:07:07-03:00\",\"inLanguage\":\"pt-BR\",\"mainEntityOfPage\":{\"@id\":\"https:\\\/\\\/www.jornalja.com.br\\\/arquivo\\\/ex-ministro-da-lula-e-dilma-afirma-a-trabalhadores-que-reforma-da-previdencia-e-maldade\\\/#webpage\"},\"isPartOf\":{\"@id\":\"https:\\\/\\\/www.jornalja.com.br\\\/arquivo\\\/ex-ministro-da-lula-e-dilma-afirma-a-trabalhadores-que-reforma-da-previdencia-e-maldade\\\/#webpage\"},\"articleSection\":\"Geral\"},{\"@type\":\"BreadcrumbList\",\"@id\":\"https:\\\/\\\/www.jornalja.com.br\\\/arquivo\\\/ex-ministro-da-lula-e-dilma-afirma-a-trabalhadores-que-reforma-da-previdencia-e-maldade\\\/#breadcrumblist\",\"itemListElement\":[{\"@type\":\"ListItem\",\"@id\":\"https:\\\/\\\/www.jornalja.com.br\\\/arquivo#listItem\",\"position\":1,\"name\":\"Home\",\"item\":\"https:\\\/\\\/www.jornalja.com.br\\\/arquivo\",\"nextItem\":{\"@type\":\"ListItem\",\"@id\":\"https:\\\/\\\/www.jornalja.com.br\\\/arquivo\\\/category\\\/geral\\\/#listItem\",\"name\":\"Geral\"}},{\"@type\":\"ListItem\",\"@id\":\"https:\\\/\\\/www.jornalja.com.br\\\/arquivo\\\/category\\\/geral\\\/#listItem\",\"position\":2,\"name\":\"Geral\",\"item\":\"https:\\\/\\\/www.jornalja.com.br\\\/arquivo\\\/category\\\/geral\\\/\",\"nextItem\":{\"@type\":\"ListItem\",\"@id\":\"https:\\\/\\\/www.jornalja.com.br\\\/arquivo\\\/ex-ministro-da-lula-e-dilma-afirma-a-trabalhadores-que-reforma-da-previdencia-e-maldade\\\/#listItem\",\"name\":\"Ex-ministro Gabas afirma que reforma da Previd\\u00eancia \\u00e9 maldade\"},\"previousItem\":{\"@type\":\"ListItem\",\"@id\":\"https:\\\/\\\/www.jornalja.com.br\\\/arquivo#listItem\",\"name\":\"Home\"}},{\"@type\":\"ListItem\",\"@id\":\"https:\\\/\\\/www.jornalja.com.br\\\/arquivo\\\/ex-ministro-da-lula-e-dilma-afirma-a-trabalhadores-que-reforma-da-previdencia-e-maldade\\\/#listItem\",\"position\":3,\"name\":\"Ex-ministro Gabas afirma que reforma da Previd\\u00eancia \\u00e9 maldade\",\"previousItem\":{\"@type\":\"ListItem\",\"@id\":\"https:\\\/\\\/www.jornalja.com.br\\\/arquivo\\\/category\\\/geral\\\/#listItem\",\"name\":\"Geral\"}}]},{\"@type\":\"Organization\",\"@id\":\"https:\\\/\\\/www.jornalja.com.br\\\/arquivo\\\/#organization\",\"name\":\"Jornal J\\u00c1\",\"description\":\"Jornal J\\u00c1 | Porto Alegre\",\"url\":\"https:\\\/\\\/www.jornalja.com.br\\\/arquivo\\\/\",\"telephone\":\"+555133307272\",\"logo\":{\"@type\":\"ImageObject\",\"url\":\"https:\\\/\\\/www.jornalja.com.br\\\/wp-content\\\/uploads\\\/cards\\\/JAslogan.png\",\"@id\":\"https:\\\/\\\/www.jornalja.com.br\\\/arquivo\\\/ex-ministro-da-lula-e-dilma-afirma-a-trabalhadores-que-reforma-da-previdencia-e-maldade\\\/#organizationLogo\"},\"image\":{\"@id\":\"https:\\\/\\\/www.jornalja.com.br\\\/arquivo\\\/ex-ministro-da-lula-e-dilma-afirma-a-trabalhadores-que-reforma-da-previdencia-e-maldade\\\/#organizationLogo\"}},{\"@type\":\"Person\",\"@id\":\"https:\\\/\\\/www.jornalja.com.br\\\/arquivo\\\/author\\\/daredacao\\\/#author\",\"url\":\"https:\\\/\\\/www.jornalja.com.br\\\/arquivo\\\/author\\\/daredacao\\\/\",\"name\":\"da Reda\\u00e7\\u00e3o\",\"image\":{\"@type\":\"ImageObject\",\"@id\":\"https:\\\/\\\/www.jornalja.com.br\\\/arquivo\\\/ex-ministro-da-lula-e-dilma-afirma-a-trabalhadores-que-reforma-da-previdencia-e-maldade\\\/#authorImage\",\"url\":\"https:\\\/\\\/secure.gravatar.com\\\/avatar\\\/469fd857d6605ad19919d27ed29d35a968a25f6e8fd9318356bbb7f57aae9c65?s=96&d=mm&r=g\",\"width\":96,\"height\":96,\"caption\":\"da Reda\\u00e7\\u00e3o\"}},{\"@type\":\"WebPage\",\"@id\":\"https:\\\/\\\/www.jornalja.com.br\\\/arquivo\\\/ex-ministro-da-lula-e-dilma-afirma-a-trabalhadores-que-reforma-da-previdencia-e-maldade\\\/#webpage\",\"url\":\"https:\\\/\\\/www.jornalja.com.br\\\/arquivo\\\/ex-ministro-da-lula-e-dilma-afirma-a-trabalhadores-que-reforma-da-previdencia-e-maldade\\\/\",\"name\":\"Ex-ministro Gabas afirma que reforma da Previd\\u00eancia \\u00e9 maldade | Arquivo\",\"inLanguage\":\"pt-BR\",\"isPartOf\":{\"@id\":\"https:\\\/\\\/www.jornalja.com.br\\\/arquivo\\\/#website\"},\"breadcrumb\":{\"@id\":\"https:\\\/\\\/www.jornalja.com.br\\\/arquivo\\\/ex-ministro-da-lula-e-dilma-afirma-a-trabalhadores-que-reforma-da-previdencia-e-maldade\\\/#breadcrumblist\"},\"author\":{\"@id\":\"https:\\\/\\\/www.jornalja.com.br\\\/arquivo\\\/author\\\/daredacao\\\/#author\"},\"creator\":{\"@id\":\"https:\\\/\\\/www.jornalja.com.br\\\/arquivo\\\/author\\\/daredacao\\\/#author\"},\"image\":{\"@type\":\"ImageObject\",\"url\":45709,\"@id\":\"https:\\\/\\\/www.jornalja.com.br\\\/arquivo\\\/ex-ministro-da-lula-e-dilma-afirma-a-trabalhadores-que-reforma-da-previdencia-e-maldade\\\/#mainImage\"},\"primaryImageOfPage\":{\"@id\":\"https:\\\/\\\/www.jornalja.com.br\\\/arquivo\\\/ex-ministro-da-lula-e-dilma-afirma-a-trabalhadores-que-reforma-da-previdencia-e-maldade\\\/#mainImage\"},\"datePublished\":\"2017-03-13T23:07:07-03:00\",\"dateModified\":\"2017-03-13T23:07:07-03:00\"},{\"@type\":\"WebSite\",\"@id\":\"https:\\\/\\\/www.jornalja.com.br\\\/arquivo\\\/#website\",\"url\":\"https:\\\/\\\/www.jornalja.com.br\\\/arquivo\\\/\",\"name\":\"Arquivo\",\"description\":\"Jornal J\\u00c1 | Porto Alegre\",\"inLanguage\":\"pt-BR\",\"publisher\":{\"@id\":\"https:\\\/\\\/www.jornalja.com.br\\\/arquivo\\\/#organization\"}}]}\n\t\t<\/script>\n\t\t<!-- All in One SEO -->\n\n","aioseo_head_json":{"title":"Ex-ministro Gabas afirma que reforma da Previd\u00eancia \u00e9 maldade | Arquivo","description":"","canonical_url":"https:\/\/www.jornalja.com.br\/arquivo\/ex-ministro-da-lula-e-dilma-afirma-a-trabalhadores-que-reforma-da-previdencia-e-maldade\/","robots":"max-image-preview:large","keywords":"","webmasterTools":{"miscellaneous":""},"schema":{"@context":"https:\/\/schema.org","@graph":[{"@type":"BlogPosting","@id":"https:\/\/www.jornalja.com.br\/arquivo\/ex-ministro-da-lula-e-dilma-afirma-a-trabalhadores-que-reforma-da-previdencia-e-maldade\/#blogposting","name":"Ex-ministro Gabas afirma que reforma da Previd\u00eancia \u00e9 maldade | Arquivo","headline":"Ex-ministro Gabas afirma que reforma da Previd\u00eancia \u00e9 maldade","author":{"@id":"https:\/\/www.jornalja.com.br\/arquivo\/author\/daredacao\/#author"},"publisher":{"@id":"https:\/\/www.jornalja.com.br\/arquivo\/#organization"},"image":{"@type":"ImageObject","url":45709},"datePublished":"2017-03-13T23:07:07-03:00","dateModified":"2017-03-13T23:07:07-03:00","inLanguage":"pt-BR","mainEntityOfPage":{"@id":"https:\/\/www.jornalja.com.br\/arquivo\/ex-ministro-da-lula-e-dilma-afirma-a-trabalhadores-que-reforma-da-previdencia-e-maldade\/#webpage"},"isPartOf":{"@id":"https:\/\/www.jornalja.com.br\/arquivo\/ex-ministro-da-lula-e-dilma-afirma-a-trabalhadores-que-reforma-da-previdencia-e-maldade\/#webpage"},"articleSection":"Geral"},{"@type":"BreadcrumbList","@id":"https:\/\/www.jornalja.com.br\/arquivo\/ex-ministro-da-lula-e-dilma-afirma-a-trabalhadores-que-reforma-da-previdencia-e-maldade\/#breadcrumblist","itemListElement":[{"@type":"ListItem","@id":"https:\/\/www.jornalja.com.br\/arquivo#listItem","position":1,"name":"Home","item":"https:\/\/www.jornalja.com.br\/arquivo","nextItem":{"@type":"ListItem","@id":"https:\/\/www.jornalja.com.br\/arquivo\/category\/geral\/#listItem","name":"Geral"}},{"@type":"ListItem","@id":"https:\/\/www.jornalja.com.br\/arquivo\/category\/geral\/#listItem","position":2,"name":"Geral","item":"https:\/\/www.jornalja.com.br\/arquivo\/category\/geral\/","nextItem":{"@type":"ListItem","@id":"https:\/\/www.jornalja.com.br\/arquivo\/ex-ministro-da-lula-e-dilma-afirma-a-trabalhadores-que-reforma-da-previdencia-e-maldade\/#listItem","name":"Ex-ministro Gabas afirma que reforma da Previd\u00eancia \u00e9 maldade"},"previousItem":{"@type":"ListItem","@id":"https:\/\/www.jornalja.com.br\/arquivo#listItem","name":"Home"}},{"@type":"ListItem","@id":"https:\/\/www.jornalja.com.br\/arquivo\/ex-ministro-da-lula-e-dilma-afirma-a-trabalhadores-que-reforma-da-previdencia-e-maldade\/#listItem","position":3,"name":"Ex-ministro Gabas afirma que reforma da Previd\u00eancia \u00e9 maldade","previousItem":{"@type":"ListItem","@id":"https:\/\/www.jornalja.com.br\/arquivo\/category\/geral\/#listItem","name":"Geral"}}]},{"@type":"Organization","@id":"https:\/\/www.jornalja.com.br\/arquivo\/#organization","name":"Jornal J\u00c1","description":"Jornal J\u00c1 | Porto Alegre","url":"https:\/\/www.jornalja.com.br\/arquivo\/","telephone":"+555133307272","logo":{"@type":"ImageObject","url":"https:\/\/www.jornalja.com.br\/wp-content\/uploads\/cards\/JAslogan.png","@id":"https:\/\/www.jornalja.com.br\/arquivo\/ex-ministro-da-lula-e-dilma-afirma-a-trabalhadores-que-reforma-da-previdencia-e-maldade\/#organizationLogo"},"image":{"@id":"https:\/\/www.jornalja.com.br\/arquivo\/ex-ministro-da-lula-e-dilma-afirma-a-trabalhadores-que-reforma-da-previdencia-e-maldade\/#organizationLogo"}},{"@type":"Person","@id":"https:\/\/www.jornalja.com.br\/arquivo\/author\/daredacao\/#author","url":"https:\/\/www.jornalja.com.br\/arquivo\/author\/daredacao\/","name":"da Reda\u00e7\u00e3o","image":{"@type":"ImageObject","@id":"https:\/\/www.jornalja.com.br\/arquivo\/ex-ministro-da-lula-e-dilma-afirma-a-trabalhadores-que-reforma-da-previdencia-e-maldade\/#authorImage","url":"https:\/\/secure.gravatar.com\/avatar\/469fd857d6605ad19919d27ed29d35a968a25f6e8fd9318356bbb7f57aae9c65?s=96&d=mm&r=g","width":96,"height":96,"caption":"da Reda\u00e7\u00e3o"}},{"@type":"WebPage","@id":"https:\/\/www.jornalja.com.br\/arquivo\/ex-ministro-da-lula-e-dilma-afirma-a-trabalhadores-que-reforma-da-previdencia-e-maldade\/#webpage","url":"https:\/\/www.jornalja.com.br\/arquivo\/ex-ministro-da-lula-e-dilma-afirma-a-trabalhadores-que-reforma-da-previdencia-e-maldade\/","name":"Ex-ministro Gabas afirma que reforma da Previd\u00eancia \u00e9 maldade | Arquivo","inLanguage":"pt-BR","isPartOf":{"@id":"https:\/\/www.jornalja.com.br\/arquivo\/#website"},"breadcrumb":{"@id":"https:\/\/www.jornalja.com.br\/arquivo\/ex-ministro-da-lula-e-dilma-afirma-a-trabalhadores-que-reforma-da-previdencia-e-maldade\/#breadcrumblist"},"author":{"@id":"https:\/\/www.jornalja.com.br\/arquivo\/author\/daredacao\/#author"},"creator":{"@id":"https:\/\/www.jornalja.com.br\/arquivo\/author\/daredacao\/#author"},"image":{"@type":"ImageObject","url":45709,"@id":"https:\/\/www.jornalja.com.br\/arquivo\/ex-ministro-da-lula-e-dilma-afirma-a-trabalhadores-que-reforma-da-previdencia-e-maldade\/#mainImage"},"primaryImageOfPage":{"@id":"https:\/\/www.jornalja.com.br\/arquivo\/ex-ministro-da-lula-e-dilma-afirma-a-trabalhadores-que-reforma-da-previdencia-e-maldade\/#mainImage"},"datePublished":"2017-03-13T23:07:07-03:00","dateModified":"2017-03-13T23:07:07-03:00"},{"@type":"WebSite","@id":"https:\/\/www.jornalja.com.br\/arquivo\/#website","url":"https:\/\/www.jornalja.com.br\/arquivo\/","name":"Arquivo","description":"Jornal J\u00c1 | Porto Alegre","inLanguage":"pt-BR","publisher":{"@id":"https:\/\/www.jornalja.com.br\/arquivo\/#organization"}}]},"og:locale":"pt_BR","og:site_name":"Arquivo | Jornal J\u00c1 | Porto Alegre","og:type":"article","og:title":"Ex-ministro Gabas afirma que reforma da Previd\u00eancia \u00e9 maldade | Arquivo","og:url":"https:\/\/www.jornalja.com.br\/arquivo\/ex-ministro-da-lula-e-dilma-afirma-a-trabalhadores-que-reforma-da-previdencia-e-maldade\/","og:image":"https:\/\/www.jornalja.com.br\/wp-content\/uploads\/2017\/03\/DSCN3222-300x225.jpg","og:image:secure_url":"https:\/\/www.jornalja.com.br\/wp-content\/uploads\/2017\/03\/DSCN3222-300x225.jpg","article:published_time":"2017-03-14T02:07:07+00:00","article:modified_time":"2017-03-14T02:07:07+00:00","twitter:card":"summary","twitter:title":"Ex-ministro Gabas afirma que reforma da Previd\u00eancia \u00e9 maldade | Arquivo","twitter:image":"https:\/\/www.jornalja.com.br\/economics\/wp-content\/uploads\/sites\/11\/2026\/08\/ja-folhaderosto-facebook.jpg"},"aioseo_meta_data":{"post_id":"45707","title":null,"description":null,"keywords":null,"keyphrases":null,"primary_term":null,"canonical_url":null,"og_title":null,"og_description":null,"og_object_type":"default","og_image_type":"default","og_image_url":null,"og_image_width":null,"og_image_height":null,"og_image_custom_url":null,"og_image_custom_fields":null,"og_video":null,"og_custom_url":null,"og_article_section":null,"og_article_tags":null,"twitter_use_og":false,"twitter_card":"default","twitter_image_type":"default","twitter_image_url":null,"twitter_image_custom_url":null,"twitter_image_custom_fields":null,"twitter_title":null,"twitter_description":null,"schema":{"blockGraphs":[],"customGraphs":[],"default":{"data":{"Article":[],"Course":[],"Dataset":[],"FAQPage":[],"Movie":[],"Person":[],"Product":[],"ProductReview":[],"Car":[],"Recipe":[],"Service":[],"SoftwareApplication":[],"WebPage":[]},"graphName":"","isEnabled":true},"graphs":[],"defaultGraph":"","defaultPostTypeGraph":""},"schema_type":null,"schema_type_options":null,"pillar_content":false,"robots_default":true,"robots_noindex":false,"robots_noarchive":false,"robots_nosnippet":false,"robots_nofollow":false,"robots_noimageindex":false,"robots_noodp":false,"robots_notranslate":false,"robots_max_snippet":null,"robots_max_videopreview":null,"robots_max_imagepreview":"large","priority":null,"frequency":null,"location":null,"local_seo":null,"breadcrumb_settings":null,"limit_modified_date":false,"ai":null,"created":"2020-12-20 20:38:59","updated":"2025-07-19 20:24:29","seo_analyzer_scan_date":null,"focus_keyword":null,"additional_keywords":null,"truseo_locale":null},"jetpack_sharing_enabled":true,"jetpack-related-posts":[{"id":5440,"url":"https:\/\/www.jornalja.com.br\/arquivo\/casarao-da-venancio-destino-permanece-incerto\/","url_meta":{"origin":45707,"position":0},"title":"Estado ainda n\u00e3o sabe o que fazer com casar\u00e3o abandonado h\u00e1 20 anos","author":"Elmar Bones","date":"6 de julho de 2009","format":false,"excerpt":"O casar\u00e3o amarelo, numa esquina nobre de Porto Alegre (Ven\u00e2ncio Aires com Jo\u00e3o Pessoa), j\u00e1 abrigou uma escola. H\u00e1 duas d\u00e9cadas, pelo menos, est\u00e1 abandonado, porque seu propriet\u00e1rio, o governo do Estado do Rio Grande do Sul, n\u00e3o consegue achar um destino para ele. Planos n\u00e3o faltaram. O governador Ol\u00edvio\u2026","rel":"","context":"Em &quot;X.Categorias velhas&quot;","block_context":{"text":"X.Categorias velhas","link":"https:\/\/www.jornalja.com.br\/arquivo\/category\/x-categorias-velhas\/"},"img":{"alt_text":"geraldo1","src":"https:\/\/i0.wp.com\/www.jornalja.com.br\/wp-content\/uploads\/2009\/07\/geraldo1.jpg?resize=350%2C200&ssl=1","width":350,"height":200},"classes":[]},{"id":13124,"url":"https:\/\/www.jornalja.com.br\/arquivo\/sangue-latino-no-iecine\/","url_meta":{"origin":45707,"position":1},"title":"Sangue latino no IECINE","author":"da Reda\u00e7\u00e3o","date":"18 de maio de 2014","format":false,"excerpt":"Francisco Ribeiro O Instituto Estadual de Cinema (IECINE) tem a frente, desde abril \u00faltimo, um novo diretor, o cineasta colombiano Juan Zapata, 36, que substitui Luiz Alberto Cassol. Radicado h\u00e1 dez anos em Porto Alegre, Zapata tem diante de si o desafio de conduzir at\u00e9 o final do ano um\u2026","rel":"","context":"Em &quot;Cultura-Geral&quot;","block_context":{"text":"Cultura-Geral","link":"https:\/\/www.jornalja.com.br\/arquivo\/category\/materiasecundaria\/"},"img":{"alt_text":"","src":"","width":0,"height":0},"classes":[]},{"id":13240,"url":"https:\/\/www.jornalja.com.br\/arquivo\/plano-diretor-estamos-construindo-o-caos\/","url_meta":{"origin":45707,"position":2},"title":"Plano diretor: &quot;Estamos construindo o caos&quot;","author":"Patr\u00edcia Marini","date":"26 de maio de 2014","format":false,"excerpt":"Desabafo que arquiteta Eliana Castilhos, delegada da Regi\u00e3o de Planejamento 1, postou nas redes sociais \u00e9 um testemunho do ambiente que se criou no Conselho do Plano Diretor de Porto Alegre, onde a aprova\u00e7\u00e3o de grandes empreendimentos \u00e9 empurrada guela abaixo dos conselheiros. Ao CMDUA Como delegada da Regi\u00e3o de\u2026","rel":"","context":"Em &quot;Geral&quot;","block_context":{"text":"Geral","link":"https:\/\/www.jornalja.com.br\/arquivo\/category\/geral\/"},"img":{"alt_text":"","src":"","width":0,"height":0},"classes":[]},{"id":12960,"url":"https:\/\/www.jornalja.com.br\/arquivo\/populacao-culpa-empresas-pela-greve-dos-rodoviarios\/","url_meta":{"origin":45707,"position":3},"title":"Popula\u00e7\u00e3o culpa empresas pela greve","author":"Patr\u00edcia Marini","date":"14 de fevereiro de 2014","format":false,"excerpt":"Pesquisa divulgada na edi\u00e7\u00e3o do jornal Metro desta sexta-feira,14, comprova o velho ditado: \u00e9 poss\u00edvel enganar muitos por algum tempo, mas n\u00e3o \u00e9 poss\u00edvel enganar a todos o tempo inteiro. A principal revela\u00e7\u00e3o foi que 59,8% dos entrevistados apontaram as empresas como as principais respons\u00e1veis pela grave e 46% culparam\u2026","rel":"","context":"Em &quot;X.Categorias velhas&quot;","block_context":{"text":"X.Categorias velhas","link":"https:\/\/www.jornalja.com.br\/arquivo\/category\/x-categorias-velhas\/"},"img":{"alt_text":"","src":"","width":0,"height":0},"classes":[]},{"id":13109,"url":"https:\/\/www.jornalja.com.br\/arquivo\/judiciario-reconhece-poluicao-eletromagnetica\/","url_meta":{"origin":45707,"position":4},"title":"Judici\u00e1rio reconhece polui\u00e7\u00e3o eletromagn\u00e9tica","author":"Patr\u00edcia Marini","date":"16 de maio de 2014","format":false,"excerpt":"A\u00e7\u00e3o de duas associa\u00e7\u00f5es de moradores foi acolhida pelo Tribunal de Justi\u00e7a de S\u00e3o Paulo que. em decis\u00e3o in\u00e9dita, determinou a redu\u00e7\u00e3o do campo eletromagn\u00e9tico gerado pelas linhas de transmiss\u00e3o de energia que cortam os bairros City Boa\u00e7ava e Alto de Pinheiros. \u00c9 a primeira vez que um tribunal do\u2026","rel":"","context":"Em &quot;X.Categorias velhas&quot;","block_context":{"text":"X.Categorias velhas","link":"https:\/\/www.jornalja.com.br\/arquivo\/category\/x-categorias-velhas\/"},"img":{"alt_text":"","src":"","width":0,"height":0},"classes":[]},{"id":13128,"url":"https:\/\/www.jornalja.com.br\/arquivo\/maconha-terra-diz-que-uso-medicinal-e-desculpa\/","url_meta":{"origin":45707,"position":5},"title":"Maconha: Terra diz que uso medicinal \u00e9 desculpa","author":"Patr\u00edcia Marini","date":"4 de junho de 2014","format":false,"excerpt":"A condi\u00e7\u00e3o de pol\u00edtico, em \u00e9poca de campanha de campanha eleitoral, tira for\u00e7a do discurso do m\u00e9dico Osmar Terra contra a legaliza\u00e7\u00e3o da maconha. A tese dele de que a libera\u00e7\u00e3o vai ampliar exponencialmente o consumo \u00e9 discutivel, o consumo \u00e9 corrente. Mas seus alertas quanto aos riscos tem que\u2026","rel":"","context":"Em &quot;X.Categorias velhas&quot;","block_context":{"text":"X.Categorias velhas","link":"https:\/\/www.jornalja.com.br\/arquivo\/category\/x-categorias-velhas\/"},"img":{"alt_text":"","src":"","width":0,"height":0},"classes":[]}],"jetpack_shortlink":"https:\/\/wp.me\/pbQjBd-bTd","jetpack_featured_media_url":"","_links":{"self":[{"href":"https:\/\/www.jornalja.com.br\/arquivo\/wp-json\/wp\/v2\/posts\/45707","targetHints":{"allow":["GET"]}}],"collection":[{"href":"https:\/\/www.jornalja.com.br\/arquivo\/wp-json\/wp\/v2\/posts"}],"about":[{"href":"https:\/\/www.jornalja.com.br\/arquivo\/wp-json\/wp\/v2\/types\/post"}],"author":[{"embeddable":true,"href":"https:\/\/www.jornalja.com.br\/arquivo\/wp-json\/wp\/v2\/users\/4"}],"replies":[{"embeddable":true,"href":"https:\/\/www.jornalja.com.br\/arquivo\/wp-json\/wp\/v2\/comments?post=45707"}],"version-history":[{"count":0,"href":"https:\/\/www.jornalja.com.br\/arquivo\/wp-json\/wp\/v2\/posts\/45707\/revisions"}],"wp:attachment":[{"href":"https:\/\/www.jornalja.com.br\/arquivo\/wp-json\/wp\/v2\/media?parent=45707"}],"wp:term":[{"taxonomy":"category","embeddable":true,"href":"https:\/\/www.jornalja.com.br\/arquivo\/wp-json\/wp\/v2\/categories?post=45707"},{"taxonomy":"post_tag","embeddable":true,"href":"https:\/\/www.jornalja.com.br\/arquivo\/wp-json\/wp\/v2\/tags?post=45707"}],"curies":[{"name":"wp","href":"https:\/\/api.w.org\/{rel}","templated":true}]}}