{"id":45732,"date":"2017-03-14T11:34:48","date_gmt":"2017-03-14T14:34:48","guid":{"rendered":"https:\/\/www.jornalja.com.br\/?p=45732"},"modified":"2017-03-14T11:34:48","modified_gmt":"2017-03-14T14:34:48","slug":"uma-tragedia-anunciada","status":"publish","type":"post","link":"https:\/\/www.jornalja.com.br\/arquivo\/uma-tragedia-anunciada\/","title":{"rendered":"Uma trag\u00e9dia anunciada"},"content":{"rendered":"<p><span class=\"assina\">Jo\u00e3o Alberto Wohlfart<\/span><br \/>\nA cada dia que passa as inten\u00e7\u00f5es de fundo do governo golpista e usurpador Michel Temer ficam mais claras e expl\u00edcitas. O desmonte em curso do Brasil se evidencia em todos os campos, numa a\u00e7\u00e3o combinada e organizada para que tudo venha abaixo ao mesmo tempo e num prazo de tempo menor poss\u00edvel. E o que est\u00e1 sendo desmontado acontece com tal intensidade que n\u00e3o poder\u00e1 ser recuperado depois. A na\u00e7\u00e3o brasileira em sua totalidade, nos aspectos da vida econ\u00f4mica, social, pol\u00edtica, intelectual e ecol\u00f3gica est\u00e1 sendo demolida.<br \/>\nTodas as a\u00e7\u00f5es do governo usurpador est\u00e3o no caminho do desmonte de tudo o que foi conquistado a duras penas ao longo de anos, de d\u00e9cadas e de s\u00e9culos. A mais evidente ofensiva \u00e9 contra a Previd\u00eancia Social, um sistema que proporciona desenvolvimento econ\u00f4mico e social e vida minimamente digna \u00e0 popula\u00e7\u00e3o mais idosa do pa\u00eds. A alega\u00e7\u00e3o, legitimada por uma intensa propaganda veiculada pelos meios tradicionais, \u00e9 de fal\u00eancia da Previd\u00eancia, o que daria raz\u00e3o para que a mesma seja reformada. Mas, sabe-se a partir de fontes seguras que ela \u00e9 superavit\u00e1ria e que nos \u00faltimos anos sobraram centenas de bilh\u00f5es para serem repartidos entre as popula\u00e7\u00f5es mais humildes. Mas a inten\u00e7\u00e3o de tal empreendimento \u00e9 outra, a de canalizar os recursos para o sistema financeiro e concentrar a renda cada vez mais na m\u00e3o de uma pequena elite dominante.<br \/>\nDa reforma da Previd\u00eancia, o peso da crise recai diretamente sobre a classe trabalhadora que mais uma vez ter\u00e1 que pagar os pecados em fun\u00e7\u00e3o da gan\u00e2ncia dos mais ricos que cada vez concentram mais bens e recursos. A ideia de fundo \u00e9 tirar da popula\u00e7\u00e3o e concentrar nas m\u00e3os dos bancos e dos mais poderosos. Est\u00e3o em andamento projetos que retiram direitos dos trabalhadores, arrocham cada vez mais os seus sal\u00e1rios, os submetem a um regime de semiescravid\u00e3o e os rebaixam inexoravelmente \u00e0 pobreza e \u00e0 mis\u00e9ria. Estamos vendo um processo de precariza\u00e7\u00e3o do trabalho humano an\u00e1logo ao regime de escravid\u00e3o, o que inviabilizar\u00e1 qualquer perspectiva de desenvolvimento econ\u00f4mico e social. Nesta l\u00f3gica, o ser humano enquanto estrutura social est\u00e1 sendo rebaixado a uma coisidade geral a quem se destina apenas as migalhas para assegurar a for\u00e7a de trabalho social.<br \/>\nA ofensiva do governo usurpador vai muito mais longe. Al\u00e9m de retirar da sociedade a base material necess\u00e1ria para uma vida material minimamente digna, est\u00e1 privando o povo do conhecimento. A reforma do Ensino M\u00e9dio, o sucateamento das Universidades Federais, o projeto Escola sem Partido, est\u00e3o a\u00ed para inviabilizar qualquer tentativa de constru\u00e7\u00e3o do conhecimento e da cr\u00edtica. Soma-se a isto o lixo da televis\u00e3o brasileira, especialmente os ve\u00edculos e empresas oficiais, com a fun\u00e7\u00e3o exclusiva de imbeciliza\u00e7\u00e3o e mediocriza\u00e7\u00e3o do povo brasileiro diante do espet\u00e1culo do desmonte. No momento atual, apesar de alguns movimentos organizados, o povo assiste passivamente aos desmandos do governo golpista legitimado pela ignor\u00e2ncia do povo. Isto tudo converge naquilo que muitos intelectuais apontam para o tempo atual caracterizado como a era p\u00f3s-conhecimento e da p\u00f3s-humanidade. N\u00e3o temos mais conhecimento, apenas um intenso movimento de manipula\u00e7\u00e3o das massas. E a ofensiva se aprofunda com a elimina\u00e7\u00e3o da ci\u00eancia brasileira, o que abre o panorama para a a\u00e7\u00e3o da intelig\u00eancia norte-americana e da m\u00eddia brasileira no desmonte de um projeto de na\u00e7\u00e3o no Brasil.<br \/>\nSe fosse apenas isto, ainda estar\u00edamos num para\u00edso de maravilhas. Esta for\u00e7a ultraconservadora avan\u00e7a contra os direitos sociais, contra o Estado de Direito, contra a Democracia e contra a Constitui\u00e7\u00e3o Federal. Estes fundamentos da sociabilidade e da liberdade j\u00e1 foram abolidos pelo poder usurpador de uma minoria capitalista que arbitrariamente imp\u00f5e o seu projeto de dissolu\u00e7\u00e3o da na\u00e7\u00e3o, numa velocidade e numa intensidade brutais de forma a inviabilizar qualquer rea\u00e7\u00e3o por parte das bases organizadas. Nesta \u00f3tica, quem deveria ser guardi\u00e3o da Constitui\u00e7\u00e3o Federal e da cidadania, o Supremo Tribunal Federal, transformou-se num partido de ultradireita, aliado do PSDB e de seus comparsas. N\u00e3o se trata apenas da formaliza\u00e7\u00e3o do fim da Constitui\u00e7\u00e3o Federal e das in\u00fameras conquistas de d\u00e9cadas e s\u00e9culos, mas da dilui\u00e7\u00e3o das rela\u00e7\u00f5es sociais transformadas numa massa de manobra e numa coletividade sem intelig\u00eancia.<br \/>\nMas a trag\u00e9dia nacional tem outros cap\u00edtulos ainda mais cabeludos. Trata-se de uma ofensiva dominadora sobre o nosso territ\u00f3rio, especialmente atrav\u00e9s da venda de terras aos estrangeiros. Grandes extens\u00f5es de terras s\u00e3o leiloadas no melhor estilo da financeiriza\u00e7\u00e3o e da especula\u00e7\u00e3o imobili\u00e1ria, destinando este patrim\u00f4nio \u00e0 l\u00f3gica do agroneg\u00f3cio, da monocultura, da mecaniza\u00e7\u00e3o agr\u00edcola, da l\u00f3gica banc\u00e1ria e da exporta\u00e7\u00e3o b\u00e1sica de gr\u00e3os. A tend\u00eancia desta aventura \u00e9 a forma\u00e7\u00e3o de gigantescos cintur\u00f5es de espa\u00e7os privados inacess\u00edveis ao povo brasileiro e aos agricultores de nosso pa\u00eds que gostariam de um peda\u00e7o de ch\u00e3o para produzir e para viver. Sepulta-se eternamente o sonho da Reforma Agr\u00e1ria nunca realizado no pa\u00eds e ferrenhamente combatido pelos defensores da monocultura e do latif\u00fandio improdutivo.<br \/>\nUm dos mais tr\u00e1gicos efeitos da ofensiva golpista \u00e9 a a\u00e7\u00e3o destruidora em rela\u00e7\u00e3o aos biomas brasileiros. Neste empreendimento, \u00e9 atropelada a Legisla\u00e7\u00e3o Ambiental, invadidas as reservas ind\u00edgenas, abolidas \u00c1reas de Preserva\u00e7\u00e3o Permanente e destru\u00eddos os nossos ecossistemas. A grande v\u00edtima deste assalto passa a ser o Bioma Amaz\u00f4nia, maior sistema de biodiversidade do Planeta, espa\u00e7o geogr\u00e1fico ultracomplexo de maior concentra\u00e7\u00e3o de \u00e1gua doce e fluxo de \u00e1guas do mundo e maior santu\u00e1rio de riquezas naturais existente. A sua fun\u00e7\u00e3o e a sua a\u00e7\u00e3o no equil\u00edbrio clim\u00e1tico da biosfera e da atmosfera s\u00e3o fundamentais. Na contram\u00e3o desta vis\u00e3o sist\u00eamica de Ecologia, h\u00e1 a\u00e7\u00f5es devastadoras que aceleram cada vez mais a sua devasta\u00e7\u00e3o com desmatamentos, minera\u00e7\u00e3o, monocultura, avan\u00e7o da pecu\u00e1ria, privatiza\u00e7\u00f5es e invas\u00e3o por estrangeiros. Tudo indica que em fun\u00e7\u00e3o desta ofensiva teremos trag\u00e9dias ambientais n\u00e3o apenas restritas ao espa\u00e7o geogr\u00e1fico amaz\u00f4nico, mas com consequ\u00eancias tr\u00e1gicas para o equil\u00edbrio ambiental e social de toda o Planeta.<br \/>\nEm todas estas quest\u00f5es, fica expl\u00edcita a dissolu\u00e7\u00e3o do Estado como agente de socializa\u00e7\u00e3o e de regula\u00e7\u00e3o da estrutura social. Atualmente o Brasil \u00e9 governado por uma corja de bandidos pol\u00edticos que reduz o Estado a um instrumento de defesa dos interesses da classe dominante. A l\u00f3gica \u00e9 extorquir do povo trabalhador os recursos m\u00ednimos indispens\u00e1veis para uma sobreviv\u00eancia digna para concentr\u00e1-los nas m\u00e3os dos mais ricos. Os beneficiados desta d\u00e1diva divina s\u00e3o o grande empresariado nacional e internacional, os latifundi\u00e1rios, os banqueiros, os evang\u00e9licos, os rentistas, os empres\u00e1rios da telecomunica\u00e7\u00e3o etc. A reforma da Previd\u00eancia Social e trabalhista visa t\u00e3o somente a retirada do universo social os recursos para concentr\u00e1-los na pir\u00e2mide mais alta da sociedade. H\u00e1 um mecanismo financeiro e especulativo sist\u00eamico que tira os recursos da base social e da base produtiva, os concentra em poucas m\u00e3os e no sistema financeiro, como raz\u00e3o principal da crise atual. A grande tend\u00eancia desta aventura \u00e9 o capital internacional e a internacionaliza\u00e7\u00e3o da agricultura.<br \/>\nO povo brasileiro fica exclu\u00eddo das pol\u00edticas adotadas pelo governo golpista. Nesta l\u00f3gica, a classe dominante por si s\u00f3 n\u00e3o vai assegurar o desenvolvimento econ\u00f4mico. Com a precariza\u00e7\u00e3o da trabalho e com a n\u00e3o distribui\u00e7\u00e3o de renda, a economia do pa\u00eds vai recuar cada vez mais. A tend\u00eancia atual \u00e9 o desaparecimento das pol\u00edticas p\u00fablicas de justi\u00e7a social e distribui\u00e7\u00e3o de renda, o que significa dizer que cada cidad\u00e3o ter\u00e1 que se virar com as suas pr\u00f3prias for\u00e7as. Uma pequena minoria dominante vai ter contas banc\u00e1rias fartas para os melhores banquetes e manjares do mundo, enquanto uma grande maioria vai ter que se contentar com algumas migalhas que sobram das mesas dos rica\u00e7os. A tend\u00eancia \u00e9 a forma\u00e7\u00e3o de uma massa social faminta a lutar desesperadamente pela sobreviv\u00eancia.<br \/>\nEstamos diante de uma trag\u00e9dia sist\u00eamica da na\u00e7\u00e3o brasileira. Ela foi simplesmente destru\u00edda pelo golpe parlamentar e pela opera\u00e7\u00e3o lava jato. N\u00e3o temos diante de n\u00f3s outro destino do que uma trag\u00e9dia social porque o povo n\u00e3o vai receber de volta as riquezas que produz com o seu trabalho. Vamos assistir ao espet\u00e1culo do desemprego, da fome, da criminalidade em escala elevada, porque o povo vai ser sangrado e castrado em seus sal\u00e1rios e direitos. Vamos assistir \u00e0 precariedade avassaladora da seguran\u00e7a p\u00fablica e o povo vai ter que voltar a saquear supermercados para saciar a sua fome. Em fun\u00e7\u00e3o das agress\u00f5es aos biomas brasileiros, especialmente \u00e0 Amaz\u00f4nia e ao Cerrado, abre-se o panorama de trag\u00e9dias ambientais em escala imprevis\u00edvel e com incid\u00eancia social avassaladora. Ainda n\u00e3o basta a recente trag\u00e9dia no Rio Doce, com consequ\u00eancias ambientais e sociais ainda desconhecidas. Com o golpe, o Brasil j\u00e1 \u00e9 uma diminuta na\u00e7\u00e3o de fundo de quintal, sem nenhuma express\u00e3o internacional e sem contribui\u00e7\u00e3o para o mundo atual. Uma vez dissolvido o conhecimento, a ci\u00eancia e a tecnologia, se transforma numa col\u00f4nia informe para atender aos interesses econ\u00f4micos internacionais.<br \/>\nO caos aqui apontado somente poder\u00e1 ser evitado com intensas mobiliza\u00e7\u00f5es sociais e com a destitui\u00e7\u00e3o imediata do governo golpista. Se nada for feito a partir das bases adormecidas e silenciadas, o quadro da complexa biodiversidade brasileira se transforma em imensos desertos. A imensa sociodiversidade cultural brasileira tende a se transformar numa massa sem informa\u00e7\u00e3o e sem conhecimento, e o territ\u00f3rio brasileiro ser\u00e1 uma plataforma de fome e de mis\u00e9ria. Os abundantes solos agr\u00edcolas brasileiros, que poderiam receber uma Reforma Agr\u00e1ria capaz de alimentar a popula\u00e7\u00e3o mundial inteira, \u00e9 objeto de especula\u00e7\u00e3o imobili\u00e1ria, monocultura, internacionaliza\u00e7\u00e3o e intensa privatiza\u00e7\u00e3o. Nesta nova fase imperialista do capitalismo internacional, o povo brasileiro ser\u00e1 cada vez mais alheio em seu pr\u00f3prio territ\u00f3rio.<\/p>\n","protected":false},"excerpt":{"rendered":"<p>Jo\u00e3o Alberto Wohlfart A cada dia que passa as inten\u00e7\u00f5es de fundo do governo golpista e usurpador Michel Temer ficam mais claras e expl\u00edcitas. O desmonte em curso do Brasil se evidencia em todos os campos, numa a\u00e7\u00e3o combinada e organizada para que tudo venha abaixo ao mesmo tempo e num prazo de tempo menor [&hellip;]<\/p>\n","protected":false},"author":4,"featured_media":45736,"comment_status":"open","ping_status":"closed","sticky":false,"template":"","format":"standard","meta":{"_jetpack_newsletter_access":"","_jetpack_dont_email_post_to_subs":false,"_jetpack_newsletter_tier_id":0,"_jetpack_memberships_contains_paywalled_content":false,"_jetpack_feature_clip_id":0,"_jetpack_memberships_contains_paid_content":false,"footnotes":"","jetpack_post_was_ever_published":false},"categories":[2011,2012],"tags":[],"class_list":["post-45732","post","type-post","status-publish","format-standard","has-post-thumbnail","hentry","category-destaque","category-debates"],"aioseo_notices":[],"aioseo_head":"\n\t\t<!-- All in One SEO 5.0.1.1 - aioseo.com -->\n\t<meta name=\"robots\" content=\"max-image-preview:large\" \/>\n\t<meta name=\"author\" content=\"da Reda\u00e7\u00e3o\"\/>\n\t<link rel=\"canonical\" href=\"https:\/\/www.jornalja.com.br\/arquivo\/uma-tragedia-anunciada\/\" \/>\n\t<meta name=\"generator\" content=\"All in One SEO (AIOSEO) 5.0.1.1\" \/>\n\t\t<meta property=\"og:locale\" content=\"pt_BR\" \/>\n\t\t<meta property=\"og:site_name\" content=\"Arquivo | Jornal J\u00c1 | Porto Alegre\" \/>\n\t\t<meta property=\"og:type\" content=\"article\" \/>\n\t\t<meta property=\"og:title\" content=\"Uma trag\u00e9dia anunciada | Arquivo\" \/>\n\t\t<meta property=\"og:url\" content=\"https:\/\/www.jornalja.com.br\/arquivo\/uma-tragedia-anunciada\/\" \/>\n\t\t<meta property=\"og:image\" content=\"https:\/\/www.jornalja.com.br\/economics\/wp-content\/uploads\/sites\/11\/2026\/08\/ja-folhaderosto-facebook.jpg\" \/>\n\t\t<meta property=\"og:image:secure_url\" content=\"https:\/\/www.jornalja.com.br\/economics\/wp-content\/uploads\/sites\/11\/2026\/08\/ja-folhaderosto-facebook.jpg\" \/>\n\t\t<meta property=\"article:published_time\" content=\"2017-03-14T14:34:48+00:00\" \/>\n\t\t<meta property=\"article:modified_time\" content=\"2017-03-14T14:34:48+00:00\" \/>\n\t\t<meta name=\"twitter:card\" content=\"summary\" \/>\n\t\t<meta name=\"twitter:title\" content=\"Uma trag\u00e9dia anunciada | Arquivo\" \/>\n\t\t<meta name=\"twitter:image\" content=\"https:\/\/www.jornalja.com.br\/economics\/wp-content\/uploads\/sites\/11\/2026\/08\/ja-folhaderosto-facebook.jpg\" \/>\n\t\t<script type=\"application\/ld+json\" class=\"aioseo-schema\">\n\t\t\t{\"@context\":\"https:\\\/\\\/schema.org\",\"@graph\":[{\"@type\":\"BlogPosting\",\"@id\":\"https:\\\/\\\/www.jornalja.com.br\\\/arquivo\\\/uma-tragedia-anunciada\\\/#blogposting\",\"name\":\"Uma trag\\u00e9dia anunciada | Arquivo\",\"headline\":\"Uma trag\\u00e9dia anunciada\",\"author\":{\"@id\":\"https:\\\/\\\/www.jornalja.com.br\\\/arquivo\\\/author\\\/daredacao\\\/#author\"},\"publisher\":{\"@id\":\"https:\\\/\\\/www.jornalja.com.br\\\/arquivo\\\/#organization\"},\"image\":{\"@type\":\"ImageObject\",\"url\":45736},\"datePublished\":\"2017-03-14T11:34:48-03:00\",\"dateModified\":\"2017-03-14T11:34:48-03:00\",\"inLanguage\":\"pt-BR\",\"mainEntityOfPage\":{\"@id\":\"https:\\\/\\\/www.jornalja.com.br\\\/arquivo\\\/uma-tragedia-anunciada\\\/#webpage\"},\"isPartOf\":{\"@id\":\"https:\\\/\\\/www.jornalja.com.br\\\/arquivo\\\/uma-tragedia-anunciada\\\/#webpage\"},\"articleSection\":\"CDD-artigo em destaque, HOTSITE Comit\\u00ea pela Democracia\"},{\"@type\":\"BreadcrumbList\",\"@id\":\"https:\\\/\\\/www.jornalja.com.br\\\/arquivo\\\/uma-tragedia-anunciada\\\/#breadcrumblist\",\"itemListElement\":[{\"@type\":\"ListItem\",\"@id\":\"https:\\\/\\\/www.jornalja.com.br\\\/arquivo#listItem\",\"position\":1,\"name\":\"Home\",\"item\":\"https:\\\/\\\/www.jornalja.com.br\\\/arquivo\",\"nextItem\":{\"@type\":\"ListItem\",\"@id\":\"https:\\\/\\\/www.jornalja.com.br\\\/arquivo\\\/category\\\/destaque\\\/#listItem\",\"name\":\"CDD-artigo em destaque\"}},{\"@type\":\"ListItem\",\"@id\":\"https:\\\/\\\/www.jornalja.com.br\\\/arquivo\\\/category\\\/destaque\\\/#listItem\",\"position\":2,\"name\":\"CDD-artigo em destaque\",\"item\":\"https:\\\/\\\/www.jornalja.com.br\\\/arquivo\\\/category\\\/destaque\\\/\",\"nextItem\":{\"@type\":\"ListItem\",\"@id\":\"https:\\\/\\\/www.jornalja.com.br\\\/arquivo\\\/uma-tragedia-anunciada\\\/#listItem\",\"name\":\"Uma trag\\u00e9dia anunciada\"},\"previousItem\":{\"@type\":\"ListItem\",\"@id\":\"https:\\\/\\\/www.jornalja.com.br\\\/arquivo#listItem\",\"name\":\"Home\"}},{\"@type\":\"ListItem\",\"@id\":\"https:\\\/\\\/www.jornalja.com.br\\\/arquivo\\\/uma-tragedia-anunciada\\\/#listItem\",\"position\":3,\"name\":\"Uma trag\\u00e9dia anunciada\",\"previousItem\":{\"@type\":\"ListItem\",\"@id\":\"https:\\\/\\\/www.jornalja.com.br\\\/arquivo\\\/category\\\/destaque\\\/#listItem\",\"name\":\"CDD-artigo em destaque\"}}]},{\"@type\":\"Organization\",\"@id\":\"https:\\\/\\\/www.jornalja.com.br\\\/arquivo\\\/#organization\",\"name\":\"Jornal J\\u00c1\",\"description\":\"Jornal J\\u00c1 | Porto Alegre\",\"url\":\"https:\\\/\\\/www.jornalja.com.br\\\/arquivo\\\/\",\"telephone\":\"+555133307272\",\"logo\":{\"@type\":\"ImageObject\",\"url\":\"https:\\\/\\\/www.jornalja.com.br\\\/wp-content\\\/uploads\\\/cards\\\/JAslogan.png\",\"@id\":\"https:\\\/\\\/www.jornalja.com.br\\\/arquivo\\\/uma-tragedia-anunciada\\\/#organizationLogo\"},\"image\":{\"@id\":\"https:\\\/\\\/www.jornalja.com.br\\\/arquivo\\\/uma-tragedia-anunciada\\\/#organizationLogo\"}},{\"@type\":\"Person\",\"@id\":\"https:\\\/\\\/www.jornalja.com.br\\\/arquivo\\\/author\\\/daredacao\\\/#author\",\"url\":\"https:\\\/\\\/www.jornalja.com.br\\\/arquivo\\\/author\\\/daredacao\\\/\",\"name\":\"da Reda\\u00e7\\u00e3o\",\"image\":{\"@type\":\"ImageObject\",\"@id\":\"https:\\\/\\\/www.jornalja.com.br\\\/arquivo\\\/uma-tragedia-anunciada\\\/#authorImage\",\"url\":\"https:\\\/\\\/secure.gravatar.com\\\/avatar\\\/469fd857d6605ad19919d27ed29d35a968a25f6e8fd9318356bbb7f57aae9c65?s=96&d=mm&r=g\",\"width\":96,\"height\":96,\"caption\":\"da Reda\\u00e7\\u00e3o\"}},{\"@type\":\"WebPage\",\"@id\":\"https:\\\/\\\/www.jornalja.com.br\\\/arquivo\\\/uma-tragedia-anunciada\\\/#webpage\",\"url\":\"https:\\\/\\\/www.jornalja.com.br\\\/arquivo\\\/uma-tragedia-anunciada\\\/\",\"name\":\"Uma trag\\u00e9dia anunciada | Arquivo\",\"inLanguage\":\"pt-BR\",\"isPartOf\":{\"@id\":\"https:\\\/\\\/www.jornalja.com.br\\\/arquivo\\\/#website\"},\"breadcrumb\":{\"@id\":\"https:\\\/\\\/www.jornalja.com.br\\\/arquivo\\\/uma-tragedia-anunciada\\\/#breadcrumblist\"},\"author\":{\"@id\":\"https:\\\/\\\/www.jornalja.com.br\\\/arquivo\\\/author\\\/daredacao\\\/#author\"},\"creator\":{\"@id\":\"https:\\\/\\\/www.jornalja.com.br\\\/arquivo\\\/author\\\/daredacao\\\/#author\"},\"image\":{\"@type\":\"ImageObject\",\"url\":45736,\"@id\":\"https:\\\/\\\/www.jornalja.com.br\\\/arquivo\\\/uma-tragedia-anunciada\\\/#mainImage\"},\"primaryImageOfPage\":{\"@id\":\"https:\\\/\\\/www.jornalja.com.br\\\/arquivo\\\/uma-tragedia-anunciada\\\/#mainImage\"},\"datePublished\":\"2017-03-14T11:34:48-03:00\",\"dateModified\":\"2017-03-14T11:34:48-03:00\"},{\"@type\":\"WebSite\",\"@id\":\"https:\\\/\\\/www.jornalja.com.br\\\/arquivo\\\/#website\",\"url\":\"https:\\\/\\\/www.jornalja.com.br\\\/arquivo\\\/\",\"name\":\"Arquivo\",\"description\":\"Jornal J\\u00c1 | Porto Alegre\",\"inLanguage\":\"pt-BR\",\"publisher\":{\"@id\":\"https:\\\/\\\/www.jornalja.com.br\\\/arquivo\\\/#organization\"}}]}\n\t\t<\/script>\n\t\t<!-- All in One SEO -->\n\n","aioseo_head_json":{"title":"Uma trag\u00e9dia anunciada | Arquivo","description":"","canonical_url":"https:\/\/www.jornalja.com.br\/arquivo\/uma-tragedia-anunciada\/","robots":"max-image-preview:large","keywords":"","webmasterTools":{"miscellaneous":""},"schema":{"@context":"https:\/\/schema.org","@graph":[{"@type":"BlogPosting","@id":"https:\/\/www.jornalja.com.br\/arquivo\/uma-tragedia-anunciada\/#blogposting","name":"Uma trag\u00e9dia anunciada | Arquivo","headline":"Uma trag\u00e9dia anunciada","author":{"@id":"https:\/\/www.jornalja.com.br\/arquivo\/author\/daredacao\/#author"},"publisher":{"@id":"https:\/\/www.jornalja.com.br\/arquivo\/#organization"},"image":{"@type":"ImageObject","url":45736},"datePublished":"2017-03-14T11:34:48-03:00","dateModified":"2017-03-14T11:34:48-03:00","inLanguage":"pt-BR","mainEntityOfPage":{"@id":"https:\/\/www.jornalja.com.br\/arquivo\/uma-tragedia-anunciada\/#webpage"},"isPartOf":{"@id":"https:\/\/www.jornalja.com.br\/arquivo\/uma-tragedia-anunciada\/#webpage"},"articleSection":"CDD-artigo em destaque, HOTSITE Comit\u00ea pela Democracia"},{"@type":"BreadcrumbList","@id":"https:\/\/www.jornalja.com.br\/arquivo\/uma-tragedia-anunciada\/#breadcrumblist","itemListElement":[{"@type":"ListItem","@id":"https:\/\/www.jornalja.com.br\/arquivo#listItem","position":1,"name":"Home","item":"https:\/\/www.jornalja.com.br\/arquivo","nextItem":{"@type":"ListItem","@id":"https:\/\/www.jornalja.com.br\/arquivo\/category\/destaque\/#listItem","name":"CDD-artigo em destaque"}},{"@type":"ListItem","@id":"https:\/\/www.jornalja.com.br\/arquivo\/category\/destaque\/#listItem","position":2,"name":"CDD-artigo em destaque","item":"https:\/\/www.jornalja.com.br\/arquivo\/category\/destaque\/","nextItem":{"@type":"ListItem","@id":"https:\/\/www.jornalja.com.br\/arquivo\/uma-tragedia-anunciada\/#listItem","name":"Uma trag\u00e9dia anunciada"},"previousItem":{"@type":"ListItem","@id":"https:\/\/www.jornalja.com.br\/arquivo#listItem","name":"Home"}},{"@type":"ListItem","@id":"https:\/\/www.jornalja.com.br\/arquivo\/uma-tragedia-anunciada\/#listItem","position":3,"name":"Uma trag\u00e9dia anunciada","previousItem":{"@type":"ListItem","@id":"https:\/\/www.jornalja.com.br\/arquivo\/category\/destaque\/#listItem","name":"CDD-artigo em destaque"}}]},{"@type":"Organization","@id":"https:\/\/www.jornalja.com.br\/arquivo\/#organization","name":"Jornal J\u00c1","description":"Jornal J\u00c1 | Porto Alegre","url":"https:\/\/www.jornalja.com.br\/arquivo\/","telephone":"+555133307272","logo":{"@type":"ImageObject","url":"https:\/\/www.jornalja.com.br\/wp-content\/uploads\/cards\/JAslogan.png","@id":"https:\/\/www.jornalja.com.br\/arquivo\/uma-tragedia-anunciada\/#organizationLogo"},"image":{"@id":"https:\/\/www.jornalja.com.br\/arquivo\/uma-tragedia-anunciada\/#organizationLogo"}},{"@type":"Person","@id":"https:\/\/www.jornalja.com.br\/arquivo\/author\/daredacao\/#author","url":"https:\/\/www.jornalja.com.br\/arquivo\/author\/daredacao\/","name":"da Reda\u00e7\u00e3o","image":{"@type":"ImageObject","@id":"https:\/\/www.jornalja.com.br\/arquivo\/uma-tragedia-anunciada\/#authorImage","url":"https:\/\/secure.gravatar.com\/avatar\/469fd857d6605ad19919d27ed29d35a968a25f6e8fd9318356bbb7f57aae9c65?s=96&d=mm&r=g","width":96,"height":96,"caption":"da Reda\u00e7\u00e3o"}},{"@type":"WebPage","@id":"https:\/\/www.jornalja.com.br\/arquivo\/uma-tragedia-anunciada\/#webpage","url":"https:\/\/www.jornalja.com.br\/arquivo\/uma-tragedia-anunciada\/","name":"Uma trag\u00e9dia anunciada | Arquivo","inLanguage":"pt-BR","isPartOf":{"@id":"https:\/\/www.jornalja.com.br\/arquivo\/#website"},"breadcrumb":{"@id":"https:\/\/www.jornalja.com.br\/arquivo\/uma-tragedia-anunciada\/#breadcrumblist"},"author":{"@id":"https:\/\/www.jornalja.com.br\/arquivo\/author\/daredacao\/#author"},"creator":{"@id":"https:\/\/www.jornalja.com.br\/arquivo\/author\/daredacao\/#author"},"image":{"@type":"ImageObject","url":45736,"@id":"https:\/\/www.jornalja.com.br\/arquivo\/uma-tragedia-anunciada\/#mainImage"},"primaryImageOfPage":{"@id":"https:\/\/www.jornalja.com.br\/arquivo\/uma-tragedia-anunciada\/#mainImage"},"datePublished":"2017-03-14T11:34:48-03:00","dateModified":"2017-03-14T11:34:48-03:00"},{"@type":"WebSite","@id":"https:\/\/www.jornalja.com.br\/arquivo\/#website","url":"https:\/\/www.jornalja.com.br\/arquivo\/","name":"Arquivo","description":"Jornal J\u00c1 | Porto Alegre","inLanguage":"pt-BR","publisher":{"@id":"https:\/\/www.jornalja.com.br\/arquivo\/#organization"}}]},"og:locale":"pt_BR","og:site_name":"Arquivo | Jornal J\u00c1 | Porto Alegre","og:type":"article","og:title":"Uma trag\u00e9dia anunciada | Arquivo","og:url":"https:\/\/www.jornalja.com.br\/arquivo\/uma-tragedia-anunciada\/","og:image":"https:\/\/www.jornalja.com.br\/economics\/wp-content\/uploads\/sites\/11\/2026\/08\/ja-folhaderosto-facebook.jpg","og:image:secure_url":"https:\/\/www.jornalja.com.br\/economics\/wp-content\/uploads\/sites\/11\/2026\/08\/ja-folhaderosto-facebook.jpg","article:published_time":"2017-03-14T14:34:48+00:00","article:modified_time":"2017-03-14T14:34:48+00:00","twitter:card":"summary","twitter:title":"Uma trag\u00e9dia anunciada | Arquivo","twitter:image":"https:\/\/www.jornalja.com.br\/economics\/wp-content\/uploads\/sites\/11\/2026\/08\/ja-folhaderosto-facebook.jpg"},"aioseo_meta_data":{"post_id":"45732","title":null,"description":null,"keywords":null,"keyphrases":null,"primary_term":null,"canonical_url":null,"og_title":null,"og_description":null,"og_object_type":"default","og_image_type":"default","og_image_url":null,"og_image_width":null,"og_image_height":null,"og_image_custom_url":null,"og_image_custom_fields":null,"og_video":null,"og_custom_url":null,"og_article_section":null,"og_article_tags":null,"twitter_use_og":false,"twitter_card":"default","twitter_image_type":"default","twitter_image_url":null,"twitter_image_custom_url":null,"twitter_image_custom_fields":null,"twitter_title":null,"twitter_description":null,"schema":{"blockGraphs":[],"customGraphs":[],"default":{"data":{"Article":[],"Course":[],"Dataset":[],"FAQPage":[],"Movie":[],"Person":[],"Product":[],"ProductReview":[],"Car":[],"Recipe":[],"Service":[],"SoftwareApplication":[],"WebPage":[]},"graphName":"","isEnabled":true},"graphs":[]},"schema_type":null,"schema_type_options":null,"pillar_content":false,"robots_default":true,"robots_noindex":false,"robots_noarchive":false,"robots_nosnippet":false,"robots_nofollow":false,"robots_noimageindex":false,"robots_noodp":false,"robots_notranslate":false,"robots_max_snippet":null,"robots_max_videopreview":null,"robots_max_imagepreview":"large","priority":null,"frequency":null,"location":null,"local_seo":null,"breadcrumb_settings":null,"limit_modified_date":false,"ai":null,"created":"2020-12-20 20:38:59","updated":"2025-07-19 20:24:29","seo_analyzer_scan_date":null,"focus_keyword":null,"additional_keywords":null,"truseo_locale":null},"jetpack_sharing_enabled":true,"jetpack-related-posts":[{"id":5440,"url":"https:\/\/www.jornalja.com.br\/arquivo\/casarao-da-venancio-destino-permanece-incerto\/","url_meta":{"origin":45732,"position":0},"title":"Estado ainda n\u00e3o sabe o que fazer com casar\u00e3o abandonado h\u00e1 20 anos","author":"Elmar Bones","date":"6 de julho de 2009","format":false,"excerpt":"O casar\u00e3o amarelo, numa esquina nobre de Porto Alegre (Ven\u00e2ncio Aires com Jo\u00e3o Pessoa), j\u00e1 abrigou uma escola. H\u00e1 duas d\u00e9cadas, pelo menos, est\u00e1 abandonado, porque seu propriet\u00e1rio, o governo do Estado do Rio Grande do Sul, n\u00e3o consegue achar um destino para ele. Planos n\u00e3o faltaram. O governador Ol\u00edvio\u2026","rel":"","context":"Em &quot;X.Categorias velhas&quot;","block_context":{"text":"X.Categorias velhas","link":"https:\/\/www.jornalja.com.br\/arquivo\/category\/x-categorias-velhas\/"},"img":{"alt_text":"geraldo1","src":"https:\/\/i0.wp.com\/www.jornalja.com.br\/wp-content\/uploads\/2009\/07\/geraldo1.jpg?resize=350%2C200&ssl=1","width":350,"height":200},"classes":[]},{"id":13101,"url":"https:\/\/www.jornalja.com.br\/arquivo\/morre-um-guerreiro-do-texto\/","url_meta":{"origin":45732,"position":1},"title":"Morre um guerreiro do texto","author":"Patr\u00edcia Marini","date":"14 de maio de 2014","format":false,"excerpt":"Por Ricardo Kotscho Reproduzido do blog do autor, 11\/5\/2014; t\u00edtulo original \u201cE l\u00e1 se foi o nosso Myltainho, guerreiro do texto\u201d. Mi\u00fado e franzino, meu amigo Myltainho era um valente e inconformado guerreiro na luta contra as injusti\u00e7as sociais, a hipocrisia, as maracutaias, o autoritarismo, a intoler\u00e2ncia, a viol\u00eancia, o\u2026","rel":"","context":"Em &quot;Geral&quot;","block_context":{"text":"Geral","link":"https:\/\/www.jornalja.com.br\/arquivo\/category\/geral\/"},"img":{"alt_text":"","src":"","width":0,"height":0},"classes":[]},{"id":12960,"url":"https:\/\/www.jornalja.com.br\/arquivo\/populacao-culpa-empresas-pela-greve-dos-rodoviarios\/","url_meta":{"origin":45732,"position":2},"title":"Popula\u00e7\u00e3o culpa empresas pela greve","author":"Patr\u00edcia Marini","date":"14 de fevereiro de 2014","format":false,"excerpt":"Pesquisa divulgada na edi\u00e7\u00e3o do jornal Metro desta sexta-feira,14, comprova o velho ditado: \u00e9 poss\u00edvel enganar muitos por algum tempo, mas n\u00e3o \u00e9 poss\u00edvel enganar a todos o tempo inteiro. A principal revela\u00e7\u00e3o foi que 59,8% dos entrevistados apontaram as empresas como as principais respons\u00e1veis pela grave e 46% culparam\u2026","rel":"","context":"Em &quot;X.Categorias velhas&quot;","block_context":{"text":"X.Categorias velhas","link":"https:\/\/www.jornalja.com.br\/arquivo\/category\/x-categorias-velhas\/"},"img":{"alt_text":"","src":"","width":0,"height":0},"classes":[]},{"id":13240,"url":"https:\/\/www.jornalja.com.br\/arquivo\/plano-diretor-estamos-construindo-o-caos\/","url_meta":{"origin":45732,"position":3},"title":"Plano diretor: &quot;Estamos construindo o caos&quot;","author":"Patr\u00edcia Marini","date":"26 de maio de 2014","format":false,"excerpt":"Desabafo que arquiteta Eliana Castilhos, delegada da Regi\u00e3o de Planejamento 1, postou nas redes sociais \u00e9 um testemunho do ambiente que se criou no Conselho do Plano Diretor de Porto Alegre, onde a aprova\u00e7\u00e3o de grandes empreendimentos \u00e9 empurrada guela abaixo dos conselheiros. Ao CMDUA Como delegada da Regi\u00e3o de\u2026","rel":"","context":"Em &quot;Geral&quot;","block_context":{"text":"Geral","link":"https:\/\/www.jornalja.com.br\/arquivo\/category\/geral\/"},"img":{"alt_text":"","src":"","width":0,"height":0},"classes":[]},{"id":13124,"url":"https:\/\/www.jornalja.com.br\/arquivo\/sangue-latino-no-iecine\/","url_meta":{"origin":45732,"position":4},"title":"Sangue latino no IECINE","author":"da Reda\u00e7\u00e3o","date":"18 de maio de 2014","format":false,"excerpt":"Francisco Ribeiro O Instituto Estadual de Cinema (IECINE) tem a frente, desde abril \u00faltimo, um novo diretor, o cineasta colombiano Juan Zapata, 36, que substitui Luiz Alberto Cassol. Radicado h\u00e1 dez anos em Porto Alegre, Zapata tem diante de si o desafio de conduzir at\u00e9 o final do ano um\u2026","rel":"","context":"Em &quot;Cultura-Geral&quot;","block_context":{"text":"Cultura-Geral","link":"https:\/\/www.jornalja.com.br\/arquivo\/category\/materiasecundaria\/"},"img":{"alt_text":"","src":"","width":0,"height":0},"classes":[]},{"id":1280,"url":"https:\/\/www.jornalja.com.br\/arquivo\/o-menino-que-se-tornou-brizola\/","url_meta":{"origin":45732,"position":5},"title":"O Menino que se Tornou Brizola","author":"da Reda\u00e7\u00e3o","date":"28 de julho de 2008","format":false,"excerpt":"Autor: Cleber Dioni A vida de Leonel Brizola, com \u00eanfase para os primeiros anos em Porto Alegre, at\u00e9 o ex\u00edlio no Uruguai e a volta, quinze anos depois. \u00a0\"...\u00c9ramos todos jovens e nos identific\u00e1vamos com aquela massa an\u00f4nima a percorrer as ruas de Porto Alegre, gritando 'Get\u00falio', 'Get\u00falio' e empunhando\u2026","rel":"","context":"Em &quot;Livros&quot;","block_context":{"text":"Livros","link":"https:\/\/www.jornalja.com.br\/arquivo\/category\/livros\/"},"img":{"alt_text":"","src":"https:\/\/i0.wp.com\/www.jornalja.com.br\/wp-content\/uploads\/2008\/07\/brizola.gif?resize=350%2C200&ssl=1","width":350,"height":200},"classes":[]}],"jetpack_shortlink":"https:\/\/wp.me\/pbQjBd-bTC","jetpack_featured_media_url":"","_links":{"self":[{"href":"https:\/\/www.jornalja.com.br\/arquivo\/wp-json\/wp\/v2\/posts\/45732","targetHints":{"allow":["GET"]}}],"collection":[{"href":"https:\/\/www.jornalja.com.br\/arquivo\/wp-json\/wp\/v2\/posts"}],"about":[{"href":"https:\/\/www.jornalja.com.br\/arquivo\/wp-json\/wp\/v2\/types\/post"}],"author":[{"embeddable":true,"href":"https:\/\/www.jornalja.com.br\/arquivo\/wp-json\/wp\/v2\/users\/4"}],"replies":[{"embeddable":true,"href":"https:\/\/www.jornalja.com.br\/arquivo\/wp-json\/wp\/v2\/comments?post=45732"}],"version-history":[{"count":0,"href":"https:\/\/www.jornalja.com.br\/arquivo\/wp-json\/wp\/v2\/posts\/45732\/revisions"}],"wp:attachment":[{"href":"https:\/\/www.jornalja.com.br\/arquivo\/wp-json\/wp\/v2\/media?parent=45732"}],"wp:term":[{"taxonomy":"category","embeddable":true,"href":"https:\/\/www.jornalja.com.br\/arquivo\/wp-json\/wp\/v2\/categories?post=45732"},{"taxonomy":"post_tag","embeddable":true,"href":"https:\/\/www.jornalja.com.br\/arquivo\/wp-json\/wp\/v2\/tags?post=45732"}],"curies":[{"name":"wp","href":"https:\/\/api.w.org\/{rel}","templated":true}]}}