{"id":45782,"date":"2017-03-15T15:27:08","date_gmt":"2017-03-15T18:27:08","guid":{"rendered":"https:\/\/www.jornalja.com.br\/?p=45782"},"modified":"2017-03-15T15:27:08","modified_gmt":"2017-03-15T18:27:08","slug":"marchezan-reune-secretariado-para-anuncio-da-semana-de-porto-alegre","status":"publish","type":"post","link":"https:\/\/www.jornalja.com.br\/arquivo\/marchezan-reune-secretariado-para-anuncio-da-semana-de-porto-alegre\/","title":{"rendered":"Marchezan re\u00fane secretariado para an\u00fancio da Semana de Porto Alegre"},"content":{"rendered":"<p>O prefeito Nelson Marchezan J\u00fanior reuniu seu secretariado para o lan\u00e7amento da programa\u00e7\u00e3o da Semana de Porto Alegre, que marca o anivers\u00e1rio da cidade.<br \/>\nCom o tema \u201cA gente ama, a gente faz\u201d, a programa\u00e7\u00e3o ter\u00e1 quase 500 atra\u00e7\u00f5es, com in\u00edcio neste domingo, 19, e encerramento no dia 27 de mar\u00e7o. A abertura oficial, na Cinemateca Capit\u00f3lio, contar\u00e1 com a presen\u00e7a do Ministro da Cultura. O patroc\u00ednio \u00e9 da Caixa Econ\u00f4mica Federal.<br \/>\nAl\u00e9m de apresentar as 497 atividades culturais, de cidadania, sa\u00fade e empreendedorismo, o evento serviu para os secret\u00e1rios falarem sobre os trabalhos que vem sendo desenvolvidas nestes primeiros meses de governo.<br \/>\n\u201cA ideia da semana \u00e9 simbolizar atitude para as mudan\u00e7as que precisamos fazer\u201d, afirmou Marchezan, no evento realizado na manh\u00e3 desta quarta-feira, no Capit\u00f3lio.<br \/>\nO prefeito agradeceu aos profissionais que v\u00e3o \u201cdoar um pouquinho do seu tempo\u201d para viabilizar as atividades e destacou a import\u00e2ncia do envolvimento da sociedade nesta programa\u00e7\u00e3o e nas melhorias da cidade.<br \/>\n\u201cPrecisamos que os porto alegrenses queiram uma cidade melhor. A cidade s\u00f3 est\u00e1 como est\u00e1 e s\u00f3 ficar\u00e1 como ficar\u00e1 por causa das pessoas. \u00c9 quem faz a cidade\u201d, concluiu.<br \/>\nAtuando como um mestre de cerim\u00f4nias do evento, o secret\u00e1rio Luciano Alabarse esclareceu que a Semana da Cidade n\u00e3o \u00e9 um evento de cultura, mas uma atividade \u201cprotagonizada por todas as for\u00e7as da prefeitura\u201d.<br \/>\nEm rela\u00e7\u00e3o ao legado para a cultura da cidade, Alabarse destacou a reinaugura\u00e7\u00e3o da Cinemateca Capit\u00f3lio, que teve novo equipamento adquirido pela prefeitura, prevista para \u00a0o dia 27.<br \/>\nAlabarse falou tamb\u00e9m sobre a situa\u00e7\u00e3o dos desfiles das agremia\u00e7\u00f5es carnavalescas.<br \/>\nEste ano, os desfiles do Porto Seco ocorrem de forma at\u00edpica, sem recurso p\u00fablico e transferidos do carnaval para a semana de Porto Alegre. Alabarse destacou que este \u00e9 um novo modelo de gest\u00e3o e defendeu que a realiza\u00e7\u00e3o do carnaval sem verba da prefeitura \u00e9 uma grande vit\u00f3ria.<br \/>\nO secret\u00e1rio comemorou a pluralidade das atividades culturais da programa\u00e7\u00e3o, que ter\u00e1 desde orquestra a desfile de escolas de samba. \u201cTem de tudo, para todos, como tem que ser uma cidade: plural\u201d, concluiu.<br \/>\nO secret\u00e1rio de educa\u00e7\u00e3o, Adriano de Naves Brito, destacou atividades de conscientiza\u00e7\u00e3o ambiental que ser\u00e3o realizadas junto \u00e0s escolas de samba.<br \/>\nDentre as 27 atividades que ser\u00e3o realizadas pelas secretaria de Desenvolvimento Social, a secret\u00e1ria Maria de F\u00e1tima Z\u00e1chia Paludo destacou a Copa dos Refugiados, que ser\u00e1 realizada na Arena.<br \/>\nO diretor t\u00e9cnico da Procempa, Michel Costa da Silva anunciou o lan\u00e7amento do novo site da prefeitura para a pr\u00f3xima semana. Entre os problemas da p\u00e1gina atual, Michel destacou a polui\u00e7\u00e3o visual, dificuldade de navega\u00e7\u00e3o, problemas de responsividade e o servi\u00e7o de buscas que n\u00e3o funciona adequadamente.<br \/>\nTamb\u00e9m foi criado um site contendo toda a programa\u00e7\u00e3o da semana de Porto Alegre. A p\u00e1gina conta com sistema de buscas onde o usu\u00e1rio pode fazer pesquisas por atividade, \u00e1rea de interesse ou regi\u00e3o da cidade.<\/p>\n","protected":false},"excerpt":{"rendered":"<p>O prefeito Nelson Marchezan J\u00fanior reuniu seu secretariado para o lan\u00e7amento da programa\u00e7\u00e3o da Semana de Porto Alegre, que marca o anivers\u00e1rio da cidade. Com o tema \u201cA gente ama, a gente faz\u201d, a programa\u00e7\u00e3o ter\u00e1 quase 500 atra\u00e7\u00f5es, com in\u00edcio neste domingo, 19, e encerramento no dia 27 de mar\u00e7o. A abertura oficial, na [&hellip;]<\/p>\n","protected":false},"author":4,"featured_media":45799,"comment_status":"open","ping_status":"closed","sticky":false,"template":"","format":"standard","meta":{"_jetpack_newsletter_access":"","_jetpack_dont_email_post_to_subs":false,"_jetpack_newsletter_tier_id":0,"_jetpack_memberships_contains_paywalled_content":false,"_jetpack_feature_clip_id":0,"_jetpack_memberships_contains_paid_content":false,"footnotes":"","jetpack_post_was_ever_published":false},"categories":[26],"tags":[],"class_list":["post-45782","post","type-post","status-publish","format-standard","has-post-thumbnail","hentry","category-geral"],"aioseo_notices":[],"aioseo_head":"\n\t\t<!-- All in One SEO 5.0.1.1 - aioseo.com -->\n\t<meta name=\"robots\" content=\"max-image-preview:large\" \/>\n\t<meta name=\"author\" content=\"da Reda\u00e7\u00e3o\"\/>\n\t<link rel=\"canonical\" href=\"https:\/\/www.jornalja.com.br\/arquivo\/marchezan-reune-secretariado-para-anuncio-da-semana-de-porto-alegre\/\" \/>\n\t<meta name=\"generator\" content=\"All in One SEO (AIOSEO) 5.0.1.1\" \/>\n\t\t<meta property=\"og:locale\" content=\"pt_BR\" \/>\n\t\t<meta property=\"og:site_name\" content=\"Arquivo | Jornal J\u00c1 | Porto Alegre\" \/>\n\t\t<meta property=\"og:type\" content=\"article\" \/>\n\t\t<meta property=\"og:title\" content=\"Marchezan re\u00fane secretariado para an\u00fancio da Semana de Porto Alegre | Arquivo\" \/>\n\t\t<meta property=\"og:url\" content=\"https:\/\/www.jornalja.com.br\/arquivo\/marchezan-reune-secretariado-para-anuncio-da-semana-de-porto-alegre\/\" \/>\n\t\t<meta property=\"og:image\" content=\"https:\/\/www.jornalja.com.br\/economics\/wp-content\/uploads\/sites\/11\/2026\/08\/ja-folhaderosto-facebook.jpg\" \/>\n\t\t<meta property=\"og:image:secure_url\" content=\"https:\/\/www.jornalja.com.br\/economics\/wp-content\/uploads\/sites\/11\/2026\/08\/ja-folhaderosto-facebook.jpg\" \/>\n\t\t<meta property=\"article:published_time\" content=\"2017-03-15T18:27:08+00:00\" \/>\n\t\t<meta property=\"article:modified_time\" content=\"2017-03-15T18:27:08+00:00\" \/>\n\t\t<meta name=\"twitter:card\" content=\"summary\" \/>\n\t\t<meta name=\"twitter:title\" content=\"Marchezan re\u00fane secretariado para an\u00fancio da Semana de Porto Alegre | Arquivo\" \/>\n\t\t<meta name=\"twitter:image\" content=\"https:\/\/www.jornalja.com.br\/economics\/wp-content\/uploads\/sites\/11\/2026\/08\/ja-folhaderosto-facebook.jpg\" \/>\n\t\t<script type=\"application\/ld+json\" class=\"aioseo-schema\">\n\t\t\t{\"@context\":\"https:\\\/\\\/schema.org\",\"@graph\":[{\"@type\":\"BlogPosting\",\"@id\":\"https:\\\/\\\/www.jornalja.com.br\\\/arquivo\\\/marchezan-reune-secretariado-para-anuncio-da-semana-de-porto-alegre\\\/#blogposting\",\"name\":\"Marchezan re\\u00fane secretariado para an\\u00fancio da Semana de Porto Alegre | Arquivo\",\"headline\":\"Marchezan re\\u00fane secretariado para an\\u00fancio da Semana de Porto Alegre\",\"author\":{\"@id\":\"https:\\\/\\\/www.jornalja.com.br\\\/arquivo\\\/author\\\/daredacao\\\/#author\"},\"publisher\":{\"@id\":\"https:\\\/\\\/www.jornalja.com.br\\\/arquivo\\\/#organization\"},\"image\":{\"@type\":\"ImageObject\",\"url\":45799},\"datePublished\":\"2017-03-15T15:27:08-03:00\",\"dateModified\":\"2017-03-15T15:27:08-03:00\",\"inLanguage\":\"pt-BR\",\"mainEntityOfPage\":{\"@id\":\"https:\\\/\\\/www.jornalja.com.br\\\/arquivo\\\/marchezan-reune-secretariado-para-anuncio-da-semana-de-porto-alegre\\\/#webpage\"},\"isPartOf\":{\"@id\":\"https:\\\/\\\/www.jornalja.com.br\\\/arquivo\\\/marchezan-reune-secretariado-para-anuncio-da-semana-de-porto-alegre\\\/#webpage\"},\"articleSection\":\"Geral\"},{\"@type\":\"BreadcrumbList\",\"@id\":\"https:\\\/\\\/www.jornalja.com.br\\\/arquivo\\\/marchezan-reune-secretariado-para-anuncio-da-semana-de-porto-alegre\\\/#breadcrumblist\",\"itemListElement\":[{\"@type\":\"ListItem\",\"@id\":\"https:\\\/\\\/www.jornalja.com.br\\\/arquivo#listItem\",\"position\":1,\"name\":\"Home\",\"item\":\"https:\\\/\\\/www.jornalja.com.br\\\/arquivo\",\"nextItem\":{\"@type\":\"ListItem\",\"@id\":\"https:\\\/\\\/www.jornalja.com.br\\\/arquivo\\\/category\\\/geral\\\/#listItem\",\"name\":\"Geral\"}},{\"@type\":\"ListItem\",\"@id\":\"https:\\\/\\\/www.jornalja.com.br\\\/arquivo\\\/category\\\/geral\\\/#listItem\",\"position\":2,\"name\":\"Geral\",\"item\":\"https:\\\/\\\/www.jornalja.com.br\\\/arquivo\\\/category\\\/geral\\\/\",\"nextItem\":{\"@type\":\"ListItem\",\"@id\":\"https:\\\/\\\/www.jornalja.com.br\\\/arquivo\\\/marchezan-reune-secretariado-para-anuncio-da-semana-de-porto-alegre\\\/#listItem\",\"name\":\"Marchezan re\\u00fane secretariado para an\\u00fancio da Semana de Porto Alegre\"},\"previousItem\":{\"@type\":\"ListItem\",\"@id\":\"https:\\\/\\\/www.jornalja.com.br\\\/arquivo#listItem\",\"name\":\"Home\"}},{\"@type\":\"ListItem\",\"@id\":\"https:\\\/\\\/www.jornalja.com.br\\\/arquivo\\\/marchezan-reune-secretariado-para-anuncio-da-semana-de-porto-alegre\\\/#listItem\",\"position\":3,\"name\":\"Marchezan re\\u00fane secretariado para an\\u00fancio da Semana de Porto Alegre\",\"previousItem\":{\"@type\":\"ListItem\",\"@id\":\"https:\\\/\\\/www.jornalja.com.br\\\/arquivo\\\/category\\\/geral\\\/#listItem\",\"name\":\"Geral\"}}]},{\"@type\":\"Organization\",\"@id\":\"https:\\\/\\\/www.jornalja.com.br\\\/arquivo\\\/#organization\",\"name\":\"Jornal J\\u00c1\",\"description\":\"Jornal J\\u00c1 | Porto Alegre\",\"url\":\"https:\\\/\\\/www.jornalja.com.br\\\/arquivo\\\/\",\"telephone\":\"+555133307272\",\"logo\":{\"@type\":\"ImageObject\",\"url\":\"https:\\\/\\\/www.jornalja.com.br\\\/wp-content\\\/uploads\\\/cards\\\/JAslogan.png\",\"@id\":\"https:\\\/\\\/www.jornalja.com.br\\\/arquivo\\\/marchezan-reune-secretariado-para-anuncio-da-semana-de-porto-alegre\\\/#organizationLogo\"},\"image\":{\"@id\":\"https:\\\/\\\/www.jornalja.com.br\\\/arquivo\\\/marchezan-reune-secretariado-para-anuncio-da-semana-de-porto-alegre\\\/#organizationLogo\"}},{\"@type\":\"Person\",\"@id\":\"https:\\\/\\\/www.jornalja.com.br\\\/arquivo\\\/author\\\/daredacao\\\/#author\",\"url\":\"https:\\\/\\\/www.jornalja.com.br\\\/arquivo\\\/author\\\/daredacao\\\/\",\"name\":\"da Reda\\u00e7\\u00e3o\",\"image\":{\"@type\":\"ImageObject\",\"@id\":\"https:\\\/\\\/www.jornalja.com.br\\\/arquivo\\\/marchezan-reune-secretariado-para-anuncio-da-semana-de-porto-alegre\\\/#authorImage\",\"url\":\"https:\\\/\\\/secure.gravatar.com\\\/avatar\\\/469fd857d6605ad19919d27ed29d35a968a25f6e8fd9318356bbb7f57aae9c65?s=96&d=mm&r=g\",\"width\":96,\"height\":96,\"caption\":\"da Reda\\u00e7\\u00e3o\"}},{\"@type\":\"WebPage\",\"@id\":\"https:\\\/\\\/www.jornalja.com.br\\\/arquivo\\\/marchezan-reune-secretariado-para-anuncio-da-semana-de-porto-alegre\\\/#webpage\",\"url\":\"https:\\\/\\\/www.jornalja.com.br\\\/arquivo\\\/marchezan-reune-secretariado-para-anuncio-da-semana-de-porto-alegre\\\/\",\"name\":\"Marchezan re\\u00fane secretariado para an\\u00fancio da Semana de Porto Alegre | Arquivo\",\"inLanguage\":\"pt-BR\",\"isPartOf\":{\"@id\":\"https:\\\/\\\/www.jornalja.com.br\\\/arquivo\\\/#website\"},\"breadcrumb\":{\"@id\":\"https:\\\/\\\/www.jornalja.com.br\\\/arquivo\\\/marchezan-reune-secretariado-para-anuncio-da-semana-de-porto-alegre\\\/#breadcrumblist\"},\"author\":{\"@id\":\"https:\\\/\\\/www.jornalja.com.br\\\/arquivo\\\/author\\\/daredacao\\\/#author\"},\"creator\":{\"@id\":\"https:\\\/\\\/www.jornalja.com.br\\\/arquivo\\\/author\\\/daredacao\\\/#author\"},\"image\":{\"@type\":\"ImageObject\",\"url\":45799,\"@id\":\"https:\\\/\\\/www.jornalja.com.br\\\/arquivo\\\/marchezan-reune-secretariado-para-anuncio-da-semana-de-porto-alegre\\\/#mainImage\"},\"primaryImageOfPage\":{\"@id\":\"https:\\\/\\\/www.jornalja.com.br\\\/arquivo\\\/marchezan-reune-secretariado-para-anuncio-da-semana-de-porto-alegre\\\/#mainImage\"},\"datePublished\":\"2017-03-15T15:27:08-03:00\",\"dateModified\":\"2017-03-15T15:27:08-03:00\"},{\"@type\":\"WebSite\",\"@id\":\"https:\\\/\\\/www.jornalja.com.br\\\/arquivo\\\/#website\",\"url\":\"https:\\\/\\\/www.jornalja.com.br\\\/arquivo\\\/\",\"name\":\"Arquivo\",\"description\":\"Jornal J\\u00c1 | Porto Alegre\",\"inLanguage\":\"pt-BR\",\"publisher\":{\"@id\":\"https:\\\/\\\/www.jornalja.com.br\\\/arquivo\\\/#organization\"}}]}\n\t\t<\/script>\n\t\t<!-- All in One SEO -->\n\n","aioseo_head_json":{"title":"Marchezan re\u00fane secretariado para an\u00fancio da Semana de Porto Alegre | Arquivo","description":"","canonical_url":"https:\/\/www.jornalja.com.br\/arquivo\/marchezan-reune-secretariado-para-anuncio-da-semana-de-porto-alegre\/","robots":"max-image-preview:large","keywords":"","webmasterTools":{"miscellaneous":""},"schema":{"@context":"https:\/\/schema.org","@graph":[{"@type":"BlogPosting","@id":"https:\/\/www.jornalja.com.br\/arquivo\/marchezan-reune-secretariado-para-anuncio-da-semana-de-porto-alegre\/#blogposting","name":"Marchezan re\u00fane secretariado para an\u00fancio da Semana de Porto Alegre | Arquivo","headline":"Marchezan re\u00fane secretariado para an\u00fancio da Semana de Porto Alegre","author":{"@id":"https:\/\/www.jornalja.com.br\/arquivo\/author\/daredacao\/#author"},"publisher":{"@id":"https:\/\/www.jornalja.com.br\/arquivo\/#organization"},"image":{"@type":"ImageObject","url":45799},"datePublished":"2017-03-15T15:27:08-03:00","dateModified":"2017-03-15T15:27:08-03:00","inLanguage":"pt-BR","mainEntityOfPage":{"@id":"https:\/\/www.jornalja.com.br\/arquivo\/marchezan-reune-secretariado-para-anuncio-da-semana-de-porto-alegre\/#webpage"},"isPartOf":{"@id":"https:\/\/www.jornalja.com.br\/arquivo\/marchezan-reune-secretariado-para-anuncio-da-semana-de-porto-alegre\/#webpage"},"articleSection":"Geral"},{"@type":"BreadcrumbList","@id":"https:\/\/www.jornalja.com.br\/arquivo\/marchezan-reune-secretariado-para-anuncio-da-semana-de-porto-alegre\/#breadcrumblist","itemListElement":[{"@type":"ListItem","@id":"https:\/\/www.jornalja.com.br\/arquivo#listItem","position":1,"name":"Home","item":"https:\/\/www.jornalja.com.br\/arquivo","nextItem":{"@type":"ListItem","@id":"https:\/\/www.jornalja.com.br\/arquivo\/category\/geral\/#listItem","name":"Geral"}},{"@type":"ListItem","@id":"https:\/\/www.jornalja.com.br\/arquivo\/category\/geral\/#listItem","position":2,"name":"Geral","item":"https:\/\/www.jornalja.com.br\/arquivo\/category\/geral\/","nextItem":{"@type":"ListItem","@id":"https:\/\/www.jornalja.com.br\/arquivo\/marchezan-reune-secretariado-para-anuncio-da-semana-de-porto-alegre\/#listItem","name":"Marchezan re\u00fane secretariado para an\u00fancio da Semana de Porto Alegre"},"previousItem":{"@type":"ListItem","@id":"https:\/\/www.jornalja.com.br\/arquivo#listItem","name":"Home"}},{"@type":"ListItem","@id":"https:\/\/www.jornalja.com.br\/arquivo\/marchezan-reune-secretariado-para-anuncio-da-semana-de-porto-alegre\/#listItem","position":3,"name":"Marchezan re\u00fane secretariado para an\u00fancio da Semana de Porto Alegre","previousItem":{"@type":"ListItem","@id":"https:\/\/www.jornalja.com.br\/arquivo\/category\/geral\/#listItem","name":"Geral"}}]},{"@type":"Organization","@id":"https:\/\/www.jornalja.com.br\/arquivo\/#organization","name":"Jornal J\u00c1","description":"Jornal J\u00c1 | Porto Alegre","url":"https:\/\/www.jornalja.com.br\/arquivo\/","telephone":"+555133307272","logo":{"@type":"ImageObject","url":"https:\/\/www.jornalja.com.br\/wp-content\/uploads\/cards\/JAslogan.png","@id":"https:\/\/www.jornalja.com.br\/arquivo\/marchezan-reune-secretariado-para-anuncio-da-semana-de-porto-alegre\/#organizationLogo"},"image":{"@id":"https:\/\/www.jornalja.com.br\/arquivo\/marchezan-reune-secretariado-para-anuncio-da-semana-de-porto-alegre\/#organizationLogo"}},{"@type":"Person","@id":"https:\/\/www.jornalja.com.br\/arquivo\/author\/daredacao\/#author","url":"https:\/\/www.jornalja.com.br\/arquivo\/author\/daredacao\/","name":"da Reda\u00e7\u00e3o","image":{"@type":"ImageObject","@id":"https:\/\/www.jornalja.com.br\/arquivo\/marchezan-reune-secretariado-para-anuncio-da-semana-de-porto-alegre\/#authorImage","url":"https:\/\/secure.gravatar.com\/avatar\/469fd857d6605ad19919d27ed29d35a968a25f6e8fd9318356bbb7f57aae9c65?s=96&d=mm&r=g","width":96,"height":96,"caption":"da Reda\u00e7\u00e3o"}},{"@type":"WebPage","@id":"https:\/\/www.jornalja.com.br\/arquivo\/marchezan-reune-secretariado-para-anuncio-da-semana-de-porto-alegre\/#webpage","url":"https:\/\/www.jornalja.com.br\/arquivo\/marchezan-reune-secretariado-para-anuncio-da-semana-de-porto-alegre\/","name":"Marchezan re\u00fane secretariado para an\u00fancio da Semana de Porto Alegre | Arquivo","inLanguage":"pt-BR","isPartOf":{"@id":"https:\/\/www.jornalja.com.br\/arquivo\/#website"},"breadcrumb":{"@id":"https:\/\/www.jornalja.com.br\/arquivo\/marchezan-reune-secretariado-para-anuncio-da-semana-de-porto-alegre\/#breadcrumblist"},"author":{"@id":"https:\/\/www.jornalja.com.br\/arquivo\/author\/daredacao\/#author"},"creator":{"@id":"https:\/\/www.jornalja.com.br\/arquivo\/author\/daredacao\/#author"},"image":{"@type":"ImageObject","url":45799,"@id":"https:\/\/www.jornalja.com.br\/arquivo\/marchezan-reune-secretariado-para-anuncio-da-semana-de-porto-alegre\/#mainImage"},"primaryImageOfPage":{"@id":"https:\/\/www.jornalja.com.br\/arquivo\/marchezan-reune-secretariado-para-anuncio-da-semana-de-porto-alegre\/#mainImage"},"datePublished":"2017-03-15T15:27:08-03:00","dateModified":"2017-03-15T15:27:08-03:00"},{"@type":"WebSite","@id":"https:\/\/www.jornalja.com.br\/arquivo\/#website","url":"https:\/\/www.jornalja.com.br\/arquivo\/","name":"Arquivo","description":"Jornal J\u00c1 | Porto Alegre","inLanguage":"pt-BR","publisher":{"@id":"https:\/\/www.jornalja.com.br\/arquivo\/#organization"}}]},"og:locale":"pt_BR","og:site_name":"Arquivo | Jornal J\u00c1 | Porto Alegre","og:type":"article","og:title":"Marchezan re\u00fane secretariado para an\u00fancio da Semana de Porto Alegre | Arquivo","og:url":"https:\/\/www.jornalja.com.br\/arquivo\/marchezan-reune-secretariado-para-anuncio-da-semana-de-porto-alegre\/","og:image":"https:\/\/www.jornalja.com.br\/economics\/wp-content\/uploads\/sites\/11\/2026\/08\/ja-folhaderosto-facebook.jpg","og:image:secure_url":"https:\/\/www.jornalja.com.br\/economics\/wp-content\/uploads\/sites\/11\/2026\/08\/ja-folhaderosto-facebook.jpg","article:published_time":"2017-03-15T18:27:08+00:00","article:modified_time":"2017-03-15T18:27:08+00:00","twitter:card":"summary","twitter:title":"Marchezan re\u00fane secretariado para an\u00fancio da Semana de Porto Alegre | Arquivo","twitter:image":"https:\/\/www.jornalja.com.br\/economics\/wp-content\/uploads\/sites\/11\/2026\/08\/ja-folhaderosto-facebook.jpg"},"aioseo_meta_data":{"post_id":"45782","title":null,"description":null,"keywords":null,"keyphrases":null,"primary_term":null,"canonical_url":null,"og_title":null,"og_description":null,"og_object_type":"default","og_image_type":"default","og_image_url":null,"og_image_width":null,"og_image_height":null,"og_image_custom_url":null,"og_image_custom_fields":null,"og_video":null,"og_custom_url":null,"og_article_section":null,"og_article_tags":null,"twitter_use_og":false,"twitter_card":"default","twitter_image_type":"default","twitter_image_url":null,"twitter_image_custom_url":null,"twitter_image_custom_fields":null,"twitter_title":null,"twitter_description":null,"schema":{"blockGraphs":[],"customGraphs":[],"default":{"data":{"Article":[],"Course":[],"Dataset":[],"FAQPage":[],"Movie":[],"Person":[],"Product":[],"ProductReview":[],"Car":[],"Recipe":[],"Service":[],"SoftwareApplication":[],"WebPage":[]},"graphName":"","isEnabled":true},"graphs":[]},"schema_type":null,"schema_type_options":null,"pillar_content":false,"robots_default":true,"robots_noindex":false,"robots_noarchive":false,"robots_nosnippet":false,"robots_nofollow":false,"robots_noimageindex":false,"robots_noodp":false,"robots_notranslate":false,"robots_max_snippet":null,"robots_max_videopreview":null,"robots_max_imagepreview":"large","priority":null,"frequency":null,"location":null,"local_seo":null,"breadcrumb_settings":null,"limit_modified_date":false,"ai":null,"created":"2020-12-20 20:38:59","updated":"2025-07-19 20:27:18","seo_analyzer_scan_date":null,"focus_keyword":null,"additional_keywords":null,"truseo_locale":null},"jetpack_sharing_enabled":true,"jetpack-related-posts":[{"id":5440,"url":"https:\/\/www.jornalja.com.br\/arquivo\/casarao-da-venancio-destino-permanece-incerto\/","url_meta":{"origin":45782,"position":0},"title":"Estado ainda n\u00e3o sabe o que fazer com casar\u00e3o abandonado h\u00e1 20 anos","author":"Elmar Bones","date":"6 de julho de 2009","format":false,"excerpt":"O casar\u00e3o amarelo, numa esquina nobre de Porto Alegre (Ven\u00e2ncio Aires com Jo\u00e3o Pessoa), j\u00e1 abrigou uma escola. H\u00e1 duas d\u00e9cadas, pelo menos, est\u00e1 abandonado, porque seu propriet\u00e1rio, o governo do Estado do Rio Grande do Sul, n\u00e3o consegue achar um destino para ele. Planos n\u00e3o faltaram. O governador Ol\u00edvio\u2026","rel":"","context":"Em &quot;X.Categorias velhas&quot;","block_context":{"text":"X.Categorias velhas","link":"https:\/\/www.jornalja.com.br\/arquivo\/category\/x-categorias-velhas\/"},"img":{"alt_text":"geraldo1","src":"https:\/\/i0.wp.com\/www.jornalja.com.br\/wp-content\/uploads\/2009\/07\/geraldo1.jpg?resize=350%2C200&ssl=1","width":350,"height":200},"classes":[]},{"id":14241,"url":"https:\/\/www.jornalja.com.br\/arquivo\/o-guaiba-nas-imagens-poeticas-de-achutti\/","url_meta":{"origin":45782,"position":1},"title":"O Gua\u00edba nas imagens po\u00e9ticas de Achutti","author":"da Reda\u00e7\u00e3o","date":"18 de junho de 2014","format":false,"excerpt":"Em \u201cO Gua\u00edba por Achutti\u201d \u2013 obra financiada via Minist\u00e9rio da Cultura, produ\u00e7\u00e3o executiva de Pedro Longhi, e Fl\u00e1vio Wild como designer \u2013, o fot\u00f3grafo revela a beleza e as mazelas de um espa\u00e7o aqu\u00e1tico de \u00e1guas sempre renovadas, cheio de hist\u00f3rias e lendas como as das cidades que foram\u2026","rel":"","context":"Em &quot;Cultura-Geral&quot;","block_context":{"text":"Cultura-Geral","link":"https:\/\/www.jornalja.com.br\/arquivo\/category\/materiasecundaria\/"},"img":{"alt_text":"","src":"","width":0,"height":0},"classes":[]},{"id":13124,"url":"https:\/\/www.jornalja.com.br\/arquivo\/sangue-latino-no-iecine\/","url_meta":{"origin":45782,"position":2},"title":"Sangue latino no IECINE","author":"da Reda\u00e7\u00e3o","date":"18 de maio de 2014","format":false,"excerpt":"Francisco Ribeiro O Instituto Estadual de Cinema (IECINE) tem a frente, desde abril \u00faltimo, um novo diretor, o cineasta colombiano Juan Zapata, 36, que substitui Luiz Alberto Cassol. Radicado h\u00e1 dez anos em Porto Alegre, Zapata tem diante de si o desafio de conduzir at\u00e9 o final do ano um\u2026","rel":"","context":"Em &quot;Cultura-Geral&quot;","block_context":{"text":"Cultura-Geral","link":"https:\/\/www.jornalja.com.br\/arquivo\/category\/materiasecundaria\/"},"img":{"alt_text":"","src":"","width":0,"height":0},"classes":[]},{"id":13240,"url":"https:\/\/www.jornalja.com.br\/arquivo\/plano-diretor-estamos-construindo-o-caos\/","url_meta":{"origin":45782,"position":3},"title":"Plano diretor: &quot;Estamos construindo o caos&quot;","author":"Patr\u00edcia Marini","date":"26 de maio de 2014","format":false,"excerpt":"Desabafo que arquiteta Eliana Castilhos, delegada da Regi\u00e3o de Planejamento 1, postou nas redes sociais \u00e9 um testemunho do ambiente que se criou no Conselho do Plano Diretor de Porto Alegre, onde a aprova\u00e7\u00e3o de grandes empreendimentos \u00e9 empurrada guela abaixo dos conselheiros. Ao CMDUA Como delegada da Regi\u00e3o de\u2026","rel":"","context":"Em &quot;Geral&quot;","block_context":{"text":"Geral","link":"https:\/\/www.jornalja.com.br\/arquivo\/category\/geral\/"},"img":{"alt_text":"","src":"","width":0,"height":0},"classes":[]},{"id":1280,"url":"https:\/\/www.jornalja.com.br\/arquivo\/o-menino-que-se-tornou-brizola\/","url_meta":{"origin":45782,"position":4},"title":"O Menino que se Tornou Brizola","author":"da Reda\u00e7\u00e3o","date":"28 de julho de 2008","format":false,"excerpt":"Autor: Cleber Dioni A vida de Leonel Brizola, com \u00eanfase para os primeiros anos em Porto Alegre, at\u00e9 o ex\u00edlio no Uruguai e a volta, quinze anos depois. \u00a0\"...\u00c9ramos todos jovens e nos identific\u00e1vamos com aquela massa an\u00f4nima a percorrer as ruas de Porto Alegre, gritando 'Get\u00falio', 'Get\u00falio' e empunhando\u2026","rel":"","context":"Em &quot;Livros&quot;","block_context":{"text":"Livros","link":"https:\/\/www.jornalja.com.br\/arquivo\/category\/livros\/"},"img":{"alt_text":"","src":"https:\/\/i0.wp.com\/www.jornalja.com.br\/wp-content\/uploads\/2008\/07\/brizola.gif?resize=350%2C200&ssl=1","width":350,"height":200},"classes":[]},{"id":13239,"url":"https:\/\/www.jornalja.com.br\/arquivo\/conselho-desdenha-do-plano-diretor\/","url_meta":{"origin":45782,"position":5},"title":"Porto Alegre: Conselho detona Plano Diretor","author":"Patr\u00edcia Marini","date":"25 de maio de 2014","format":false,"excerpt":"Den\u00fancia do arquiteto e \u00a0urbanista Ibir\u00e1 Santos Lucas. Ele diz que os conselheiros est\u00e3o votando com \"enorme irresponsabilidade\". \"Mudam regime com a maior naturalidade,,,regularizam absurdos de constru\u00e7\u00f5es irregulares... \"O CMDUA est\u00e1 flexibilizando a lei do plano diretor, de uma forma impactante na vida da cidade. Mudam regime com a maior\u2026","rel":"","context":"Em &quot;Geral&quot;","block_context":{"text":"Geral","link":"https:\/\/www.jornalja.com.br\/arquivo\/category\/geral\/"},"img":{"alt_text":"","src":"","width":0,"height":0},"classes":[]}],"jetpack_shortlink":"https:\/\/wp.me\/pbQjBd-bUq","jetpack_featured_media_url":"","_links":{"self":[{"href":"https:\/\/www.jornalja.com.br\/arquivo\/wp-json\/wp\/v2\/posts\/45782","targetHints":{"allow":["GET"]}}],"collection":[{"href":"https:\/\/www.jornalja.com.br\/arquivo\/wp-json\/wp\/v2\/posts"}],"about":[{"href":"https:\/\/www.jornalja.com.br\/arquivo\/wp-json\/wp\/v2\/types\/post"}],"author":[{"embeddable":true,"href":"https:\/\/www.jornalja.com.br\/arquivo\/wp-json\/wp\/v2\/users\/4"}],"replies":[{"embeddable":true,"href":"https:\/\/www.jornalja.com.br\/arquivo\/wp-json\/wp\/v2\/comments?post=45782"}],"version-history":[{"count":0,"href":"https:\/\/www.jornalja.com.br\/arquivo\/wp-json\/wp\/v2\/posts\/45782\/revisions"}],"wp:attachment":[{"href":"https:\/\/www.jornalja.com.br\/arquivo\/wp-json\/wp\/v2\/media?parent=45782"}],"wp:term":[{"taxonomy":"category","embeddable":true,"href":"https:\/\/www.jornalja.com.br\/arquivo\/wp-json\/wp\/v2\/categories?post=45782"},{"taxonomy":"post_tag","embeddable":true,"href":"https:\/\/www.jornalja.com.br\/arquivo\/wp-json\/wp\/v2\/tags?post=45782"}],"curies":[{"name":"wp","href":"https:\/\/api.w.org\/{rel}","templated":true}]}}