{"id":45790,"date":"2017-03-15T14:56:30","date_gmt":"2017-03-15T17:56:30","guid":{"rendered":"https:\/\/www.jornalja.com.br\/?p=45790"},"modified":"2017-03-15T14:56:30","modified_gmt":"2017-03-15T17:56:30","slug":"comando-diz-que-exercito-nao-vai-atuar-no-policiamento-ostensivo","status":"publish","type":"post","link":"https:\/\/www.jornalja.com.br\/arquivo\/comando-diz-que-exercito-nao-vai-atuar-no-policiamento-ostensivo\/","title":{"rendered":"Comando diz que Ex\u00e9rcito n\u00e3o vai atuar no policiamento ostensivo"},"content":{"rendered":"<p>O ex\u00e9rcito n\u00e3o vai passar a patrulhar o Parque da Reden\u00e7\u00e3o nem se integrar \u00e0 seguran\u00e7a p\u00fablica em Porto Alegre.<br \/>\nNa segunda-feira, o secret\u00e1rio estadual de Seguran\u00e7a P\u00fablica, C\u00e9zar Schirmer, anunciou que o Ex\u00e9rcito passaria a refor\u00e7ar o policiamento das ruas da capital, em apoio \u00e0 Brigada Militar.<br \/>\nNa ter\u00e7a, a prefeitura divulgou nota sobre a ades\u00e3o do Comando Militar do Sul ao grupo de trabalho que integra EPTC, Guarda Municipal e associa\u00e7\u00f5es de bairro.<br \/>\nNa manh\u00e3 de quarta-feira, em coletiva sobre a Semana da Cidade, o prefeito Nelson Marchezan J\u00fanior refor\u00e7ou a parceria e anunciou que a partir do dia 26, o ex\u00e9rcito passaria a tomar conta do Parque da Reden\u00e7\u00e3o.<br \/>\nDurante atividade realizada na manh\u00e3 desta quarta-feira, na Reden\u00e7\u00e3o, o Coronel Newton Bochi, do Centro de Opera\u00e7\u00f5es do Comando Militar do Sul negou que o ex\u00e9rcito v\u00e1 patrulhar o Parque da Reden\u00e7\u00e3o ou que v\u00e1 integrar o policiamento ostensivo de Porto Alegre.<br \/>\n\u201cN\u00e3o temos amparo legal para fazer policiamento. Quem tem amparo \u00e9 a Brigada Militar e a Guarda Municipal\u201d, afirmou Bochi.<br \/>\nBochi confirmou que h\u00e1 uma integra\u00e7\u00e3o in\u00e9dita entre as tr\u00eas corpora\u00e7\u00f5es, mas deixou claro que o ex\u00e9rcito n\u00e3o vai desempenhar fun\u00e7\u00f5es de seguran\u00e7a p\u00fablica, apenas treinamentos. \u201cPara n\u00f3s \u00e9 um adestramento\u201d, afirmou. \u201cComo o ex\u00e9rcito \u00e9 solicitado por alguns estados ou em grandes eventos, termos que estar sempre preparados para atender.\u201d Na avalia\u00e7\u00e3o do coronel, a vantagem para a tropa \u00e9 conhecer a din\u00e2mica da BM e GM e aprender a conviver em um ambiente interag\u00eancias.<br \/>\n<figure id=\"attachment_45793\" aria-describedby=\"caption-attachment-45793\" style=\"width: 725px\" class=\"wp-caption alignnone\"><img loading=\"lazy\" decoding=\"async\" class=\"wp-image-45793 size-full\" src=\"https:\/\/www.jornalja.com.br\/wp-content\/uploads\/2017\/03\/ex\u00e9rcito-treinamento-reden\u00e7\u00e3o-Matheus-Chaparini-9.jpg\" alt=\"Na manh\u00e3 desta quarta-feira, Ex\u00e9rcito realizou treinamento no Parque da Reden\u00e7\u00e3o \/ Matheus Chaparini\" width=\"725\" height=\"408\" \/><figcaption id=\"caption-attachment-45793\" class=\"wp-caption-text\">Na manh\u00e3 desta quarta-feira, Ex\u00e9rcito realizou treinamento no Parque da Reden\u00e7\u00e3o \/ Matheus Chaparini<\/figcaption><\/figure><br \/>\nNa ocasi\u00e3o do an\u00fancio, o secret\u00e1rio Schirmer chegou a afirmar que o Comando Militar do Sul atuaria em sua atribui\u00e7\u00e3o constitucional de manter a lei e a ordem. O representante do CMS explicou que isso s\u00f3 seria poss\u00edvel com autoriza\u00e7\u00e3o do presidente.<br \/>\n\u201cExiste uma lei que nos d\u00e1 amparo para isso desde que seja solicitado pelo governador e autorizado pelo presidente da Rep\u00fablica. E n\u00e3o \u00e9 o caso. A Brigada Militar tem condi\u00e7\u00f5es de cumprir a miss\u00e3o, n\u00e3o tem insufici\u00eancia de seus meios nem h\u00e1 um caos na seguran\u00e7a p\u00fablica.\u201d<br \/>\nNa pr\u00e1tica o que muda \u00e9 que os exerc\u00edcios que j\u00e1 s\u00e3o realizados nos entornos de unidades militares ser\u00e3o intensificados. O coronel Bochi disse que h\u00e1 um cronograma de treinamentos que n\u00e3o ser\u00e1 divulgado por quest\u00f5es de seguran\u00e7a. Al\u00e9m do entorno do Col\u00e9gio Militar, estes treinamentos devem acontecer tamb\u00e9m no bairro Serraria e no Morro Santa Tereza.<br \/>\nAtualmente o ex\u00e9rcito j\u00e1 realiza treinamentos nestas \u00e1reas. Em frente ao Col\u00e9gio Militar, por exemplo, este tipo de movimenta\u00e7\u00e3o costuma acontecer nos hor\u00e1rios de entradas e sa\u00eddas de aula. O treinamento desta manh\u00e3 contou diversos ve\u00edculos, al\u00e9m de homens armados, c\u00e3es e cavalos.<br \/>\nEm novembro do ano passado, o secret\u00e1rio estadual de Seguran\u00e7a P\u00fablica C\u00e9zar Schirmer j\u00e1 havia anunciado que o ex\u00e9rcito realizaria o patrulhamento da Reden\u00e7\u00e3o.<\/p>\n","protected":false},"excerpt":{"rendered":"<p>O ex\u00e9rcito n\u00e3o vai passar a patrulhar o Parque da Reden\u00e7\u00e3o nem se integrar \u00e0 seguran\u00e7a p\u00fablica em Porto Alegre. Na segunda-feira, o secret\u00e1rio estadual de Seguran\u00e7a P\u00fablica, C\u00e9zar Schirmer, anunciou que o Ex\u00e9rcito passaria a refor\u00e7ar o policiamento das ruas da capital, em apoio \u00e0 Brigada Militar. Na ter\u00e7a, a prefeitura divulgou nota sobre [&hellip;]<\/p>\n","protected":false},"author":4,"featured_media":45795,"comment_status":"open","ping_status":"closed","sticky":false,"template":"","format":"standard","meta":{"_jetpack_newsletter_access":"","_jetpack_dont_email_post_to_subs":false,"_jetpack_newsletter_tier_id":0,"_jetpack_memberships_contains_paywalled_content":false,"_jetpack_feature_clip_id":0,"_jetpack_memberships_contains_paid_content":false,"footnotes":"","jetpack_post_was_ever_published":false},"categories":[26],"tags":[],"class_list":["post-45790","post","type-post","status-publish","format-standard","has-post-thumbnail","hentry","category-geral"],"aioseo_notices":[],"aioseo_head":"\n\t\t<!-- All in One SEO 5.0.1.1 - aioseo.com -->\n\t<meta name=\"robots\" content=\"max-image-preview:large\" \/>\n\t<meta name=\"author\" content=\"da Reda\u00e7\u00e3o\"\/>\n\t<link rel=\"canonical\" href=\"https:\/\/www.jornalja.com.br\/arquivo\/comando-diz-que-exercito-nao-vai-atuar-no-policiamento-ostensivo\/\" \/>\n\t<meta name=\"generator\" content=\"All in One SEO (AIOSEO) 5.0.1.1\" \/>\n\t\t<meta property=\"og:locale\" content=\"pt_BR\" \/>\n\t\t<meta property=\"og:site_name\" content=\"Arquivo | Jornal J\u00c1 | Porto Alegre\" \/>\n\t\t<meta property=\"og:type\" content=\"article\" \/>\n\t\t<meta property=\"og:title\" content=\"Comando diz que Ex\u00e9rcito n\u00e3o vai atuar no policiamento ostensivo | Arquivo\" \/>\n\t\t<meta property=\"og:url\" content=\"https:\/\/www.jornalja.com.br\/arquivo\/comando-diz-que-exercito-nao-vai-atuar-no-policiamento-ostensivo\/\" \/>\n\t\t<meta property=\"og:image\" content=\"https:\/\/www.jornalja.com.br\/wp-content\/uploads\/2017\/03\/ex\u00e9rcito-treinamento-reden\u00e7\u00e3o-Matheus-Chaparini-9.jpg\" \/>\n\t\t<meta property=\"og:image:secure_url\" content=\"https:\/\/www.jornalja.com.br\/wp-content\/uploads\/2017\/03\/ex\u00e9rcito-treinamento-reden\u00e7\u00e3o-Matheus-Chaparini-9.jpg\" \/>\n\t\t<meta property=\"article:published_time\" content=\"2017-03-15T17:56:30+00:00\" \/>\n\t\t<meta property=\"article:modified_time\" content=\"2017-03-15T17:56:30+00:00\" \/>\n\t\t<meta name=\"twitter:card\" content=\"summary\" \/>\n\t\t<meta name=\"twitter:title\" content=\"Comando diz que Ex\u00e9rcito n\u00e3o vai atuar no policiamento ostensivo | Arquivo\" \/>\n\t\t<meta name=\"twitter:image\" content=\"https:\/\/www.jornalja.com.br\/economics\/wp-content\/uploads\/sites\/11\/2026\/08\/ja-folhaderosto-facebook.jpg\" \/>\n\t\t<script type=\"application\/ld+json\" class=\"aioseo-schema\">\n\t\t\t{\"@context\":\"https:\\\/\\\/schema.org\",\"@graph\":[{\"@type\":\"BlogPosting\",\"@id\":\"https:\\\/\\\/www.jornalja.com.br\\\/arquivo\\\/comando-diz-que-exercito-nao-vai-atuar-no-policiamento-ostensivo\\\/#blogposting\",\"name\":\"Comando diz que Ex\\u00e9rcito n\\u00e3o vai atuar no policiamento ostensivo | Arquivo\",\"headline\":\"Comando diz que Ex\\u00e9rcito n\\u00e3o vai atuar no policiamento ostensivo\",\"author\":{\"@id\":\"https:\\\/\\\/www.jornalja.com.br\\\/arquivo\\\/author\\\/daredacao\\\/#author\"},\"publisher\":{\"@id\":\"https:\\\/\\\/www.jornalja.com.br\\\/arquivo\\\/#organization\"},\"image\":{\"@type\":\"ImageObject\",\"url\":45795},\"datePublished\":\"2017-03-15T14:56:30-03:00\",\"dateModified\":\"2017-03-15T14:56:30-03:00\",\"inLanguage\":\"pt-BR\",\"mainEntityOfPage\":{\"@id\":\"https:\\\/\\\/www.jornalja.com.br\\\/arquivo\\\/comando-diz-que-exercito-nao-vai-atuar-no-policiamento-ostensivo\\\/#webpage\"},\"isPartOf\":{\"@id\":\"https:\\\/\\\/www.jornalja.com.br\\\/arquivo\\\/comando-diz-que-exercito-nao-vai-atuar-no-policiamento-ostensivo\\\/#webpage\"},\"articleSection\":\"Geral\"},{\"@type\":\"BreadcrumbList\",\"@id\":\"https:\\\/\\\/www.jornalja.com.br\\\/arquivo\\\/comando-diz-que-exercito-nao-vai-atuar-no-policiamento-ostensivo\\\/#breadcrumblist\",\"itemListElement\":[{\"@type\":\"ListItem\",\"@id\":\"https:\\\/\\\/www.jornalja.com.br\\\/arquivo#listItem\",\"position\":1,\"name\":\"Home\",\"item\":\"https:\\\/\\\/www.jornalja.com.br\\\/arquivo\",\"nextItem\":{\"@type\":\"ListItem\",\"@id\":\"https:\\\/\\\/www.jornalja.com.br\\\/arquivo\\\/category\\\/geral\\\/#listItem\",\"name\":\"Geral\"}},{\"@type\":\"ListItem\",\"@id\":\"https:\\\/\\\/www.jornalja.com.br\\\/arquivo\\\/category\\\/geral\\\/#listItem\",\"position\":2,\"name\":\"Geral\",\"item\":\"https:\\\/\\\/www.jornalja.com.br\\\/arquivo\\\/category\\\/geral\\\/\",\"nextItem\":{\"@type\":\"ListItem\",\"@id\":\"https:\\\/\\\/www.jornalja.com.br\\\/arquivo\\\/comando-diz-que-exercito-nao-vai-atuar-no-policiamento-ostensivo\\\/#listItem\",\"name\":\"Comando diz que Ex\\u00e9rcito n\\u00e3o vai atuar no policiamento ostensivo\"},\"previousItem\":{\"@type\":\"ListItem\",\"@id\":\"https:\\\/\\\/www.jornalja.com.br\\\/arquivo#listItem\",\"name\":\"Home\"}},{\"@type\":\"ListItem\",\"@id\":\"https:\\\/\\\/www.jornalja.com.br\\\/arquivo\\\/comando-diz-que-exercito-nao-vai-atuar-no-policiamento-ostensivo\\\/#listItem\",\"position\":3,\"name\":\"Comando diz que Ex\\u00e9rcito n\\u00e3o vai atuar no policiamento ostensivo\",\"previousItem\":{\"@type\":\"ListItem\",\"@id\":\"https:\\\/\\\/www.jornalja.com.br\\\/arquivo\\\/category\\\/geral\\\/#listItem\",\"name\":\"Geral\"}}]},{\"@type\":\"Organization\",\"@id\":\"https:\\\/\\\/www.jornalja.com.br\\\/arquivo\\\/#organization\",\"name\":\"Jornal J\\u00c1\",\"description\":\"Jornal J\\u00c1 | Porto Alegre\",\"url\":\"https:\\\/\\\/www.jornalja.com.br\\\/arquivo\\\/\",\"telephone\":\"+555133307272\",\"logo\":{\"@type\":\"ImageObject\",\"url\":\"https:\\\/\\\/www.jornalja.com.br\\\/wp-content\\\/uploads\\\/cards\\\/JAslogan.png\",\"@id\":\"https:\\\/\\\/www.jornalja.com.br\\\/arquivo\\\/comando-diz-que-exercito-nao-vai-atuar-no-policiamento-ostensivo\\\/#organizationLogo\"},\"image\":{\"@id\":\"https:\\\/\\\/www.jornalja.com.br\\\/arquivo\\\/comando-diz-que-exercito-nao-vai-atuar-no-policiamento-ostensivo\\\/#organizationLogo\"}},{\"@type\":\"Person\",\"@id\":\"https:\\\/\\\/www.jornalja.com.br\\\/arquivo\\\/author\\\/daredacao\\\/#author\",\"url\":\"https:\\\/\\\/www.jornalja.com.br\\\/arquivo\\\/author\\\/daredacao\\\/\",\"name\":\"da Reda\\u00e7\\u00e3o\",\"image\":{\"@type\":\"ImageObject\",\"@id\":\"https:\\\/\\\/www.jornalja.com.br\\\/arquivo\\\/comando-diz-que-exercito-nao-vai-atuar-no-policiamento-ostensivo\\\/#authorImage\",\"url\":\"https:\\\/\\\/secure.gravatar.com\\\/avatar\\\/469fd857d6605ad19919d27ed29d35a968a25f6e8fd9318356bbb7f57aae9c65?s=96&d=mm&r=g\",\"width\":96,\"height\":96,\"caption\":\"da Reda\\u00e7\\u00e3o\"}},{\"@type\":\"WebPage\",\"@id\":\"https:\\\/\\\/www.jornalja.com.br\\\/arquivo\\\/comando-diz-que-exercito-nao-vai-atuar-no-policiamento-ostensivo\\\/#webpage\",\"url\":\"https:\\\/\\\/www.jornalja.com.br\\\/arquivo\\\/comando-diz-que-exercito-nao-vai-atuar-no-policiamento-ostensivo\\\/\",\"name\":\"Comando diz que Ex\\u00e9rcito n\\u00e3o vai atuar no policiamento ostensivo | Arquivo\",\"inLanguage\":\"pt-BR\",\"isPartOf\":{\"@id\":\"https:\\\/\\\/www.jornalja.com.br\\\/arquivo\\\/#website\"},\"breadcrumb\":{\"@id\":\"https:\\\/\\\/www.jornalja.com.br\\\/arquivo\\\/comando-diz-que-exercito-nao-vai-atuar-no-policiamento-ostensivo\\\/#breadcrumblist\"},\"author\":{\"@id\":\"https:\\\/\\\/www.jornalja.com.br\\\/arquivo\\\/author\\\/daredacao\\\/#author\"},\"creator\":{\"@id\":\"https:\\\/\\\/www.jornalja.com.br\\\/arquivo\\\/author\\\/daredacao\\\/#author\"},\"image\":{\"@type\":\"ImageObject\",\"url\":45795,\"@id\":\"https:\\\/\\\/www.jornalja.com.br\\\/arquivo\\\/comando-diz-que-exercito-nao-vai-atuar-no-policiamento-ostensivo\\\/#mainImage\"},\"primaryImageOfPage\":{\"@id\":\"https:\\\/\\\/www.jornalja.com.br\\\/arquivo\\\/comando-diz-que-exercito-nao-vai-atuar-no-policiamento-ostensivo\\\/#mainImage\"},\"datePublished\":\"2017-03-15T14:56:30-03:00\",\"dateModified\":\"2017-03-15T14:56:30-03:00\"},{\"@type\":\"WebSite\",\"@id\":\"https:\\\/\\\/www.jornalja.com.br\\\/arquivo\\\/#website\",\"url\":\"https:\\\/\\\/www.jornalja.com.br\\\/arquivo\\\/\",\"name\":\"Arquivo\",\"description\":\"Jornal J\\u00c1 | Porto Alegre\",\"inLanguage\":\"pt-BR\",\"publisher\":{\"@id\":\"https:\\\/\\\/www.jornalja.com.br\\\/arquivo\\\/#organization\"}}]}\n\t\t<\/script>\n\t\t<!-- All in One SEO -->\n\n","aioseo_head_json":{"title":"Comando diz que Ex\u00e9rcito n\u00e3o vai atuar no policiamento ostensivo | Arquivo","description":"","canonical_url":"https:\/\/www.jornalja.com.br\/arquivo\/comando-diz-que-exercito-nao-vai-atuar-no-policiamento-ostensivo\/","robots":"max-image-preview:large","keywords":"","webmasterTools":{"miscellaneous":""},"schema":{"@context":"https:\/\/schema.org","@graph":[{"@type":"BlogPosting","@id":"https:\/\/www.jornalja.com.br\/arquivo\/comando-diz-que-exercito-nao-vai-atuar-no-policiamento-ostensivo\/#blogposting","name":"Comando diz que Ex\u00e9rcito n\u00e3o vai atuar no policiamento ostensivo | Arquivo","headline":"Comando diz que Ex\u00e9rcito n\u00e3o vai atuar no policiamento ostensivo","author":{"@id":"https:\/\/www.jornalja.com.br\/arquivo\/author\/daredacao\/#author"},"publisher":{"@id":"https:\/\/www.jornalja.com.br\/arquivo\/#organization"},"image":{"@type":"ImageObject","url":45795},"datePublished":"2017-03-15T14:56:30-03:00","dateModified":"2017-03-15T14:56:30-03:00","inLanguage":"pt-BR","mainEntityOfPage":{"@id":"https:\/\/www.jornalja.com.br\/arquivo\/comando-diz-que-exercito-nao-vai-atuar-no-policiamento-ostensivo\/#webpage"},"isPartOf":{"@id":"https:\/\/www.jornalja.com.br\/arquivo\/comando-diz-que-exercito-nao-vai-atuar-no-policiamento-ostensivo\/#webpage"},"articleSection":"Geral"},{"@type":"BreadcrumbList","@id":"https:\/\/www.jornalja.com.br\/arquivo\/comando-diz-que-exercito-nao-vai-atuar-no-policiamento-ostensivo\/#breadcrumblist","itemListElement":[{"@type":"ListItem","@id":"https:\/\/www.jornalja.com.br\/arquivo#listItem","position":1,"name":"Home","item":"https:\/\/www.jornalja.com.br\/arquivo","nextItem":{"@type":"ListItem","@id":"https:\/\/www.jornalja.com.br\/arquivo\/category\/geral\/#listItem","name":"Geral"}},{"@type":"ListItem","@id":"https:\/\/www.jornalja.com.br\/arquivo\/category\/geral\/#listItem","position":2,"name":"Geral","item":"https:\/\/www.jornalja.com.br\/arquivo\/category\/geral\/","nextItem":{"@type":"ListItem","@id":"https:\/\/www.jornalja.com.br\/arquivo\/comando-diz-que-exercito-nao-vai-atuar-no-policiamento-ostensivo\/#listItem","name":"Comando diz que Ex\u00e9rcito n\u00e3o vai atuar no policiamento ostensivo"},"previousItem":{"@type":"ListItem","@id":"https:\/\/www.jornalja.com.br\/arquivo#listItem","name":"Home"}},{"@type":"ListItem","@id":"https:\/\/www.jornalja.com.br\/arquivo\/comando-diz-que-exercito-nao-vai-atuar-no-policiamento-ostensivo\/#listItem","position":3,"name":"Comando diz que Ex\u00e9rcito n\u00e3o vai atuar no policiamento ostensivo","previousItem":{"@type":"ListItem","@id":"https:\/\/www.jornalja.com.br\/arquivo\/category\/geral\/#listItem","name":"Geral"}}]},{"@type":"Organization","@id":"https:\/\/www.jornalja.com.br\/arquivo\/#organization","name":"Jornal J\u00c1","description":"Jornal J\u00c1 | Porto Alegre","url":"https:\/\/www.jornalja.com.br\/arquivo\/","telephone":"+555133307272","logo":{"@type":"ImageObject","url":"https:\/\/www.jornalja.com.br\/wp-content\/uploads\/cards\/JAslogan.png","@id":"https:\/\/www.jornalja.com.br\/arquivo\/comando-diz-que-exercito-nao-vai-atuar-no-policiamento-ostensivo\/#organizationLogo"},"image":{"@id":"https:\/\/www.jornalja.com.br\/arquivo\/comando-diz-que-exercito-nao-vai-atuar-no-policiamento-ostensivo\/#organizationLogo"}},{"@type":"Person","@id":"https:\/\/www.jornalja.com.br\/arquivo\/author\/daredacao\/#author","url":"https:\/\/www.jornalja.com.br\/arquivo\/author\/daredacao\/","name":"da Reda\u00e7\u00e3o","image":{"@type":"ImageObject","@id":"https:\/\/www.jornalja.com.br\/arquivo\/comando-diz-que-exercito-nao-vai-atuar-no-policiamento-ostensivo\/#authorImage","url":"https:\/\/secure.gravatar.com\/avatar\/469fd857d6605ad19919d27ed29d35a968a25f6e8fd9318356bbb7f57aae9c65?s=96&d=mm&r=g","width":96,"height":96,"caption":"da Reda\u00e7\u00e3o"}},{"@type":"WebPage","@id":"https:\/\/www.jornalja.com.br\/arquivo\/comando-diz-que-exercito-nao-vai-atuar-no-policiamento-ostensivo\/#webpage","url":"https:\/\/www.jornalja.com.br\/arquivo\/comando-diz-que-exercito-nao-vai-atuar-no-policiamento-ostensivo\/","name":"Comando diz que Ex\u00e9rcito n\u00e3o vai atuar no policiamento ostensivo | Arquivo","inLanguage":"pt-BR","isPartOf":{"@id":"https:\/\/www.jornalja.com.br\/arquivo\/#website"},"breadcrumb":{"@id":"https:\/\/www.jornalja.com.br\/arquivo\/comando-diz-que-exercito-nao-vai-atuar-no-policiamento-ostensivo\/#breadcrumblist"},"author":{"@id":"https:\/\/www.jornalja.com.br\/arquivo\/author\/daredacao\/#author"},"creator":{"@id":"https:\/\/www.jornalja.com.br\/arquivo\/author\/daredacao\/#author"},"image":{"@type":"ImageObject","url":45795,"@id":"https:\/\/www.jornalja.com.br\/arquivo\/comando-diz-que-exercito-nao-vai-atuar-no-policiamento-ostensivo\/#mainImage"},"primaryImageOfPage":{"@id":"https:\/\/www.jornalja.com.br\/arquivo\/comando-diz-que-exercito-nao-vai-atuar-no-policiamento-ostensivo\/#mainImage"},"datePublished":"2017-03-15T14:56:30-03:00","dateModified":"2017-03-15T14:56:30-03:00"},{"@type":"WebSite","@id":"https:\/\/www.jornalja.com.br\/arquivo\/#website","url":"https:\/\/www.jornalja.com.br\/arquivo\/","name":"Arquivo","description":"Jornal J\u00c1 | Porto Alegre","inLanguage":"pt-BR","publisher":{"@id":"https:\/\/www.jornalja.com.br\/arquivo\/#organization"}}]},"og:locale":"pt_BR","og:site_name":"Arquivo | Jornal J\u00c1 | Porto Alegre","og:type":"article","og:title":"Comando diz que Ex\u00e9rcito n\u00e3o vai atuar no policiamento ostensivo | Arquivo","og:url":"https:\/\/www.jornalja.com.br\/arquivo\/comando-diz-que-exercito-nao-vai-atuar-no-policiamento-ostensivo\/","og:image":"https:\/\/www.jornalja.com.br\/wp-content\/uploads\/2017\/03\/ex\u00e9rcito-treinamento-reden\u00e7\u00e3o-Matheus-Chaparini-9.jpg","og:image:secure_url":"https:\/\/www.jornalja.com.br\/wp-content\/uploads\/2017\/03\/ex\u00e9rcito-treinamento-reden\u00e7\u00e3o-Matheus-Chaparini-9.jpg","article:published_time":"2017-03-15T17:56:30+00:00","article:modified_time":"2017-03-15T17:56:30+00:00","twitter:card":"summary","twitter:title":"Comando diz que Ex\u00e9rcito n\u00e3o vai atuar no policiamento ostensivo | Arquivo","twitter:image":"https:\/\/www.jornalja.com.br\/economics\/wp-content\/uploads\/sites\/11\/2026\/08\/ja-folhaderosto-facebook.jpg"},"aioseo_meta_data":{"post_id":"45790","title":null,"description":null,"keywords":null,"keyphrases":null,"primary_term":null,"canonical_url":null,"og_title":null,"og_description":null,"og_object_type":"default","og_image_type":"default","og_image_url":null,"og_image_width":null,"og_image_height":null,"og_image_custom_url":null,"og_image_custom_fields":null,"og_video":null,"og_custom_url":null,"og_article_section":null,"og_article_tags":null,"twitter_use_og":false,"twitter_card":"default","twitter_image_type":"default","twitter_image_url":null,"twitter_image_custom_url":null,"twitter_image_custom_fields":null,"twitter_title":null,"twitter_description":null,"schema":{"blockGraphs":[],"customGraphs":[],"default":{"data":{"Article":[],"Course":[],"Dataset":[],"FAQPage":[],"Movie":[],"Person":[],"Product":[],"ProductReview":[],"Car":[],"Recipe":[],"Service":[],"SoftwareApplication":[],"WebPage":[]},"graphName":"","isEnabled":true},"graphs":[],"defaultGraph":"","defaultPostTypeGraph":""},"schema_type":null,"schema_type_options":null,"pillar_content":false,"robots_default":true,"robots_noindex":false,"robots_noarchive":false,"robots_nosnippet":false,"robots_nofollow":false,"robots_noimageindex":false,"robots_noodp":false,"robots_notranslate":false,"robots_max_snippet":null,"robots_max_videopreview":null,"robots_max_imagepreview":"large","priority":null,"frequency":null,"location":null,"local_seo":null,"breadcrumb_settings":null,"limit_modified_date":false,"ai":null,"created":"2020-12-20 20:38:59","updated":"2025-07-19 20:27:18","seo_analyzer_scan_date":null,"focus_keyword":null,"additional_keywords":null,"truseo_locale":null},"jetpack_sharing_enabled":true,"jetpack-related-posts":[{"id":5440,"url":"https:\/\/www.jornalja.com.br\/arquivo\/casarao-da-venancio-destino-permanece-incerto\/","url_meta":{"origin":45790,"position":0},"title":"Estado ainda n\u00e3o sabe o que fazer com casar\u00e3o abandonado h\u00e1 20 anos","author":"Elmar Bones","date":"6 de julho de 2009","format":false,"excerpt":"O casar\u00e3o amarelo, numa esquina nobre de Porto Alegre (Ven\u00e2ncio Aires com Jo\u00e3o Pessoa), j\u00e1 abrigou uma escola. H\u00e1 duas d\u00e9cadas, pelo menos, est\u00e1 abandonado, porque seu propriet\u00e1rio, o governo do Estado do Rio Grande do Sul, n\u00e3o consegue achar um destino para ele. Planos n\u00e3o faltaram. O governador Ol\u00edvio\u2026","rel":"","context":"Em &quot;X.Categorias velhas&quot;","block_context":{"text":"X.Categorias velhas","link":"https:\/\/www.jornalja.com.br\/arquivo\/category\/x-categorias-velhas\/"},"img":{"alt_text":"geraldo1","src":"https:\/\/i0.wp.com\/www.jornalja.com.br\/wp-content\/uploads\/2009\/07\/geraldo1.jpg?resize=350%2C200&ssl=1","width":350,"height":200},"classes":[]},{"id":13101,"url":"https:\/\/www.jornalja.com.br\/arquivo\/morre-um-guerreiro-do-texto\/","url_meta":{"origin":45790,"position":1},"title":"Morre um guerreiro do texto","author":"Patr\u00edcia Marini","date":"14 de maio de 2014","format":false,"excerpt":"Por Ricardo Kotscho Reproduzido do blog do autor, 11\/5\/2014; t\u00edtulo original \u201cE l\u00e1 se foi o nosso Myltainho, guerreiro do texto\u201d. Mi\u00fado e franzino, meu amigo Myltainho era um valente e inconformado guerreiro na luta contra as injusti\u00e7as sociais, a hipocrisia, as maracutaias, o autoritarismo, a intoler\u00e2ncia, a viol\u00eancia, o\u2026","rel":"","context":"Em &quot;Geral&quot;","block_context":{"text":"Geral","link":"https:\/\/www.jornalja.com.br\/arquivo\/category\/geral\/"},"img":{"alt_text":"","src":"","width":0,"height":0},"classes":[]},{"id":14241,"url":"https:\/\/www.jornalja.com.br\/arquivo\/o-guaiba-nas-imagens-poeticas-de-achutti\/","url_meta":{"origin":45790,"position":2},"title":"O Gua\u00edba nas imagens po\u00e9ticas de Achutti","author":"da Reda\u00e7\u00e3o","date":"18 de junho de 2014","format":false,"excerpt":"Em \u201cO Gua\u00edba por Achutti\u201d \u2013 obra financiada via Minist\u00e9rio da Cultura, produ\u00e7\u00e3o executiva de Pedro Longhi, e Fl\u00e1vio Wild como designer \u2013, o fot\u00f3grafo revela a beleza e as mazelas de um espa\u00e7o aqu\u00e1tico de \u00e1guas sempre renovadas, cheio de hist\u00f3rias e lendas como as das cidades que foram\u2026","rel":"","context":"Em &quot;Cultura-Geral&quot;","block_context":{"text":"Cultura-Geral","link":"https:\/\/www.jornalja.com.br\/arquivo\/category\/materiasecundaria\/"},"img":{"alt_text":"","src":"","width":0,"height":0},"classes":[]},{"id":13128,"url":"https:\/\/www.jornalja.com.br\/arquivo\/maconha-terra-diz-que-uso-medicinal-e-desculpa\/","url_meta":{"origin":45790,"position":3},"title":"Maconha: Terra diz que uso medicinal \u00e9 desculpa","author":"Patr\u00edcia Marini","date":"4 de junho de 2014","format":false,"excerpt":"A condi\u00e7\u00e3o de pol\u00edtico, em \u00e9poca de campanha de campanha eleitoral, tira for\u00e7a do discurso do m\u00e9dico Osmar Terra contra a legaliza\u00e7\u00e3o da maconha. A tese dele de que a libera\u00e7\u00e3o vai ampliar exponencialmente o consumo \u00e9 discutivel, o consumo \u00e9 corrente. Mas seus alertas quanto aos riscos tem que\u2026","rel":"","context":"Em &quot;X.Categorias velhas&quot;","block_context":{"text":"X.Categorias velhas","link":"https:\/\/www.jornalja.com.br\/arquivo\/category\/x-categorias-velhas\/"},"img":{"alt_text":"","src":"","width":0,"height":0},"classes":[]},{"id":13109,"url":"https:\/\/www.jornalja.com.br\/arquivo\/judiciario-reconhece-poluicao-eletromagnetica\/","url_meta":{"origin":45790,"position":4},"title":"Judici\u00e1rio reconhece polui\u00e7\u00e3o eletromagn\u00e9tica","author":"Patr\u00edcia Marini","date":"16 de maio de 2014","format":false,"excerpt":"A\u00e7\u00e3o de duas associa\u00e7\u00f5es de moradores foi acolhida pelo Tribunal de Justi\u00e7a de S\u00e3o Paulo que. em decis\u00e3o in\u00e9dita, determinou a redu\u00e7\u00e3o do campo eletromagn\u00e9tico gerado pelas linhas de transmiss\u00e3o de energia que cortam os bairros City Boa\u00e7ava e Alto de Pinheiros. \u00c9 a primeira vez que um tribunal do\u2026","rel":"","context":"Em &quot;X.Categorias velhas&quot;","block_context":{"text":"X.Categorias velhas","link":"https:\/\/www.jornalja.com.br\/arquivo\/category\/x-categorias-velhas\/"},"img":{"alt_text":"","src":"","width":0,"height":0},"classes":[]},{"id":13239,"url":"https:\/\/www.jornalja.com.br\/arquivo\/conselho-desdenha-do-plano-diretor\/","url_meta":{"origin":45790,"position":5},"title":"Porto Alegre: Conselho detona Plano Diretor","author":"Patr\u00edcia Marini","date":"25 de maio de 2014","format":false,"excerpt":"Den\u00fancia do arquiteto e \u00a0urbanista Ibir\u00e1 Santos Lucas. Ele diz que os conselheiros est\u00e3o votando com \"enorme irresponsabilidade\". \"Mudam regime com a maior naturalidade,,,regularizam absurdos de constru\u00e7\u00f5es irregulares... \"O CMDUA est\u00e1 flexibilizando a lei do plano diretor, de uma forma impactante na vida da cidade. Mudam regime com a maior\u2026","rel":"","context":"Em &quot;Geral&quot;","block_context":{"text":"Geral","link":"https:\/\/www.jornalja.com.br\/arquivo\/category\/geral\/"},"img":{"alt_text":"","src":"","width":0,"height":0},"classes":[]}],"jetpack_shortlink":"https:\/\/wp.me\/pbQjBd-bUy","jetpack_featured_media_url":"","_links":{"self":[{"href":"https:\/\/www.jornalja.com.br\/arquivo\/wp-json\/wp\/v2\/posts\/45790","targetHints":{"allow":["GET"]}}],"collection":[{"href":"https:\/\/www.jornalja.com.br\/arquivo\/wp-json\/wp\/v2\/posts"}],"about":[{"href":"https:\/\/www.jornalja.com.br\/arquivo\/wp-json\/wp\/v2\/types\/post"}],"author":[{"embeddable":true,"href":"https:\/\/www.jornalja.com.br\/arquivo\/wp-json\/wp\/v2\/users\/4"}],"replies":[{"embeddable":true,"href":"https:\/\/www.jornalja.com.br\/arquivo\/wp-json\/wp\/v2\/comments?post=45790"}],"version-history":[{"count":0,"href":"https:\/\/www.jornalja.com.br\/arquivo\/wp-json\/wp\/v2\/posts\/45790\/revisions"}],"wp:attachment":[{"href":"https:\/\/www.jornalja.com.br\/arquivo\/wp-json\/wp\/v2\/media?parent=45790"}],"wp:term":[{"taxonomy":"category","embeddable":true,"href":"https:\/\/www.jornalja.com.br\/arquivo\/wp-json\/wp\/v2\/categories?post=45790"},{"taxonomy":"post_tag","embeddable":true,"href":"https:\/\/www.jornalja.com.br\/arquivo\/wp-json\/wp\/v2\/tags?post=45790"}],"curies":[{"name":"wp","href":"https:\/\/api.w.org\/{rel}","templated":true}]}}