{"id":45827,"date":"2017-03-15T19:23:40","date_gmt":"2017-03-15T22:23:40","guid":{"rendered":"https:\/\/www.jornalja.com.br\/?p=45827"},"modified":"2017-03-15T19:23:40","modified_gmt":"2017-03-15T22:23:40","slug":"safra-de-arroz-organico-cresce-40-no-rio-grande-do-sul","status":"publish","type":"post","link":"https:\/\/www.jornalja.com.br\/arquivo\/safra-de-arroz-organico-cresce-40-no-rio-grande-do-sul\/","title":{"rendered":"Safra de arroz org\u00e2nico cresce 40% no Rio Grande do Sul"},"content":{"rendered":"<p>Est\u00e1 marcada para a pr\u00f3xima sexta-feira (17), a \u00a0abertura oficial da Colheita do Arroz Agroecol\u00f3gico, no Rio Gande do Sul.<br \/>\nO evento ser\u00e1 realizado na sede comunit\u00e1ria da\u00a0Cooperativa de Produ\u00e7\u00e3o Agropecu\u00e1ria Nova Santa Rita, localizada no\u00a0Assentamento Capela, no munic\u00edpio de Nova Santa Rita, a 40 quil\u00f4metros de Porto Alegre.<br \/>\nA estimativa \u00e9 colher este ano quase 550\u00a0mil sacas (mais de 27 mil toneladas) do gr\u00e3o, numa \u00e1rea plantada de mais de 5 mil\u00a0hectares.\u00a0Isto significa um aumento de quase 40%\u00a0em rela\u00e7\u00e3o \u00e0 safra anterior, quando foram colhidas\u00a0390 mil sacas do alimento.<br \/>\nO cultivo \u00e9 realizado por 616 fam\u00edlias, em 22\u00a0assentamentos do Movimento dos Trabalhadores Sem Terra, em 16 munic\u00edpios ga\u00fachos.<br \/>\nJ\u00e1 na produ\u00e7\u00e3o de\u00a0sementes, que evolve 25 fam\u00edlias em 9 assentamentos e 8\u00a0munic\u00edpios, a estimativa \u00e9 colher mais de 22 mil sacas.<br \/>\nA produ\u00e7\u00e3o do arroz org\u00e2nico ocorre nos munic\u00edpios de Eldorado do Sul, Nova Santa Rita, Viam\u00e3o, Gua\u00edba, Santa Margarida, Cangu\u00e7u, Charqueadas, Manoel Viana, Tapes, Camaqu\u00e3, S\u00e3o Gabriel, Capivari, Sentinela,\u00a0Arambar\u00e9, Taquari e S\u00e3o Jer\u00f4nimo.\u00a0J\u00e1 as sementes s\u00e3o produzidas em\u00a0Eldorado do Sul, Nova Santa Rita, Viam\u00e3o, Guaiba, Santa Margarida, Cangu\u00e7u, Charqueadas e S\u00e3o Jer\u00f4nimo.<br \/>\n<figure id=\"attachment_45830\" aria-describedby=\"caption-attachment-45830\" style=\"width: 300px\" class=\"wp-caption alignleft\"><img loading=\"lazy\" decoding=\"async\" class=\"size-medium wp-image-45830\" src=\"https:\/\/www.jornalja.com.br\/wp-content\/uploads\/2017\/03\/Foto-Tiago-Giannichini-2-300x200.jpg\" alt=\"Foto Tiago Giannichini\" width=\"300\" height=\"200\" \/><figcaption id=\"caption-attachment-45830\" class=\"wp-caption-text\">Foto Tiago Giannichini<\/figcaption><\/figure><br \/>\nConforme o dirigente estadual do MST, Cedenir de Oliveira,\u00a0para al\u00e9m de celebrar a produ\u00e7\u00e3o de arroz livre de venenos,\u00a0o evento\u00a0\u00e9 uma oportunidade para discutir com as fam\u00edlias assentadas os modelos\u00a0de desenvolvimento da agricultura e de apresentar \u00e0 sociedade os resultados da reforma agr\u00e1ria.<br \/>\n&#8220;A cadeia produtiva do arroz org\u00e2nico representa o modo de produ\u00e7\u00e3o que defendemos para o campo. Ela mostra que a democratiza\u00e7\u00e3o da terra d\u00e1 certo e que \u00e9 poss\u00edvel produzir alimentos saud\u00e1veis&#8221;, explica.<br \/>\nAs atividades come\u00e7am \u00e0s 9 horas, com abertura oficial da colheita na lavoura. Ap\u00f3s, o coordenador nacional do MST, Jo\u00e3o Pedro St\u00e9dile, e o fil\u00f3sofo Leonardo\u00a0Boff far\u00e3o an\u00e1lise de conjuntura pol\u00edtica e apresentar\u00e3o modos sustent\u00e1veis de desenvolver a agricultura. A programa\u00e7\u00e3o se estende \u00e0 tarde, quando acontece ato pol\u00edtico com autoridades e lideran\u00e7as.<br \/>\n<strong>Produ\u00e7\u00e3o limpa ocorre h\u00e1 18 anos<\/strong><br \/>\nAs primeiras experi\u00eancias do MST na produ\u00e7\u00e3o org\u00e2nica de arroz foram desenvolvidas em 1999, nos assentamentos\u00a0da Reforma Agr\u00e1ria na regi\u00e3o Metropolitana de Porto Alegre.<br \/>\nTodo o processo de produ\u00e7\u00e3o, industrializa\u00e7\u00e3o e comercializa\u00e7\u00e3o \u00e9 coordenado pela Cooperativa dos Trabalhadores Assentados da Regi\u00e3o de Porto Alegre (Cootap), por meio da marca comercial Terra Livre.<br \/>\nHoje, grande parte da produ\u00e7\u00e3o \u00e9 destinada ao Programa de Aquisi\u00e7\u00e3o de Alimentos (PAA) e ao Programa Nacional de Alimenta\u00e7\u00e3o Escolar (Pnae), mas o gr\u00e3o tamb\u00e9m vai para S\u00e3o Paulo e a Venezuela, podendo ser adquirido no Mercado P\u00fablico de Porto Alegre e em feiras ecol\u00f3gicas em Canoas e na Capital.<br \/>\n<figure id=\"attachment_45831\" aria-describedby=\"caption-attachment-45831\" style=\"width: 200px\" class=\"wp-caption alignleft\"><img loading=\"lazy\" decoding=\"async\" class=\"size-medium wp-image-45831\" src=\"https:\/\/www.jornalja.com.br\/wp-content\/uploads\/2017\/03\/Foto-tiago-Giannichini-5-200x300.jpg\" alt=\"Foto Tiago Giannichini\" width=\"200\" height=\"300\" \/><figcaption id=\"caption-attachment-45831\" class=\"wp-caption-text\">Foto Tiago Giannichini<\/figcaption><\/figure><br \/>\nA certifica\u00e7\u00e3o org\u00e2nica \u00e9 realizada em todas as etapas da produ\u00e7\u00e3o do arroz, com base em normas nacionais e internacionais, desde o ano de 2004. Ela ocorre por meio de dois procedimentos: certifica\u00e7\u00e3o participativa (OPAC \u2013 Coceargs) e auditoria (IMO \u2013 Ceres).<br \/>\nAs fam\u00edlias do Assentamento Capela, onde este ano ocorre a abertura oficial da colheita, se instalaram no local em setembro de 1989, com a ocupa\u00e7\u00e3o da Fazenda Bacara\u00ed, em Cruz Alta, no Noroeste do RS. Por cerca de cinco anos, diversas mobiliza\u00e7\u00f5es: greve de fome, marchas, ocupa\u00e7\u00f5es e atos p\u00fablicos.<br \/>\nEm 1993 ocorreu, pela terceira vez, a ocupa\u00e7\u00e3o da Fazenda Capela, em Nova Santa Rita. O latif\u00fandio estava penhorado, resultando na desapropria\u00e7\u00e3o de 2.170 hectares e na cria\u00e7\u00e3o do assentamento em 5 de maio de 1994.<br \/>\nHoje, o Assentamento Capela est\u00e1 organizado em n\u00facleos familiares, onde os assentados produzem,\u00a0de forma coletiva ou individual, arroz org\u00e2nico e convencional, gado leiteiro e de corte, hortali\u00e7as e su\u00ednos para comercializa\u00e7\u00e3o, al\u00e9m de diversos outros alimentos para o pr\u00f3prio consumo.<br \/>\nElas recebem assist\u00eancia t\u00e9cnica da Cooperativa de Trabalho em Servi\u00e7os T\u00e9cnicos (Coptec), respons\u00e1vel por capacitar os camponeses em todas as etapas de trabalho.<br \/>\n<strong>Cooperativa<\/strong><br \/>\nA Cooperativa de Produ\u00e7\u00e3o Agropecu\u00e1ria Nova Santa Rita (Coopan) foi fundada pelos assentados em 30 de junho de 1995. Um grupo de acampados apostou no trabalho coletivo e concretizou, a partir do assentamento, toda a estrutura da cooperativa.<br \/>\nAo todo, 29 fam\u00edlias do Assentamento Capela est\u00e3o inseridas na Coopan. Elas produzem variadas culturas para o autossustento e t\u00eam em suas principais atividades econ\u00f4micas a produ\u00e7\u00e3o, industrializa\u00e7\u00e3o e comercializa\u00e7\u00e3o de arroz org\u00e2nico, al\u00e9m da cria\u00e7\u00e3o, abate e venda de carca\u00e7as de su\u00ednos. Os assentados tamb\u00e9m investem em gado leiteiro.<br \/>\n<strong>Novo Empreendimento<\/strong><br \/>\nA Coopan est\u00e1 construindo, por meio do Programa Terra Forte, abatedouro e frigor\u00edfico de su\u00ednos e bovinos, para atender as necessidades dos assentamentos e de agricultores familiares da regi\u00e3o.<br \/>\nA libera\u00e7\u00e3o da estrutura para funcionamento deve ocorrer at\u00e9 o segundo semestre de 2018, garantindo, inicialmente, 40 postos de trabalho. A meta de produ\u00e7\u00e3o das fam\u00edlias \u00e9 de 250 porcos e 50 cabe\u00e7as de gado diariamente. O empreendimento vai possibilitar a comercializa\u00e7\u00e3o em carca\u00e7as, cortes, embutidos e cozidos.<br \/>\n&nbsp;<\/p>\n","protected":false},"excerpt":{"rendered":"<p>Est\u00e1 marcada para a pr\u00f3xima sexta-feira (17), a \u00a0abertura oficial da Colheita do Arroz Agroecol\u00f3gico, no Rio Gande do Sul. O evento ser\u00e1 realizado na sede comunit\u00e1ria da\u00a0Cooperativa de Produ\u00e7\u00e3o Agropecu\u00e1ria Nova Santa Rita, localizada no\u00a0Assentamento Capela, no munic\u00edpio de Nova Santa Rita, a 40 quil\u00f4metros de Porto Alegre. A estimativa \u00e9 colher este ano [&hellip;]<\/p>\n","protected":false},"author":4,"featured_media":45829,"comment_status":"open","ping_status":"closed","sticky":false,"template":"","format":"standard","meta":{"_jetpack_newsletter_access":"","_jetpack_dont_email_post_to_subs":false,"_jetpack_newsletter_tier_id":0,"_jetpack_memberships_contains_paywalled_content":false,"_jetpack_feature_clip_id":0,"_jetpack_memberships_contains_paid_content":false,"footnotes":"","jetpack_post_was_ever_published":false},"categories":[26],"tags":[],"class_list":["post-45827","post","type-post","status-publish","format-standard","has-post-thumbnail","hentry","category-geral"],"aioseo_notices":[],"aioseo_head":"\n\t\t<!-- All in One SEO 5.0.1.1 - aioseo.com -->\n\t<meta name=\"robots\" content=\"max-image-preview:large\" \/>\n\t<meta name=\"author\" content=\"da Reda\u00e7\u00e3o\"\/>\n\t<link rel=\"canonical\" href=\"https:\/\/www.jornalja.com.br\/arquivo\/safra-de-arroz-organico-cresce-40-no-rio-grande-do-sul\/\" \/>\n\t<meta name=\"generator\" content=\"All in One SEO (AIOSEO) 5.0.1.1\" \/>\n\t\t<meta property=\"og:locale\" content=\"pt_BR\" \/>\n\t\t<meta property=\"og:site_name\" content=\"Arquivo | Jornal J\u00c1 | Porto Alegre\" \/>\n\t\t<meta property=\"og:type\" content=\"article\" \/>\n\t\t<meta property=\"og:title\" content=\"Safra de arroz org\u00e2nico cresce 40% no Rio Grande do Sul | Arquivo\" \/>\n\t\t<meta property=\"og:url\" content=\"https:\/\/www.jornalja.com.br\/arquivo\/safra-de-arroz-organico-cresce-40-no-rio-grande-do-sul\/\" \/>\n\t\t<meta property=\"og:image\" content=\"https:\/\/www.jornalja.com.br\/wp-content\/uploads\/2017\/03\/Foto-Tiago-Giannichini-2-300x200.jpg\" \/>\n\t\t<meta property=\"og:image:secure_url\" content=\"https:\/\/www.jornalja.com.br\/wp-content\/uploads\/2017\/03\/Foto-Tiago-Giannichini-2-300x200.jpg\" \/>\n\t\t<meta property=\"article:published_time\" content=\"2017-03-15T22:23:40+00:00\" \/>\n\t\t<meta property=\"article:modified_time\" content=\"2017-03-15T22:23:40+00:00\" \/>\n\t\t<meta name=\"twitter:card\" content=\"summary\" \/>\n\t\t<meta name=\"twitter:title\" content=\"Safra de arroz org\u00e2nico cresce 40% no Rio Grande do Sul | Arquivo\" \/>\n\t\t<meta name=\"twitter:image\" content=\"https:\/\/www.jornalja.com.br\/economics\/wp-content\/uploads\/sites\/11\/2026\/08\/ja-folhaderosto-facebook.jpg\" \/>\n\t\t<script type=\"application\/ld+json\" class=\"aioseo-schema\">\n\t\t\t{\"@context\":\"https:\\\/\\\/schema.org\",\"@graph\":[{\"@type\":\"BlogPosting\",\"@id\":\"https:\\\/\\\/www.jornalja.com.br\\\/arquivo\\\/safra-de-arroz-organico-cresce-40-no-rio-grande-do-sul\\\/#blogposting\",\"name\":\"Safra de arroz org\\u00e2nico cresce 40% no Rio Grande do Sul | Arquivo\",\"headline\":\"Safra de arroz org\\u00e2nico cresce 40% no Rio Grande do Sul\",\"author\":{\"@id\":\"https:\\\/\\\/www.jornalja.com.br\\\/arquivo\\\/author\\\/daredacao\\\/#author\"},\"publisher\":{\"@id\":\"https:\\\/\\\/www.jornalja.com.br\\\/arquivo\\\/#organization\"},\"image\":{\"@type\":\"ImageObject\",\"url\":45829},\"datePublished\":\"2017-03-15T19:23:40-03:00\",\"dateModified\":\"2017-03-15T19:23:40-03:00\",\"inLanguage\":\"pt-BR\",\"mainEntityOfPage\":{\"@id\":\"https:\\\/\\\/www.jornalja.com.br\\\/arquivo\\\/safra-de-arroz-organico-cresce-40-no-rio-grande-do-sul\\\/#webpage\"},\"isPartOf\":{\"@id\":\"https:\\\/\\\/www.jornalja.com.br\\\/arquivo\\\/safra-de-arroz-organico-cresce-40-no-rio-grande-do-sul\\\/#webpage\"},\"articleSection\":\"Geral\"},{\"@type\":\"BreadcrumbList\",\"@id\":\"https:\\\/\\\/www.jornalja.com.br\\\/arquivo\\\/safra-de-arroz-organico-cresce-40-no-rio-grande-do-sul\\\/#breadcrumblist\",\"itemListElement\":[{\"@type\":\"ListItem\",\"@id\":\"https:\\\/\\\/www.jornalja.com.br\\\/arquivo#listItem\",\"position\":1,\"name\":\"Home\",\"item\":\"https:\\\/\\\/www.jornalja.com.br\\\/arquivo\",\"nextItem\":{\"@type\":\"ListItem\",\"@id\":\"https:\\\/\\\/www.jornalja.com.br\\\/arquivo\\\/category\\\/geral\\\/#listItem\",\"name\":\"Geral\"}},{\"@type\":\"ListItem\",\"@id\":\"https:\\\/\\\/www.jornalja.com.br\\\/arquivo\\\/category\\\/geral\\\/#listItem\",\"position\":2,\"name\":\"Geral\",\"item\":\"https:\\\/\\\/www.jornalja.com.br\\\/arquivo\\\/category\\\/geral\\\/\",\"nextItem\":{\"@type\":\"ListItem\",\"@id\":\"https:\\\/\\\/www.jornalja.com.br\\\/arquivo\\\/safra-de-arroz-organico-cresce-40-no-rio-grande-do-sul\\\/#listItem\",\"name\":\"Safra de arroz org\\u00e2nico cresce 40% no Rio Grande do Sul\"},\"previousItem\":{\"@type\":\"ListItem\",\"@id\":\"https:\\\/\\\/www.jornalja.com.br\\\/arquivo#listItem\",\"name\":\"Home\"}},{\"@type\":\"ListItem\",\"@id\":\"https:\\\/\\\/www.jornalja.com.br\\\/arquivo\\\/safra-de-arroz-organico-cresce-40-no-rio-grande-do-sul\\\/#listItem\",\"position\":3,\"name\":\"Safra de arroz org\\u00e2nico cresce 40% no Rio Grande do Sul\",\"previousItem\":{\"@type\":\"ListItem\",\"@id\":\"https:\\\/\\\/www.jornalja.com.br\\\/arquivo\\\/category\\\/geral\\\/#listItem\",\"name\":\"Geral\"}}]},{\"@type\":\"Organization\",\"@id\":\"https:\\\/\\\/www.jornalja.com.br\\\/arquivo\\\/#organization\",\"name\":\"Jornal J\\u00c1\",\"description\":\"Jornal J\\u00c1 | Porto Alegre\",\"url\":\"https:\\\/\\\/www.jornalja.com.br\\\/arquivo\\\/\",\"telephone\":\"+555133307272\",\"logo\":{\"@type\":\"ImageObject\",\"url\":\"https:\\\/\\\/www.jornalja.com.br\\\/wp-content\\\/uploads\\\/cards\\\/JAslogan.png\",\"@id\":\"https:\\\/\\\/www.jornalja.com.br\\\/arquivo\\\/safra-de-arroz-organico-cresce-40-no-rio-grande-do-sul\\\/#organizationLogo\"},\"image\":{\"@id\":\"https:\\\/\\\/www.jornalja.com.br\\\/arquivo\\\/safra-de-arroz-organico-cresce-40-no-rio-grande-do-sul\\\/#organizationLogo\"}},{\"@type\":\"Person\",\"@id\":\"https:\\\/\\\/www.jornalja.com.br\\\/arquivo\\\/author\\\/daredacao\\\/#author\",\"url\":\"https:\\\/\\\/www.jornalja.com.br\\\/arquivo\\\/author\\\/daredacao\\\/\",\"name\":\"da Reda\\u00e7\\u00e3o\",\"image\":{\"@type\":\"ImageObject\",\"@id\":\"https:\\\/\\\/www.jornalja.com.br\\\/arquivo\\\/safra-de-arroz-organico-cresce-40-no-rio-grande-do-sul\\\/#authorImage\",\"url\":\"https:\\\/\\\/secure.gravatar.com\\\/avatar\\\/469fd857d6605ad19919d27ed29d35a968a25f6e8fd9318356bbb7f57aae9c65?s=96&d=mm&r=g\",\"width\":96,\"height\":96,\"caption\":\"da Reda\\u00e7\\u00e3o\"}},{\"@type\":\"WebPage\",\"@id\":\"https:\\\/\\\/www.jornalja.com.br\\\/arquivo\\\/safra-de-arroz-organico-cresce-40-no-rio-grande-do-sul\\\/#webpage\",\"url\":\"https:\\\/\\\/www.jornalja.com.br\\\/arquivo\\\/safra-de-arroz-organico-cresce-40-no-rio-grande-do-sul\\\/\",\"name\":\"Safra de arroz org\\u00e2nico cresce 40% no Rio Grande do Sul | Arquivo\",\"inLanguage\":\"pt-BR\",\"isPartOf\":{\"@id\":\"https:\\\/\\\/www.jornalja.com.br\\\/arquivo\\\/#website\"},\"breadcrumb\":{\"@id\":\"https:\\\/\\\/www.jornalja.com.br\\\/arquivo\\\/safra-de-arroz-organico-cresce-40-no-rio-grande-do-sul\\\/#breadcrumblist\"},\"author\":{\"@id\":\"https:\\\/\\\/www.jornalja.com.br\\\/arquivo\\\/author\\\/daredacao\\\/#author\"},\"creator\":{\"@id\":\"https:\\\/\\\/www.jornalja.com.br\\\/arquivo\\\/author\\\/daredacao\\\/#author\"},\"image\":{\"@type\":\"ImageObject\",\"url\":45829,\"@id\":\"https:\\\/\\\/www.jornalja.com.br\\\/arquivo\\\/safra-de-arroz-organico-cresce-40-no-rio-grande-do-sul\\\/#mainImage\"},\"primaryImageOfPage\":{\"@id\":\"https:\\\/\\\/www.jornalja.com.br\\\/arquivo\\\/safra-de-arroz-organico-cresce-40-no-rio-grande-do-sul\\\/#mainImage\"},\"datePublished\":\"2017-03-15T19:23:40-03:00\",\"dateModified\":\"2017-03-15T19:23:40-03:00\"},{\"@type\":\"WebSite\",\"@id\":\"https:\\\/\\\/www.jornalja.com.br\\\/arquivo\\\/#website\",\"url\":\"https:\\\/\\\/www.jornalja.com.br\\\/arquivo\\\/\",\"name\":\"Arquivo\",\"description\":\"Jornal J\\u00c1 | Porto Alegre\",\"inLanguage\":\"pt-BR\",\"publisher\":{\"@id\":\"https:\\\/\\\/www.jornalja.com.br\\\/arquivo\\\/#organization\"}}]}\n\t\t<\/script>\n\t\t<!-- All in One SEO -->\n\n","aioseo_head_json":{"title":"Safra de arroz org\u00e2nico cresce 40% no Rio Grande do Sul | Arquivo","description":"","canonical_url":"https:\/\/www.jornalja.com.br\/arquivo\/safra-de-arroz-organico-cresce-40-no-rio-grande-do-sul\/","robots":"max-image-preview:large","keywords":"","webmasterTools":{"miscellaneous":""},"schema":{"@context":"https:\/\/schema.org","@graph":[{"@type":"BlogPosting","@id":"https:\/\/www.jornalja.com.br\/arquivo\/safra-de-arroz-organico-cresce-40-no-rio-grande-do-sul\/#blogposting","name":"Safra de arroz org\u00e2nico cresce 40% no Rio Grande do Sul | Arquivo","headline":"Safra de arroz org\u00e2nico cresce 40% no Rio Grande do Sul","author":{"@id":"https:\/\/www.jornalja.com.br\/arquivo\/author\/daredacao\/#author"},"publisher":{"@id":"https:\/\/www.jornalja.com.br\/arquivo\/#organization"},"image":{"@type":"ImageObject","url":45829},"datePublished":"2017-03-15T19:23:40-03:00","dateModified":"2017-03-15T19:23:40-03:00","inLanguage":"pt-BR","mainEntityOfPage":{"@id":"https:\/\/www.jornalja.com.br\/arquivo\/safra-de-arroz-organico-cresce-40-no-rio-grande-do-sul\/#webpage"},"isPartOf":{"@id":"https:\/\/www.jornalja.com.br\/arquivo\/safra-de-arroz-organico-cresce-40-no-rio-grande-do-sul\/#webpage"},"articleSection":"Geral"},{"@type":"BreadcrumbList","@id":"https:\/\/www.jornalja.com.br\/arquivo\/safra-de-arroz-organico-cresce-40-no-rio-grande-do-sul\/#breadcrumblist","itemListElement":[{"@type":"ListItem","@id":"https:\/\/www.jornalja.com.br\/arquivo#listItem","position":1,"name":"Home","item":"https:\/\/www.jornalja.com.br\/arquivo","nextItem":{"@type":"ListItem","@id":"https:\/\/www.jornalja.com.br\/arquivo\/category\/geral\/#listItem","name":"Geral"}},{"@type":"ListItem","@id":"https:\/\/www.jornalja.com.br\/arquivo\/category\/geral\/#listItem","position":2,"name":"Geral","item":"https:\/\/www.jornalja.com.br\/arquivo\/category\/geral\/","nextItem":{"@type":"ListItem","@id":"https:\/\/www.jornalja.com.br\/arquivo\/safra-de-arroz-organico-cresce-40-no-rio-grande-do-sul\/#listItem","name":"Safra de arroz org\u00e2nico cresce 40% no Rio Grande do Sul"},"previousItem":{"@type":"ListItem","@id":"https:\/\/www.jornalja.com.br\/arquivo#listItem","name":"Home"}},{"@type":"ListItem","@id":"https:\/\/www.jornalja.com.br\/arquivo\/safra-de-arroz-organico-cresce-40-no-rio-grande-do-sul\/#listItem","position":3,"name":"Safra de arroz org\u00e2nico cresce 40% no Rio Grande do Sul","previousItem":{"@type":"ListItem","@id":"https:\/\/www.jornalja.com.br\/arquivo\/category\/geral\/#listItem","name":"Geral"}}]},{"@type":"Organization","@id":"https:\/\/www.jornalja.com.br\/arquivo\/#organization","name":"Jornal J\u00c1","description":"Jornal J\u00c1 | Porto Alegre","url":"https:\/\/www.jornalja.com.br\/arquivo\/","telephone":"+555133307272","logo":{"@type":"ImageObject","url":"https:\/\/www.jornalja.com.br\/wp-content\/uploads\/cards\/JAslogan.png","@id":"https:\/\/www.jornalja.com.br\/arquivo\/safra-de-arroz-organico-cresce-40-no-rio-grande-do-sul\/#organizationLogo"},"image":{"@id":"https:\/\/www.jornalja.com.br\/arquivo\/safra-de-arroz-organico-cresce-40-no-rio-grande-do-sul\/#organizationLogo"}},{"@type":"Person","@id":"https:\/\/www.jornalja.com.br\/arquivo\/author\/daredacao\/#author","url":"https:\/\/www.jornalja.com.br\/arquivo\/author\/daredacao\/","name":"da Reda\u00e7\u00e3o","image":{"@type":"ImageObject","@id":"https:\/\/www.jornalja.com.br\/arquivo\/safra-de-arroz-organico-cresce-40-no-rio-grande-do-sul\/#authorImage","url":"https:\/\/secure.gravatar.com\/avatar\/469fd857d6605ad19919d27ed29d35a968a25f6e8fd9318356bbb7f57aae9c65?s=96&d=mm&r=g","width":96,"height":96,"caption":"da Reda\u00e7\u00e3o"}},{"@type":"WebPage","@id":"https:\/\/www.jornalja.com.br\/arquivo\/safra-de-arroz-organico-cresce-40-no-rio-grande-do-sul\/#webpage","url":"https:\/\/www.jornalja.com.br\/arquivo\/safra-de-arroz-organico-cresce-40-no-rio-grande-do-sul\/","name":"Safra de arroz org\u00e2nico cresce 40% no Rio Grande do Sul | Arquivo","inLanguage":"pt-BR","isPartOf":{"@id":"https:\/\/www.jornalja.com.br\/arquivo\/#website"},"breadcrumb":{"@id":"https:\/\/www.jornalja.com.br\/arquivo\/safra-de-arroz-organico-cresce-40-no-rio-grande-do-sul\/#breadcrumblist"},"author":{"@id":"https:\/\/www.jornalja.com.br\/arquivo\/author\/daredacao\/#author"},"creator":{"@id":"https:\/\/www.jornalja.com.br\/arquivo\/author\/daredacao\/#author"},"image":{"@type":"ImageObject","url":45829,"@id":"https:\/\/www.jornalja.com.br\/arquivo\/safra-de-arroz-organico-cresce-40-no-rio-grande-do-sul\/#mainImage"},"primaryImageOfPage":{"@id":"https:\/\/www.jornalja.com.br\/arquivo\/safra-de-arroz-organico-cresce-40-no-rio-grande-do-sul\/#mainImage"},"datePublished":"2017-03-15T19:23:40-03:00","dateModified":"2017-03-15T19:23:40-03:00"},{"@type":"WebSite","@id":"https:\/\/www.jornalja.com.br\/arquivo\/#website","url":"https:\/\/www.jornalja.com.br\/arquivo\/","name":"Arquivo","description":"Jornal J\u00c1 | Porto Alegre","inLanguage":"pt-BR","publisher":{"@id":"https:\/\/www.jornalja.com.br\/arquivo\/#organization"}}]},"og:locale":"pt_BR","og:site_name":"Arquivo | Jornal J\u00c1 | Porto Alegre","og:type":"article","og:title":"Safra de arroz org\u00e2nico cresce 40% no Rio Grande do Sul | Arquivo","og:url":"https:\/\/www.jornalja.com.br\/arquivo\/safra-de-arroz-organico-cresce-40-no-rio-grande-do-sul\/","og:image":"https:\/\/www.jornalja.com.br\/wp-content\/uploads\/2017\/03\/Foto-Tiago-Giannichini-2-300x200.jpg","og:image:secure_url":"https:\/\/www.jornalja.com.br\/wp-content\/uploads\/2017\/03\/Foto-Tiago-Giannichini-2-300x200.jpg","article:published_time":"2017-03-15T22:23:40+00:00","article:modified_time":"2017-03-15T22:23:40+00:00","twitter:card":"summary","twitter:title":"Safra de arroz org\u00e2nico cresce 40% no Rio Grande do Sul | Arquivo","twitter:image":"https:\/\/www.jornalja.com.br\/economics\/wp-content\/uploads\/sites\/11\/2026\/08\/ja-folhaderosto-facebook.jpg"},"aioseo_meta_data":{"post_id":"45827","title":null,"description":null,"keywords":null,"keyphrases":null,"primary_term":null,"canonical_url":null,"og_title":null,"og_description":null,"og_object_type":"default","og_image_type":"default","og_image_url":null,"og_image_width":null,"og_image_height":null,"og_image_custom_url":null,"og_image_custom_fields":null,"og_video":null,"og_custom_url":null,"og_article_section":null,"og_article_tags":null,"twitter_use_og":false,"twitter_card":"default","twitter_image_type":"default","twitter_image_url":null,"twitter_image_custom_url":null,"twitter_image_custom_fields":null,"twitter_title":null,"twitter_description":null,"schema":{"blockGraphs":[],"customGraphs":[],"default":{"data":{"Article":[],"Course":[],"Dataset":[],"FAQPage":[],"Movie":[],"Person":[],"Product":[],"ProductReview":[],"Car":[],"Recipe":[],"Service":[],"SoftwareApplication":[],"WebPage":[]},"graphName":"","isEnabled":true},"graphs":[],"defaultGraph":"","defaultPostTypeGraph":""},"schema_type":null,"schema_type_options":null,"pillar_content":false,"robots_default":true,"robots_noindex":false,"robots_noarchive":false,"robots_nosnippet":false,"robots_nofollow":false,"robots_noimageindex":false,"robots_noodp":false,"robots_notranslate":false,"robots_max_snippet":null,"robots_max_videopreview":null,"robots_max_imagepreview":"large","priority":null,"frequency":null,"location":null,"local_seo":null,"breadcrumb_settings":null,"limit_modified_date":false,"ai":null,"created":"2020-12-20 20:38:11","updated":"2025-07-19 20:27:18","seo_analyzer_scan_date":null,"focus_keyword":null,"additional_keywords":null,"truseo_locale":null},"jetpack_sharing_enabled":true,"jetpack-related-posts":[{"id":13124,"url":"https:\/\/www.jornalja.com.br\/arquivo\/sangue-latino-no-iecine\/","url_meta":{"origin":45827,"position":0},"title":"Sangue latino no IECINE","author":"da Reda\u00e7\u00e3o","date":"18 de maio de 2014","format":false,"excerpt":"Francisco Ribeiro O Instituto Estadual de Cinema (IECINE) tem a frente, desde abril \u00faltimo, um novo diretor, o cineasta colombiano Juan Zapata, 36, que substitui Luiz Alberto Cassol. Radicado h\u00e1 dez anos em Porto Alegre, Zapata tem diante de si o desafio de conduzir at\u00e9 o final do ano um\u2026","rel":"","context":"Em &quot;Cultura-Geral&quot;","block_context":{"text":"Cultura-Geral","link":"https:\/\/www.jornalja.com.br\/arquivo\/category\/materiasecundaria\/"},"img":{"alt_text":"","src":"","width":0,"height":0},"classes":[]},{"id":12960,"url":"https:\/\/www.jornalja.com.br\/arquivo\/populacao-culpa-empresas-pela-greve-dos-rodoviarios\/","url_meta":{"origin":45827,"position":1},"title":"Popula\u00e7\u00e3o culpa empresas pela greve","author":"Patr\u00edcia Marini","date":"14 de fevereiro de 2014","format":false,"excerpt":"Pesquisa divulgada na edi\u00e7\u00e3o do jornal Metro desta sexta-feira,14, comprova o velho ditado: \u00e9 poss\u00edvel enganar muitos por algum tempo, mas n\u00e3o \u00e9 poss\u00edvel enganar a todos o tempo inteiro. A principal revela\u00e7\u00e3o foi que 59,8% dos entrevistados apontaram as empresas como as principais respons\u00e1veis pela grave e 46% culparam\u2026","rel":"","context":"Em &quot;X.Categorias velhas&quot;","block_context":{"text":"X.Categorias velhas","link":"https:\/\/www.jornalja.com.br\/arquivo\/category\/x-categorias-velhas\/"},"img":{"alt_text":"","src":"","width":0,"height":0},"classes":[]},{"id":14241,"url":"https:\/\/www.jornalja.com.br\/arquivo\/o-guaiba-nas-imagens-poeticas-de-achutti\/","url_meta":{"origin":45827,"position":2},"title":"O Gua\u00edba nas imagens po\u00e9ticas de Achutti","author":"da Reda\u00e7\u00e3o","date":"18 de junho de 2014","format":false,"excerpt":"Em \u201cO Gua\u00edba por Achutti\u201d \u2013 obra financiada via Minist\u00e9rio da Cultura, produ\u00e7\u00e3o executiva de Pedro Longhi, e Fl\u00e1vio Wild como designer \u2013, o fot\u00f3grafo revela a beleza e as mazelas de um espa\u00e7o aqu\u00e1tico de \u00e1guas sempre renovadas, cheio de hist\u00f3rias e lendas como as das cidades que foram\u2026","rel":"","context":"Em &quot;Cultura-Geral&quot;","block_context":{"text":"Cultura-Geral","link":"https:\/\/www.jornalja.com.br\/arquivo\/category\/materiasecundaria\/"},"img":{"alt_text":"","src":"","width":0,"height":0},"classes":[]},{"id":5440,"url":"https:\/\/www.jornalja.com.br\/arquivo\/casarao-da-venancio-destino-permanece-incerto\/","url_meta":{"origin":45827,"position":3},"title":"Estado ainda n\u00e3o sabe o que fazer com casar\u00e3o abandonado h\u00e1 20 anos","author":"Elmar Bones","date":"6 de julho de 2009","format":false,"excerpt":"O casar\u00e3o amarelo, numa esquina nobre de Porto Alegre (Ven\u00e2ncio Aires com Jo\u00e3o Pessoa), j\u00e1 abrigou uma escola. H\u00e1 duas d\u00e9cadas, pelo menos, est\u00e1 abandonado, porque seu propriet\u00e1rio, o governo do Estado do Rio Grande do Sul, n\u00e3o consegue achar um destino para ele. Planos n\u00e3o faltaram. O governador Ol\u00edvio\u2026","rel":"","context":"Em &quot;X.Categorias velhas&quot;","block_context":{"text":"X.Categorias velhas","link":"https:\/\/www.jornalja.com.br\/arquivo\/category\/x-categorias-velhas\/"},"img":{"alt_text":"geraldo1","src":"https:\/\/i0.wp.com\/www.jornalja.com.br\/wp-content\/uploads\/2009\/07\/geraldo1.jpg?resize=350%2C200&ssl=1","width":350,"height":200},"classes":[]},{"id":13128,"url":"https:\/\/www.jornalja.com.br\/arquivo\/maconha-terra-diz-que-uso-medicinal-e-desculpa\/","url_meta":{"origin":45827,"position":4},"title":"Maconha: Terra diz que uso medicinal \u00e9 desculpa","author":"Patr\u00edcia Marini","date":"4 de junho de 2014","format":false,"excerpt":"A condi\u00e7\u00e3o de pol\u00edtico, em \u00e9poca de campanha de campanha eleitoral, tira for\u00e7a do discurso do m\u00e9dico Osmar Terra contra a legaliza\u00e7\u00e3o da maconha. A tese dele de que a libera\u00e7\u00e3o vai ampliar exponencialmente o consumo \u00e9 discutivel, o consumo \u00e9 corrente. Mas seus alertas quanto aos riscos tem que\u2026","rel":"","context":"Em &quot;X.Categorias velhas&quot;","block_context":{"text":"X.Categorias velhas","link":"https:\/\/www.jornalja.com.br\/arquivo\/category\/x-categorias-velhas\/"},"img":{"alt_text":"","src":"","width":0,"height":0},"classes":[]},{"id":13109,"url":"https:\/\/www.jornalja.com.br\/arquivo\/judiciario-reconhece-poluicao-eletromagnetica\/","url_meta":{"origin":45827,"position":5},"title":"Judici\u00e1rio reconhece polui\u00e7\u00e3o eletromagn\u00e9tica","author":"Patr\u00edcia Marini","date":"16 de maio de 2014","format":false,"excerpt":"A\u00e7\u00e3o de duas associa\u00e7\u00f5es de moradores foi acolhida pelo Tribunal de Justi\u00e7a de S\u00e3o Paulo que. em decis\u00e3o in\u00e9dita, determinou a redu\u00e7\u00e3o do campo eletromagn\u00e9tico gerado pelas linhas de transmiss\u00e3o de energia que cortam os bairros City Boa\u00e7ava e Alto de Pinheiros. \u00c9 a primeira vez que um tribunal do\u2026","rel":"","context":"Em &quot;X.Categorias velhas&quot;","block_context":{"text":"X.Categorias velhas","link":"https:\/\/www.jornalja.com.br\/arquivo\/category\/x-categorias-velhas\/"},"img":{"alt_text":"","src":"","width":0,"height":0},"classes":[]}],"jetpack_shortlink":"https:\/\/wp.me\/pbQjBd-bV9","jetpack_featured_media_url":"","_links":{"self":[{"href":"https:\/\/www.jornalja.com.br\/arquivo\/wp-json\/wp\/v2\/posts\/45827","targetHints":{"allow":["GET"]}}],"collection":[{"href":"https:\/\/www.jornalja.com.br\/arquivo\/wp-json\/wp\/v2\/posts"}],"about":[{"href":"https:\/\/www.jornalja.com.br\/arquivo\/wp-json\/wp\/v2\/types\/post"}],"author":[{"embeddable":true,"href":"https:\/\/www.jornalja.com.br\/arquivo\/wp-json\/wp\/v2\/users\/4"}],"replies":[{"embeddable":true,"href":"https:\/\/www.jornalja.com.br\/arquivo\/wp-json\/wp\/v2\/comments?post=45827"}],"version-history":[{"count":0,"href":"https:\/\/www.jornalja.com.br\/arquivo\/wp-json\/wp\/v2\/posts\/45827\/revisions"}],"wp:attachment":[{"href":"https:\/\/www.jornalja.com.br\/arquivo\/wp-json\/wp\/v2\/media?parent=45827"}],"wp:term":[{"taxonomy":"category","embeddable":true,"href":"https:\/\/www.jornalja.com.br\/arquivo\/wp-json\/wp\/v2\/categories?post=45827"},{"taxonomy":"post_tag","embeddable":true,"href":"https:\/\/www.jornalja.com.br\/arquivo\/wp-json\/wp\/v2\/tags?post=45827"}],"curies":[{"name":"wp","href":"https:\/\/api.w.org\/{rel}","templated":true}]}}