{"id":45863,"date":"2017-03-16T15:19:22","date_gmt":"2017-03-16T18:19:22","guid":{"rendered":"https:\/\/www.jornalja.com.br\/?p=45863"},"modified":"2017-03-16T15:19:22","modified_gmt":"2017-03-16T18:19:22","slug":"manifestacoes-contra-a-reforma-da-previdencia-dao-novo-gas-ao-fora-temer","status":"publish","type":"post","link":"https:\/\/www.jornalja.com.br\/arquivo\/manifestacoes-contra-a-reforma-da-previdencia-dao-novo-gas-ao-fora-temer\/","title":{"rendered":"Manifesta\u00e7\u00f5es contra a reforma da Previd\u00eancia d\u00e3o novo g\u00e1s ao &quot;Fora Temer&quot;"},"content":{"rendered":"<p>As\u00a0manifesta\u00e7\u00f5es contra o presidente Michel Temer, que vinham perdendo for\u00e7a, ganharam novo \u00e2nimo devido \u00e0s novas reformas (trabalhista e da Previd\u00eancia) anunciadas pelo governo.<br \/>\nAo longo da quarta-feira, 23 capitais registraram manifesta\u00e7\u00f5es contra a Proposta de Emenda \u00e0 Constitui\u00e7\u00e3o (PEC) 287, que define a reforma da Previd\u00eancia. Mas n\u00e3o foi s\u00f3 isso. Cada discurso vindo dos auto-falantes era seguido de &#8220;Fora Temer&#8221;. S\u00e3o Paulo e Rio de Janeiro concentraram o maior n\u00famero de participantes.<br \/>\n<span style=\"font-weight: 300\">Em S\u00e3o Paulo, algumas estimativas falaram em at\u00e9 300 mil pessoas no in\u00edcio da noite na Avenida Paulista. No Rio de Janeiro, seriam pelo menos 100 mil na Candel\u00e1ria. Manifesta\u00e7\u00f5es foram realizadas\u00a0em todas as regi\u00f5es da capital fluminense, somando aproximadamente 300 mil, segundo balan\u00e7os parciais dos organizadores.<\/span><br \/>\n<span class=\"intertit\">Marcha leva milhares contra Temer em Porto Alegre\u00a0<\/span><br \/>\nAs diversas manifesta\u00e7\u00f5es ao longo do dia contra as reformas trabalhistas e da previd\u00eancia culminaram em um grande ato na regi\u00e3o\u00a0central de Porto Alegre. A manifesta\u00e7\u00e3o, organizada pelas centrais sindicais e movimentos sociais, come\u00e7ou a se reunir a partir das 18h na Esquina Democr\u00e1tica e contou a presen\u00e7a de milhares de pessoas.<br \/>\nEra grande a presen\u00e7a de sindicatos, movimentos estudantis e sociais, partid\u00e1rios do PT, PSTU e PCdoB, da marcha que partiu as 19h pela Av. Borges de Medeiros quando ocupou as duas faixas da via em dire\u00e7\u00e3o ao Largo Zumbi dos Palmares.<br \/>\n<img loading=\"lazy\" decoding=\"async\" class=\"alignleft size-full wp-image-45905\" src=\"https:\/\/www.jornalja.com.br\/wp-content\/uploads\/2017\/03\/IMG_20170315_185819.jpg\" alt=\"IMG_20170315_185819\" width=\"725\" height=\"483\" \/><br \/>\n&nbsp;<br \/>\nDurante o trajeto diversos cantos contra Temer e suas reformas como &#8220;Fica previd\u00eancia, sai Temer&#8221; seguidos de &#8220;Fora Temer, fora Temer&#8221;. Atr\u00e1s do primeiro caminh\u00e3o a juventude cantava &#8220;N\u00e3o tem arrego, voc\u00ea tira a previd\u00eancia eu tiro o seu sossego&#8221;.<br \/>\nA organiza\u00e7\u00e3o do evento, atrav\u00e9s do presidente da CUT-RS, Claudir Nespolo, falou em 18 mil participantes. A Brigada estimou bem menos. &#8220;Dois mil e quinhentos manifestantes&#8221; afirmou o Tenente Coronel Amorim que a m\u00e9dia dist\u00e2ncia acompanhava a manifesta\u00e7\u00e3o quando esta j\u00e1 se encontrava entre a Avenida Loureiro da Silva com a Rua Jos\u00e9 do Patroc\u00ednio j\u00e1 em sua dispers\u00e3o.<br \/>\nA BM dispensou para o ato um carro do Choque, 12 soldados a cavalo, duas viaturas e alguns motoqueiros que acompanharam o protesto. N\u00e3o houve conflito. \u00c0s 20h30 o\u00a0ato j\u00e1 havia terminado.<br \/>\n<img loading=\"lazy\" decoding=\"async\" class=\"alignleft size-full wp-image-45904\" src=\"https:\/\/www.jornalja.com.br\/wp-content\/uploads\/2017\/03\/IMG_20170315_192735.jpg\" alt=\"IMG_20170315_192735\" width=\"725\" height=\"483\" \/><br \/>\n&nbsp;<\/p>\n","protected":false},"excerpt":{"rendered":"<p>As\u00a0manifesta\u00e7\u00f5es contra o presidente Michel Temer, que vinham perdendo for\u00e7a, ganharam novo \u00e2nimo devido \u00e0s novas reformas (trabalhista e da Previd\u00eancia) anunciadas pelo governo. Ao longo da quarta-feira, 23 capitais registraram manifesta\u00e7\u00f5es contra a Proposta de Emenda \u00e0 Constitui\u00e7\u00e3o (PEC) 287, que define a reforma da Previd\u00eancia. Mas n\u00e3o foi s\u00f3 isso. Cada discurso vindo [&hellip;]<\/p>\n","protected":false},"author":4,"featured_media":45902,"comment_status":"open","ping_status":"closed","sticky":false,"template":"","format":"standard","meta":{"_jetpack_newsletter_access":"","_jetpack_dont_email_post_to_subs":false,"_jetpack_newsletter_tier_id":0,"_jetpack_memberships_contains_paywalled_content":false,"_jetpack_feature_clip_id":0,"_jetpack_memberships_contains_paid_content":false,"footnotes":"","jetpack_post_was_ever_published":false},"categories":[26],"tags":[],"class_list":["post-45863","post","type-post","status-publish","format-standard","has-post-thumbnail","hentry","category-geral"],"aioseo_notices":[],"aioseo_head":"\n\t\t<!-- All in One SEO 5.0.1.1 - aioseo.com -->\n\t<meta name=\"robots\" content=\"max-image-preview:large\" \/>\n\t<meta name=\"author\" content=\"da Reda\u00e7\u00e3o\"\/>\n\t<link rel=\"canonical\" href=\"https:\/\/www.jornalja.com.br\/arquivo\/manifestacoes-contra-a-reforma-da-previdencia-dao-novo-gas-ao-fora-temer\/\" \/>\n\t<meta name=\"generator\" content=\"All in One SEO (AIOSEO) 5.0.1.1\" \/>\n\t\t<meta property=\"og:locale\" content=\"pt_BR\" \/>\n\t\t<meta property=\"og:site_name\" content=\"Arquivo | Jornal J\u00c1 | Porto Alegre\" \/>\n\t\t<meta property=\"og:type\" content=\"article\" \/>\n\t\t<meta property=\"og:title\" content=\"Manifesta\u00e7\u00f5es contra a reforma da Previd\u00eancia d\u00e3o novo g\u00e1s ao &quot;Fora Temer&quot; | Arquivo\" \/>\n\t\t<meta property=\"og:url\" content=\"https:\/\/www.jornalja.com.br\/arquivo\/manifestacoes-contra-a-reforma-da-previdencia-dao-novo-gas-ao-fora-temer\/\" \/>\n\t\t<meta property=\"og:image\" content=\"https:\/\/www.jornalja.com.br\/wp-content\/uploads\/2017\/03\/IMG_20170315_185819.jpg\" \/>\n\t\t<meta property=\"og:image:secure_url\" content=\"https:\/\/www.jornalja.com.br\/wp-content\/uploads\/2017\/03\/IMG_20170315_185819.jpg\" \/>\n\t\t<meta property=\"article:published_time\" content=\"2017-03-16T18:19:22+00:00\" \/>\n\t\t<meta property=\"article:modified_time\" content=\"2017-03-16T18:19:22+00:00\" \/>\n\t\t<meta name=\"twitter:card\" content=\"summary\" \/>\n\t\t<meta name=\"twitter:title\" content=\"Manifesta\u00e7\u00f5es contra a reforma da Previd\u00eancia d\u00e3o novo g\u00e1s ao &quot;Fora Temer&quot; | Arquivo\" \/>\n\t\t<meta name=\"twitter:image\" content=\"https:\/\/www.jornalja.com.br\/economics\/wp-content\/uploads\/sites\/11\/2026\/08\/ja-folhaderosto-facebook.jpg\" \/>\n\t\t<script type=\"application\/ld+json\" class=\"aioseo-schema\">\n\t\t\t{\"@context\":\"https:\\\/\\\/schema.org\",\"@graph\":[{\"@type\":\"BlogPosting\",\"@id\":\"https:\\\/\\\/www.jornalja.com.br\\\/arquivo\\\/manifestacoes-contra-a-reforma-da-previdencia-dao-novo-gas-ao-fora-temer\\\/#blogposting\",\"name\":\"Manifesta\\u00e7\\u00f5es contra a reforma da Previd\\u00eancia d\\u00e3o novo g\\u00e1s ao \\\"Fora Temer\\\" | Arquivo\",\"headline\":\"Manifesta\\u00e7\\u00f5es contra a reforma da Previd\\u00eancia d\\u00e3o novo g\\u00e1s ao &quot;Fora Temer&quot;\",\"author\":{\"@id\":\"https:\\\/\\\/www.jornalja.com.br\\\/arquivo\\\/author\\\/daredacao\\\/#author\"},\"publisher\":{\"@id\":\"https:\\\/\\\/www.jornalja.com.br\\\/arquivo\\\/#organization\"},\"image\":{\"@type\":\"ImageObject\",\"url\":45902},\"datePublished\":\"2017-03-16T15:19:22-03:00\",\"dateModified\":\"2017-03-16T15:19:22-03:00\",\"inLanguage\":\"pt-BR\",\"mainEntityOfPage\":{\"@id\":\"https:\\\/\\\/www.jornalja.com.br\\\/arquivo\\\/manifestacoes-contra-a-reforma-da-previdencia-dao-novo-gas-ao-fora-temer\\\/#webpage\"},\"isPartOf\":{\"@id\":\"https:\\\/\\\/www.jornalja.com.br\\\/arquivo\\\/manifestacoes-contra-a-reforma-da-previdencia-dao-novo-gas-ao-fora-temer\\\/#webpage\"},\"articleSection\":\"Geral\"},{\"@type\":\"BreadcrumbList\",\"@id\":\"https:\\\/\\\/www.jornalja.com.br\\\/arquivo\\\/manifestacoes-contra-a-reforma-da-previdencia-dao-novo-gas-ao-fora-temer\\\/#breadcrumblist\",\"itemListElement\":[{\"@type\":\"ListItem\",\"@id\":\"https:\\\/\\\/www.jornalja.com.br\\\/arquivo#listItem\",\"position\":1,\"name\":\"Home\",\"item\":\"https:\\\/\\\/www.jornalja.com.br\\\/arquivo\",\"nextItem\":{\"@type\":\"ListItem\",\"@id\":\"https:\\\/\\\/www.jornalja.com.br\\\/arquivo\\\/category\\\/geral\\\/#listItem\",\"name\":\"Geral\"}},{\"@type\":\"ListItem\",\"@id\":\"https:\\\/\\\/www.jornalja.com.br\\\/arquivo\\\/category\\\/geral\\\/#listItem\",\"position\":2,\"name\":\"Geral\",\"item\":\"https:\\\/\\\/www.jornalja.com.br\\\/arquivo\\\/category\\\/geral\\\/\",\"nextItem\":{\"@type\":\"ListItem\",\"@id\":\"https:\\\/\\\/www.jornalja.com.br\\\/arquivo\\\/manifestacoes-contra-a-reforma-da-previdencia-dao-novo-gas-ao-fora-temer\\\/#listItem\",\"name\":\"Manifesta\\u00e7\\u00f5es contra a reforma da Previd\\u00eancia d\\u00e3o novo g\\u00e1s ao &quot;Fora Temer&quot;\"},\"previousItem\":{\"@type\":\"ListItem\",\"@id\":\"https:\\\/\\\/www.jornalja.com.br\\\/arquivo#listItem\",\"name\":\"Home\"}},{\"@type\":\"ListItem\",\"@id\":\"https:\\\/\\\/www.jornalja.com.br\\\/arquivo\\\/manifestacoes-contra-a-reforma-da-previdencia-dao-novo-gas-ao-fora-temer\\\/#listItem\",\"position\":3,\"name\":\"Manifesta\\u00e7\\u00f5es contra a reforma da Previd\\u00eancia d\\u00e3o novo g\\u00e1s ao &quot;Fora Temer&quot;\",\"previousItem\":{\"@type\":\"ListItem\",\"@id\":\"https:\\\/\\\/www.jornalja.com.br\\\/arquivo\\\/category\\\/geral\\\/#listItem\",\"name\":\"Geral\"}}]},{\"@type\":\"Organization\",\"@id\":\"https:\\\/\\\/www.jornalja.com.br\\\/arquivo\\\/#organization\",\"name\":\"Jornal J\\u00c1\",\"description\":\"Jornal J\\u00c1 | Porto Alegre\",\"url\":\"https:\\\/\\\/www.jornalja.com.br\\\/arquivo\\\/\",\"telephone\":\"+555133307272\",\"logo\":{\"@type\":\"ImageObject\",\"url\":\"https:\\\/\\\/www.jornalja.com.br\\\/wp-content\\\/uploads\\\/cards\\\/JAslogan.png\",\"@id\":\"https:\\\/\\\/www.jornalja.com.br\\\/arquivo\\\/manifestacoes-contra-a-reforma-da-previdencia-dao-novo-gas-ao-fora-temer\\\/#organizationLogo\"},\"image\":{\"@id\":\"https:\\\/\\\/www.jornalja.com.br\\\/arquivo\\\/manifestacoes-contra-a-reforma-da-previdencia-dao-novo-gas-ao-fora-temer\\\/#organizationLogo\"}},{\"@type\":\"Person\",\"@id\":\"https:\\\/\\\/www.jornalja.com.br\\\/arquivo\\\/author\\\/daredacao\\\/#author\",\"url\":\"https:\\\/\\\/www.jornalja.com.br\\\/arquivo\\\/author\\\/daredacao\\\/\",\"name\":\"da Reda\\u00e7\\u00e3o\",\"image\":{\"@type\":\"ImageObject\",\"@id\":\"https:\\\/\\\/www.jornalja.com.br\\\/arquivo\\\/manifestacoes-contra-a-reforma-da-previdencia-dao-novo-gas-ao-fora-temer\\\/#authorImage\",\"url\":\"https:\\\/\\\/secure.gravatar.com\\\/avatar\\\/469fd857d6605ad19919d27ed29d35a968a25f6e8fd9318356bbb7f57aae9c65?s=96&d=mm&r=g\",\"width\":96,\"height\":96,\"caption\":\"da Reda\\u00e7\\u00e3o\"}},{\"@type\":\"WebPage\",\"@id\":\"https:\\\/\\\/www.jornalja.com.br\\\/arquivo\\\/manifestacoes-contra-a-reforma-da-previdencia-dao-novo-gas-ao-fora-temer\\\/#webpage\",\"url\":\"https:\\\/\\\/www.jornalja.com.br\\\/arquivo\\\/manifestacoes-contra-a-reforma-da-previdencia-dao-novo-gas-ao-fora-temer\\\/\",\"name\":\"Manifesta\\u00e7\\u00f5es contra a reforma da Previd\\u00eancia d\\u00e3o novo g\\u00e1s ao \\\"Fora Temer\\\" | Arquivo\",\"inLanguage\":\"pt-BR\",\"isPartOf\":{\"@id\":\"https:\\\/\\\/www.jornalja.com.br\\\/arquivo\\\/#website\"},\"breadcrumb\":{\"@id\":\"https:\\\/\\\/www.jornalja.com.br\\\/arquivo\\\/manifestacoes-contra-a-reforma-da-previdencia-dao-novo-gas-ao-fora-temer\\\/#breadcrumblist\"},\"author\":{\"@id\":\"https:\\\/\\\/www.jornalja.com.br\\\/arquivo\\\/author\\\/daredacao\\\/#author\"},\"creator\":{\"@id\":\"https:\\\/\\\/www.jornalja.com.br\\\/arquivo\\\/author\\\/daredacao\\\/#author\"},\"image\":{\"@type\":\"ImageObject\",\"url\":45902,\"@id\":\"https:\\\/\\\/www.jornalja.com.br\\\/arquivo\\\/manifestacoes-contra-a-reforma-da-previdencia-dao-novo-gas-ao-fora-temer\\\/#mainImage\"},\"primaryImageOfPage\":{\"@id\":\"https:\\\/\\\/www.jornalja.com.br\\\/arquivo\\\/manifestacoes-contra-a-reforma-da-previdencia-dao-novo-gas-ao-fora-temer\\\/#mainImage\"},\"datePublished\":\"2017-03-16T15:19:22-03:00\",\"dateModified\":\"2017-03-16T15:19:22-03:00\"},{\"@type\":\"WebSite\",\"@id\":\"https:\\\/\\\/www.jornalja.com.br\\\/arquivo\\\/#website\",\"url\":\"https:\\\/\\\/www.jornalja.com.br\\\/arquivo\\\/\",\"name\":\"Arquivo\",\"description\":\"Jornal J\\u00c1 | Porto Alegre\",\"inLanguage\":\"pt-BR\",\"publisher\":{\"@id\":\"https:\\\/\\\/www.jornalja.com.br\\\/arquivo\\\/#organization\"}}]}\n\t\t<\/script>\n\t\t<!-- All in One SEO -->\n\n","aioseo_head_json":{"title":"Manifesta\u00e7\u00f5es contra a reforma da Previd\u00eancia d\u00e3o novo g\u00e1s ao \"Fora Temer\" | Arquivo","description":"","canonical_url":"https:\/\/www.jornalja.com.br\/arquivo\/manifestacoes-contra-a-reforma-da-previdencia-dao-novo-gas-ao-fora-temer\/","robots":"max-image-preview:large","keywords":"","webmasterTools":{"miscellaneous":""},"schema":{"@context":"https:\/\/schema.org","@graph":[{"@type":"BlogPosting","@id":"https:\/\/www.jornalja.com.br\/arquivo\/manifestacoes-contra-a-reforma-da-previdencia-dao-novo-gas-ao-fora-temer\/#blogposting","name":"Manifesta\u00e7\u00f5es contra a reforma da Previd\u00eancia d\u00e3o novo g\u00e1s ao \"Fora Temer\" | Arquivo","headline":"Manifesta\u00e7\u00f5es contra a reforma da Previd\u00eancia d\u00e3o novo g\u00e1s ao &quot;Fora Temer&quot;","author":{"@id":"https:\/\/www.jornalja.com.br\/arquivo\/author\/daredacao\/#author"},"publisher":{"@id":"https:\/\/www.jornalja.com.br\/arquivo\/#organization"},"image":{"@type":"ImageObject","url":45902},"datePublished":"2017-03-16T15:19:22-03:00","dateModified":"2017-03-16T15:19:22-03:00","inLanguage":"pt-BR","mainEntityOfPage":{"@id":"https:\/\/www.jornalja.com.br\/arquivo\/manifestacoes-contra-a-reforma-da-previdencia-dao-novo-gas-ao-fora-temer\/#webpage"},"isPartOf":{"@id":"https:\/\/www.jornalja.com.br\/arquivo\/manifestacoes-contra-a-reforma-da-previdencia-dao-novo-gas-ao-fora-temer\/#webpage"},"articleSection":"Geral"},{"@type":"BreadcrumbList","@id":"https:\/\/www.jornalja.com.br\/arquivo\/manifestacoes-contra-a-reforma-da-previdencia-dao-novo-gas-ao-fora-temer\/#breadcrumblist","itemListElement":[{"@type":"ListItem","@id":"https:\/\/www.jornalja.com.br\/arquivo#listItem","position":1,"name":"Home","item":"https:\/\/www.jornalja.com.br\/arquivo","nextItem":{"@type":"ListItem","@id":"https:\/\/www.jornalja.com.br\/arquivo\/category\/geral\/#listItem","name":"Geral"}},{"@type":"ListItem","@id":"https:\/\/www.jornalja.com.br\/arquivo\/category\/geral\/#listItem","position":2,"name":"Geral","item":"https:\/\/www.jornalja.com.br\/arquivo\/category\/geral\/","nextItem":{"@type":"ListItem","@id":"https:\/\/www.jornalja.com.br\/arquivo\/manifestacoes-contra-a-reforma-da-previdencia-dao-novo-gas-ao-fora-temer\/#listItem","name":"Manifesta\u00e7\u00f5es contra a reforma da Previd\u00eancia d\u00e3o novo g\u00e1s ao &quot;Fora Temer&quot;"},"previousItem":{"@type":"ListItem","@id":"https:\/\/www.jornalja.com.br\/arquivo#listItem","name":"Home"}},{"@type":"ListItem","@id":"https:\/\/www.jornalja.com.br\/arquivo\/manifestacoes-contra-a-reforma-da-previdencia-dao-novo-gas-ao-fora-temer\/#listItem","position":3,"name":"Manifesta\u00e7\u00f5es contra a reforma da Previd\u00eancia d\u00e3o novo g\u00e1s ao &quot;Fora Temer&quot;","previousItem":{"@type":"ListItem","@id":"https:\/\/www.jornalja.com.br\/arquivo\/category\/geral\/#listItem","name":"Geral"}}]},{"@type":"Organization","@id":"https:\/\/www.jornalja.com.br\/arquivo\/#organization","name":"Jornal J\u00c1","description":"Jornal J\u00c1 | Porto Alegre","url":"https:\/\/www.jornalja.com.br\/arquivo\/","telephone":"+555133307272","logo":{"@type":"ImageObject","url":"https:\/\/www.jornalja.com.br\/wp-content\/uploads\/cards\/JAslogan.png","@id":"https:\/\/www.jornalja.com.br\/arquivo\/manifestacoes-contra-a-reforma-da-previdencia-dao-novo-gas-ao-fora-temer\/#organizationLogo"},"image":{"@id":"https:\/\/www.jornalja.com.br\/arquivo\/manifestacoes-contra-a-reforma-da-previdencia-dao-novo-gas-ao-fora-temer\/#organizationLogo"}},{"@type":"Person","@id":"https:\/\/www.jornalja.com.br\/arquivo\/author\/daredacao\/#author","url":"https:\/\/www.jornalja.com.br\/arquivo\/author\/daredacao\/","name":"da Reda\u00e7\u00e3o","image":{"@type":"ImageObject","@id":"https:\/\/www.jornalja.com.br\/arquivo\/manifestacoes-contra-a-reforma-da-previdencia-dao-novo-gas-ao-fora-temer\/#authorImage","url":"https:\/\/secure.gravatar.com\/avatar\/469fd857d6605ad19919d27ed29d35a968a25f6e8fd9318356bbb7f57aae9c65?s=96&d=mm&r=g","width":96,"height":96,"caption":"da Reda\u00e7\u00e3o"}},{"@type":"WebPage","@id":"https:\/\/www.jornalja.com.br\/arquivo\/manifestacoes-contra-a-reforma-da-previdencia-dao-novo-gas-ao-fora-temer\/#webpage","url":"https:\/\/www.jornalja.com.br\/arquivo\/manifestacoes-contra-a-reforma-da-previdencia-dao-novo-gas-ao-fora-temer\/","name":"Manifesta\u00e7\u00f5es contra a reforma da Previd\u00eancia d\u00e3o novo g\u00e1s ao \"Fora Temer\" | Arquivo","inLanguage":"pt-BR","isPartOf":{"@id":"https:\/\/www.jornalja.com.br\/arquivo\/#website"},"breadcrumb":{"@id":"https:\/\/www.jornalja.com.br\/arquivo\/manifestacoes-contra-a-reforma-da-previdencia-dao-novo-gas-ao-fora-temer\/#breadcrumblist"},"author":{"@id":"https:\/\/www.jornalja.com.br\/arquivo\/author\/daredacao\/#author"},"creator":{"@id":"https:\/\/www.jornalja.com.br\/arquivo\/author\/daredacao\/#author"},"image":{"@type":"ImageObject","url":45902,"@id":"https:\/\/www.jornalja.com.br\/arquivo\/manifestacoes-contra-a-reforma-da-previdencia-dao-novo-gas-ao-fora-temer\/#mainImage"},"primaryImageOfPage":{"@id":"https:\/\/www.jornalja.com.br\/arquivo\/manifestacoes-contra-a-reforma-da-previdencia-dao-novo-gas-ao-fora-temer\/#mainImage"},"datePublished":"2017-03-16T15:19:22-03:00","dateModified":"2017-03-16T15:19:22-03:00"},{"@type":"WebSite","@id":"https:\/\/www.jornalja.com.br\/arquivo\/#website","url":"https:\/\/www.jornalja.com.br\/arquivo\/","name":"Arquivo","description":"Jornal J\u00c1 | Porto Alegre","inLanguage":"pt-BR","publisher":{"@id":"https:\/\/www.jornalja.com.br\/arquivo\/#organization"}}]},"og:locale":"pt_BR","og:site_name":"Arquivo | Jornal J\u00c1 | Porto Alegre","og:type":"article","og:title":"Manifesta\u00e7\u00f5es contra a reforma da Previd\u00eancia d\u00e3o novo g\u00e1s ao &quot;Fora Temer&quot; | Arquivo","og:url":"https:\/\/www.jornalja.com.br\/arquivo\/manifestacoes-contra-a-reforma-da-previdencia-dao-novo-gas-ao-fora-temer\/","og:image":"https:\/\/www.jornalja.com.br\/wp-content\/uploads\/2017\/03\/IMG_20170315_185819.jpg","og:image:secure_url":"https:\/\/www.jornalja.com.br\/wp-content\/uploads\/2017\/03\/IMG_20170315_185819.jpg","article:published_time":"2017-03-16T18:19:22+00:00","article:modified_time":"2017-03-16T18:19:22+00:00","twitter:card":"summary","twitter:title":"Manifesta\u00e7\u00f5es contra a reforma da Previd\u00eancia d\u00e3o novo g\u00e1s ao &quot;Fora Temer&quot; | Arquivo","twitter:image":"https:\/\/www.jornalja.com.br\/economics\/wp-content\/uploads\/sites\/11\/2026\/08\/ja-folhaderosto-facebook.jpg"},"aioseo_meta_data":{"post_id":"45863","title":null,"description":null,"keywords":null,"keyphrases":null,"primary_term":null,"canonical_url":null,"og_title":null,"og_description":null,"og_object_type":"default","og_image_type":"default","og_image_url":null,"og_image_width":null,"og_image_height":null,"og_image_custom_url":null,"og_image_custom_fields":null,"og_video":null,"og_custom_url":null,"og_article_section":null,"og_article_tags":null,"twitter_use_og":false,"twitter_card":"default","twitter_image_type":"default","twitter_image_url":null,"twitter_image_custom_url":null,"twitter_image_custom_fields":null,"twitter_title":null,"twitter_description":null,"schema":{"blockGraphs":[],"customGraphs":[],"default":{"data":{"Article":[],"Course":[],"Dataset":[],"FAQPage":[],"Movie":[],"Person":[],"Product":[],"ProductReview":[],"Car":[],"Recipe":[],"Service":[],"SoftwareApplication":[],"WebPage":[]},"graphName":"","isEnabled":true},"graphs":[],"defaultGraph":"","defaultPostTypeGraph":""},"schema_type":null,"schema_type_options":null,"pillar_content":false,"robots_default":true,"robots_noindex":false,"robots_noarchive":false,"robots_nosnippet":false,"robots_nofollow":false,"robots_noimageindex":false,"robots_noodp":false,"robots_notranslate":false,"robots_max_snippet":null,"robots_max_videopreview":null,"robots_max_imagepreview":"large","priority":null,"frequency":null,"location":null,"local_seo":null,"breadcrumb_settings":null,"limit_modified_date":false,"ai":null,"created":"2020-12-20 20:38:11","updated":"2025-07-19 20:29:30","seo_analyzer_scan_date":null,"focus_keyword":null,"additional_keywords":null,"truseo_locale":null},"jetpack_sharing_enabled":true,"jetpack-related-posts":[{"id":13109,"url":"https:\/\/www.jornalja.com.br\/arquivo\/judiciario-reconhece-poluicao-eletromagnetica\/","url_meta":{"origin":45863,"position":0},"title":"Judici\u00e1rio reconhece polui\u00e7\u00e3o eletromagn\u00e9tica","author":"Patr\u00edcia Marini","date":"16 de maio de 2014","format":false,"excerpt":"A\u00e7\u00e3o de duas associa\u00e7\u00f5es de moradores foi acolhida pelo Tribunal de Justi\u00e7a de S\u00e3o Paulo que. em decis\u00e3o in\u00e9dita, determinou a redu\u00e7\u00e3o do campo eletromagn\u00e9tico gerado pelas linhas de transmiss\u00e3o de energia que cortam os bairros City Boa\u00e7ava e Alto de Pinheiros. \u00c9 a primeira vez que um tribunal do\u2026","rel":"","context":"Em &quot;X.Categorias velhas&quot;","block_context":{"text":"X.Categorias velhas","link":"https:\/\/www.jornalja.com.br\/arquivo\/category\/x-categorias-velhas\/"},"img":{"alt_text":"","src":"","width":0,"height":0},"classes":[]},{"id":13240,"url":"https:\/\/www.jornalja.com.br\/arquivo\/plano-diretor-estamos-construindo-o-caos\/","url_meta":{"origin":45863,"position":1},"title":"Plano diretor: &quot;Estamos construindo o caos&quot;","author":"Patr\u00edcia Marini","date":"26 de maio de 2014","format":false,"excerpt":"Desabafo que arquiteta Eliana Castilhos, delegada da Regi\u00e3o de Planejamento 1, postou nas redes sociais \u00e9 um testemunho do ambiente que se criou no Conselho do Plano Diretor de Porto Alegre, onde a aprova\u00e7\u00e3o de grandes empreendimentos \u00e9 empurrada guela abaixo dos conselheiros. Ao CMDUA Como delegada da Regi\u00e3o de\u2026","rel":"","context":"Em &quot;Geral&quot;","block_context":{"text":"Geral","link":"https:\/\/www.jornalja.com.br\/arquivo\/category\/geral\/"},"img":{"alt_text":"","src":"","width":0,"height":0},"classes":[]},{"id":13128,"url":"https:\/\/www.jornalja.com.br\/arquivo\/maconha-terra-diz-que-uso-medicinal-e-desculpa\/","url_meta":{"origin":45863,"position":2},"title":"Maconha: Terra diz que uso medicinal \u00e9 desculpa","author":"Patr\u00edcia Marini","date":"4 de junho de 2014","format":false,"excerpt":"A condi\u00e7\u00e3o de pol\u00edtico, em \u00e9poca de campanha de campanha eleitoral, tira for\u00e7a do discurso do m\u00e9dico Osmar Terra contra a legaliza\u00e7\u00e3o da maconha. A tese dele de que a libera\u00e7\u00e3o vai ampliar exponencialmente o consumo \u00e9 discutivel, o consumo \u00e9 corrente. Mas seus alertas quanto aos riscos tem que\u2026","rel":"","context":"Em &quot;X.Categorias velhas&quot;","block_context":{"text":"X.Categorias velhas","link":"https:\/\/www.jornalja.com.br\/arquivo\/category\/x-categorias-velhas\/"},"img":{"alt_text":"","src":"","width":0,"height":0},"classes":[]},{"id":14241,"url":"https:\/\/www.jornalja.com.br\/arquivo\/o-guaiba-nas-imagens-poeticas-de-achutti\/","url_meta":{"origin":45863,"position":3},"title":"O Gua\u00edba nas imagens po\u00e9ticas de Achutti","author":"da Reda\u00e7\u00e3o","date":"18 de junho de 2014","format":false,"excerpt":"Em \u201cO Gua\u00edba por Achutti\u201d \u2013 obra financiada via Minist\u00e9rio da Cultura, produ\u00e7\u00e3o executiva de Pedro Longhi, e Fl\u00e1vio Wild como designer \u2013, o fot\u00f3grafo revela a beleza e as mazelas de um espa\u00e7o aqu\u00e1tico de \u00e1guas sempre renovadas, cheio de hist\u00f3rias e lendas como as das cidades que foram\u2026","rel":"","context":"Em &quot;Cultura-Geral&quot;","block_context":{"text":"Cultura-Geral","link":"https:\/\/www.jornalja.com.br\/arquivo\/category\/materiasecundaria\/"},"img":{"alt_text":"","src":"","width":0,"height":0},"classes":[]},{"id":13239,"url":"https:\/\/www.jornalja.com.br\/arquivo\/conselho-desdenha-do-plano-diretor\/","url_meta":{"origin":45863,"position":4},"title":"Porto Alegre: Conselho detona Plano Diretor","author":"Patr\u00edcia Marini","date":"25 de maio de 2014","format":false,"excerpt":"Den\u00fancia do arquiteto e \u00a0urbanista Ibir\u00e1 Santos Lucas. Ele diz que os conselheiros est\u00e3o votando com \"enorme irresponsabilidade\". \"Mudam regime com a maior naturalidade,,,regularizam absurdos de constru\u00e7\u00f5es irregulares... \"O CMDUA est\u00e1 flexibilizando a lei do plano diretor, de uma forma impactante na vida da cidade. Mudam regime com a maior\u2026","rel":"","context":"Em &quot;Geral&quot;","block_context":{"text":"Geral","link":"https:\/\/www.jornalja.com.br\/arquivo\/category\/geral\/"},"img":{"alt_text":"","src":"","width":0,"height":0},"classes":[]},{"id":13101,"url":"https:\/\/www.jornalja.com.br\/arquivo\/morre-um-guerreiro-do-texto\/","url_meta":{"origin":45863,"position":5},"title":"Morre um guerreiro do texto","author":"Patr\u00edcia Marini","date":"14 de maio de 2014","format":false,"excerpt":"Por Ricardo Kotscho Reproduzido do blog do autor, 11\/5\/2014; t\u00edtulo original \u201cE l\u00e1 se foi o nosso Myltainho, guerreiro do texto\u201d. Mi\u00fado e franzino, meu amigo Myltainho era um valente e inconformado guerreiro na luta contra as injusti\u00e7as sociais, a hipocrisia, as maracutaias, o autoritarismo, a intoler\u00e2ncia, a viol\u00eancia, o\u2026","rel":"","context":"Em &quot;Geral&quot;","block_context":{"text":"Geral","link":"https:\/\/www.jornalja.com.br\/arquivo\/category\/geral\/"},"img":{"alt_text":"","src":"","width":0,"height":0},"classes":[]}],"jetpack_shortlink":"https:\/\/wp.me\/pbQjBd-bVJ","jetpack_featured_media_url":"","_links":{"self":[{"href":"https:\/\/www.jornalja.com.br\/arquivo\/wp-json\/wp\/v2\/posts\/45863","targetHints":{"allow":["GET"]}}],"collection":[{"href":"https:\/\/www.jornalja.com.br\/arquivo\/wp-json\/wp\/v2\/posts"}],"about":[{"href":"https:\/\/www.jornalja.com.br\/arquivo\/wp-json\/wp\/v2\/types\/post"}],"author":[{"embeddable":true,"href":"https:\/\/www.jornalja.com.br\/arquivo\/wp-json\/wp\/v2\/users\/4"}],"replies":[{"embeddable":true,"href":"https:\/\/www.jornalja.com.br\/arquivo\/wp-json\/wp\/v2\/comments?post=45863"}],"version-history":[{"count":0,"href":"https:\/\/www.jornalja.com.br\/arquivo\/wp-json\/wp\/v2\/posts\/45863\/revisions"}],"wp:attachment":[{"href":"https:\/\/www.jornalja.com.br\/arquivo\/wp-json\/wp\/v2\/media?parent=45863"}],"wp:term":[{"taxonomy":"category","embeddable":true,"href":"https:\/\/www.jornalja.com.br\/arquivo\/wp-json\/wp\/v2\/categories?post=45863"},{"taxonomy":"post_tag","embeddable":true,"href":"https:\/\/www.jornalja.com.br\/arquivo\/wp-json\/wp\/v2\/tags?post=45863"}],"curies":[{"name":"wp","href":"https:\/\/api.w.org\/{rel}","templated":true}]}}