{"id":45950,"date":"2017-03-17T18:06:47","date_gmt":"2017-03-17T21:06:47","guid":{"rendered":"https:\/\/www.jornalja.com.br\/?p=45950"},"modified":"2017-03-17T18:06:47","modified_gmt":"2017-03-17T21:06:47","slug":"comitesinos-celebra-29-anos-de-trabalho","status":"publish","type":"post","link":"https:\/\/www.jornalja.com.br\/arquivo\/comitesinos-celebra-29-anos-de-trabalho\/","title":{"rendered":"Comitesinos celebra 29 anos de trabalho"},"content":{"rendered":"<div id=\"m_-3043158380794668315yiv0609568262yui_3_16_0_ym19_1_1489684036174_28283\" class=\"m_-3043158380794668315yiv0609568262signature\">\n<div id=\"m_-3043158380794668315yiv0609568262yui_3_16_0_ym19_1_1489684036174_30214\"><span id=\"m_-3043158380794668315yiv0609568262yui_3_16_0_ym19_1_1489684036174_30215\">O Comit\u00ea de Gerenciamento da Bacia do Rio dos Sinos (Comitesinos) completa 29 anos nesta sexta-feira (17\/3)). Desde 2005, a data tamb\u00e9m \u00e9 o <a href=\"http:\/\/app.workr.com.br\/LinkOpen.aspx?mid=27d7d90e-503a-459b-b324-80a5b5320bf2&amp;lid=cpuUZUSTP6hihWwnBCxJOQ==\" target=\"_blank\" data-saferedirecturl=\"http:\/\/www.google.com\/url?hl=pt-BR&amp;q=http:\/\/app.workr.com.br\/LinkOpen.aspx?mid%3D27d7d90e-503a-459b-b324-80a5b5320bf2%26lid%3DcpuUZUSTP6hihWwnBCxJOQ%3D%3D&amp;source=gmail&amp;ust=1489861691935000&amp;usg=AFQjCNHknGUz_7bh_hQMNxP4rs7dQjLKLg\" rel=\"noopener noreferrer\">Dia Estadual do Rio dos Sinos<\/a>. Nos pr\u00f3ximos dias, intensa programa\u00e7\u00e3o acontece em diversos munic\u00edpios da Bacia, tamb\u00e9m em alus\u00e3o ao Dia Mundial da \u00c1gua, celebrado na pr\u00f3xima quarta, dia 22.<\/span><\/div>\n<div><\/div>\n<div id=\"m_-3043158380794668315yiv0609568262yui_3_16_0_ym19_1_1489684036174_30217\"><span id=\"m_-3043158380794668315yiv0609568262yui_3_16_0_ym19_1_1489684036174_30218\">Em\u00a0<b id=\"m_-3043158380794668315yiv0609568262yui_3_16_0_ym19_1_1489684036174_30219\">Port\u00e3o<\/b>, o n\u00facleo local do Projeto Dourado\/Comitesinos e o Coletivo Educador Ambiental da cidade promovem uma sa\u00edda de campo no Arroio Port\u00e3o, com estudantes do 9\u00ba ano da Escola Municipal Visconde de Mau\u00e1, com capacita\u00e7\u00e3o e prepara\u00e7\u00e3o de uma trilha ecol\u00f3gica.<\/span><\/div>\n<div><\/div>\n<div id=\"m_-3043158380794668315yiv0609568262yui_3_16_0_ym19_1_1489684036174_30221\"><span id=\"m_-3043158380794668315yiv0609568262yui_3_16_0_ym19_1_1489684036174_30222\">Paralelamente, em\u00a0<b id=\"m_-3043158380794668315yiv0609568262yui_3_16_0_ym19_1_1489684036174_30223\">Est\u00e2ncia Velha<\/b>\u00a0a atividade \u00e9 na Pra\u00e7a 1\u00ba de Maio, com a participa\u00e7\u00e3o de estudantes do Projeto Dourado e pessoal do Centro Municipal de Educa\u00e7\u00e3o Ambiental Esta\u00e7\u00e3o Ecologia.<\/span><\/div>\n<div><\/div>\n<div id=\"m_-3043158380794668315yiv0609568262yui_3_16_0_ym19_1_1489684036174_30225\"><span id=\"m_-3043158380794668315yiv0609568262yui_3_16_0_ym19_1_1489684036174_30226\">J\u00e1 em\u00a0<b id=\"m_-3043158380794668315yiv0609568262yui_3_16_0_ym19_1_1489684036174_30227\">Taquara<\/b>, tamb\u00e9m nesta sexta, a movimenta\u00e7\u00e3o ficou por conta do projeto Rio do Nosso Bairro \u2013 Escolas Cuidando da \u00c1gua, com uma solenidade de manh\u00e3, no Balne\u00e1rio Jo\u00e3o Martins Nunes (RS-020). Em<\/span><span id=\"m_-3043158380794668315yiv0609568262yui_3_16_0_ym19_1_1489684036174_30230\">\u00a0<b id=\"m_-3043158380794668315yiv0609568262yui_3_16_0_ym19_1_1489684036174_30231\">Santo Ant\u00f4nio da Patrulha<\/b>, na Escola Municipal Hilda Lopes da Luz, na localidade de Canto dos Guilherme.\u00a0<\/span><\/div>\n<div><\/div>\n<div id=\"m_-3043158380794668315yiv0609568262yui_3_16_0_ym19_1_1489684036174_30233\"><span id=\"m_-3043158380794668315yiv0609568262yui_3_16_0_ym19_1_1489684036174_30234\">Em\u00a0<b id=\"m_-3043158380794668315yiv0609568262yui_3_16_0_ym19_1_1489684036174_30235\">Igrejinha<\/b>, a movimenta\u00e7\u00e3o ser\u00e1 com caminhadas ecol\u00f3gicas, nos dias 4 (a partir das 13h45) e 5 de abril (8h30). A promo\u00e7\u00e3o \u00e9 do Centro de Educa\u00e7\u00e3o Ambiental Augusto Kampff (CEAAK) e a movimenta\u00e7\u00e3o ser\u00e1 junto ao Rio Paranhana, com cartazes, banners, faixas e bandeiras.<\/span><\/div>\n<div><\/div>\n<div id=\"m_-3043158380794668315yiv0609568262yui_3_16_0_ym19_1_1489684036174_30237\"><span id=\"m_-3043158380794668315yiv0609568262yui_3_16_0_ym19_1_1489684036174_30238\">Em\u00a0<b id=\"m_-3043158380794668315yiv0609568262yui_3_16_0_ym19_1_1489684036174_30239\">Sapucaia do Sul<\/b>\u00a0a programa\u00e7\u00e3o come\u00e7a na segunda, pela Semana da \u00c1gua. Escolas municipais far\u00e3o visitas orientadas ao S\u00edtio dos Anjos, \u00e0 Reserva Particular do Morro Sapucaia e \u00e0 Esta\u00e7\u00e3o Ecol\u00f3gica do Parque Pesqueiro. A ideia \u00e9 provocar discuss\u00f5es sobre problemas como ocupa\u00e7\u00e3o desordenada e em \u00e1reas de preserva\u00e7\u00e3o, retirada da mata ciliar e outros.<\/span><\/div>\n<div><\/div>\n<div id=\"m_-3043158380794668315yiv0609568262yui_3_16_0_ym19_1_1489684036174_30241\"><span id=\"m_-3043158380794668315yiv0609568262yui_3_16_0_ym19_1_1489684036174_30242\">Em cada munic\u00edpio, as programa\u00e7\u00f5es envolvem as prefeituras e outros parceiros locais, como Emater e ONGs.<\/span><\/div>\n<div id=\"m_-3043158380794668315yiv0609568262yui_3_16_0_ym19_1_1489684036174_30244\"><\/div>\n<div id=\"m_-3043158380794668315yiv0609568262yui_3_16_0_ym19_1_1489684036174_30246\"><b id=\"m_-3043158380794668315yiv0609568262yui_3_16_0_ym19_1_1489684036174_30247\">Sobre o Comitesinos<\/b><\/div>\n<div><span id=\"m_-3043158380794668315yiv0609568262yui_3_16_0_ym19_1_1489684036174_30251\">O Comitesinos foi o primeiro Comit\u00ea de Bacia do Brasil em um rio de dom\u00ednio estadual. Foi a partir de sua experi\u00eancia que surgiu em 1994 a Lei Estadual dos Recursos H\u00eddricos (<a id=\"m_-3043158380794668315yiv0609568262yui_3_16_0_ym19_1_1489684036174_30252\" href=\"http:\/\/www.al.rs.gov.br\/legis\/M010\/M0100099.ASP?Hid_Tipo=TEXTO&amp;Hid_TodasNormas=12501&amp;hTexto=&amp;Hid_IDNorma=12501\" target=\"_blank\" rel=\"nofollow noopener noreferrer\" data-saferedirecturl=\"http:\/\/www.google.com\/url?hl=pt-BR&amp;q=http:\/\/www.al.rs.gov.br\/legis\/M010\/M0100099.ASP?Hid_Tipo%3DTEXTO%26Hid_TodasNormas%3D12501%26hTexto%3D%26Hid_IDNorma%3D12501&amp;source=gmail&amp;ust=1489861691935000&amp;usg=AFQjCNEFjW0aGYrV1RlCNh-0kIcHcq0HWQ\">Lei 10.350, de 10 de dezembro de 1994<\/a>). O que contribuiu tamb\u00e9m para a cria\u00e7\u00e3o, em 1997, da Lei Federal das \u00c1guas (<a id=\"m_-3043158380794668315yiv0609568262yui_3_16_0_ym19_1_1489684036174_30253\" href=\"http:\/\/app.workr.com.br\/LinkOpen.aspx?mid=27d7d90e-503a-459b-b324-80a5b5320bf2&amp;lid=ubhDXVL0UPbFz7rvg9cTvA==\" target=\"_blank\" rel=\"nofollow noopener noreferrer\" data-saferedirecturl=\"http:\/\/www.google.com\/url?hl=pt-BR&amp;q=http:\/\/app.workr.com.br\/LinkOpen.aspx?mid%3D27d7d90e-503a-459b-b324-80a5b5320bf2%26lid%3DubhDXVL0UPbFz7rvg9cTvA%3D%3D&amp;source=gmail&amp;ust=1489861691935000&amp;usg=AFQjCNGURmJafyMOQA0uzu9t79TZ95Ih0g\">Lei 9.433, de 8 de janeiro de 1997<\/a>).<\/span><\/div>\n<div><\/div>\n<div id=\"m_-3043158380794668315yiv0609568262yui_3_16_0_ym19_1_1489684036174_30255\"><span id=\"m_-3043158380794668315yiv0609568262yui_3_16_0_ym19_1_1489684036174_30256\">Como todos os comit\u00eas de bacia que vieram depois, o Comitesinos \u00e9 um colegiado institu\u00eddo por lei, dentro do Sistema Nacional e Estadual de Recursos H\u00eddricos. A entidade tem poder deliberativo e \u00e9 a base da gest\u00e3o da \u00e1gua na regi\u00e3o.\u00a0<\/span><span id=\"m_-3043158380794668315yiv0609568262yui_3_16_0_ym19_1_1489684036174_30257\">Sua plen\u00e1ria \u00e9 composta por tr\u00eas grupos. Um deles \u00e9 o de r<b id=\"m_-3043158380794668315yiv0609568262yui_3_16_0_ym19_1_1489684036174_30258\">epresentantes dos usu\u00e1rios da \u00e1gua<\/b>, com entidades ligadas \u00e0s categorias Abastecimento P\u00fablico,\u00a0<\/span><span id=\"m_-3043158380794668315yiv0609568262yui_3_16_0_ym19_1_1489684036174_30259\">Esgotamento Sanit\u00e1rio e Res\u00edduos S\u00f3lidos, Drenagem, Gera\u00e7\u00e3o de Energia, Minera\u00e7\u00e3o, Lazer e Turismo, Ind\u00fastria e a categoria Produ\u00e7\u00e3o Rural.<\/span><\/div>\n<div><\/div>\n<div id=\"m_-3043158380794668315yiv0609568262yui_3_16_0_ym19_1_1489684036174_30261\"><span id=\"m_-3043158380794668315yiv0609568262yui_3_16_0_ym19_1_1489684036174_30262\">O outro grupo \u00e9 o de\u00a0<b id=\"m_-3043158380794668315yiv0609568262yui_3_16_0_ym19_1_1489684036174_30263\">representantes da popula\u00e7\u00e3o<\/b>, que integra c\u00e2maras de vereadores da regi\u00e3o e a Assembleia Legislativa do Estado. Tamb\u00e9m est\u00e3o nesse grupo as associa\u00e7\u00f5es comunit\u00e1rias, as institui\u00e7\u00f5es de ensino, pesquisa e extens\u00e3o, ONGs ambientalistas, secretarias de governo, organiza\u00e7\u00f5es sindicais e clubes de servi\u00e7os.<\/span><\/div>\n<div><\/div>\n<div id=\"m_-3043158380794668315yiv0609568262yui_3_16_0_ym19_1_1489684036174_30265\"><span id=\"m_-3043158380794668315yiv0609568262yui_3_16_0_ym19_1_1489684036174_30266\">O terceiro grupo de\u00a0<b id=\"m_-3043158380794668315yiv0609568262yui_3_16_0_ym19_1_1489684036174_30267\">representantes do governo do Estado<\/b>, onde est\u00e3o secretarias de governo e \u00f3rg\u00e3os relacionados.<\/span><\/div>\n<div><\/div>\n<div id=\"m_-3043158380794668315yiv0609568262yui_3_16_0_ym19_1_1489684036174_30269\"><span id=\"m_-3043158380794668315yiv0609568262yui_3_16_0_ym19_1_1489684036174_30270\">Em toda sua hist\u00f3ria, o Comitesinos manteve uma forte mobiliza\u00e7\u00e3o social, que inclui amplo trabalho de educa\u00e7\u00e3o ambiental realizado na regi\u00e3o e em torno de projetos como o\u00a0<a id=\"m_-3043158380794668315yiv0609568262yui_3_16_0_ym19_1_1489684036174_30271\" href=\"http:\/\/app.workr.com.br\/LinkOpen.aspx?mid=27d7d90e-503a-459b-b324-80a5b5320bf2&amp;lid=KHHei6463eUzHCu+dIWmng==\" target=\"_blank\" rel=\"nofollow noopener noreferrer\" data-saferedirecturl=\"http:\/\/www.google.com\/url?hl=pt-BR&amp;q=http:\/\/app.workr.com.br\/LinkOpen.aspx?mid%3D27d7d90e-503a-459b-b324-80a5b5320bf2%26lid%3DKHHei6463eUzHCu%2BdIWmng%3D%3D&amp;source=gmail&amp;ust=1489861691935000&amp;usg=AFQjCNFB49upBV8qxQYogSwFojEYSXZRVQ\">Dourado<\/a>, Monalisa e\u00a0<a id=\"m_-3043158380794668315yiv0609568262yui_3_16_0_ym19_1_1489684036174_30272\" href=\"http:\/\/app.workr.com.br\/LinkOpen.aspx?mid=27d7d90e-503a-459b-b324-80a5b5320bf2&amp;lid=kJTC0gnyW0uChY\/pwA99XA==\" target=\"_blank\" rel=\"nofollow noopener noreferrer\" data-saferedirecturl=\"http:\/\/www.google.com\/url?hl=pt-BR&amp;q=http:\/\/app.workr.com.br\/LinkOpen.aspx?mid%3D27d7d90e-503a-459b-b324-80a5b5320bf2%26lid%3DkJTC0gnyW0uChY\/pwA99XA%3D%3D&amp;source=gmail&amp;ust=1489861691935000&amp;usg=AFQjCNFBGW-AO8l7avqaG09-WuleF7N94A\">VerdeSinos<\/a>, al\u00e9m do pr\u00f3prio processo que resultou na elabora\u00e7\u00e3o do\u00a0<a id=\"m_-3043158380794668315yiv0609568262yui_3_16_0_ym19_1_1489684036174_30273\" href=\"http:\/\/app.workr.com.br\/LinkOpen.aspx?mid=27d7d90e-503a-459b-b324-80a5b5320bf2&amp;lid=lgGZDtagdNoUw9BrhIAAHA==\" target=\"_blank\" rel=\"nofollow noopener noreferrer\" data-saferedirecturl=\"http:\/\/www.google.com\/url?hl=pt-BR&amp;q=http:\/\/app.workr.com.br\/LinkOpen.aspx?mid%3D27d7d90e-503a-459b-b324-80a5b5320bf2%26lid%3DlgGZDtagdNoUw9BrhIAAHA%3D%3D&amp;source=gmail&amp;ust=1489861691935000&amp;usg=AFQjCNGifVADX9qjV_J6wFYxhWTDn8e1MA\">Plano de Bacia<\/a>\u00a0&#8211; aprovado em 2014 \u2013 e, mais recentemente, no\u00a0<a id=\"m_-3043158380794668315yiv0609568262yui_3_16_0_ym19_1_1489684036174_30274\" href=\"http:\/\/app.workr.com.br\/LinkOpen.aspx?mid=27d7d90e-503a-459b-b324-80a5b5320bf2&amp;lid=4lO+hTbpWzHvT1UIW3vjYA==\" target=\"_blank\" rel=\"nofollow noopener noreferrer\" data-saferedirecturl=\"http:\/\/www.google.com\/url?hl=pt-BR&amp;q=http:\/\/app.workr.com.br\/LinkOpen.aspx?mid%3D27d7d90e-503a-459b-b324-80a5b5320bf2%26lid%3D4lO%2BhTbpWzHvT1UIW3vjYA%3D%3D&amp;source=gmail&amp;ust=1489861691935000&amp;usg=AFQjCNGEEyLL6giY8zpwG69yKnxq_3sP4A\">mapeamento das \u00e1reas de inunda\u00e7\u00e3o<\/a>\u00a0da regi\u00e3o.<\/span><\/div>\n<div id=\"m_-3043158380794668315yiv0609568262yui_3_16_0_ym19_1_1489684036174_30276\"><span id=\"m_-3043158380794668315yiv0609568262yui_3_16_0_ym19_1_1489684036174_30277\">\u00a0<\/span><\/div>\n<div id=\"m_-3043158380794668315yiv0609568262yui_3_16_0_ym19_1_1489684036174_30278\"><b id=\"m_-3043158380794668315yiv0609568262yui_3_16_0_ym19_1_1489684036174_30279\">Dia Mundial da \u00c1gua<\/b><\/div>\n<div id=\"m_-3043158380794668315yiv0609568262yui_3_16_0_ym19_1_1489684036174_30282\"><span id=\"m_-3043158380794668315yiv0609568262yui_3_16_0_ym19_1_1489684036174_30283\">O Dia Mundial da \u00c1gua foi criado pela ONU no dia 22 de mar\u00e7o de 1992.\u00a0<\/span><span id=\"m_-3043158380794668315yiv0609568262yui_3_16_0_ym19_1_1489684036174_30289\">O motivo \u00e9 alertar para a necessidade de preserva\u00e7\u00e3o, j\u00e1 que apenas cerca de 0,008%, do total da \u00e1gua do planeta \u00e9 pot\u00e1vel (pr\u00f3pria para o consumo). Mesmo assim, grande parte das fontes desta \u00e1gua (rios, lagos e represas) est\u00e1 sendo contaminada, polu\u00edda e degradada pela a\u00e7\u00e3o predat\u00f3ria do homem.<\/span><\/div>\n<div id=\"m_-3043158380794668315yiv0609568262yui_3_16_0_ym19_1_1489684036174_30291\"><span id=\"m_-3043158380794668315yiv0609568262yui_3_16_0_ym19_1_1489684036174_30292\">\u00a0<\/span><\/div>\n<div id=\"m_-3043158380794668315yiv0609568262yui_3_16_0_ym19_1_1489684036174_30294\"><span id=\"m_-3043158380794668315yiv0609568262yui_3_16_0_ym19_1_1489684036174_30295\">No dia da oficializa\u00e7\u00e3o da data para reflex\u00e3o, a ONU tamb\u00e9m divulgou a \u201cDeclara\u00e7\u00e3o Universal dos Direitos da \u00c1gua\u201d, cujo texto apresenta uma s\u00e9rie de medidas, sugest\u00f5es e informa\u00e7\u00f5es que servem para despertar a consci\u00eancia ecol\u00f3gica da popula\u00e7\u00e3o e dos governantes para a quest\u00e3o da \u00e1gua.<\/span><\/div>\n<div id=\"m_-3043158380794668315yiv0609568262yui_3_16_0_ym19_1_1489684036174_30297\"><\/div>\n<div id=\"m_-3043158380794668315yiv0609568262yui_3_16_0_ym19_1_1489684036174_30299\">Carta do presidente do Comitesinos, Adolfo Klein:<\/div>\n<div>\n<p align=\"center\"><strong>O anivers\u00e1rio nosso das \u00e1guas<\/strong><\/p>\n<p style=\"text-align: left\" align=\"center\"><em>Protagonismo. Talvez seja essa a melhor palavra para traduzir os 29 anos do Comitesinos, completados nesta sexta-feira. Nosso Comit\u00ea de Bacia surgiu antes de todos, a partir de uma mobiliza\u00e7\u00e3o que partiu da comunidade para a solu\u00e7\u00e3o de seus problemas mais urgentes quanto aos seus recursos h\u00eddricos. Comunidade essa que permaneceu unida em sua plen\u00e1ria e praticamente deu ao Estado e ao Pa\u00eds um modelo para constru\u00e7\u00e3o de suas pol\u00edticas de Recursos H\u00eddricos.<\/em><\/p>\n<p><em>A regi\u00e3o e a comunidade representadas no Comit\u00ea de Bacia continuaram a ser pioneiros, com um dos mais abrangentes programas de Educa\u00e7\u00e3o Ambiental do Brasil, que tamb\u00e9m j\u00e1 dura mais de um quarto de s\u00e9culo e que festejou tantos mestres e alunos que se tornaram mestres, autoridades, pais de fam\u00edlia e outros tantos defensores do tanto que cada um pode e deve fazer por nossos recursos naturais.<\/em><br \/>\n<em>Tivemos in\u00fameros projetos \u2013 Dourado, Monalisa, VerdeSinos e outros &#8211; onde as comunidades foram literalmente para junto de suas \u00e1guas, aprender com cientistas, que tamb\u00e9m aprenderam como construir e compartilhar o conhecimento que rapidamente pode ser colocado em pr\u00e1tica. E com um efeito multiplicador fant\u00e1stico.<\/em><br \/>\n<em>Constru\u00edmos todos junto um debate racional e construtivo nas maiores adversidades &#8211; n\u00e3o sem discuss\u00f5es acaloradas, \u00e9 verdade, mas isso tamb\u00e9m faz parte do processo de matura\u00e7\u00e3o. Chegamos ao debate de nosso Plano de Bacia, o segundo do Estado, mas o primeiro costurado com uma mobiliza\u00e7\u00e3o e participa\u00e7\u00e3o maci\u00e7a da sociedade, literalmente, em encontros em todos os trechos do Rio dos Sinos e seis afluentes.<\/em><br \/>\n<em>Isso tendo lado a lado, j\u00e1 h\u00e1 muito tempo, os setores produtivos, comunidade, Minist\u00e9rio P\u00fablico, universidades, ONGs, \u00f3rg\u00e3os governamentais, entidades de apoio setoriais e outros tantos parceiros.<\/em><br \/>\n<em>Mais recentemente, em outro passo pioneiro no Pa\u00eds, a comunidade da regi\u00e3o aprovou o seu mapeamento das \u00c1reas Inund\u00e1veis, deixando claro que a responsabilidade pelo ecossistema passa tamb\u00e9m pelo cuidado com as pessoas, proporcionando um crescimento ordenado das cidades. Ali\u00e1s, um processo ainda em fase de aperfei\u00e7oamento e que deve ganhar novas ferramentas, como o Estudo de Alternativas Contra os Impactos das Enchentes, a cargo da Metroplan, e as revis\u00f5es pontuais que ocorrem sobre a mancha das cheias em cada munic\u00edpio.<\/em><br \/>\n<em>Na verdade, h\u00e1 muito tempo parte da comunidade da Bacia, atrav\u00e9s de seu Comit\u00ea, j\u00e1 se tornaram tamb\u00e9m seu pr\u00f3prio Rio. Ent\u00e3o, se fosse para escolher uma outra palavra para resumir a trajet\u00f3ria do Comitesinos nessas quase tr\u00eas d\u00e9cadas, esta poderia ser: voz.<\/em><br \/>\n<em>Feliz Anivers\u00e1rio a todos n\u00f3s<\/em><br \/>\nAdolfo Klein<br \/>\nPresidente<\/p>\n<p align=\"center\">\n<\/div>\n<div id=\"m_-3043158380794668315yiv0609568262yui_3_16_0_ym19_1_1489684036174_30301\"><\/div>\n<\/div>\n","protected":false},"excerpt":{"rendered":"<p>O Comit\u00ea de Gerenciamento da Bacia do Rio dos Sinos (Comitesinos) completa 29 anos nesta sexta-feira (17\/3)). Desde 2005, a data tamb\u00e9m \u00e9 o Dia Estadual do Rio dos Sinos. Nos pr\u00f3ximos dias, intensa programa\u00e7\u00e3o acontece em diversos munic\u00edpios da Bacia, tamb\u00e9m em alus\u00e3o ao Dia Mundial da \u00c1gua, celebrado na pr\u00f3xima quarta, dia 22. [&hellip;]<\/p>\n","protected":false},"author":4,"featured_media":45952,"comment_status":"open","ping_status":"closed","sticky":false,"template":"","format":"standard","meta":{"_jetpack_memberships_contains_paid_content":false,"footnotes":""},"categories":[26],"tags":[],"class_list":["post-45950","post","type-post","status-publish","format-standard","has-post-thumbnail","hentry","category-geral"],"aioseo_notices":[],"jetpack_featured_media_url":"","jetpack_sharing_enabled":true,"jetpack-related-posts":[{"id":1280,"url":"https:\/\/www.jornalja.com.br\/arquivo\/o-menino-que-se-tornou-brizola\/","url_meta":{"origin":45950,"position":0},"title":"O Menino que se Tornou Brizola","author":"da Reda\u00e7\u00e3o","date":"28 de julho de 2008","format":false,"excerpt":"Autor: Cleber Dioni A vida de Leonel Brizola, com \u00eanfase para os primeiros anos em Porto Alegre, at\u00e9 o ex\u00edlio no Uruguai e a volta, quinze anos depois. \u00a0\"...\u00c9ramos todos jovens e nos identific\u00e1vamos com aquela massa an\u00f4nima a percorrer as ruas de Porto Alegre, gritando 'Get\u00falio', 'Get\u00falio' e empunhando\u2026","rel":"","context":"Em &quot;Livros&quot;","block_context":{"text":"Livros","link":"https:\/\/www.jornalja.com.br\/arquivo\/category\/livros\/"},"img":{"alt_text":"","src":"https:\/\/i0.wp.com\/www.jornalja.com.br\/wp-content\/uploads\/2008\/07\/brizola.gif?resize=350%2C200&ssl=1","width":350,"height":200},"classes":[]}],"jetpack_shortlink":"https:\/\/wp.me\/pbQjBd-bX8","_links":{"self":[{"href":"https:\/\/www.jornalja.com.br\/arquivo\/wp-json\/wp\/v2\/posts\/45950","targetHints":{"allow":["GET"]}}],"collection":[{"href":"https:\/\/www.jornalja.com.br\/arquivo\/wp-json\/wp\/v2\/posts"}],"about":[{"href":"https:\/\/www.jornalja.com.br\/arquivo\/wp-json\/wp\/v2\/types\/post"}],"author":[{"embeddable":true,"href":"https:\/\/www.jornalja.com.br\/arquivo\/wp-json\/wp\/v2\/users\/4"}],"replies":[{"embeddable":true,"href":"https:\/\/www.jornalja.com.br\/arquivo\/wp-json\/wp\/v2\/comments?post=45950"}],"version-history":[{"count":0,"href":"https:\/\/www.jornalja.com.br\/arquivo\/wp-json\/wp\/v2\/posts\/45950\/revisions"}],"wp:featuredmedia":[{"embeddable":true,"href":"https:\/\/www.jornalja.com.br\/arquivo\/wp-json\/"}],"wp:attachment":[{"href":"https:\/\/www.jornalja.com.br\/arquivo\/wp-json\/wp\/v2\/media?parent=45950"}],"wp:term":[{"taxonomy":"category","embeddable":true,"href":"https:\/\/www.jornalja.com.br\/arquivo\/wp-json\/wp\/v2\/categories?post=45950"},{"taxonomy":"post_tag","embeddable":true,"href":"https:\/\/www.jornalja.com.br\/arquivo\/wp-json\/wp\/v2\/tags?post=45950"}],"curies":[{"name":"wp","href":"https:\/\/api.w.org\/{rel}","templated":true}]}}