{"id":45961,"date":"2017-03-17T17:46:59","date_gmt":"2017-03-17T20:46:59","guid":{"rendered":"https:\/\/www.jornalja.com.br\/?p=45961"},"modified":"2017-03-17T17:46:59","modified_gmt":"2017-03-17T20:46:59","slug":"comissao-de-direitos-humanos-da-al-visita-mbya-guarani-em-maquine","status":"publish","type":"post","link":"https:\/\/www.jornalja.com.br\/arquivo\/comissao-de-direitos-humanos-da-al-visita-mbya-guarani-em-maquine\/","title":{"rendered":"Comiss\u00e3o de Direitos Humanos da AL visita Mbya Guarani em Maquin\u00e9"},"content":{"rendered":"<p><span class=\"assina\">Ana Barros Pinto<\/span><br \/>\nCom cantos e dan\u00e7as tradicionais, os Mbya Guarani recepcionaram os representantes da Comiss\u00e3o de Cidadania e Direitos Humanos da Assembleia Legislativa do RS, na aldeia que est\u00e1 se formando em parte da \u00e1rea da Fepagro Litoral Norte, em Maquin\u00e9. A ocupa\u00e7\u00e3o est\u00e1 amea\u00e7ada por uma decis\u00e3o da Justi\u00e7a Federal favor\u00e1vel \u00e0 a\u00e7\u00e3o de reintegra\u00e7\u00e3o de posse ajuizada pelo Estado. A visita ocorreu na \u00faltima ter\u00e7a-feira, 14, e precede a audi\u00eancia p\u00fablica marcada para o dia 22 na Assembleia Legislativa.<br \/>\nNo local vivem cerca de 30 fam\u00edlias. Os caciques Andr\u00e9 Benites e Cirilo Morinico falam da alegria em receber os juru\u00e1s (n\u00e3o \u00edndios) no territ\u00f3rio ancestral e da felicidade em poder vivenciar a sua cultura tradicional.<br \/>\n\u201cA retomada n\u00e3o \u00e9 s\u00f3 do territ\u00f3rio, \u00e9 tamb\u00e9m a retomada da alegria de viver a nossa cultura, a riqueza da nossa vida, a dignidade. Todo o dia tem atividade coletiva, assim \u00e9 a nossa cultura. Quem pisou aqui \u00e9 porque j\u00e1 foi conectado espiritualmente\u201d, afirmou o cacique Benites.<br \/>\nO cacique Morinico defende que os Mbya Guarani est\u00e3o no local para \u201cfortalecer a luta pela retomada do territ\u00f3rio ancestral.\u201d Ele descrever o ambiente: \u201cA gente acorda com os passarinhos cantando, aqui tem frutas nativas, terra boa para plantar o milho e a batata doce, \u00e1gua boa, plantas para a medicina tradicional. Aqui vamos criar filhos e netos.\u201d<br \/>\nO presidente da Comiss\u00e3o, deputado Jeferson Fernandes (PT), disse conhecer a quest\u00e3o ind\u00edgena desde pequeno, pois vem da regi\u00e3o das Miss\u00f5es, onde derrubaram Sep\u00e9 Tiaraj\u00fa. \u201cFoi um massacre, no combate final foram mortos mais de 1500 guaranis e nem 20 homens brancos. Os que sobreviveram tiveram de se submeter \u00e0s regras dos brancos\u201d, afirmou o deputado.<br \/>\n<figure id=\"attachment_45963\" aria-describedby=\"caption-attachment-45963\" style=\"width: 725px\" class=\"wp-caption alignnone\"><img decoding=\"async\" class=\"wp-image-45963 size-full\" src=\"https:\/\/www.jornalja.com.br\/wp-content\/uploads\/2017\/03\/DSCN5111-2.jpg\" alt=\"Encontro serviu como prepara\u00e7\u00e3o para a audi\u00eancia p\u00fablica do dia 22, na Assembleia Legislativa \/ Ana Barros Pinto\" width=\"725\" height=\"565\" \/><figcaption id=\"caption-attachment-45963\" class=\"wp-caption-text\">Encontro serviu como prepara\u00e7\u00e3o para a audi\u00eancia p\u00fablica do dia 22, na Assembleia Legislativa \/ Ana Barros Pinto<\/figcaption><\/figure><br \/>\nFernandes falou das leis que n\u00e3o s\u00e3o cumpridas e do preconceito que existe contra uma cultura diferente e colocou-se \u00e0 disposi\u00e7\u00e3o para fazer media\u00e7\u00e3o com os demais deputados. \u201cA nossa ideia \u00e9 convencer o governo a utilizar essa \u00e1rea para fazer justi\u00e7a. O governo extinguiu a Fepagro, ent\u00e3o que se destine essa \u00e1rea aos Mbya Guarani, eles v\u00e3o proteger esse ambiente.\u201d<br \/>\nAl\u00e9m de Fernandes, que citou as parlamentares Manoela D\u2019\u00c1vila, Juliana Brizola e Stela Farias como aliadas, o deputado Pedro Ruas enviou um representante para mostrar seu comprometimento com a retomada.<br \/>\n<span class=\"intertit\">Grupo recorreu \u00e0 reintegra\u00e7\u00e3o de posse<\/span><br \/>\nO cacique Andre Benites entregou aos presentes c\u00f3pia do relat\u00f3rio antropol\u00f3gico preliminar sobre a retomada Mbya-Guarani de parte da \u00e1rea da Fepagro, com informa\u00e7\u00f5es arqueol\u00f3gicas, hist\u00f3ricas e etnogr\u00e1ficas. O relat\u00f3rio faz parte do recurso encaminhado ao juiz que determinou a reintegra\u00e7\u00e3o de posse.<br \/>\nPara o \u00a0antrop\u00f3logo Jos\u00e9 Ot\u00e1vio Catafesto, professor da Ufrgs e um dos autores do relat\u00f3rio, \u201ca exist\u00eancia dos Mbya Guarani \u00e9 um exemplo de que a humanidade \u00e9 poss\u00edvel\u201d. Catafesto acredita que o grupo vai preservar o lugar e defende que eles s\u00e3o os \u201cverdadeiros guardi\u00f5es da natureza.\u201d<br \/>\nOutra visita importante naquele dia \u00e9 o cacique Adolfo Timotio, da Aldeia Rio Silveira (SP), entre Bertioga e S\u00e3o Sebasti\u00e3o, onde vivem cerca de 120 fam\u00edlias em \u00e1rea demarcada mas sem a homologa\u00e7\u00e3o. Depois de falar em guarani, e ser muito aplaudido, Timotio diz que est\u00e1 ali para apoiar a retomada de Maquin\u00e9. Faz refer\u00eancia a longas hist\u00f3rias de luta do povo guarani \u201cs\u00e3o lutas sem fim\u201d, e define que a terra \u00e9 de todos.<br \/>\nEntre os apoiadores que participaram da visita estavam o Movimento Raiz, o Conselho Indigenista Mission\u00e1rio e a Associa\u00e7\u00e3o de Estudos e Projetos com Povos Ind\u00edgenas e Minorit\u00e1rios (Aepim), \u00a0e a A\u00e7\u00e3o Nascente Maquin\u00e9 (Anama). Presente h\u00e1 quase 20 anos na regi\u00e3o, a Anama \u00e9 comprometida com a\u00e7\u00f5es ecologicamente sustent\u00e1veis e coerentes com a realidade das comunidades locais.<br \/>\nEntre v\u00e1rios projetos, os Mbya se destacam na produ\u00e7\u00e3o e venda de artesanato em Maquin\u00e9, tanto na cidade como nos balne\u00e1rios frequentados por moradores e visitantes. O balne\u00e1rio localizado \u00e0s margens do rio Maquin\u00e9, dentro da \u00e1rea da Fepagro, \u00e9 um dos locais tradicionais da presen\u00e7a exposi\u00e7\u00e3o e venda de artesanato Mbya desde a d\u00e9cada de 1990.<\/p>\n","protected":false},"excerpt":{"rendered":"<p>Ana Barros Pinto Com cantos e dan\u00e7as tradicionais, os Mbya Guarani recepcionaram os representantes da Comiss\u00e3o de Cidadania e Direitos Humanos da Assembleia Legislativa do RS, na aldeia que est\u00e1 se formando em parte da \u00e1rea da Fepagro Litoral Norte, em Maquin\u00e9. A ocupa\u00e7\u00e3o est\u00e1 amea\u00e7ada por uma decis\u00e3o da Justi\u00e7a Federal favor\u00e1vel \u00e0 a\u00e7\u00e3o [&hellip;]<\/p>\n","protected":false},"author":4,"featured_media":45964,"comment_status":"open","ping_status":"closed","sticky":false,"template":"","format":"standard","meta":{"_jetpack_memberships_contains_paid_content":false,"footnotes":""},"categories":[26],"tags":[],"class_list":["post-45961","post","type-post","status-publish","format-standard","has-post-thumbnail","hentry","category-geral"],"aioseo_notices":[],"jetpack_featured_media_url":"","jetpack_sharing_enabled":true,"jetpack-related-posts":[],"jetpack_shortlink":"https:\/\/wp.me\/pbQjBd-bXj","_links":{"self":[{"href":"https:\/\/www.jornalja.com.br\/arquivo\/wp-json\/wp\/v2\/posts\/45961","targetHints":{"allow":["GET"]}}],"collection":[{"href":"https:\/\/www.jornalja.com.br\/arquivo\/wp-json\/wp\/v2\/posts"}],"about":[{"href":"https:\/\/www.jornalja.com.br\/arquivo\/wp-json\/wp\/v2\/types\/post"}],"author":[{"embeddable":true,"href":"https:\/\/www.jornalja.com.br\/arquivo\/wp-json\/wp\/v2\/users\/4"}],"replies":[{"embeddable":true,"href":"https:\/\/www.jornalja.com.br\/arquivo\/wp-json\/wp\/v2\/comments?post=45961"}],"version-history":[{"count":0,"href":"https:\/\/www.jornalja.com.br\/arquivo\/wp-json\/wp\/v2\/posts\/45961\/revisions"}],"wp:featuredmedia":[{"embeddable":true,"href":"https:\/\/www.jornalja.com.br\/arquivo\/wp-json\/"}],"wp:attachment":[{"href":"https:\/\/www.jornalja.com.br\/arquivo\/wp-json\/wp\/v2\/media?parent=45961"}],"wp:term":[{"taxonomy":"category","embeddable":true,"href":"https:\/\/www.jornalja.com.br\/arquivo\/wp-json\/wp\/v2\/categories?post=45961"},{"taxonomy":"post_tag","embeddable":true,"href":"https:\/\/www.jornalja.com.br\/arquivo\/wp-json\/wp\/v2\/tags?post=45961"}],"curies":[{"name":"wp","href":"https:\/\/api.w.org\/{rel}","templated":true}]}}