{"id":45969,"date":"2017-03-17T18:47:47","date_gmt":"2017-03-17T21:47:47","guid":{"rendered":"https:\/\/www.jornalja.com.br\/?p=45969"},"modified":"2017-03-17T18:47:47","modified_gmt":"2017-03-17T21:47:47","slug":"sindbancarios-convoca-assembleia-e-mateada-em-defesa-do-banrisul","status":"publish","type":"post","link":"https:\/\/www.jornalja.com.br\/arquivo\/sindbancarios-convoca-assembleia-e-mateada-em-defesa-do-banrisul\/","title":{"rendered":"Sindbanc\u00e1rios convoca assembl\u00e9ia e mateada em defesa do Banrisul"},"content":{"rendered":"<p>O site da revista InfoMoney voltou a especular sobre a venda do Banrisul em artigo postado na quinta-feira. O banco \u00e9 considerado &#8220;a joia da coroa&#8221; entre as funda\u00e7\u00f5es, autarquias e entidades p\u00fablicas colocadas no pacote de privatiza\u00e7\u00e3o do governo Sartori.<br \/>\nDiz o site, voltado para grandes investidores, que as a\u00e7\u00f5es do Banrisul devem crescer com uma poss\u00edvel aceita\u00e7\u00e3o do governo do Estado de venda ou federaliza\u00e7\u00e3o e pode chegar a 100% de valoriza\u00e7\u00e3o.<br \/>\nDesde 26 de janeiro, quando o ministro da Fazenda Henrique Meirelles, anunciou que a ajuda financeira ao RS estava condicionada \u00e0 venda do Banrisul, as a\u00e7\u00f5es do banco j\u00e1 se valorizaram cerca de 50%, embora o valor ainda seja inferior \u00e0 m\u00e9dia hist\u00f3rica.<br \/>\nO artigo chama a aten\u00e7\u00e3o para a dificuldade pol\u00edtica da opera\u00e7\u00e3o. \u201cDesta forma, no caso espec\u00edfico do Rio Grande do Sul, o governo federal est\u00e1 demandando a privatiza\u00e7\u00e3o do Banrisul. Vale destacar que, no final de fevereiro, as a\u00e7\u00f5es do banco subiram fortemente ap\u00f3s o ministro da Fazenda Henrique Meirelles falar sobre o novo projeto de recupera\u00e7\u00e3o fiscal\u201d, diz o articulista Thiago Salom\u00e3o.(Leia integra <a href=\"http:\/\/www.infomoney.com.br\/blogs\/bolsa\/o-investidor-de-sucesso\/post\/6240335\/contra-todas-dificuldades-pedido-socorro-que-pode-levar-banrisul-subir\" target=\"_blank\" rel=\"noopener noreferrer\">aqui<\/a>)<br \/>\nO jornal Zero Hora repercutiu a an\u00e1lise do InfoMoney sobre os pap\u00e9is do Banrisul em nota na coluna de Marta Sfredo \u201cParecia que o assunto da poss\u00edvel privatiza\u00e7\u00e3o do Banrisul havia murchado, mas ontem uma an\u00e1lise no site InfoMoney voltou a acender os far\u00f3is sobre o banco\u201d.<br \/>\nO presidente do SindBanc\u00e1rios, Everton Gimenis, disse que essas especula\u00e7\u00f5es sobre valores das a\u00e7\u00f5es do Banrisul\u00a0 s\u00e3o movimentos do mercado e do setor financeiro de press\u00e3o para que haja a venda do banco. \u201cO Henrique Meirelles \u00e9 um banqueiro. \u00c9 claro que ele vai ficar dando declara\u00e7\u00e3o para pressionar. Temos que continuar na nossa luta e participando das atividades de mobiliza\u00e7\u00e3o chamadas pelo Sindicato\u201d, disse Gimenis.<br \/>\nPara vender ou federalizar o Banrisul \u00e9 preciso que o governo do Estado realize um plebiscito ou que a Assembleia Legislativa re\u00fana dois ter\u00e7os dos votos (33) para derrubar o artigo 22 da Constitui\u00e7\u00e3o Estadual.<br \/>\n<strong>Assembleia e mateada<\/strong><br \/>\nO Sindicato dos Banc\u00e1rios divulgou uma nota convocando os funcion\u00e1rios do Banrisul:<br \/>\n&#8220;Os banrisulenses t\u00eam, neste s\u00e1bado, 18\/3, a partir das 9h30, na sede da Fetrafi-RS, um compromisso com a manuten\u00e7\u00e3o do Banrisul p\u00fablico. Na sede da Federa\u00e7\u00e3o, ser\u00e1 realizada a Assembleia Nacional dos Banrisulenses. Vamos debater e organizar a nossa luta para fortalecer uma agenda de resist\u00eancia contra a venda do Banrisul&#8221;.<br \/>\n&#8220;No domingo, a partir das 10h, no Parque Farroupilha (Reden\u00e7\u00e3o), em Porto Alegre, junto ao Monumento do Expedicion\u00e1rio, vamos nos encontrar para a Mateada em Defesa do Banrisul P\u00fablico. Leva o teu chimarr\u00e3o e vamos trabalhar em defesa do banco de todos os ga\u00fachos&#8221;.<br \/>\n<img loading=\"lazy\" decoding=\"async\" class=\"wp-image-45982 size-medium alignleft\" src=\"https:\/\/www.jornalja.com.br\/wp-content\/uploads\/2017\/03\/frente_web_lancamento-300x212.jpg\" alt=\"frente_web_lancamento\" width=\"300\" height=\"212\" \/>Na quarta-feira, 22\/3, haver\u00e1 o lan\u00e7amento da Frente Parlamentar em Defesa do Banrisul P\u00fablico, no Audit\u00f3rio Dante Barone, da Assembleia Legislativa, a partir das 18h.<br \/>\n\u201cA Frente Parlamentar \u00e9 uma esfera p\u00fablica, um espa\u00e7o para que possamos debater alternativas \u00e0 crise financeira sem que haja necessidade de vender o Banrisul. O Banrisul \u00e9 um banco que ajuda muito o nosso Estado a se desenvolver e, por isso, n\u00e3o pode ser privatizado\u201d, explicou o deputado estadual Z\u00e9 Nunes (PT), coordenador da Frente Parlamentar em Defesa do Banrisul P\u00fablico.<br \/>\n<strong>Com a Assessoria de Imprensa SindBanc\u00e1rios<\/strong><\/p>\n","protected":false},"excerpt":{"rendered":"<p>O site da revista InfoMoney voltou a especular sobre a venda do Banrisul em artigo postado na quinta-feira. O banco \u00e9 considerado &#8220;a joia da coroa&#8221; entre as funda\u00e7\u00f5es, autarquias e entidades p\u00fablicas colocadas no pacote de privatiza\u00e7\u00e3o do governo Sartori. Diz o site, voltado para grandes investidores, que as a\u00e7\u00f5es do Banrisul devem crescer [&hellip;]<\/p>\n","protected":false},"author":4,"featured_media":45981,"comment_status":"open","ping_status":"closed","sticky":false,"template":"","format":"standard","meta":{"_jetpack_newsletter_access":"","_jetpack_dont_email_post_to_subs":false,"_jetpack_newsletter_tier_id":0,"_jetpack_memberships_contains_paywalled_content":false,"_jetpack_feature_clip_id":0,"_jetpack_memberships_contains_paid_content":false,"footnotes":"","jetpack_post_was_ever_published":false},"categories":[26],"tags":[],"class_list":["post-45969","post","type-post","status-publish","format-standard","has-post-thumbnail","hentry","category-geral"],"aioseo_notices":[],"aioseo_head":"\n\t\t<!-- All in One SEO 5.0.1.1 - aioseo.com -->\n\t<meta name=\"robots\" content=\"max-image-preview:large\" \/>\n\t<meta name=\"author\" content=\"da Reda\u00e7\u00e3o\"\/>\n\t<link rel=\"canonical\" href=\"https:\/\/www.jornalja.com.br\/arquivo\/sindbancarios-convoca-assembleia-e-mateada-em-defesa-do-banrisul\/\" \/>\n\t<meta name=\"generator\" content=\"All in One SEO (AIOSEO) 5.0.1.1\" \/>\n\t\t<meta property=\"og:locale\" content=\"pt_BR\" \/>\n\t\t<meta property=\"og:site_name\" content=\"Arquivo | Jornal J\u00c1 | Porto Alegre\" \/>\n\t\t<meta property=\"og:type\" content=\"article\" \/>\n\t\t<meta property=\"og:title\" content=\"Sindbanc\u00e1rios convoca assembl\u00e9ia e mateada em defesa do Banrisul | Arquivo\" \/>\n\t\t<meta property=\"og:url\" content=\"https:\/\/www.jornalja.com.br\/arquivo\/sindbancarios-convoca-assembleia-e-mateada-em-defesa-do-banrisul\/\" \/>\n\t\t<meta property=\"og:image\" content=\"https:\/\/www.jornalja.com.br\/wp-content\/uploads\/2017\/03\/frente_web_lancamento-300x212.jpg\" \/>\n\t\t<meta property=\"og:image:secure_url\" content=\"https:\/\/www.jornalja.com.br\/wp-content\/uploads\/2017\/03\/frente_web_lancamento-300x212.jpg\" \/>\n\t\t<meta property=\"article:published_time\" content=\"2017-03-17T21:47:47+00:00\" \/>\n\t\t<meta property=\"article:modified_time\" content=\"2017-03-17T21:47:47+00:00\" \/>\n\t\t<meta name=\"twitter:card\" content=\"summary\" \/>\n\t\t<meta name=\"twitter:title\" content=\"Sindbanc\u00e1rios convoca assembl\u00e9ia e mateada em defesa do Banrisul | Arquivo\" \/>\n\t\t<meta name=\"twitter:image\" content=\"https:\/\/www.jornalja.com.br\/economics\/wp-content\/uploads\/sites\/11\/2026\/08\/ja-folhaderosto-facebook.jpg\" \/>\n\t\t<script type=\"application\/ld+json\" class=\"aioseo-schema\">\n\t\t\t{\"@context\":\"https:\\\/\\\/schema.org\",\"@graph\":[{\"@type\":\"BlogPosting\",\"@id\":\"https:\\\/\\\/www.jornalja.com.br\\\/arquivo\\\/sindbancarios-convoca-assembleia-e-mateada-em-defesa-do-banrisul\\\/#blogposting\",\"name\":\"Sindbanc\\u00e1rios convoca assembl\\u00e9ia e mateada em defesa do Banrisul | Arquivo\",\"headline\":\"Sindbanc\\u00e1rios convoca assembl\\u00e9ia e mateada em defesa do Banrisul\",\"author\":{\"@id\":\"https:\\\/\\\/www.jornalja.com.br\\\/arquivo\\\/author\\\/daredacao\\\/#author\"},\"publisher\":{\"@id\":\"https:\\\/\\\/www.jornalja.com.br\\\/arquivo\\\/#organization\"},\"image\":{\"@type\":\"ImageObject\",\"url\":45981},\"datePublished\":\"2017-03-17T18:47:47-03:00\",\"dateModified\":\"2017-03-17T18:47:47-03:00\",\"inLanguage\":\"pt-BR\",\"mainEntityOfPage\":{\"@id\":\"https:\\\/\\\/www.jornalja.com.br\\\/arquivo\\\/sindbancarios-convoca-assembleia-e-mateada-em-defesa-do-banrisul\\\/#webpage\"},\"isPartOf\":{\"@id\":\"https:\\\/\\\/www.jornalja.com.br\\\/arquivo\\\/sindbancarios-convoca-assembleia-e-mateada-em-defesa-do-banrisul\\\/#webpage\"},\"articleSection\":\"Geral\"},{\"@type\":\"BreadcrumbList\",\"@id\":\"https:\\\/\\\/www.jornalja.com.br\\\/arquivo\\\/sindbancarios-convoca-assembleia-e-mateada-em-defesa-do-banrisul\\\/#breadcrumblist\",\"itemListElement\":[{\"@type\":\"ListItem\",\"@id\":\"https:\\\/\\\/www.jornalja.com.br\\\/arquivo#listItem\",\"position\":1,\"name\":\"Home\",\"item\":\"https:\\\/\\\/www.jornalja.com.br\\\/arquivo\",\"nextItem\":{\"@type\":\"ListItem\",\"@id\":\"https:\\\/\\\/www.jornalja.com.br\\\/arquivo\\\/category\\\/geral\\\/#listItem\",\"name\":\"Geral\"}},{\"@type\":\"ListItem\",\"@id\":\"https:\\\/\\\/www.jornalja.com.br\\\/arquivo\\\/category\\\/geral\\\/#listItem\",\"position\":2,\"name\":\"Geral\",\"item\":\"https:\\\/\\\/www.jornalja.com.br\\\/arquivo\\\/category\\\/geral\\\/\",\"nextItem\":{\"@type\":\"ListItem\",\"@id\":\"https:\\\/\\\/www.jornalja.com.br\\\/arquivo\\\/sindbancarios-convoca-assembleia-e-mateada-em-defesa-do-banrisul\\\/#listItem\",\"name\":\"Sindbanc\\u00e1rios convoca assembl\\u00e9ia e mateada em defesa do Banrisul\"},\"previousItem\":{\"@type\":\"ListItem\",\"@id\":\"https:\\\/\\\/www.jornalja.com.br\\\/arquivo#listItem\",\"name\":\"Home\"}},{\"@type\":\"ListItem\",\"@id\":\"https:\\\/\\\/www.jornalja.com.br\\\/arquivo\\\/sindbancarios-convoca-assembleia-e-mateada-em-defesa-do-banrisul\\\/#listItem\",\"position\":3,\"name\":\"Sindbanc\\u00e1rios convoca assembl\\u00e9ia e mateada em defesa do Banrisul\",\"previousItem\":{\"@type\":\"ListItem\",\"@id\":\"https:\\\/\\\/www.jornalja.com.br\\\/arquivo\\\/category\\\/geral\\\/#listItem\",\"name\":\"Geral\"}}]},{\"@type\":\"Organization\",\"@id\":\"https:\\\/\\\/www.jornalja.com.br\\\/arquivo\\\/#organization\",\"name\":\"Jornal J\\u00c1\",\"description\":\"Jornal J\\u00c1 | Porto Alegre\",\"url\":\"https:\\\/\\\/www.jornalja.com.br\\\/arquivo\\\/\",\"telephone\":\"+555133307272\",\"logo\":{\"@type\":\"ImageObject\",\"url\":\"https:\\\/\\\/www.jornalja.com.br\\\/wp-content\\\/uploads\\\/cards\\\/JAslogan.png\",\"@id\":\"https:\\\/\\\/www.jornalja.com.br\\\/arquivo\\\/sindbancarios-convoca-assembleia-e-mateada-em-defesa-do-banrisul\\\/#organizationLogo\"},\"image\":{\"@id\":\"https:\\\/\\\/www.jornalja.com.br\\\/arquivo\\\/sindbancarios-convoca-assembleia-e-mateada-em-defesa-do-banrisul\\\/#organizationLogo\"}},{\"@type\":\"Person\",\"@id\":\"https:\\\/\\\/www.jornalja.com.br\\\/arquivo\\\/author\\\/daredacao\\\/#author\",\"url\":\"https:\\\/\\\/www.jornalja.com.br\\\/arquivo\\\/author\\\/daredacao\\\/\",\"name\":\"da Reda\\u00e7\\u00e3o\",\"image\":{\"@type\":\"ImageObject\",\"@id\":\"https:\\\/\\\/www.jornalja.com.br\\\/arquivo\\\/sindbancarios-convoca-assembleia-e-mateada-em-defesa-do-banrisul\\\/#authorImage\",\"url\":\"https:\\\/\\\/secure.gravatar.com\\\/avatar\\\/469fd857d6605ad19919d27ed29d35a968a25f6e8fd9318356bbb7f57aae9c65?s=96&d=mm&r=g\",\"width\":96,\"height\":96,\"caption\":\"da Reda\\u00e7\\u00e3o\"}},{\"@type\":\"WebPage\",\"@id\":\"https:\\\/\\\/www.jornalja.com.br\\\/arquivo\\\/sindbancarios-convoca-assembleia-e-mateada-em-defesa-do-banrisul\\\/#webpage\",\"url\":\"https:\\\/\\\/www.jornalja.com.br\\\/arquivo\\\/sindbancarios-convoca-assembleia-e-mateada-em-defesa-do-banrisul\\\/\",\"name\":\"Sindbanc\\u00e1rios convoca assembl\\u00e9ia e mateada em defesa do Banrisul | Arquivo\",\"inLanguage\":\"pt-BR\",\"isPartOf\":{\"@id\":\"https:\\\/\\\/www.jornalja.com.br\\\/arquivo\\\/#website\"},\"breadcrumb\":{\"@id\":\"https:\\\/\\\/www.jornalja.com.br\\\/arquivo\\\/sindbancarios-convoca-assembleia-e-mateada-em-defesa-do-banrisul\\\/#breadcrumblist\"},\"author\":{\"@id\":\"https:\\\/\\\/www.jornalja.com.br\\\/arquivo\\\/author\\\/daredacao\\\/#author\"},\"creator\":{\"@id\":\"https:\\\/\\\/www.jornalja.com.br\\\/arquivo\\\/author\\\/daredacao\\\/#author\"},\"image\":{\"@type\":\"ImageObject\",\"url\":45981,\"@id\":\"https:\\\/\\\/www.jornalja.com.br\\\/arquivo\\\/sindbancarios-convoca-assembleia-e-mateada-em-defesa-do-banrisul\\\/#mainImage\"},\"primaryImageOfPage\":{\"@id\":\"https:\\\/\\\/www.jornalja.com.br\\\/arquivo\\\/sindbancarios-convoca-assembleia-e-mateada-em-defesa-do-banrisul\\\/#mainImage\"},\"datePublished\":\"2017-03-17T18:47:47-03:00\",\"dateModified\":\"2017-03-17T18:47:47-03:00\"},{\"@type\":\"WebSite\",\"@id\":\"https:\\\/\\\/www.jornalja.com.br\\\/arquivo\\\/#website\",\"url\":\"https:\\\/\\\/www.jornalja.com.br\\\/arquivo\\\/\",\"name\":\"Arquivo\",\"description\":\"Jornal J\\u00c1 | Porto Alegre\",\"inLanguage\":\"pt-BR\",\"publisher\":{\"@id\":\"https:\\\/\\\/www.jornalja.com.br\\\/arquivo\\\/#organization\"}}]}\n\t\t<\/script>\n\t\t<!-- All in One SEO -->\n\n","aioseo_head_json":{"title":"Sindbanc\u00e1rios convoca assembl\u00e9ia e mateada em defesa do Banrisul | Arquivo","description":"","canonical_url":"https:\/\/www.jornalja.com.br\/arquivo\/sindbancarios-convoca-assembleia-e-mateada-em-defesa-do-banrisul\/","robots":"max-image-preview:large","keywords":"","webmasterTools":{"miscellaneous":""},"schema":{"@context":"https:\/\/schema.org","@graph":[{"@type":"BlogPosting","@id":"https:\/\/www.jornalja.com.br\/arquivo\/sindbancarios-convoca-assembleia-e-mateada-em-defesa-do-banrisul\/#blogposting","name":"Sindbanc\u00e1rios convoca assembl\u00e9ia e mateada em defesa do Banrisul | Arquivo","headline":"Sindbanc\u00e1rios convoca assembl\u00e9ia e mateada em defesa do Banrisul","author":{"@id":"https:\/\/www.jornalja.com.br\/arquivo\/author\/daredacao\/#author"},"publisher":{"@id":"https:\/\/www.jornalja.com.br\/arquivo\/#organization"},"image":{"@type":"ImageObject","url":45981},"datePublished":"2017-03-17T18:47:47-03:00","dateModified":"2017-03-17T18:47:47-03:00","inLanguage":"pt-BR","mainEntityOfPage":{"@id":"https:\/\/www.jornalja.com.br\/arquivo\/sindbancarios-convoca-assembleia-e-mateada-em-defesa-do-banrisul\/#webpage"},"isPartOf":{"@id":"https:\/\/www.jornalja.com.br\/arquivo\/sindbancarios-convoca-assembleia-e-mateada-em-defesa-do-banrisul\/#webpage"},"articleSection":"Geral"},{"@type":"BreadcrumbList","@id":"https:\/\/www.jornalja.com.br\/arquivo\/sindbancarios-convoca-assembleia-e-mateada-em-defesa-do-banrisul\/#breadcrumblist","itemListElement":[{"@type":"ListItem","@id":"https:\/\/www.jornalja.com.br\/arquivo#listItem","position":1,"name":"Home","item":"https:\/\/www.jornalja.com.br\/arquivo","nextItem":{"@type":"ListItem","@id":"https:\/\/www.jornalja.com.br\/arquivo\/category\/geral\/#listItem","name":"Geral"}},{"@type":"ListItem","@id":"https:\/\/www.jornalja.com.br\/arquivo\/category\/geral\/#listItem","position":2,"name":"Geral","item":"https:\/\/www.jornalja.com.br\/arquivo\/category\/geral\/","nextItem":{"@type":"ListItem","@id":"https:\/\/www.jornalja.com.br\/arquivo\/sindbancarios-convoca-assembleia-e-mateada-em-defesa-do-banrisul\/#listItem","name":"Sindbanc\u00e1rios convoca assembl\u00e9ia e mateada em defesa do Banrisul"},"previousItem":{"@type":"ListItem","@id":"https:\/\/www.jornalja.com.br\/arquivo#listItem","name":"Home"}},{"@type":"ListItem","@id":"https:\/\/www.jornalja.com.br\/arquivo\/sindbancarios-convoca-assembleia-e-mateada-em-defesa-do-banrisul\/#listItem","position":3,"name":"Sindbanc\u00e1rios convoca assembl\u00e9ia e mateada em defesa do Banrisul","previousItem":{"@type":"ListItem","@id":"https:\/\/www.jornalja.com.br\/arquivo\/category\/geral\/#listItem","name":"Geral"}}]},{"@type":"Organization","@id":"https:\/\/www.jornalja.com.br\/arquivo\/#organization","name":"Jornal J\u00c1","description":"Jornal J\u00c1 | Porto Alegre","url":"https:\/\/www.jornalja.com.br\/arquivo\/","telephone":"+555133307272","logo":{"@type":"ImageObject","url":"https:\/\/www.jornalja.com.br\/wp-content\/uploads\/cards\/JAslogan.png","@id":"https:\/\/www.jornalja.com.br\/arquivo\/sindbancarios-convoca-assembleia-e-mateada-em-defesa-do-banrisul\/#organizationLogo"},"image":{"@id":"https:\/\/www.jornalja.com.br\/arquivo\/sindbancarios-convoca-assembleia-e-mateada-em-defesa-do-banrisul\/#organizationLogo"}},{"@type":"Person","@id":"https:\/\/www.jornalja.com.br\/arquivo\/author\/daredacao\/#author","url":"https:\/\/www.jornalja.com.br\/arquivo\/author\/daredacao\/","name":"da Reda\u00e7\u00e3o","image":{"@type":"ImageObject","@id":"https:\/\/www.jornalja.com.br\/arquivo\/sindbancarios-convoca-assembleia-e-mateada-em-defesa-do-banrisul\/#authorImage","url":"https:\/\/secure.gravatar.com\/avatar\/469fd857d6605ad19919d27ed29d35a968a25f6e8fd9318356bbb7f57aae9c65?s=96&d=mm&r=g","width":96,"height":96,"caption":"da Reda\u00e7\u00e3o"}},{"@type":"WebPage","@id":"https:\/\/www.jornalja.com.br\/arquivo\/sindbancarios-convoca-assembleia-e-mateada-em-defesa-do-banrisul\/#webpage","url":"https:\/\/www.jornalja.com.br\/arquivo\/sindbancarios-convoca-assembleia-e-mateada-em-defesa-do-banrisul\/","name":"Sindbanc\u00e1rios convoca assembl\u00e9ia e mateada em defesa do Banrisul | Arquivo","inLanguage":"pt-BR","isPartOf":{"@id":"https:\/\/www.jornalja.com.br\/arquivo\/#website"},"breadcrumb":{"@id":"https:\/\/www.jornalja.com.br\/arquivo\/sindbancarios-convoca-assembleia-e-mateada-em-defesa-do-banrisul\/#breadcrumblist"},"author":{"@id":"https:\/\/www.jornalja.com.br\/arquivo\/author\/daredacao\/#author"},"creator":{"@id":"https:\/\/www.jornalja.com.br\/arquivo\/author\/daredacao\/#author"},"image":{"@type":"ImageObject","url":45981,"@id":"https:\/\/www.jornalja.com.br\/arquivo\/sindbancarios-convoca-assembleia-e-mateada-em-defesa-do-banrisul\/#mainImage"},"primaryImageOfPage":{"@id":"https:\/\/www.jornalja.com.br\/arquivo\/sindbancarios-convoca-assembleia-e-mateada-em-defesa-do-banrisul\/#mainImage"},"datePublished":"2017-03-17T18:47:47-03:00","dateModified":"2017-03-17T18:47:47-03:00"},{"@type":"WebSite","@id":"https:\/\/www.jornalja.com.br\/arquivo\/#website","url":"https:\/\/www.jornalja.com.br\/arquivo\/","name":"Arquivo","description":"Jornal J\u00c1 | Porto Alegre","inLanguage":"pt-BR","publisher":{"@id":"https:\/\/www.jornalja.com.br\/arquivo\/#organization"}}]},"og:locale":"pt_BR","og:site_name":"Arquivo | Jornal J\u00c1 | Porto Alegre","og:type":"article","og:title":"Sindbanc\u00e1rios convoca assembl\u00e9ia e mateada em defesa do Banrisul | Arquivo","og:url":"https:\/\/www.jornalja.com.br\/arquivo\/sindbancarios-convoca-assembleia-e-mateada-em-defesa-do-banrisul\/","og:image":"https:\/\/www.jornalja.com.br\/wp-content\/uploads\/2017\/03\/frente_web_lancamento-300x212.jpg","og:image:secure_url":"https:\/\/www.jornalja.com.br\/wp-content\/uploads\/2017\/03\/frente_web_lancamento-300x212.jpg","article:published_time":"2017-03-17T21:47:47+00:00","article:modified_time":"2017-03-17T21:47:47+00:00","twitter:card":"summary","twitter:title":"Sindbanc\u00e1rios convoca assembl\u00e9ia e mateada em defesa do Banrisul | Arquivo","twitter:image":"https:\/\/www.jornalja.com.br\/economics\/wp-content\/uploads\/sites\/11\/2026\/08\/ja-folhaderosto-facebook.jpg"},"aioseo_meta_data":{"post_id":"45969","title":null,"description":null,"keywords":null,"keyphrases":null,"primary_term":null,"canonical_url":null,"og_title":null,"og_description":null,"og_object_type":"default","og_image_type":"default","og_image_url":null,"og_image_width":null,"og_image_height":null,"og_image_custom_url":null,"og_image_custom_fields":null,"og_video":null,"og_custom_url":null,"og_article_section":null,"og_article_tags":null,"twitter_use_og":false,"twitter_card":"default","twitter_image_type":"default","twitter_image_url":null,"twitter_image_custom_url":null,"twitter_image_custom_fields":null,"twitter_title":null,"twitter_description":null,"schema":{"blockGraphs":[],"customGraphs":[],"default":{"data":{"Article":[],"Course":[],"Dataset":[],"FAQPage":[],"Movie":[],"Person":[],"Product":[],"ProductReview":[],"Car":[],"Recipe":[],"Service":[],"SoftwareApplication":[],"WebPage":[]},"graphName":"","isEnabled":true},"graphs":[],"defaultGraph":"","defaultPostTypeGraph":""},"schema_type":null,"schema_type_options":null,"pillar_content":false,"robots_default":true,"robots_noindex":false,"robots_noarchive":false,"robots_nosnippet":false,"robots_nofollow":false,"robots_noimageindex":false,"robots_noodp":false,"robots_notranslate":false,"robots_max_snippet":null,"robots_max_videopreview":null,"robots_max_imagepreview":"large","priority":null,"frequency":null,"location":null,"local_seo":null,"breadcrumb_settings":null,"limit_modified_date":false,"ai":null,"created":"2020-12-20 20:38:10","updated":"2025-07-19 20:30:20","seo_analyzer_scan_date":null,"focus_keyword":null,"additional_keywords":null,"truseo_locale":null},"jetpack_sharing_enabled":true,"jetpack-related-posts":[{"id":13101,"url":"https:\/\/www.jornalja.com.br\/arquivo\/morre-um-guerreiro-do-texto\/","url_meta":{"origin":45969,"position":0},"title":"Morre um guerreiro do texto","author":"Patr\u00edcia Marini","date":"14 de maio de 2014","format":false,"excerpt":"Por Ricardo Kotscho Reproduzido do blog do autor, 11\/5\/2014; t\u00edtulo original \u201cE l\u00e1 se foi o nosso Myltainho, guerreiro do texto\u201d. Mi\u00fado e franzino, meu amigo Myltainho era um valente e inconformado guerreiro na luta contra as injusti\u00e7as sociais, a hipocrisia, as maracutaias, o autoritarismo, a intoler\u00e2ncia, a viol\u00eancia, o\u2026","rel":"","context":"Em &quot;Geral&quot;","block_context":{"text":"Geral","link":"https:\/\/www.jornalja.com.br\/arquivo\/category\/geral\/"},"img":{"alt_text":"","src":"","width":0,"height":0},"classes":[]},{"id":13124,"url":"https:\/\/www.jornalja.com.br\/arquivo\/sangue-latino-no-iecine\/","url_meta":{"origin":45969,"position":1},"title":"Sangue latino no IECINE","author":"da Reda\u00e7\u00e3o","date":"18 de maio de 2014","format":false,"excerpt":"Francisco Ribeiro O Instituto Estadual de Cinema (IECINE) tem a frente, desde abril \u00faltimo, um novo diretor, o cineasta colombiano Juan Zapata, 36, que substitui Luiz Alberto Cassol. Radicado h\u00e1 dez anos em Porto Alegre, Zapata tem diante de si o desafio de conduzir at\u00e9 o final do ano um\u2026","rel":"","context":"Em &quot;Cultura-Geral&quot;","block_context":{"text":"Cultura-Geral","link":"https:\/\/www.jornalja.com.br\/arquivo\/category\/materiasecundaria\/"},"img":{"alt_text":"","src":"","width":0,"height":0},"classes":[]},{"id":14241,"url":"https:\/\/www.jornalja.com.br\/arquivo\/o-guaiba-nas-imagens-poeticas-de-achutti\/","url_meta":{"origin":45969,"position":2},"title":"O Gua\u00edba nas imagens po\u00e9ticas de Achutti","author":"da Reda\u00e7\u00e3o","date":"18 de junho de 2014","format":false,"excerpt":"Em \u201cO Gua\u00edba por Achutti\u201d \u2013 obra financiada via Minist\u00e9rio da Cultura, produ\u00e7\u00e3o executiva de Pedro Longhi, e Fl\u00e1vio Wild como designer \u2013, o fot\u00f3grafo revela a beleza e as mazelas de um espa\u00e7o aqu\u00e1tico de \u00e1guas sempre renovadas, cheio de hist\u00f3rias e lendas como as das cidades que foram\u2026","rel":"","context":"Em &quot;Cultura-Geral&quot;","block_context":{"text":"Cultura-Geral","link":"https:\/\/www.jornalja.com.br\/arquivo\/category\/materiasecundaria\/"},"img":{"alt_text":"","src":"","width":0,"height":0},"classes":[]},{"id":13240,"url":"https:\/\/www.jornalja.com.br\/arquivo\/plano-diretor-estamos-construindo-o-caos\/","url_meta":{"origin":45969,"position":3},"title":"Plano diretor: &quot;Estamos construindo o caos&quot;","author":"Patr\u00edcia Marini","date":"26 de maio de 2014","format":false,"excerpt":"Desabafo que arquiteta Eliana Castilhos, delegada da Regi\u00e3o de Planejamento 1, postou nas redes sociais \u00e9 um testemunho do ambiente que se criou no Conselho do Plano Diretor de Porto Alegre, onde a aprova\u00e7\u00e3o de grandes empreendimentos \u00e9 empurrada guela abaixo dos conselheiros. Ao CMDUA Como delegada da Regi\u00e3o de\u2026","rel":"","context":"Em &quot;Geral&quot;","block_context":{"text":"Geral","link":"https:\/\/www.jornalja.com.br\/arquivo\/category\/geral\/"},"img":{"alt_text":"","src":"","width":0,"height":0},"classes":[]},{"id":5440,"url":"https:\/\/www.jornalja.com.br\/arquivo\/casarao-da-venancio-destino-permanece-incerto\/","url_meta":{"origin":45969,"position":4},"title":"Estado ainda n\u00e3o sabe o que fazer com casar\u00e3o abandonado h\u00e1 20 anos","author":"Elmar Bones","date":"6 de julho de 2009","format":false,"excerpt":"O casar\u00e3o amarelo, numa esquina nobre de Porto Alegre (Ven\u00e2ncio Aires com Jo\u00e3o Pessoa), j\u00e1 abrigou uma escola. H\u00e1 duas d\u00e9cadas, pelo menos, est\u00e1 abandonado, porque seu propriet\u00e1rio, o governo do Estado do Rio Grande do Sul, n\u00e3o consegue achar um destino para ele. Planos n\u00e3o faltaram. O governador Ol\u00edvio\u2026","rel":"","context":"Em &quot;X.Categorias velhas&quot;","block_context":{"text":"X.Categorias velhas","link":"https:\/\/www.jornalja.com.br\/arquivo\/category\/x-categorias-velhas\/"},"img":{"alt_text":"geraldo1","src":"https:\/\/i0.wp.com\/www.jornalja.com.br\/wp-content\/uploads\/2009\/07\/geraldo1.jpg?resize=350%2C200&ssl=1","width":350,"height":200},"classes":[]},{"id":12960,"url":"https:\/\/www.jornalja.com.br\/arquivo\/populacao-culpa-empresas-pela-greve-dos-rodoviarios\/","url_meta":{"origin":45969,"position":5},"title":"Popula\u00e7\u00e3o culpa empresas pela greve","author":"Patr\u00edcia Marini","date":"14 de fevereiro de 2014","format":false,"excerpt":"Pesquisa divulgada na edi\u00e7\u00e3o do jornal Metro desta sexta-feira,14, comprova o velho ditado: \u00e9 poss\u00edvel enganar muitos por algum tempo, mas n\u00e3o \u00e9 poss\u00edvel enganar a todos o tempo inteiro. A principal revela\u00e7\u00e3o foi que 59,8% dos entrevistados apontaram as empresas como as principais respons\u00e1veis pela grave e 46% culparam\u2026","rel":"","context":"Em &quot;X.Categorias velhas&quot;","block_context":{"text":"X.Categorias velhas","link":"https:\/\/www.jornalja.com.br\/arquivo\/category\/x-categorias-velhas\/"},"img":{"alt_text":"","src":"","width":0,"height":0},"classes":[]}],"jetpack_shortlink":"https:\/\/wp.me\/pbQjBd-bXr","jetpack_featured_media_url":"","_links":{"self":[{"href":"https:\/\/www.jornalja.com.br\/arquivo\/wp-json\/wp\/v2\/posts\/45969","targetHints":{"allow":["GET"]}}],"collection":[{"href":"https:\/\/www.jornalja.com.br\/arquivo\/wp-json\/wp\/v2\/posts"}],"about":[{"href":"https:\/\/www.jornalja.com.br\/arquivo\/wp-json\/wp\/v2\/types\/post"}],"author":[{"embeddable":true,"href":"https:\/\/www.jornalja.com.br\/arquivo\/wp-json\/wp\/v2\/users\/4"}],"replies":[{"embeddable":true,"href":"https:\/\/www.jornalja.com.br\/arquivo\/wp-json\/wp\/v2\/comments?post=45969"}],"version-history":[{"count":0,"href":"https:\/\/www.jornalja.com.br\/arquivo\/wp-json\/wp\/v2\/posts\/45969\/revisions"}],"wp:attachment":[{"href":"https:\/\/www.jornalja.com.br\/arquivo\/wp-json\/wp\/v2\/media?parent=45969"}],"wp:term":[{"taxonomy":"category","embeddable":true,"href":"https:\/\/www.jornalja.com.br\/arquivo\/wp-json\/wp\/v2\/categories?post=45969"},{"taxonomy":"post_tag","embeddable":true,"href":"https:\/\/www.jornalja.com.br\/arquivo\/wp-json\/wp\/v2\/tags?post=45969"}],"curies":[{"name":"wp","href":"https:\/\/api.w.org\/{rel}","templated":true}]}}