{"id":45975,"date":"2017-03-17T20:19:08","date_gmt":"2017-03-17T23:19:08","guid":{"rendered":"https:\/\/www.jornalja.com.br\/?p=45975"},"modified":"2017-03-17T20:19:08","modified_gmt":"2017-03-17T23:19:08","slug":"eptc-propoe-aumento-de-8-para-onibus-em-porto-alegre","status":"publish","type":"post","link":"https:\/\/www.jornalja.com.br\/arquivo\/eptc-propoe-aumento-de-8-para-onibus-em-porto-alegre\/","title":{"rendered":"EPTC prop\u00f5e aumento de 8% para \u00f4nibus em Porto Alegre"},"content":{"rendered":"<p>A EPTC manteve a pr\u00e1tica dos \u00faltimos dez anos e encaminhou ao Conselho Municipal dos Transportes Urbanos (Comtu), a proposta de um aumento acima da infla\u00e7\u00e3o para a tarifa do transporte coletivo em Porto Alegre.<br \/>\nSeguindo estudo anterior, definiu em R$ 4,05 a nova tarifa, aumento de 8%, para uma infla\u00e7\u00e3o abaixo dos 5%.<br \/>\nA Associa\u00e7\u00e3o dos Transportadores de Passageiros de Porto Alegre (ATP) havia pedido R$ 4,26. As concession\u00e1rias dizem que com a crise e o desemprego e a perda de passageiros \u00a0tem como reduzir o custo, ao contr\u00e1rio.<br \/>\nEm acordo fechado com os rodovi\u00e1rios, as empresas deram 5,5% de aumento.<br \/>\nA reuni\u00e3o do Comtu que aceitar\u00e1 ou n\u00e3o o valor da passagem ser\u00e1 no dia 28 de mar\u00e7o. Se aceito, ser\u00e1 enviado para o prefeito Nelson Marchezan Junior para assinar o decreto da nova passagem.<br \/>\n&nbsp;<\/p>\n","protected":false},"excerpt":{"rendered":"<p>A EPTC manteve a pr\u00e1tica dos \u00faltimos dez anos e encaminhou ao Conselho Municipal dos Transportes Urbanos (Comtu), a proposta de um aumento acima da infla\u00e7\u00e3o para a tarifa do transporte coletivo em Porto Alegre. Seguindo estudo anterior, definiu em R$ 4,05 a nova tarifa, aumento de 8%, para uma infla\u00e7\u00e3o abaixo dos 5%. A [&hellip;]<\/p>\n","protected":false},"author":4,"featured_media":45992,"comment_status":"open","ping_status":"closed","sticky":false,"template":"","format":"standard","meta":{"_jetpack_memberships_contains_paid_content":false,"footnotes":""},"categories":[26],"tags":[],"class_list":["post-45975","post","type-post","status-publish","format-standard","has-post-thumbnail","hentry","category-geral"],"aioseo_notices":[],"jetpack_featured_media_url":"","jetpack_sharing_enabled":true,"jetpack-related-posts":[{"id":1280,"url":"https:\/\/www.jornalja.com.br\/arquivo\/o-menino-que-se-tornou-brizola\/","url_meta":{"origin":45975,"position":0},"title":"O Menino que se Tornou Brizola","author":"da Reda\u00e7\u00e3o","date":"28 de julho de 2008","format":false,"excerpt":"Autor: Cleber Dioni A vida de Leonel Brizola, com \u00eanfase para os primeiros anos em Porto Alegre, at\u00e9 o ex\u00edlio no Uruguai e a volta, quinze anos depois. \u00a0\"...\u00c9ramos todos jovens e nos identific\u00e1vamos com aquela massa an\u00f4nima a percorrer as ruas de Porto Alegre, gritando 'Get\u00falio', 'Get\u00falio' e empunhando\u2026","rel":"","context":"Em &quot;Livros&quot;","block_context":{"text":"Livros","link":"https:\/\/www.jornalja.com.br\/arquivo\/category\/livros\/"},"img":{"alt_text":"","src":"https:\/\/i0.wp.com\/www.jornalja.com.br\/wp-content\/uploads\/2008\/07\/brizola.gif?resize=350%2C200&ssl=1","width":350,"height":200},"classes":[]}],"jetpack_shortlink":"https:\/\/wp.me\/pbQjBd-bXx","_links":{"self":[{"href":"https:\/\/www.jornalja.com.br\/arquivo\/wp-json\/wp\/v2\/posts\/45975","targetHints":{"allow":["GET"]}}],"collection":[{"href":"https:\/\/www.jornalja.com.br\/arquivo\/wp-json\/wp\/v2\/posts"}],"about":[{"href":"https:\/\/www.jornalja.com.br\/arquivo\/wp-json\/wp\/v2\/types\/post"}],"author":[{"embeddable":true,"href":"https:\/\/www.jornalja.com.br\/arquivo\/wp-json\/wp\/v2\/users\/4"}],"replies":[{"embeddable":true,"href":"https:\/\/www.jornalja.com.br\/arquivo\/wp-json\/wp\/v2\/comments?post=45975"}],"version-history":[{"count":0,"href":"https:\/\/www.jornalja.com.br\/arquivo\/wp-json\/wp\/v2\/posts\/45975\/revisions"}],"wp:featuredmedia":[{"embeddable":true,"href":"https:\/\/www.jornalja.com.br\/arquivo\/wp-json\/"}],"wp:attachment":[{"href":"https:\/\/www.jornalja.com.br\/arquivo\/wp-json\/wp\/v2\/media?parent=45975"}],"wp:term":[{"taxonomy":"category","embeddable":true,"href":"https:\/\/www.jornalja.com.br\/arquivo\/wp-json\/wp\/v2\/categories?post=45975"},{"taxonomy":"post_tag","embeddable":true,"href":"https:\/\/www.jornalja.com.br\/arquivo\/wp-json\/wp\/v2\/tags?post=45975"}],"curies":[{"name":"wp","href":"https:\/\/api.w.org\/{rel}","templated":true}]}}