{"id":46010,"date":"2017-03-20T09:01:35","date_gmt":"2017-03-20T12:01:35","guid":{"rendered":"https:\/\/www.jornalja.com.br\/?p=46010"},"modified":"2017-03-20T09:01:35","modified_gmt":"2017-03-20T12:01:35","slug":"rafael-guimaraens-traz-20-novos-relatos-do-passado-de-poa","status":"publish","type":"post","link":"https:\/\/www.jornalja.com.br\/arquivo\/rafael-guimaraens-traz-20-novos-relatos-do-passado-de-poa\/","title":{"rendered":"Rafael Guimaraens traz 20 novos relatos do passado de POA"},"content":{"rendered":"<p><span class=\"assina\">GERALDO HASSE<\/span><br \/>\nO jornalista-escritor Rafael Guimaraens, 60 anos, que vem se especializando na recontagem de antigas hist\u00f3rias portoalegrenses, \u00a0lan\u00e7a nesta ter\u00e7a \u00a0(21) \u00e0 noite no Teatro Renascen\u00e7a (Erico Verissimo 307) \u201c20 Relatos Ins\u00f3litos Sobre Porto Alegre\u201d, livro de 224 p\u00e1ginas editado pela Libretos.<br \/>\nCom pre\u00e7o de R$ 34 nas livrarias ou pela internet, o livro abrange hist\u00f3rias ocorridas entre 1864 e 1979, algumas frequentemente lembradas como a de Maria Degolada, outras esquecidas ou ignoradas e uma ou outra devidamente escondidas por autoridades e familiares.<br \/>\n\u00c9 o caso do triste fim de Honorina de Castilhos, a vi\u00fava do presidente do Estado do Rio Grande do Sul, falecido durante uma cirurgia em 1903: cerca de um ano depois de perder o marido, ela se suicidou, deixando na orfandade seis filhos pequenos.<br \/>\n\u00c9 claro que Rafael Guimaraens n\u00e3o conta as hist\u00f3rias assim secamente.<br \/>\nCom a sutileza do rep\u00f3rter escolado em outros livros como A Dama da Lagoa e A Enchente de 1941, ele explora detalhes bizarros, resgata as circunst\u00e2ncias da \u00e9poca e analisa o contexto, \u201csem julgamentos\u201d, bem de acordo com o rigor \u00e9tico das melhores escolas de jornalismo e\/ou comunica\u00e7\u00e3o social. \u201cS\u00e3o hist\u00f3rias bizarras que certamente v\u00e3o provocar rea\u00e7\u00f5es desencontradas\u201d, acredita o autor.<br \/>\nNo caso do casal Castilhos, a chave do relato \u00e9 uma s\u00e9rie de cartas reveladoras do relacionamento entre ambos: Julio mandava, Honorina obedecia. Com o desaparecimento dele aos 43 anos, o Rio Grande ficou sem o chefe do governo e Honorina sem o marido e senhor. \u201c\u00c9 uma hist\u00f3ria inc\u00f4moda para os adeptos do positivismo\u201d, afirma Guimaraens, que n\u00e3o hesitou em colocar no livro uma hist\u00f3ria familiar envolvendo a figura de Araujo Vianna, um dos grandes nomes da m\u00fasica ga\u00facha, que faleceu em 1916.<br \/>\n\u201cEu nasci em 1956 e quem me ensinou a ler, com quatro para cinco anos de idade, foi uma tia-bisav\u00f3\u201d, conta Guimaraens. Antiga cantora l\u00edrica de temperamento forte, a velhota obrigava o guri a ler o jornal, pois j\u00e1 n\u00e3o enxergava direito. Nunca se casou: a\u00ed estava a hist\u00f3ria meio surrealista que o rep\u00f3rter s\u00f3 desvendaria na vida adulta.<br \/>\nA tia fora namorada do compositor Araujo Vianna, que rompeu o noivado quando soube que sofria de uma doen\u00e7a degenerativa que provavelmente o obrigaria a ficar em cadeira de rodas. Enquanto ela se quedava para sempre em Porto Alegre, o maestro se mudou para o Rio, onde morreu, v\u00edtima de paratifo.<br \/>\nComo tantas outras, \u00e9 uma hist\u00f3ria que certamente daria um livro, mas o autor admite ter conclu\u00eddo que nenhum dos relatos teria conte\u00fado para garantir um livro solo, como chegou a pensar, durante os v\u00e1rios anos em que andou vasculhando jornais, livros e ba\u00fas de estudiosos da hist\u00f3ria de Porto Alegre.<br \/>\nNa verdade, v\u00e1rios personagens dos 20 Relatos Ins\u00f3litos j\u00e1 renderam livros, como \u00e9 o caso do pr\u00f3prio m\u00fasico Araujo Vianna, que foi biografado por Cavalheiro Lima.<br \/>\nA hist\u00f3ria mais explorada \u00e9 a dos crimes da Rua do Arvoredo, atual Fernando Machado, onde supostamente se fabricava lingui\u00e7a de carne humana. Nesses casos mais conhecidos, Rafael Guimaraens optou por explorar detalhes marginais que podem dar um novo colorido \u00e0s hist\u00f3rias.<br \/>\n\u00c9 o caso do delegado Dario Callado, chefe de pol\u00edcia de Porto Alegre em 1864, o ano em que a Rua do Arvoredo se tornou famosa. Transferido para o Rio, ele desapareceu sem deixar not\u00edcias, pistas ou rastros.<br \/>\nE h\u00e1 tamb\u00e9m casos \u201cnovos\u201d, como a fugaz passagem do ator Tyrone Power por Porto Alegre em 1938. Viajando de Buenos Aires para o Rio, seu avi\u00e3o fez uma escala de abastecimento no aeroporto da capital ga\u00facha.<br \/>\nDurante a parada de 20 minutos, ele se disp\u00f4s a dar aut\u00f3grafos e posar para fotos. O evento simpl\u00f3rio virou um assalto de f\u00e3s enlouquecidas que tiraram peda\u00e7os da roupa e se apossaram do chap\u00e9u do astro americano.<br \/>\nMisturando v\u00e1rias hist\u00f3rias reais em relatos jornal\u00edsticos com sabor de conto e\/ou cr\u00f4nica, o novo livro de Rafael Guimaraens vai para as ruas com tiragem inicial de 1 500 exemplares. Na noite de lan\u00e7amento, antes dos aut\u00f3grafos, o autor ser\u00e1 entrevistado por Ivete Brandalise, uma das lendas vivas do radiojornalismo ga\u00facho.<\/p>\n","protected":false},"excerpt":{"rendered":"<p>GERALDO HASSE O jornalista-escritor Rafael Guimaraens, 60 anos, que vem se especializando na recontagem de antigas hist\u00f3rias portoalegrenses, \u00a0lan\u00e7a nesta ter\u00e7a \u00a0(21) \u00e0 noite no Teatro Renascen\u00e7a (Erico Verissimo 307) \u201c20 Relatos Ins\u00f3litos Sobre Porto Alegre\u201d, livro de 224 p\u00e1ginas editado pela Libretos. Com pre\u00e7o de R$ 34 nas livrarias ou pela internet, o livro [&hellip;]<\/p>\n","protected":false},"author":4,"featured_media":46014,"comment_status":"open","ping_status":"closed","sticky":false,"template":"","format":"standard","meta":{"_jetpack_newsletter_access":"","_jetpack_dont_email_post_to_subs":false,"_jetpack_newsletter_tier_id":0,"_jetpack_memberships_contains_paywalled_content":false,"_jetpack_feature_clip_id":0,"_jetpack_memberships_contains_paid_content":false,"footnotes":"","jetpack_post_was_ever_published":false},"categories":[26],"tags":[],"class_list":["post-46010","post","type-post","status-publish","format-standard","has-post-thumbnail","hentry","category-geral"],"aioseo_notices":[],"aioseo_head":"\n\t\t<!-- All in One SEO 5.0.1.1 - aioseo.com -->\n\t<meta name=\"robots\" content=\"max-image-preview:large\" \/>\n\t<meta name=\"author\" content=\"da Reda\u00e7\u00e3o\"\/>\n\t<link rel=\"canonical\" href=\"https:\/\/www.jornalja.com.br\/arquivo\/rafael-guimaraens-traz-20-novos-relatos-do-passado-de-poa\/\" \/>\n\t<meta name=\"generator\" content=\"All in One SEO (AIOSEO) 5.0.1.1\" \/>\n\t\t<meta property=\"og:locale\" content=\"pt_BR\" \/>\n\t\t<meta property=\"og:site_name\" content=\"Arquivo | Jornal J\u00c1 | Porto Alegre\" \/>\n\t\t<meta property=\"og:type\" content=\"article\" \/>\n\t\t<meta property=\"og:title\" content=\"Rafael Guimaraens traz 20 novos relatos do passado de POA | Arquivo\" \/>\n\t\t<meta property=\"og:url\" content=\"https:\/\/www.jornalja.com.br\/arquivo\/rafael-guimaraens-traz-20-novos-relatos-do-passado-de-poa\/\" \/>\n\t\t<meta property=\"og:image\" content=\"https:\/\/www.jornalja.com.br\/economics\/wp-content\/uploads\/sites\/11\/2026\/08\/ja-folhaderosto-facebook.jpg\" \/>\n\t\t<meta property=\"og:image:secure_url\" content=\"https:\/\/www.jornalja.com.br\/economics\/wp-content\/uploads\/sites\/11\/2026\/08\/ja-folhaderosto-facebook.jpg\" \/>\n\t\t<meta property=\"article:published_time\" content=\"2017-03-20T12:01:35+00:00\" \/>\n\t\t<meta property=\"article:modified_time\" content=\"2017-03-20T12:01:35+00:00\" \/>\n\t\t<meta name=\"twitter:card\" content=\"summary\" \/>\n\t\t<meta name=\"twitter:title\" content=\"Rafael Guimaraens traz 20 novos relatos do passado de POA | Arquivo\" \/>\n\t\t<meta name=\"twitter:image\" content=\"https:\/\/www.jornalja.com.br\/economics\/wp-content\/uploads\/sites\/11\/2026\/08\/ja-folhaderosto-facebook.jpg\" \/>\n\t\t<script type=\"application\/ld+json\" class=\"aioseo-schema\">\n\t\t\t{\"@context\":\"https:\\\/\\\/schema.org\",\"@graph\":[{\"@type\":\"BlogPosting\",\"@id\":\"https:\\\/\\\/www.jornalja.com.br\\\/arquivo\\\/rafael-guimaraens-traz-20-novos-relatos-do-passado-de-poa\\\/#blogposting\",\"name\":\"Rafael Guimaraens traz 20 novos relatos do passado de POA | Arquivo\",\"headline\":\"Rafael Guimaraens traz 20 novos relatos do passado de POA\",\"author\":{\"@id\":\"https:\\\/\\\/www.jornalja.com.br\\\/arquivo\\\/author\\\/daredacao\\\/#author\"},\"publisher\":{\"@id\":\"https:\\\/\\\/www.jornalja.com.br\\\/arquivo\\\/#organization\"},\"image\":{\"@type\":\"ImageObject\",\"url\":46014},\"datePublished\":\"2017-03-20T09:01:35-03:00\",\"dateModified\":\"2017-03-20T09:01:35-03:00\",\"inLanguage\":\"pt-BR\",\"mainEntityOfPage\":{\"@id\":\"https:\\\/\\\/www.jornalja.com.br\\\/arquivo\\\/rafael-guimaraens-traz-20-novos-relatos-do-passado-de-poa\\\/#webpage\"},\"isPartOf\":{\"@id\":\"https:\\\/\\\/www.jornalja.com.br\\\/arquivo\\\/rafael-guimaraens-traz-20-novos-relatos-do-passado-de-poa\\\/#webpage\"},\"articleSection\":\"Geral\"},{\"@type\":\"BreadcrumbList\",\"@id\":\"https:\\\/\\\/www.jornalja.com.br\\\/arquivo\\\/rafael-guimaraens-traz-20-novos-relatos-do-passado-de-poa\\\/#breadcrumblist\",\"itemListElement\":[{\"@type\":\"ListItem\",\"@id\":\"https:\\\/\\\/www.jornalja.com.br\\\/arquivo#listItem\",\"position\":1,\"name\":\"Home\",\"item\":\"https:\\\/\\\/www.jornalja.com.br\\\/arquivo\",\"nextItem\":{\"@type\":\"ListItem\",\"@id\":\"https:\\\/\\\/www.jornalja.com.br\\\/arquivo\\\/category\\\/geral\\\/#listItem\",\"name\":\"Geral\"}},{\"@type\":\"ListItem\",\"@id\":\"https:\\\/\\\/www.jornalja.com.br\\\/arquivo\\\/category\\\/geral\\\/#listItem\",\"position\":2,\"name\":\"Geral\",\"item\":\"https:\\\/\\\/www.jornalja.com.br\\\/arquivo\\\/category\\\/geral\\\/\",\"nextItem\":{\"@type\":\"ListItem\",\"@id\":\"https:\\\/\\\/www.jornalja.com.br\\\/arquivo\\\/rafael-guimaraens-traz-20-novos-relatos-do-passado-de-poa\\\/#listItem\",\"name\":\"Rafael Guimaraens traz 20 novos relatos do passado de POA\"},\"previousItem\":{\"@type\":\"ListItem\",\"@id\":\"https:\\\/\\\/www.jornalja.com.br\\\/arquivo#listItem\",\"name\":\"Home\"}},{\"@type\":\"ListItem\",\"@id\":\"https:\\\/\\\/www.jornalja.com.br\\\/arquivo\\\/rafael-guimaraens-traz-20-novos-relatos-do-passado-de-poa\\\/#listItem\",\"position\":3,\"name\":\"Rafael Guimaraens traz 20 novos relatos do passado de POA\",\"previousItem\":{\"@type\":\"ListItem\",\"@id\":\"https:\\\/\\\/www.jornalja.com.br\\\/arquivo\\\/category\\\/geral\\\/#listItem\",\"name\":\"Geral\"}}]},{\"@type\":\"Organization\",\"@id\":\"https:\\\/\\\/www.jornalja.com.br\\\/arquivo\\\/#organization\",\"name\":\"Jornal J\\u00c1\",\"description\":\"Jornal J\\u00c1 | Porto Alegre\",\"url\":\"https:\\\/\\\/www.jornalja.com.br\\\/arquivo\\\/\",\"telephone\":\"+555133307272\",\"logo\":{\"@type\":\"ImageObject\",\"url\":\"https:\\\/\\\/www.jornalja.com.br\\\/wp-content\\\/uploads\\\/cards\\\/JAslogan.png\",\"@id\":\"https:\\\/\\\/www.jornalja.com.br\\\/arquivo\\\/rafael-guimaraens-traz-20-novos-relatos-do-passado-de-poa\\\/#organizationLogo\"},\"image\":{\"@id\":\"https:\\\/\\\/www.jornalja.com.br\\\/arquivo\\\/rafael-guimaraens-traz-20-novos-relatos-do-passado-de-poa\\\/#organizationLogo\"}},{\"@type\":\"Person\",\"@id\":\"https:\\\/\\\/www.jornalja.com.br\\\/arquivo\\\/author\\\/daredacao\\\/#author\",\"url\":\"https:\\\/\\\/www.jornalja.com.br\\\/arquivo\\\/author\\\/daredacao\\\/\",\"name\":\"da Reda\\u00e7\\u00e3o\",\"image\":{\"@type\":\"ImageObject\",\"@id\":\"https:\\\/\\\/www.jornalja.com.br\\\/arquivo\\\/rafael-guimaraens-traz-20-novos-relatos-do-passado-de-poa\\\/#authorImage\",\"url\":\"https:\\\/\\\/secure.gravatar.com\\\/avatar\\\/469fd857d6605ad19919d27ed29d35a968a25f6e8fd9318356bbb7f57aae9c65?s=96&d=mm&r=g\",\"width\":96,\"height\":96,\"caption\":\"da Reda\\u00e7\\u00e3o\"}},{\"@type\":\"WebPage\",\"@id\":\"https:\\\/\\\/www.jornalja.com.br\\\/arquivo\\\/rafael-guimaraens-traz-20-novos-relatos-do-passado-de-poa\\\/#webpage\",\"url\":\"https:\\\/\\\/www.jornalja.com.br\\\/arquivo\\\/rafael-guimaraens-traz-20-novos-relatos-do-passado-de-poa\\\/\",\"name\":\"Rafael Guimaraens traz 20 novos relatos do passado de POA | Arquivo\",\"inLanguage\":\"pt-BR\",\"isPartOf\":{\"@id\":\"https:\\\/\\\/www.jornalja.com.br\\\/arquivo\\\/#website\"},\"breadcrumb\":{\"@id\":\"https:\\\/\\\/www.jornalja.com.br\\\/arquivo\\\/rafael-guimaraens-traz-20-novos-relatos-do-passado-de-poa\\\/#breadcrumblist\"},\"author\":{\"@id\":\"https:\\\/\\\/www.jornalja.com.br\\\/arquivo\\\/author\\\/daredacao\\\/#author\"},\"creator\":{\"@id\":\"https:\\\/\\\/www.jornalja.com.br\\\/arquivo\\\/author\\\/daredacao\\\/#author\"},\"image\":{\"@type\":\"ImageObject\",\"url\":46014,\"@id\":\"https:\\\/\\\/www.jornalja.com.br\\\/arquivo\\\/rafael-guimaraens-traz-20-novos-relatos-do-passado-de-poa\\\/#mainImage\"},\"primaryImageOfPage\":{\"@id\":\"https:\\\/\\\/www.jornalja.com.br\\\/arquivo\\\/rafael-guimaraens-traz-20-novos-relatos-do-passado-de-poa\\\/#mainImage\"},\"datePublished\":\"2017-03-20T09:01:35-03:00\",\"dateModified\":\"2017-03-20T09:01:35-03:00\"},{\"@type\":\"WebSite\",\"@id\":\"https:\\\/\\\/www.jornalja.com.br\\\/arquivo\\\/#website\",\"url\":\"https:\\\/\\\/www.jornalja.com.br\\\/arquivo\\\/\",\"name\":\"Arquivo\",\"description\":\"Jornal J\\u00c1 | Porto Alegre\",\"inLanguage\":\"pt-BR\",\"publisher\":{\"@id\":\"https:\\\/\\\/www.jornalja.com.br\\\/arquivo\\\/#organization\"}}]}\n\t\t<\/script>\n\t\t<!-- All in One SEO -->\n\n","aioseo_head_json":{"title":"Rafael Guimaraens traz 20 novos relatos do passado de POA | Arquivo","description":"","canonical_url":"https:\/\/www.jornalja.com.br\/arquivo\/rafael-guimaraens-traz-20-novos-relatos-do-passado-de-poa\/","robots":"max-image-preview:large","keywords":"","webmasterTools":{"miscellaneous":""},"schema":{"@context":"https:\/\/schema.org","@graph":[{"@type":"BlogPosting","@id":"https:\/\/www.jornalja.com.br\/arquivo\/rafael-guimaraens-traz-20-novos-relatos-do-passado-de-poa\/#blogposting","name":"Rafael Guimaraens traz 20 novos relatos do passado de POA | Arquivo","headline":"Rafael Guimaraens traz 20 novos relatos do passado de POA","author":{"@id":"https:\/\/www.jornalja.com.br\/arquivo\/author\/daredacao\/#author"},"publisher":{"@id":"https:\/\/www.jornalja.com.br\/arquivo\/#organization"},"image":{"@type":"ImageObject","url":46014},"datePublished":"2017-03-20T09:01:35-03:00","dateModified":"2017-03-20T09:01:35-03:00","inLanguage":"pt-BR","mainEntityOfPage":{"@id":"https:\/\/www.jornalja.com.br\/arquivo\/rafael-guimaraens-traz-20-novos-relatos-do-passado-de-poa\/#webpage"},"isPartOf":{"@id":"https:\/\/www.jornalja.com.br\/arquivo\/rafael-guimaraens-traz-20-novos-relatos-do-passado-de-poa\/#webpage"},"articleSection":"Geral"},{"@type":"BreadcrumbList","@id":"https:\/\/www.jornalja.com.br\/arquivo\/rafael-guimaraens-traz-20-novos-relatos-do-passado-de-poa\/#breadcrumblist","itemListElement":[{"@type":"ListItem","@id":"https:\/\/www.jornalja.com.br\/arquivo#listItem","position":1,"name":"Home","item":"https:\/\/www.jornalja.com.br\/arquivo","nextItem":{"@type":"ListItem","@id":"https:\/\/www.jornalja.com.br\/arquivo\/category\/geral\/#listItem","name":"Geral"}},{"@type":"ListItem","@id":"https:\/\/www.jornalja.com.br\/arquivo\/category\/geral\/#listItem","position":2,"name":"Geral","item":"https:\/\/www.jornalja.com.br\/arquivo\/category\/geral\/","nextItem":{"@type":"ListItem","@id":"https:\/\/www.jornalja.com.br\/arquivo\/rafael-guimaraens-traz-20-novos-relatos-do-passado-de-poa\/#listItem","name":"Rafael Guimaraens traz 20 novos relatos do passado de POA"},"previousItem":{"@type":"ListItem","@id":"https:\/\/www.jornalja.com.br\/arquivo#listItem","name":"Home"}},{"@type":"ListItem","@id":"https:\/\/www.jornalja.com.br\/arquivo\/rafael-guimaraens-traz-20-novos-relatos-do-passado-de-poa\/#listItem","position":3,"name":"Rafael Guimaraens traz 20 novos relatos do passado de POA","previousItem":{"@type":"ListItem","@id":"https:\/\/www.jornalja.com.br\/arquivo\/category\/geral\/#listItem","name":"Geral"}}]},{"@type":"Organization","@id":"https:\/\/www.jornalja.com.br\/arquivo\/#organization","name":"Jornal J\u00c1","description":"Jornal J\u00c1 | Porto Alegre","url":"https:\/\/www.jornalja.com.br\/arquivo\/","telephone":"+555133307272","logo":{"@type":"ImageObject","url":"https:\/\/www.jornalja.com.br\/wp-content\/uploads\/cards\/JAslogan.png","@id":"https:\/\/www.jornalja.com.br\/arquivo\/rafael-guimaraens-traz-20-novos-relatos-do-passado-de-poa\/#organizationLogo"},"image":{"@id":"https:\/\/www.jornalja.com.br\/arquivo\/rafael-guimaraens-traz-20-novos-relatos-do-passado-de-poa\/#organizationLogo"}},{"@type":"Person","@id":"https:\/\/www.jornalja.com.br\/arquivo\/author\/daredacao\/#author","url":"https:\/\/www.jornalja.com.br\/arquivo\/author\/daredacao\/","name":"da Reda\u00e7\u00e3o","image":{"@type":"ImageObject","@id":"https:\/\/www.jornalja.com.br\/arquivo\/rafael-guimaraens-traz-20-novos-relatos-do-passado-de-poa\/#authorImage","url":"https:\/\/secure.gravatar.com\/avatar\/469fd857d6605ad19919d27ed29d35a968a25f6e8fd9318356bbb7f57aae9c65?s=96&d=mm&r=g","width":96,"height":96,"caption":"da Reda\u00e7\u00e3o"}},{"@type":"WebPage","@id":"https:\/\/www.jornalja.com.br\/arquivo\/rafael-guimaraens-traz-20-novos-relatos-do-passado-de-poa\/#webpage","url":"https:\/\/www.jornalja.com.br\/arquivo\/rafael-guimaraens-traz-20-novos-relatos-do-passado-de-poa\/","name":"Rafael Guimaraens traz 20 novos relatos do passado de POA | Arquivo","inLanguage":"pt-BR","isPartOf":{"@id":"https:\/\/www.jornalja.com.br\/arquivo\/#website"},"breadcrumb":{"@id":"https:\/\/www.jornalja.com.br\/arquivo\/rafael-guimaraens-traz-20-novos-relatos-do-passado-de-poa\/#breadcrumblist"},"author":{"@id":"https:\/\/www.jornalja.com.br\/arquivo\/author\/daredacao\/#author"},"creator":{"@id":"https:\/\/www.jornalja.com.br\/arquivo\/author\/daredacao\/#author"},"image":{"@type":"ImageObject","url":46014,"@id":"https:\/\/www.jornalja.com.br\/arquivo\/rafael-guimaraens-traz-20-novos-relatos-do-passado-de-poa\/#mainImage"},"primaryImageOfPage":{"@id":"https:\/\/www.jornalja.com.br\/arquivo\/rafael-guimaraens-traz-20-novos-relatos-do-passado-de-poa\/#mainImage"},"datePublished":"2017-03-20T09:01:35-03:00","dateModified":"2017-03-20T09:01:35-03:00"},{"@type":"WebSite","@id":"https:\/\/www.jornalja.com.br\/arquivo\/#website","url":"https:\/\/www.jornalja.com.br\/arquivo\/","name":"Arquivo","description":"Jornal J\u00c1 | Porto Alegre","inLanguage":"pt-BR","publisher":{"@id":"https:\/\/www.jornalja.com.br\/arquivo\/#organization"}}]},"og:locale":"pt_BR","og:site_name":"Arquivo | Jornal J\u00c1 | Porto Alegre","og:type":"article","og:title":"Rafael Guimaraens traz 20 novos relatos do passado de POA | Arquivo","og:url":"https:\/\/www.jornalja.com.br\/arquivo\/rafael-guimaraens-traz-20-novos-relatos-do-passado-de-poa\/","og:image":"https:\/\/www.jornalja.com.br\/economics\/wp-content\/uploads\/sites\/11\/2026\/08\/ja-folhaderosto-facebook.jpg","og:image:secure_url":"https:\/\/www.jornalja.com.br\/economics\/wp-content\/uploads\/sites\/11\/2026\/08\/ja-folhaderosto-facebook.jpg","article:published_time":"2017-03-20T12:01:35+00:00","article:modified_time":"2017-03-20T12:01:35+00:00","twitter:card":"summary","twitter:title":"Rafael Guimaraens traz 20 novos relatos do passado de POA | Arquivo","twitter:image":"https:\/\/www.jornalja.com.br\/economics\/wp-content\/uploads\/sites\/11\/2026\/08\/ja-folhaderosto-facebook.jpg"},"aioseo_meta_data":{"post_id":"46010","title":null,"description":null,"keywords":null,"keyphrases":null,"primary_term":null,"canonical_url":null,"og_title":null,"og_description":null,"og_object_type":"default","og_image_type":"default","og_image_url":null,"og_image_width":null,"og_image_height":null,"og_image_custom_url":null,"og_image_custom_fields":null,"og_video":null,"og_custom_url":null,"og_article_section":null,"og_article_tags":null,"twitter_use_og":false,"twitter_card":"default","twitter_image_type":"default","twitter_image_url":null,"twitter_image_custom_url":null,"twitter_image_custom_fields":null,"twitter_title":null,"twitter_description":null,"schema":{"blockGraphs":[],"customGraphs":[],"default":{"data":{"Article":[],"Course":[],"Dataset":[],"FAQPage":[],"Movie":[],"Person":[],"Product":[],"ProductReview":[],"Car":[],"Recipe":[],"Service":[],"SoftwareApplication":[],"WebPage":[]},"graphName":"","isEnabled":true},"graphs":[],"defaultGraph":"","defaultPostTypeGraph":""},"schema_type":null,"schema_type_options":null,"pillar_content":false,"robots_default":true,"robots_noindex":false,"robots_noarchive":false,"robots_nosnippet":false,"robots_nofollow":false,"robots_noimageindex":false,"robots_noodp":false,"robots_notranslate":false,"robots_max_snippet":null,"robots_max_videopreview":null,"robots_max_imagepreview":"large","priority":null,"frequency":null,"location":null,"local_seo":null,"breadcrumb_settings":null,"limit_modified_date":false,"ai":null,"created":"2020-12-20 20:38:10","updated":"2025-07-19 20:30:20","seo_analyzer_scan_date":null,"focus_keyword":null,"additional_keywords":null,"truseo_locale":null},"jetpack_sharing_enabled":true,"jetpack-related-posts":[{"id":1280,"url":"https:\/\/www.jornalja.com.br\/arquivo\/o-menino-que-se-tornou-brizola\/","url_meta":{"origin":46010,"position":0},"title":"O Menino que se Tornou Brizola","author":"da Reda\u00e7\u00e3o","date":"28 de julho de 2008","format":false,"excerpt":"Autor: Cleber Dioni A vida de Leonel Brizola, com \u00eanfase para os primeiros anos em Porto Alegre, at\u00e9 o ex\u00edlio no Uruguai e a volta, quinze anos depois. \u00a0\"...\u00c9ramos todos jovens e nos identific\u00e1vamos com aquela massa an\u00f4nima a percorrer as ruas de Porto Alegre, gritando 'Get\u00falio', 'Get\u00falio' e empunhando\u2026","rel":"","context":"Em &quot;Livros&quot;","block_context":{"text":"Livros","link":"https:\/\/www.jornalja.com.br\/arquivo\/category\/livros\/"},"img":{"alt_text":"","src":"https:\/\/i0.wp.com\/www.jornalja.com.br\/wp-content\/uploads\/2008\/07\/brizola.gif?resize=350%2C200&ssl=1","width":350,"height":200},"classes":[]},{"id":14241,"url":"https:\/\/www.jornalja.com.br\/arquivo\/o-guaiba-nas-imagens-poeticas-de-achutti\/","url_meta":{"origin":46010,"position":1},"title":"O Gua\u00edba nas imagens po\u00e9ticas de Achutti","author":"da Reda\u00e7\u00e3o","date":"18 de junho de 2014","format":false,"excerpt":"Em \u201cO Gua\u00edba por Achutti\u201d \u2013 obra financiada via Minist\u00e9rio da Cultura, produ\u00e7\u00e3o executiva de Pedro Longhi, e Fl\u00e1vio Wild como designer \u2013, o fot\u00f3grafo revela a beleza e as mazelas de um espa\u00e7o aqu\u00e1tico de \u00e1guas sempre renovadas, cheio de hist\u00f3rias e lendas como as das cidades que foram\u2026","rel":"","context":"Em &quot;Cultura-Geral&quot;","block_context":{"text":"Cultura-Geral","link":"https:\/\/www.jornalja.com.br\/arquivo\/category\/materiasecundaria\/"},"img":{"alt_text":"","src":"","width":0,"height":0},"classes":[]},{"id":13101,"url":"https:\/\/www.jornalja.com.br\/arquivo\/morre-um-guerreiro-do-texto\/","url_meta":{"origin":46010,"position":2},"title":"Morre um guerreiro do texto","author":"Patr\u00edcia Marini","date":"14 de maio de 2014","format":false,"excerpt":"Por Ricardo Kotscho Reproduzido do blog do autor, 11\/5\/2014; t\u00edtulo original \u201cE l\u00e1 se foi o nosso Myltainho, guerreiro do texto\u201d. Mi\u00fado e franzino, meu amigo Myltainho era um valente e inconformado guerreiro na luta contra as injusti\u00e7as sociais, a hipocrisia, as maracutaias, o autoritarismo, a intoler\u00e2ncia, a viol\u00eancia, o\u2026","rel":"","context":"Em &quot;Geral&quot;","block_context":{"text":"Geral","link":"https:\/\/www.jornalja.com.br\/arquivo\/category\/geral\/"},"img":{"alt_text":"","src":"","width":0,"height":0},"classes":[]},{"id":13240,"url":"https:\/\/www.jornalja.com.br\/arquivo\/plano-diretor-estamos-construindo-o-caos\/","url_meta":{"origin":46010,"position":3},"title":"Plano diretor: &quot;Estamos construindo o caos&quot;","author":"Patr\u00edcia Marini","date":"26 de maio de 2014","format":false,"excerpt":"Desabafo que arquiteta Eliana Castilhos, delegada da Regi\u00e3o de Planejamento 1, postou nas redes sociais \u00e9 um testemunho do ambiente que se criou no Conselho do Plano Diretor de Porto Alegre, onde a aprova\u00e7\u00e3o de grandes empreendimentos \u00e9 empurrada guela abaixo dos conselheiros. Ao CMDUA Como delegada da Regi\u00e3o de\u2026","rel":"","context":"Em &quot;Geral&quot;","block_context":{"text":"Geral","link":"https:\/\/www.jornalja.com.br\/arquivo\/category\/geral\/"},"img":{"alt_text":"","src":"","width":0,"height":0},"classes":[]},{"id":13109,"url":"https:\/\/www.jornalja.com.br\/arquivo\/judiciario-reconhece-poluicao-eletromagnetica\/","url_meta":{"origin":46010,"position":4},"title":"Judici\u00e1rio reconhece polui\u00e7\u00e3o eletromagn\u00e9tica","author":"Patr\u00edcia Marini","date":"16 de maio de 2014","format":false,"excerpt":"A\u00e7\u00e3o de duas associa\u00e7\u00f5es de moradores foi acolhida pelo Tribunal de Justi\u00e7a de S\u00e3o Paulo que. em decis\u00e3o in\u00e9dita, determinou a redu\u00e7\u00e3o do campo eletromagn\u00e9tico gerado pelas linhas de transmiss\u00e3o de energia que cortam os bairros City Boa\u00e7ava e Alto de Pinheiros. \u00c9 a primeira vez que um tribunal do\u2026","rel":"","context":"Em &quot;X.Categorias velhas&quot;","block_context":{"text":"X.Categorias velhas","link":"https:\/\/www.jornalja.com.br\/arquivo\/category\/x-categorias-velhas\/"},"img":{"alt_text":"","src":"","width":0,"height":0},"classes":[]},{"id":5440,"url":"https:\/\/www.jornalja.com.br\/arquivo\/casarao-da-venancio-destino-permanece-incerto\/","url_meta":{"origin":46010,"position":5},"title":"Estado ainda n\u00e3o sabe o que fazer com casar\u00e3o abandonado h\u00e1 20 anos","author":"Elmar Bones","date":"6 de julho de 2009","format":false,"excerpt":"O casar\u00e3o amarelo, numa esquina nobre de Porto Alegre (Ven\u00e2ncio Aires com Jo\u00e3o Pessoa), j\u00e1 abrigou uma escola. H\u00e1 duas d\u00e9cadas, pelo menos, est\u00e1 abandonado, porque seu propriet\u00e1rio, o governo do Estado do Rio Grande do Sul, n\u00e3o consegue achar um destino para ele. Planos n\u00e3o faltaram. O governador Ol\u00edvio\u2026","rel":"","context":"Em &quot;X.Categorias velhas&quot;","block_context":{"text":"X.Categorias velhas","link":"https:\/\/www.jornalja.com.br\/arquivo\/category\/x-categorias-velhas\/"},"img":{"alt_text":"geraldo1","src":"https:\/\/i0.wp.com\/www.jornalja.com.br\/wp-content\/uploads\/2009\/07\/geraldo1.jpg?resize=350%2C200&ssl=1","width":350,"height":200},"classes":[]}],"jetpack_shortlink":"https:\/\/wp.me\/pbQjBd-bY6","jetpack_featured_media_url":"","_links":{"self":[{"href":"https:\/\/www.jornalja.com.br\/arquivo\/wp-json\/wp\/v2\/posts\/46010","targetHints":{"allow":["GET"]}}],"collection":[{"href":"https:\/\/www.jornalja.com.br\/arquivo\/wp-json\/wp\/v2\/posts"}],"about":[{"href":"https:\/\/www.jornalja.com.br\/arquivo\/wp-json\/wp\/v2\/types\/post"}],"author":[{"embeddable":true,"href":"https:\/\/www.jornalja.com.br\/arquivo\/wp-json\/wp\/v2\/users\/4"}],"replies":[{"embeddable":true,"href":"https:\/\/www.jornalja.com.br\/arquivo\/wp-json\/wp\/v2\/comments?post=46010"}],"version-history":[{"count":0,"href":"https:\/\/www.jornalja.com.br\/arquivo\/wp-json\/wp\/v2\/posts\/46010\/revisions"}],"wp:attachment":[{"href":"https:\/\/www.jornalja.com.br\/arquivo\/wp-json\/wp\/v2\/media?parent=46010"}],"wp:term":[{"taxonomy":"category","embeddable":true,"href":"https:\/\/www.jornalja.com.br\/arquivo\/wp-json\/wp\/v2\/categories?post=46010"},{"taxonomy":"post_tag","embeddable":true,"href":"https:\/\/www.jornalja.com.br\/arquivo\/wp-json\/wp\/v2\/tags?post=46010"}],"curies":[{"name":"wp","href":"https:\/\/api.w.org\/{rel}","templated":true}]}}