{"id":46021,"date":"2017-03-20T11:56:48","date_gmt":"2017-03-20T14:56:48","guid":{"rendered":"https:\/\/www.jornalja.com.br\/?p=46021"},"modified":"2017-03-20T11:56:48","modified_gmt":"2017-03-20T14:56:48","slug":"feiras-de-organicos-produzidos-em-assentamentos-ganham-espaco","status":"publish","type":"post","link":"https:\/\/www.jornalja.com.br\/arquivo\/feiras-de-organicos-produzidos-em-assentamentos-ganham-espaco\/","title":{"rendered":"Feiras de org\u00e2nicos produzidos em assentamentos ganham espa\u00e7o"},"content":{"rendered":"<p>Elas n\u00e3o constam da lista oficial de feiras livres, mas crescem e se espalham pela regi\u00e3o central da cidade: s\u00e3o as feiras de alimentos org\u00e2nicos produzidos em assentamentos do MST , que h\u00e1 mais de uma d\u00e9cada aboliu os agrot\u00f3xicos e vem aperfei\u00e7oando as t\u00e9cnicas de agroecologia.<br \/>\nDesde outubro de 2015 funciona no espa\u00e7o da associa\u00e7\u00e3o dos servidores do Hospital de Cl\u00ednicas de Porto Alegre (Ashclin) a feira do grupo M\u00e3os na Terra, integrante do assentamento Santa Rita de C\u00e1ssia II, de Nova Santa Rita. \u00c9 resultado da integra\u00e7\u00e3o dos produtores com o N\u00facleo de Economia Solid\u00e1ria da Ufrgs.<br \/>\nAl\u00e9m das hortali\u00e7as da esta\u00e7\u00e3o, oferece feij\u00e3o crioulo e arroz da Coopan. Ali tamb\u00e9m se encontra mel de S\u00e3o Gabriel e frutas silvestres dos Campos de Cima da Serra. Banana e lim\u00e3o sempre tem.<br \/>\nO pre\u00e7o \u00e9 atraente, pois a venda \u00e9 feita diretamente pelos produtores. No mesmo dia em que uma bandeja de 400 gramas de tomate cereja era vendida a R$ 9,25 numa rede de supermercados, ali o quilo custava R$ 10,00.<br \/>\nFunciona \u00e0s quartas-feiras, das 7h30 \u00e0s 16h, mas quem chega depois do meio-dia j\u00e1 encontra poucas verduras. Criada para atender aos servidores do hospital, acabou conquistando tamb\u00e9m parte da vizinhan\u00e7a. E agora tem reprise aos s\u00e1bados, das 9h \u00e0s 13h, na rua R\u00f4mulo Teles Pessoa, em Petr\u00f3polis (atr\u00e1s do restaurante Barranco).<br \/>\nNo Campus Central da Ufrgs, quem faz a feira \u00e9 o assentamento S\u00e3o Sep\u00e9, de Viam\u00e3o. E quem perde as feiras ainda tem a op\u00e7\u00e3o de comprar na loja da Reforma Agr\u00e1ria do Mercado P\u00fablico, abastecida de hortali\u00e7as \u00e0s ter\u00e7as, quartas e sextas-feiras.<br \/>\n&nbsp;<\/p>\n","protected":false},"excerpt":{"rendered":"<p>Elas n\u00e3o constam da lista oficial de feiras livres, mas crescem e se espalham pela regi\u00e3o central da cidade: s\u00e3o as feiras de alimentos org\u00e2nicos produzidos em assentamentos do MST , que h\u00e1 mais de uma d\u00e9cada aboliu os agrot\u00f3xicos e vem aperfei\u00e7oando as t\u00e9cnicas de agroecologia. Desde outubro de 2015 funciona no espa\u00e7o da [&hellip;]<\/p>\n","protected":false},"author":4,"featured_media":46022,"comment_status":"open","ping_status":"closed","sticky":false,"template":"","format":"standard","meta":{"_jetpack_memberships_contains_paid_content":false,"footnotes":""},"categories":[26],"tags":[],"class_list":["post-46021","post","type-post","status-publish","format-standard","has-post-thumbnail","hentry","category-geral"],"aioseo_notices":[],"jetpack_featured_media_url":"","jetpack_sharing_enabled":true,"jetpack-related-posts":[],"jetpack_shortlink":"https:\/\/wp.me\/pbQjBd-bYh","_links":{"self":[{"href":"https:\/\/www.jornalja.com.br\/arquivo\/wp-json\/wp\/v2\/posts\/46021","targetHints":{"allow":["GET"]}}],"collection":[{"href":"https:\/\/www.jornalja.com.br\/arquivo\/wp-json\/wp\/v2\/posts"}],"about":[{"href":"https:\/\/www.jornalja.com.br\/arquivo\/wp-json\/wp\/v2\/types\/post"}],"author":[{"embeddable":true,"href":"https:\/\/www.jornalja.com.br\/arquivo\/wp-json\/wp\/v2\/users\/4"}],"replies":[{"embeddable":true,"href":"https:\/\/www.jornalja.com.br\/arquivo\/wp-json\/wp\/v2\/comments?post=46021"}],"version-history":[{"count":0,"href":"https:\/\/www.jornalja.com.br\/arquivo\/wp-json\/wp\/v2\/posts\/46021\/revisions"}],"wp:featuredmedia":[{"embeddable":true,"href":"https:\/\/www.jornalja.com.br\/arquivo\/wp-json\/"}],"wp:attachment":[{"href":"https:\/\/www.jornalja.com.br\/arquivo\/wp-json\/wp\/v2\/media?parent=46021"}],"wp:term":[{"taxonomy":"category","embeddable":true,"href":"https:\/\/www.jornalja.com.br\/arquivo\/wp-json\/wp\/v2\/categories?post=46021"},{"taxonomy":"post_tag","embeddable":true,"href":"https:\/\/www.jornalja.com.br\/arquivo\/wp-json\/wp\/v2\/tags?post=46021"}],"curies":[{"name":"wp","href":"https:\/\/api.w.org\/{rel}","templated":true}]}}