{"id":46038,"date":"2017-03-20T15:02:47","date_gmt":"2017-03-20T18:02:47","guid":{"rendered":"https:\/\/www.jornalja.com.br\/?p=46038"},"modified":"2017-03-20T15:02:47","modified_gmt":"2017-03-20T18:02:47","slug":"ceu-do-pampa-a-anoite-e-tema-de-exposicao-de-fotografias","status":"publish","type":"post","link":"https:\/\/www.jornalja.com.br\/arquivo\/ceu-do-pampa-a-anoite-e-tema-de-exposicao-de-fotografias\/","title":{"rendered":"C\u00e9u estrelado do pampa \u00e9 tema de exposi\u00e7\u00e3o de fotografias"},"content":{"rendered":"<div class=\"blocotexto\">\n<em>&#8220;Ora (direis) ouvir estrelas!\u00a0<\/em><em style=\"font-weight: 300\">Certo,\u00a0<\/em><em style=\"font-weight: 300\">\u00a0<\/em><br \/>\n<em style=\"font-weight: 300\">Perdeste o senso!&#8221; E eu vos direi, no entanto,<\/em><br \/>\n<em> Que, para ouvi-las, muitas vezes desperto<\/em><br \/>\n<em>E abro as janelas, p\u00e1lido de espanto&#8230;\u201d<\/em>\n<\/div>\n<p>Foi assim, seguindo a recomenda\u00e7\u00e3o do pr\u00edncipe dos poetas brasileiros, Olavo Bilac, \u00a0no poema \u201cOuvir Estrelas\u201d que o fot\u00f3grafo Ot\u00e1vio Teixeira idealizou a exposi\u00e7\u00e3o \u201cEstelar- Sobre os C\u00e9us do Pampa, que abre a partir da ter\u00e7a feira, dia 21, no Centro Cultural CEEE Erico Ver\u00edssimo.<br \/>\nSegundo o fot\u00f3grafo, o projeto foi gestado em viagens pelo interior ga\u00facho, realizadas entre 2012 e 2013. \u201cEntre lidas campeiras, suas gentes e paisagens, os objetos retratos foram as noites quentes e completamente escuras do c\u00e9u pampeano, mostrando o firmamento com seus intermin\u00e1veis objetos estelares. S\u00e3o estas imagens noturnas que quero, agora, dividir com o p\u00fablico\u201d, explica Teixeira.<br \/>\n<strong>Lugares escuros<\/strong><br \/>\nPara a obten\u00e7\u00e3o das imagens noturnas foram necess\u00e1rias duas condi\u00e7\u00f5es. Estar em lugares escuros, afastado de ilumina\u00e7\u00e3o artificial e controlar bem a exposi\u00e7\u00e3o de cada fotografia. Algumas levaram minutos, outras horas, segundo ele.<br \/>\nA mostra consta com 17 fotografias nos tamanhos 50&#215;70 em papel matte com molduras em madeira. A curadoria \u00e9 do fot\u00f3grafo Jorge Aguiar, museografia de Ester Mayer e apoio t\u00e9cnico de Bas\u00edlio Santiago, astrof\u00edsico da UFRGS e equipe do Centro Cultural CEEE Erico Verissimo.<br \/>\n<strong>SERVI\u00c7O<\/strong><br \/>\nExposi\u00e7\u00e3o: Estelar- Sobre os c\u00e9us do Pampa<br \/>\nLocal:\u00a0 Centro Cultural CEEE\u00a0 ERICO VERISSIMO, rua dos Andradas, 1223, Centro Hist\u00f3rico<br \/>\nAbertura: dia 21 de mar\u00e7o de 2017, \u00e0s 19h na Sala\u00a0 \u201cO Retrato\u201d, quarto andar.<br \/>\nVisita\u00e7\u00e3o: \u00a0de ter\u00e7a a sexta das 10 \u00e0s 19h; s\u00e1bado das 11 \u00e0s 18h entrada franca, de 21 de mar\u00e7o a 29 de abril de 2017.<\/p>\n","protected":false},"excerpt":{"rendered":"<p>&#8220;Ora (direis) ouvir estrelas!\u00a0Certo,\u00a0\u00a0 Perdeste o senso!&#8221; E eu vos direi, no entanto, Que, para ouvi-las, muitas vezes desperto E abro as janelas, p\u00e1lido de espanto&#8230;\u201d Foi assim, seguindo a recomenda\u00e7\u00e3o do pr\u00edncipe dos poetas brasileiros, Olavo Bilac, \u00a0no poema \u201cOuvir Estrelas\u201d que o fot\u00f3grafo Ot\u00e1vio Teixeira idealizou a exposi\u00e7\u00e3o \u201cEstelar- Sobre os C\u00e9us do [&hellip;]<\/p>\n","protected":false},"author":4,"featured_media":46041,"comment_status":"open","ping_status":"closed","sticky":false,"template":"","format":"standard","meta":{"_jetpack_memberships_contains_paid_content":false,"footnotes":""},"categories":[26],"tags":[],"class_list":["post-46038","post","type-post","status-publish","format-standard","has-post-thumbnail","hentry","category-geral"],"aioseo_notices":[],"jetpack_featured_media_url":"","jetpack_sharing_enabled":true,"jetpack-related-posts":[],"jetpack_shortlink":"https:\/\/wp.me\/pbQjBd-bYy","_links":{"self":[{"href":"https:\/\/www.jornalja.com.br\/arquivo\/wp-json\/wp\/v2\/posts\/46038","targetHints":{"allow":["GET"]}}],"collection":[{"href":"https:\/\/www.jornalja.com.br\/arquivo\/wp-json\/wp\/v2\/posts"}],"about":[{"href":"https:\/\/www.jornalja.com.br\/arquivo\/wp-json\/wp\/v2\/types\/post"}],"author":[{"embeddable":true,"href":"https:\/\/www.jornalja.com.br\/arquivo\/wp-json\/wp\/v2\/users\/4"}],"replies":[{"embeddable":true,"href":"https:\/\/www.jornalja.com.br\/arquivo\/wp-json\/wp\/v2\/comments?post=46038"}],"version-history":[{"count":0,"href":"https:\/\/www.jornalja.com.br\/arquivo\/wp-json\/wp\/v2\/posts\/46038\/revisions"}],"wp:featuredmedia":[{"embeddable":true,"href":"https:\/\/www.jornalja.com.br\/arquivo\/wp-json\/"}],"wp:attachment":[{"href":"https:\/\/www.jornalja.com.br\/arquivo\/wp-json\/wp\/v2\/media?parent=46038"}],"wp:term":[{"taxonomy":"category","embeddable":true,"href":"https:\/\/www.jornalja.com.br\/arquivo\/wp-json\/wp\/v2\/categories?post=46038"},{"taxonomy":"post_tag","embeddable":true,"href":"https:\/\/www.jornalja.com.br\/arquivo\/wp-json\/wp\/v2\/tags?post=46038"}],"curies":[{"name":"wp","href":"https:\/\/api.w.org\/{rel}","templated":true}]}}