{"id":46063,"date":"2017-03-20T19:14:26","date_gmt":"2017-03-20T22:14:26","guid":{"rendered":"https:\/\/www.jornalja.com.br\/?p=46063"},"modified":"2017-03-20T19:14:26","modified_gmt":"2017-03-20T22:14:26","slug":"lila-borges-canta-sucessos-de-elis-na-biblioteca-do-estado","status":"publish","type":"post","link":"https:\/\/www.jornalja.com.br\/arquivo\/lila-borges-canta-sucessos-de-elis-na-biblioteca-do-estado\/","title":{"rendered":"Lila Borges canta sucessos de Elis na Biblioteca do Estado"},"content":{"rendered":"<p>M\u00fasica de qualidade em um espa\u00e7o cultural p\u00fablico. Essa \u00e9 a f\u00f3rmula bem sucedida do projeto \u201cChap\u00e9u Ac\u00fastico\u201d, que acontece as ter\u00e7as-feiras, na Biblioteca P\u00fablica Estadual.<br \/>\nNesse dia 21, a apresenta\u00e7\u00e3o \u00e9 ainda mais atraente ao p\u00fablico, j\u00e1 que traz a cantora Lila Borges interpretando o repert\u00f3rio da ga\u00facha Elis Regina, cuja morte completa 35 anos em 2017. Lila estar\u00e1 acompanhada pela pianista Dionara Fuentes.<br \/>\nEla explica que s\u00e3o can\u00e7\u00f5es que ficaram eternizadas pela voz de Elis, em uma releitura com sua identidade, n\u00e3o se tratando de simples imita\u00e7\u00e3o.<br \/>\nNo repert\u00f3rio \u201cUpa Neguinho\u201d, \u201cO b\u00eabado e o equilibrista\u201d, \u201cMadalena\u201d, num total de 13 can\u00e7\u00f5es.<br \/>\n<strong>Contribui\u00e7\u00e3o espont\u00e2nea<\/strong><br \/>\nO projeto Chap\u00e9u Ac\u00fastico \u00e9 realizado desde final de setembro de 2016, na Biblioteca P\u00fablica do Estado (BPE), proporcionando shows de m\u00fasicos reconhecidos no cen\u00e1rio art\u00edstico local, sem cobran\u00e7a de ingressos, com contribui\u00e7\u00e3o espont\u00e2nea no chap\u00e9u, como ocorrem nas apresenta\u00e7\u00f5es de rua.<br \/>\nProduzido por Marcos Monteiro, no ano passado contou com 13 apresenta\u00e7\u00f5es e um p\u00fablico de aproximadamente 500 pessoas.\u00a0Ser\u00e3o mais de 50 espet\u00e1culos durante o ano de 2017.<br \/>\nA aceita\u00e7\u00e3o da iniciativa pelos m\u00fasicos tem sido \u00f3tima, segundo Monteiro, que no \u00faltimo Poa Jazz Festival, em janeiro, teve contato com v\u00e1rios artistas, que demonstraram interesse em participar do evento. &#8220;Os m\u00fasicos n\u00e3o est\u00e3o interessados apenas em ganhar dinheiro, e sim levar sua m\u00fasica ao povo e utilizar os espa\u00e7os. Mesmo sem qualquer apoio p\u00fablico ou privado o Chap\u00e9u Ac\u00fastico est\u00e1 se autossustentando, pela necessidade de fazer cultura diante das dificuldades encontradas&#8221;, diz Marcos Monteiro.<br \/>\n<strong>Servi\u00e7o:<\/strong><br \/>\nDia: 7 de mar\u00e7o de 2017 (ter\u00e7a-feira).<br \/>\nHora: 19h.<br \/>\nLocal: Sal\u00e3o Mourisco da Biblioteca P\u00fablica do Estado\/BPE (Riachuelo, 1190)<br \/>\nIngresso: contribui\u00e7\u00e3o espont\u00e2nea, no chap\u00e9u.<\/p>\n","protected":false},"excerpt":{"rendered":"<p>M\u00fasica de qualidade em um espa\u00e7o cultural p\u00fablico. Essa \u00e9 a f\u00f3rmula bem sucedida do projeto \u201cChap\u00e9u Ac\u00fastico\u201d, que acontece as ter\u00e7as-feiras, na Biblioteca P\u00fablica Estadual. Nesse dia 21, a apresenta\u00e7\u00e3o \u00e9 ainda mais atraente ao p\u00fablico, j\u00e1 que traz a cantora Lila Borges interpretando o repert\u00f3rio da ga\u00facha Elis Regina, cuja morte completa 35 [&hellip;]<\/p>\n","protected":false},"author":5,"featured_media":46064,"comment_status":"open","ping_status":"closed","sticky":false,"template":"","format":"standard","meta":{"_jetpack_memberships_contains_paid_content":false,"footnotes":""},"categories":[26],"tags":[],"class_list":["post-46063","post","type-post","status-publish","format-standard","has-post-thumbnail","hentry","category-geral"],"aioseo_notices":[],"jetpack_featured_media_url":"","jetpack_sharing_enabled":true,"jetpack-related-posts":[],"jetpack_shortlink":"https:\/\/wp.me\/pbQjBd-bYX","_links":{"self":[{"href":"https:\/\/www.jornalja.com.br\/arquivo\/wp-json\/wp\/v2\/posts\/46063","targetHints":{"allow":["GET"]}}],"collection":[{"href":"https:\/\/www.jornalja.com.br\/arquivo\/wp-json\/wp\/v2\/posts"}],"about":[{"href":"https:\/\/www.jornalja.com.br\/arquivo\/wp-json\/wp\/v2\/types\/post"}],"author":[{"embeddable":true,"href":"https:\/\/www.jornalja.com.br\/arquivo\/wp-json\/wp\/v2\/users\/5"}],"replies":[{"embeddable":true,"href":"https:\/\/www.jornalja.com.br\/arquivo\/wp-json\/wp\/v2\/comments?post=46063"}],"version-history":[{"count":0,"href":"https:\/\/www.jornalja.com.br\/arquivo\/wp-json\/wp\/v2\/posts\/46063\/revisions"}],"wp:featuredmedia":[{"embeddable":true,"href":"https:\/\/www.jornalja.com.br\/arquivo\/wp-json\/"}],"wp:attachment":[{"href":"https:\/\/www.jornalja.com.br\/arquivo\/wp-json\/wp\/v2\/media?parent=46063"}],"wp:term":[{"taxonomy":"category","embeddable":true,"href":"https:\/\/www.jornalja.com.br\/arquivo\/wp-json\/wp\/v2\/categories?post=46063"},{"taxonomy":"post_tag","embeddable":true,"href":"https:\/\/www.jornalja.com.br\/arquivo\/wp-json\/wp\/v2\/tags?post=46063"}],"curies":[{"name":"wp","href":"https:\/\/api.w.org\/{rel}","templated":true}]}}