{"id":46074,"date":"2017-03-21T07:14:31","date_gmt":"2017-03-21T10:14:31","guid":{"rendered":"https:\/\/www.jornalja.com.br\/?p=46074"},"modified":"2017-03-21T07:14:31","modified_gmt":"2017-03-21T10:14:31","slug":"homens-armados-invadem-hospital-e-executam-trabalhador-rural","status":"publish","type":"post","link":"https:\/\/www.jornalja.com.br\/arquivo\/homens-armados-invadem-hospital-e-executam-trabalhador-rural\/","title":{"rendered":"Homens armados invadem hospital e executam trabalhador rural"},"content":{"rendered":"<p>O trabalhador rural Waldomiro Costa Pereira foi assassinado nesta segunda-feira (20) por um grupo de homens armados que invadiu o Hospital Geral de Parauapebas, no sudeste do Par\u00e1, onde ele estava internado.\u00a0Em nota, a Coordena\u00e7\u00e3o Estadual do MST paraense\u00a0lamentou o ocorrido.<br \/>\nWaldomiro, que n\u00e3o participava no per\u00edodo recente de inst\u00e2ncias de dire\u00e7\u00e3o do MST no estado, era militante do Partido dos Trabalhadores e havia assumido um cargo de assessoria na Prefeitura da cidade.<br \/>\nVigilantes do hospital relataram que, por volta de 2h30, foram rendidos por cinco homens encapuzados que portavam armas e chegaram em duas motocicletas. Tr\u00eas deles entraram no pr\u00e9dio em dire\u00e7\u00e3o \u00e0 UTI. A a\u00e7\u00e3o durou cerca de tr\u00eas minutos e foi registrada pelas c\u00e2meras de seguran\u00e7a do hospital. A Pol\u00edcia Civil de Parauapebas j\u00e1 abriu um inqu\u00e9rito para investigar o caso.<br \/>\nA nota divulgada pelo MST\u00a0destaca\u00a0que Waldomiro\u00a0contribuiu, desde 1996,\u00a0para a luta pela Reforma Agr\u00e1ria. A v\u00edtima era assentada no Assentamento 17 de abril, onde atuava desde sua ocupa\u00e7\u00e3o.<br \/>\n&#8220;\u00c9 com extrema tristeza que lamentamos sua morte e prestamos solidariedade a sua esposa, filhos, e toda a sua fam\u00edlia neste momento de dor e indigna\u00e7\u00e3o. O MST desconhece os motivos do assassinato. Como movimento de luta pela vida, repudiamos toda e qualquer forma de viol\u00eancia contra homens e mulheres. Esse \u00e9 mais um assassinato de trabalhadores no Estado do Par\u00e1 em\u00a0que o governo \u00e9 culpado por sua incompet\u00eancia em cuidar da seguran\u00e7a da popula\u00e7\u00e3o&#8221;. A \u00a0nota tamb\u00e9m ressalta que o crime foi &#8220;praticado em fun\u00e7\u00e3o da neglig\u00eancia do Estado em apurar e punir os crimes dessa natureza&#8221;.<br \/>\nO MST tamb\u00e9m exigiu uma resposta das autoridades para julgar &#8220;tamanha brutalidade cometida por um estado de viol\u00eancia que representa a banaliza\u00e7\u00e3o da vida em nossa sociedade&#8221;.<br \/>\nEm nota, a Prefeitura de Parauapebas, por meio da Secretaria Municipal de Sa\u00fade, informou que disponibilizar\u00e1 todas as imagens do circuito interno de grava\u00e7\u00e3o do hospital para as autoridades policiais.<br \/>\nFonte: Brasil de Fato<br \/>\n&nbsp;<\/p>\n","protected":false},"excerpt":{"rendered":"<p>O trabalhador rural Waldomiro Costa Pereira foi assassinado nesta segunda-feira (20) por um grupo de homens armados que invadiu o Hospital Geral de Parauapebas, no sudeste do Par\u00e1, onde ele estava internado.\u00a0Em nota, a Coordena\u00e7\u00e3o Estadual do MST paraense\u00a0lamentou o ocorrido. Waldomiro, que n\u00e3o participava no per\u00edodo recente de inst\u00e2ncias de dire\u00e7\u00e3o do MST no [&hellip;]<\/p>\n","protected":false},"author":4,"featured_media":46076,"comment_status":"open","ping_status":"closed","sticky":false,"template":"","format":"standard","meta":{"_jetpack_memberships_contains_paid_content":false,"footnotes":""},"categories":[26],"tags":[],"class_list":["post-46074","post","type-post","status-publish","format-standard","has-post-thumbnail","hentry","category-geral"],"aioseo_notices":[],"jetpack_featured_media_url":"","jetpack_sharing_enabled":true,"jetpack-related-posts":[{"id":1280,"url":"https:\/\/www.jornalja.com.br\/arquivo\/o-menino-que-se-tornou-brizola\/","url_meta":{"origin":46074,"position":0},"title":"O Menino que se Tornou Brizola","author":"da Reda\u00e7\u00e3o","date":"28 de julho de 2008","format":false,"excerpt":"Autor: Cleber Dioni A vida de Leonel Brizola, com \u00eanfase para os primeiros anos em Porto Alegre, at\u00e9 o ex\u00edlio no Uruguai e a volta, quinze anos depois. \u00a0\"...\u00c9ramos todos jovens e nos identific\u00e1vamos com aquela massa an\u00f4nima a percorrer as ruas de Porto Alegre, gritando 'Get\u00falio', 'Get\u00falio' e empunhando\u2026","rel":"","context":"Em &quot;Livros&quot;","block_context":{"text":"Livros","link":"https:\/\/www.jornalja.com.br\/arquivo\/category\/livros\/"},"img":{"alt_text":"","src":"https:\/\/i0.wp.com\/www.jornalja.com.br\/wp-content\/uploads\/2008\/07\/brizola.gif?resize=350%2C200&ssl=1","width":350,"height":200},"classes":[]}],"jetpack_shortlink":"https:\/\/wp.me\/pbQjBd-bZ8","_links":{"self":[{"href":"https:\/\/www.jornalja.com.br\/arquivo\/wp-json\/wp\/v2\/posts\/46074","targetHints":{"allow":["GET"]}}],"collection":[{"href":"https:\/\/www.jornalja.com.br\/arquivo\/wp-json\/wp\/v2\/posts"}],"about":[{"href":"https:\/\/www.jornalja.com.br\/arquivo\/wp-json\/wp\/v2\/types\/post"}],"author":[{"embeddable":true,"href":"https:\/\/www.jornalja.com.br\/arquivo\/wp-json\/wp\/v2\/users\/4"}],"replies":[{"embeddable":true,"href":"https:\/\/www.jornalja.com.br\/arquivo\/wp-json\/wp\/v2\/comments?post=46074"}],"version-history":[{"count":0,"href":"https:\/\/www.jornalja.com.br\/arquivo\/wp-json\/wp\/v2\/posts\/46074\/revisions"}],"wp:featuredmedia":[{"embeddable":true,"href":"https:\/\/www.jornalja.com.br\/arquivo\/wp-json\/"}],"wp:attachment":[{"href":"https:\/\/www.jornalja.com.br\/arquivo\/wp-json\/wp\/v2\/media?parent=46074"}],"wp:term":[{"taxonomy":"category","embeddable":true,"href":"https:\/\/www.jornalja.com.br\/arquivo\/wp-json\/wp\/v2\/categories?post=46074"},{"taxonomy":"post_tag","embeddable":true,"href":"https:\/\/www.jornalja.com.br\/arquivo\/wp-json\/wp\/v2\/tags?post=46074"}],"curies":[{"name":"wp","href":"https:\/\/api.w.org\/{rel}","templated":true}]}}