{"id":46084,"date":"2017-03-21T10:04:30","date_gmt":"2017-03-21T13:04:30","guid":{"rendered":"https:\/\/www.jornalja.com.br\/?p=46084"},"modified":"2017-03-21T10:04:30","modified_gmt":"2017-03-21T13:04:30","slug":"brasil-tem-17-milhoes-de-criancas-em-familias-que-ganham-ate-390-por-mes","status":"publish","type":"post","link":"https:\/\/www.jornalja.com.br\/arquivo\/brasil-tem-17-milhoes-de-criancas-em-familias-que-ganham-ate-390-por-mes\/","title":{"rendered":"Brasil tem 17 milh\u00f5es de crian\u00e7as em fam\u00edlias que ganham at\u00e9 390 por m\u00eas"},"content":{"rendered":"<p>Cerca de 17 milh\u00f5es de crian\u00e7as at\u00e9 14 anos \u2013 o que equivale a 40,2% da popula\u00e7\u00e3o brasileira nessa faixa et\u00e1ria \u2013 vivem em situa\u00e7\u00e3o de pobreza e extrema pobreza. Nesses faixas, a renda familiar per capita n\u00e3o passa de 390 reais por m\u00eas.<br \/>\nNo Norte e no Nordeste, regi\u00f5es que apresentam as piores situa\u00e7\u00f5es, mais da metade das crian\u00e7as [60,6% e 54%, respectivamente] vivem com renda domiciliar <em>per capita<\/em> mensal igual ou inferior a meio sal\u00e1rio m\u00ednimo.<br \/>\nDesse total, 5,8 milh\u00f5es vivem em situa\u00e7\u00e3o de extrema pobreza, caracterizada quando a renda <em>per capita<\/em> \u00e9 inferior a 25% do sal\u00e1rio m\u00ednimo.<br \/>\nOs dados fazem parte do relat\u00f3rio <em>Cen\u00e1rio da Inf\u00e2ncia e Adolesc\u00eancia no Brasil, <\/em>documento que faz um panorama da situa\u00e7\u00e3o infantil no pa\u00eds , divulgado pela Funda\u00e7\u00e3o Abrinq.<br \/>\nO estudo foi feito utilizando dados de fontes p\u00fablicas, entre elas o Instituto Brasileiro de Geografia e Estat\u00edstica (IBGE).<br \/>\nNesta quarta edi\u00e7\u00e3o, a publica\u00e7\u00e3o re\u00fane 23 indicadores sociais, divididos em temas como trabalho infantil, saneamento b\u00e1sico, mortalidade e educa\u00e7\u00e3o. A publica\u00e7\u00e3o tamb\u00e9m apresenta uma s\u00e9rie de propostas referentes \u00e0s crian\u00e7as e que est\u00e3o em tramita\u00e7\u00e3o no Congresso Nacional.<br \/>\n\u201cNesta edi\u00e7\u00e3o, al\u00e9m de retratar a situa\u00e7\u00e3o das crian\u00e7as no Brasil, tamb\u00e9m apresentamos a Pauta Priorit\u00e1ria da Inf\u00e2ncia e Adolesc\u00eancia no Congresso Nacional. O conte\u00fado revela as principais proposi\u00e7\u00f5es legislativas em tr\u00e2mite no Senado e na C\u00e2mara dos Deputados, com os respectivos posicionamentos da Funda\u00e7\u00e3o Abrinq baseados na efetiva\u00e7\u00e3o e prote\u00e7\u00e3o de direitos da crian\u00e7a e do adolescente no Brasil\u201d, disse Heloisa Oliveira, administradora executiva da Funda\u00e7\u00e3o Abrinq.<br \/>\n<strong>Viol\u00eancia<\/strong><br \/>\nUm dos temas abordados no documento \u00e9 a viol\u00eancia contra as crian\u00e7as e adolescentes. Segundo o estudo, 10.465 crian\u00e7as e jovens at\u00e9 19 anos foram assassinados no Brasil em 2015, o que corresponde a 18,4% dos homic\u00eddios cometidos no pa\u00eds nesse ano. Em mais de 80% dos casos, a morte ocorreu por uso de armas de fogo. A Regi\u00e3o Nordeste concentra a maior parte desses homic\u00eddios (4.564 casos), sendo 3.904 por arma de fogo.<br \/>\nA publica\u00e7\u00e3o tamb\u00e9m mostra que 153 mil den\u00fancias de viola\u00e7\u00f5es de direitos de crian\u00e7as e adolescentes chegaram ao Disque 100 em 2015, sendo que em 72,8% das liga\u00e7\u00f5es a den\u00fancia se referia a casos de neglig\u00eancia, seguida por relatos de viol\u00eancia psicol\u00f3gica (45,7%), viol\u00eancia f\u00edsica (42,4%) e viol\u00eancia sexual (21,3%).<br \/>\n<strong>Trabalho infantil<\/strong><br \/>\nCom base em dados oficiais, o documento revelou que as condi\u00e7\u00f5es do trabalho infantil est\u00e3o mais prec\u00e1rias. Embora tenha diminu\u00eddo o n\u00famero de crian\u00e7as e adolescentes em situa\u00e7\u00e3o de trabalho infantil na faixa de 10 a 17 anos [redu\u00e7\u00e3o de cerca de 659 mil crian\u00e7as e adolescentes ocupados em 2015 em compara\u00e7\u00e3o a 2014], houve aumento de 8,5 mil crian\u00e7as de 5 a 9 anos ocupadas.<br \/>\nO universo de crian\u00e7as e adolescentes entre 5 e 17 anos que trabalhavam n somou 2,67 milh\u00f5es em 2015. Mais de 60% delas s\u00e3o do Nordeste e do Sudeste, mas a maior concentra\u00e7\u00e3o ocorre na Regi\u00e3o Sul.<br \/>\nO estudo mostrou tamb\u00e9m dados mais positivos, como a taxa de cobertura em creches do pa\u00eds, que passou de 28,4% em 2014 para 30,4% em 2015 &#8211; ainda distante, no entanto, da meta estabelecida pelo Plano Nacional de Educa\u00e7\u00e3o, de chegar a 50% at\u00e9 2024. (EBC)<br \/>\nOs dados completos podem ser vistos no <em>site<\/em> <a href=\"http:\/\/observatoriocrianca.org.br\/\" target=\"_blank\" rel=\"noopener noreferrer\">www.observatoriocrianca.org.br<\/a><\/p>\n","protected":false},"excerpt":{"rendered":"<p>Cerca de 17 milh\u00f5es de crian\u00e7as at\u00e9 14 anos \u2013 o que equivale a 40,2% da popula\u00e7\u00e3o brasileira nessa faixa et\u00e1ria \u2013 vivem em situa\u00e7\u00e3o de pobreza e extrema pobreza. Nesses faixas, a renda familiar per capita n\u00e3o passa de 390 reais por m\u00eas. No Norte e no Nordeste, regi\u00f5es que apresentam as piores situa\u00e7\u00f5es, [&hellip;]<\/p>\n","protected":false},"author":4,"featured_media":46088,"comment_status":"open","ping_status":"closed","sticky":false,"template":"","format":"standard","meta":{"_jetpack_memberships_contains_paid_content":false,"footnotes":""},"categories":[26],"tags":[],"class_list":["post-46084","post","type-post","status-publish","format-standard","has-post-thumbnail","hentry","category-geral"],"aioseo_notices":[],"jetpack_featured_media_url":"","jetpack_sharing_enabled":true,"jetpack-related-posts":[],"jetpack_shortlink":"https:\/\/wp.me\/pbQjBd-bZi","_links":{"self":[{"href":"https:\/\/www.jornalja.com.br\/arquivo\/wp-json\/wp\/v2\/posts\/46084","targetHints":{"allow":["GET"]}}],"collection":[{"href":"https:\/\/www.jornalja.com.br\/arquivo\/wp-json\/wp\/v2\/posts"}],"about":[{"href":"https:\/\/www.jornalja.com.br\/arquivo\/wp-json\/wp\/v2\/types\/post"}],"author":[{"embeddable":true,"href":"https:\/\/www.jornalja.com.br\/arquivo\/wp-json\/wp\/v2\/users\/4"}],"replies":[{"embeddable":true,"href":"https:\/\/www.jornalja.com.br\/arquivo\/wp-json\/wp\/v2\/comments?post=46084"}],"version-history":[{"count":0,"href":"https:\/\/www.jornalja.com.br\/arquivo\/wp-json\/wp\/v2\/posts\/46084\/revisions"}],"wp:featuredmedia":[{"embeddable":true,"href":"https:\/\/www.jornalja.com.br\/arquivo\/wp-json\/"}],"wp:attachment":[{"href":"https:\/\/www.jornalja.com.br\/arquivo\/wp-json\/wp\/v2\/media?parent=46084"}],"wp:term":[{"taxonomy":"category","embeddable":true,"href":"https:\/\/www.jornalja.com.br\/arquivo\/wp-json\/wp\/v2\/categories?post=46084"},{"taxonomy":"post_tag","embeddable":true,"href":"https:\/\/www.jornalja.com.br\/arquivo\/wp-json\/wp\/v2\/tags?post=46084"}],"curies":[{"name":"wp","href":"https:\/\/api.w.org\/{rel}","templated":true}]}}