{"id":46087,"date":"2017-03-21T12:35:04","date_gmt":"2017-03-21T15:35:04","guid":{"rendered":"https:\/\/www.jornalja.com.br\/?p=46087"},"modified":"2017-03-21T12:35:04","modified_gmt":"2017-03-21T15:35:04","slug":"assembleia-inicia-votacoes-mas-pacote-de-sartori-nao-tem-data","status":"publish","type":"post","link":"https:\/\/www.jornalja.com.br\/arquivo\/assembleia-inicia-votacoes-mas-pacote-de-sartori-nao-tem-data\/","title":{"rendered":"Assembleia inicia vota\u00e7\u00f5es mas pacote de Sartori n\u00e3o tem data"},"content":{"rendered":"<p>H\u00e1 um m\u00eas e meio parada, a Assembleia retoma hoje as vota\u00e7\u00f5es.\u00a0Nesta tarde,\u00a0ser\u00e3o apreciados\u00a0apenas dois vetos do governador.<br \/>\nMais dez projetos em regime de urg\u00eancia est\u00e3o na frente das PECs que alteram a estrutura administrativa do estado. Estes projetos trancam a vota\u00e7\u00e3o do pacote de Sartori, mas podem ser retirados durante a reuni\u00e3o de lideres.<br \/>\nN\u00e3o h\u00e1 prazo para a vota\u00e7\u00e3o do pacote. Por enquanto o governo n\u00e3o tem votos suficientes para aprovar as seis PECs.<br \/>\nDos seis projetos considerados pelo Governo essenciais para a recupera\u00e7\u00e3o financeira do Estado, a PEC 259\/16 que\u00a0 a revoga a norma que exige plebiscito para extin\u00e7\u00e3o, fus\u00e3o ou altera\u00e7\u00e3o na CEEE, CRM e Sulg\u00e1s \u00e9 a mais importante para o Executivo.<br \/>\nA privatiza\u00e7\u00e3o \u00a0de empresas dos setores financeiro, de energia e de saneamento \u00e9 uma das exig\u00eancias da PLP343\/17, o Projeto de Recupera\u00e7\u00e3o Fiscal do Estados,enviado elo governo Temer em tramita\u00e7\u00e3o no Congresso.<br \/>\nOs outros projetos alteram\u00a0 o tempo de contribui\u00e7\u00e3o dos servidores p\u00fablicos (<a href=\"http:\/\/proweb.procergs.com.br\/consulta_proposicao.asp?SiglaTipo=PEC&amp;NroProposicao=261&amp;AnoProposicao=2016\" target=\"_blank\" rel=\"noopener noreferrer\">PEC 261 2016<\/a>);\u00a0terminam com\u00a0adicionais por tempo de servi\u00e7o (<a href=\"http:\/\/proweb.procergs.com.br\/consulta_proposicao.asp?SiglaTipo=PEC&amp;NroProposicao=258&amp;AnoProposicao=2016\" target=\"_blank\" rel=\"noopener noreferrer\">PEC 258 2016<\/a>); \u00a0revogam o artigo 35 da Constitui\u00e7\u00e3o Estadual, que fixa prazo para pagamento da remunera\u00e7\u00e3o mensal dos servidores p\u00fablicos at\u00e9 o \u00faltimo dia \u00fatil de cada m\u00eas e determina o pagamento do d\u00e9cimo terceiro sal\u00e1rio at\u00e9 o dia 20 de dezembro (<a href=\"http:\/\/proweb.procergs.com.br\/consulta_proposicao.asp?SiglaTipo=PEC&amp;NroProposicao=257&amp;AnoProposicao=2016\" target=\"_blank\" rel=\"noopener noreferrer\">PEC 257 2016<\/a>);\u00a0 extinguem\u00a0licen\u00e7a-pr\u00eamio (<a href=\"http:\/\/proweb.procergs.com.br\/consulta_proposicao.asp?SiglaTipo=PEC&amp;NroProposicao=242&amp;AnoProposicao=2015\" target=\"_blank\" rel=\"noopener noreferrer\">PEC 242 2015<\/a>) e a licen\u00e7a aos servidores para atividades sindicais sem a remunera\u00e7\u00e3o (<a href=\"http:\/\/proweb.procergs.com.br\/consulta_proposicao.asp?SiglaTipo=PEC&amp;NroProposicao=256&amp;AnoProposicao=2016\" target=\"_blank\" rel=\"noopener noreferrer\">PEC 256 2016<\/a>).<br \/>\nO deputado da oposi\u00e7\u00e3o Pedro Ruas, l\u00edder do Psol, ao final da reuni\u00e3o de l\u00edderes falou com o J\u00e1: &#8220;S\u00e3o projetos ruins, que apenas visam cortar gastos sem planejamento&#8221;<br \/>\n&nbsp;<\/p>\n","protected":false},"excerpt":{"rendered":"<p>H\u00e1 um m\u00eas e meio parada, a Assembleia retoma hoje as vota\u00e7\u00f5es.\u00a0Nesta tarde,\u00a0ser\u00e3o apreciados\u00a0apenas dois vetos do governador. Mais dez projetos em regime de urg\u00eancia est\u00e3o na frente das PECs que alteram a estrutura administrativa do estado. Estes projetos trancam a vota\u00e7\u00e3o do pacote de Sartori, mas podem ser retirados durante a reuni\u00e3o de lideres. [&hellip;]<\/p>\n","protected":false},"author":4,"featured_media":46099,"comment_status":"open","ping_status":"closed","sticky":false,"template":"","format":"standard","meta":{"_jetpack_memberships_contains_paid_content":false,"footnotes":""},"categories":[26],"tags":[],"class_list":["post-46087","post","type-post","status-publish","format-standard","has-post-thumbnail","hentry","category-geral"],"aioseo_notices":[],"jetpack_featured_media_url":"","jetpack_sharing_enabled":true,"jetpack-related-posts":[],"jetpack_shortlink":"https:\/\/wp.me\/pbQjBd-bZl","_links":{"self":[{"href":"https:\/\/www.jornalja.com.br\/arquivo\/wp-json\/wp\/v2\/posts\/46087","targetHints":{"allow":["GET"]}}],"collection":[{"href":"https:\/\/www.jornalja.com.br\/arquivo\/wp-json\/wp\/v2\/posts"}],"about":[{"href":"https:\/\/www.jornalja.com.br\/arquivo\/wp-json\/wp\/v2\/types\/post"}],"author":[{"embeddable":true,"href":"https:\/\/www.jornalja.com.br\/arquivo\/wp-json\/wp\/v2\/users\/4"}],"replies":[{"embeddable":true,"href":"https:\/\/www.jornalja.com.br\/arquivo\/wp-json\/wp\/v2\/comments?post=46087"}],"version-history":[{"count":0,"href":"https:\/\/www.jornalja.com.br\/arquivo\/wp-json\/wp\/v2\/posts\/46087\/revisions"}],"wp:featuredmedia":[{"embeddable":true,"href":"https:\/\/www.jornalja.com.br\/arquivo\/wp-json\/"}],"wp:attachment":[{"href":"https:\/\/www.jornalja.com.br\/arquivo\/wp-json\/wp\/v2\/media?parent=46087"}],"wp:term":[{"taxonomy":"category","embeddable":true,"href":"https:\/\/www.jornalja.com.br\/arquivo\/wp-json\/wp\/v2\/categories?post=46087"},{"taxonomy":"post_tag","embeddable":true,"href":"https:\/\/www.jornalja.com.br\/arquivo\/wp-json\/wp\/v2\/tags?post=46087"}],"curies":[{"name":"wp","href":"https:\/\/api.w.org\/{rel}","templated":true}]}}