{"id":46093,"date":"2017-03-21T11:56:28","date_gmt":"2017-03-21T14:56:28","guid":{"rendered":"https:\/\/www.jornalja.com.br\/?p=46093"},"modified":"2017-03-21T11:56:28","modified_gmt":"2017-03-21T14:56:28","slug":"juiz-moro-manda-policia-federal-prender-blogueiro-amigo-de-lula","status":"publish","type":"post","link":"https:\/\/www.jornalja.com.br\/arquivo\/juiz-moro-manda-policia-federal-prender-blogueiro-amigo-de-lula\/","title":{"rendered":"Juiz Moro manda pol\u00edcia federal prender blogueiro amigo de Lula"},"content":{"rendered":"<p>O blogueiro Eduardo Guimar\u00e3es, do <a href=\"http:\/\/www.conversaafiada.com.br\/blogdacidadania.com.br\">Blog da Cidadania<\/a>, foi levado coercitivamente, nesta madrugada, para a Superintend\u00eancia da Pol\u00edcia Federal, em S\u00e3o Paulo.<br \/>\nTina, a mulher de \u00a0Edu Guimar\u00e3es deu o seguinte depoimento:<br \/>\n<i>\u201cA Pol\u00edcia Federal chegou \u00e0s 5 da madrugada. Os policiais n\u00e3o deixaram o porteiro interfonar. Subiram direto. Esmurraram a porta, falando \u201c\u00c9 a Pol\u00edcia Federal\u201d.<\/i><br \/>\n<em>Como eu estava de camisola, pedi um minuto para trocar de roupa.<\/em><br \/>\n<em>Nisso, o Edu j\u00e1 estava na porta para atend\u00ea-los.<\/em><br \/>\n<em>Entraram revirando tudo, inclusive o nosso quarto.<\/em><br \/>\n<em>O Edu foi no cambur\u00e3o da PF, eles n\u00e3o deixaram que ele fosse no pr\u00f3prio carro.<\/em><br \/>\n<em>Levaram o computador e o celular dele.<\/em><br \/>\n<em>Voltaram h\u00e1 pouco, sem nenhum mandado, para pegar tamb\u00e9m o meu celular<\/em>\u201d.<\/p>\n<div class=\"entry\">\nO juiz Sergio Moro, da Lava Jato, confirmou nesta ter\u00e7a-feira 21 ter autorizado a condu\u00e7\u00e3o coercitiva contra Eduardo Guimar\u00e3es, do Blog da Cidadania.<br \/>\nO motivo \u00e9 a investiga\u00e7\u00e3o da fonte que vazou para Guimar\u00e3es a condu\u00e7\u00e3o coercitiva do ex-presidente Lula, em mar\u00e7o do ano passado. Moro argumentou ao deputado Paulo Teixeira (PT-SP que Guimar\u00e3es n\u00e3o \u00e9 jornalista. &#8220;Dr. Moro, o Brasil n\u00e3o exige forma\u00e7\u00e3o espec\u00edfica para o jornalismo. Isso \u00e9 censura&#8221;, criticou Teixeira.<br \/>\nNas redes sociais, o deputado Paulo Pimenta (PT-RS) afirma que Moro violou a Constitui\u00e7\u00e3o Federal. &#8220;A\u00e7\u00e3o de Moro que determinou a pris\u00e3o do blogueiro Eduardo Guimar\u00e3es \u00e9 clara viola\u00e7\u00e3o da Constitui\u00e7\u00e3o Federal e afronta o Estado Democr\u00e1tico de Direito&#8221;, protestou o parlamentar.<br \/>\nPara Pimenta, &#8220;a alega\u00e7\u00e3o do Moro que ele n\u00e3o \u00e9 jornalista \u00e9 uma estupidez. A CF diz respeito \u00e0 atividade, n\u00e3o \u00e0 pessoa. \u00c9 uma afronta&#8221;, protestou.<\/p>\n<div class=\"mc-column content-text active-extra-styles active-capital-letter\" data-block-type=\"unstyled\" data-block-weight=\"32\">\n<p class=\"content-text__container theme-color-primary-first-letter\" data-track-category=\"Link no Texto\" data-track-links=\"\">A Superintend\u00eancia da Pol\u00edcia Federal em S\u00e3o Paulo informou que o jornalista e blogueiro Eduardo Guimar\u00e3es foi levado coercitivamente para prestar depoimento na sede da PF em S\u00e3o Paulo nesta ter\u00e7a-feira (21).<\/p>\n<\/div>\n<div class=\"mc-column content-text active-extra-styles \" data-block-type=\"unstyled\" data-block-weight=\"46\">\n<p class=\"content-text__container \" data-track-category=\"Link no Texto\" data-track-links=\"\">Guimar\u00e3es \u00e9 autor do Blog da Cidadania, em que faz cr\u00edticas \u00e0 gest\u00e3o de Geraldo Alckmin (PSDB) no governo do Estado de S\u00e3o Paulo, a de Michel Temer na Presid\u00eancia da Rep\u00fablica e tamb\u00e9m \u00e0 opera\u00e7\u00e3o Lava Jato, que investiga desvios de recursos p\u00fablicos na Petrobras.<\/p>\n<\/div>\n<div class=\"mc-column content-text active-extra-styles \" data-block-type=\"unstyled\" data-block-weight=\"38\">\n<p class=\"content-text__container \" data-track-category=\"Link no Texto\" data-track-links=\"\">A PF confirmou que Guimar\u00e3es prestou depoimento acompanhado de um advogado na manh\u00e3 desta ter\u00e7a-feira, por decis\u00e3o judicial determinada por Curitiba, no Paran\u00e1. Trata-se de um inqu\u00e9rito policial que est\u00e1 sendo apurado no \u00e2mbito da PF do Paran\u00e1.<\/p>\n<\/div>\n<div class=\"mc-column content-text active-extra-styles \" data-block-type=\"unstyled\" data-block-weight=\"42\">\n<p class=\"content-text__container \" data-track-category=\"Link no Texto\" data-track-links=\"\">Questionada sobre se tratava de investiga\u00e7\u00e3o relacionada \u00e0 Opera\u00e7\u00e3o Lava Jato, a comunica\u00e7\u00e3o da PF informou que se trata de um inqu\u00e9rito separado. As perguntas feitas ao blogueiro foram enviadas por procuradores e delegados do Paran\u00e1, informou a PF de S\u00e3o Paulo.<\/p>\n<\/div>\n<div class=\"mc-column content-text active-extra-styles \" data-block-type=\"unstyled\" data-block-weight=\"50\">\n<p class=\"content-text__container \" data-track-category=\"Link no Texto\" data-track-links=\"\">Segundo a defesa do blogueiro, Guimar\u00e3es prestou depoimento em um inqu\u00e9rito da PF do Paran\u00e1 que apura o fato do blogueiro ter feito a divulga\u00e7\u00e3o antecipada da condu\u00e7\u00e3o coercitiva do Lula na Lava Jato no ano passado. Segundo ele, a condu\u00e7\u00e3o coercitiva e a busca foram determinados pelo S\u00e9rgio Moro.<\/p>\n<\/div>\n<div class=\"mc-column content-text active-extra-styles\" data-block-type=\"raw\" data-block-weight=\"1\">\n<div class=\"content-intertitle\">\n<h2>Defesa<\/h2>\n<\/div>\n<\/div>\n<div class=\"mc-column content-text active-extra-styles \" data-block-type=\"unstyled\" data-block-weight=\"32\">\n<p class=\"content-text__container \" data-track-category=\"Link no Texto\" data-track-links=\"\">O advogado Fernando Hideo Lacerda disse que a PF de SP cumpriu dois mandados de busca e condu\u00e7\u00e3o coercitiva na casa do jornalista no Para\u00edso, Zona Sul de S\u00e3o Paulo \u00e0s 6h.<\/p>\n<\/div>\n<div class=\"mc-column content-text active-extra-styles \" data-block-type=\"unstyled\" data-block-weight=\"43\">\n<p class=\"content-text__container \" data-track-category=\"Link no Texto\" data-track-links=\"\">O advogado disse que a PF n\u00e3o esperou o advogado chegar para come\u00e7ar o depoimento e, mesmo estando na qualidade de investigado no inqu\u00e9rito, o blogueiro foi levado coercitivamente para prestar depoimento como testemunha. Como testemunha, \u00e9 obrigado a falar. Como investigado, n\u00e3o.<\/p>\n<\/div>\n<div class=\"mc-column content-text active-extra-styles \" data-block-type=\"unstyled\" data-block-weight=\"37\">\n<p class=\"content-text__container \" data-track-category=\"Link no Texto\" data-track-links=\"\">Segundo o advogado, a PF falou para ele que tinham apreendido o celular e o laptop dele e descoberto quem era a fonte dele no caso do vazamento e ele \u2018teve que falar\u201d (quem era a fonte).<\/p>\n<\/div>\n<div class=\"mc-column content-text active-extra-styles \" data-block-type=\"unstyled\" data-block-weight=\"86\">\n<p class=\"content-text__container \" data-track-category=\"Link no Texto\" data-track-links=\"\">S\u00f3 que, segundo o advogado, Moro entrou com uma a\u00e7\u00e3o contra o blogueiro, por postagens no blog. Como Moro \u00e9 parte uma a\u00e7\u00e3o contra o blogueiro, n\u00e3o poderia ter determinado sua busca e apreens\u00e3o e sua condu\u00e7\u00e3o coercitiva em outro caso. Moro, pela lei, deveria ter se declarado impedido, j\u00e1 que a legisla\u00e7\u00e3o pro\u00edbe o juiz de decidir em casos em que \u00e9 parte ou conhece uma das partes. No caso, Moro litiga em outro processo contra a v\u00edtima do mandado de condu\u00e7\u00e3o coercitiva que determinou.<\/p>\n<\/div>\n<\/div>\n<div id=\"gemini-32713614324\" class=\" gemini-ad-b867c02a-0a93-459a-87f4-e9aba0fd3a4e gemini-loaded\"><\/div>\n","protected":false},"excerpt":{"rendered":"<p>O blogueiro Eduardo Guimar\u00e3es, do Blog da Cidadania, foi levado coercitivamente, nesta madrugada, para a Superintend\u00eancia da Pol\u00edcia Federal, em S\u00e3o Paulo. Tina, a mulher de \u00a0Edu Guimar\u00e3es deu o seguinte depoimento: \u201cA Pol\u00edcia Federal chegou \u00e0s 5 da madrugada. Os policiais n\u00e3o deixaram o porteiro interfonar. Subiram direto. Esmurraram a porta, falando \u201c\u00c9 a [&hellip;]<\/p>\n","protected":false},"author":4,"featured_media":46095,"comment_status":"open","ping_status":"closed","sticky":false,"template":"","format":"standard","meta":{"_jetpack_memberships_contains_paid_content":false,"footnotes":""},"categories":[26],"tags":[],"class_list":["post-46093","post","type-post","status-publish","format-standard","has-post-thumbnail","hentry","category-geral"],"aioseo_notices":[],"jetpack_featured_media_url":"","jetpack_sharing_enabled":true,"jetpack-related-posts":[],"jetpack_shortlink":"https:\/\/wp.me\/pbQjBd-bZr","_links":{"self":[{"href":"https:\/\/www.jornalja.com.br\/arquivo\/wp-json\/wp\/v2\/posts\/46093","targetHints":{"allow":["GET"]}}],"collection":[{"href":"https:\/\/www.jornalja.com.br\/arquivo\/wp-json\/wp\/v2\/posts"}],"about":[{"href":"https:\/\/www.jornalja.com.br\/arquivo\/wp-json\/wp\/v2\/types\/post"}],"author":[{"embeddable":true,"href":"https:\/\/www.jornalja.com.br\/arquivo\/wp-json\/wp\/v2\/users\/4"}],"replies":[{"embeddable":true,"href":"https:\/\/www.jornalja.com.br\/arquivo\/wp-json\/wp\/v2\/comments?post=46093"}],"version-history":[{"count":0,"href":"https:\/\/www.jornalja.com.br\/arquivo\/wp-json\/wp\/v2\/posts\/46093\/revisions"}],"wp:featuredmedia":[{"embeddable":true,"href":"https:\/\/www.jornalja.com.br\/arquivo\/wp-json\/"}],"wp:attachment":[{"href":"https:\/\/www.jornalja.com.br\/arquivo\/wp-json\/wp\/v2\/media?parent=46093"}],"wp:term":[{"taxonomy":"category","embeddable":true,"href":"https:\/\/www.jornalja.com.br\/arquivo\/wp-json\/wp\/v2\/categories?post=46093"},{"taxonomy":"post_tag","embeddable":true,"href":"https:\/\/www.jornalja.com.br\/arquivo\/wp-json\/wp\/v2\/tags?post=46093"}],"curies":[{"name":"wp","href":"https:\/\/api.w.org\/{rel}","templated":true}]}}