{"id":46101,"date":"2017-03-21T13:30:31","date_gmt":"2017-03-21T16:30:31","guid":{"rendered":"https:\/\/www.jornalja.com.br\/?p=46101"},"modified":"2017-03-21T13:30:31","modified_gmt":"2017-03-21T16:30:31","slug":"o-caminho-do-meio-e-a-esquerda-e-centro-esquerda","status":"publish","type":"post","link":"https:\/\/www.jornalja.com.br\/arquivo\/o-caminho-do-meio-e-a-esquerda-e-centro-esquerda\/","title":{"rendered":"O caminho do meio e a esquerda (e centro-esquerda)"},"content":{"rendered":"<p><span class=\"assina\">Marilia Verissimo Veronese<\/span><br \/>\nNo ano 2000 ouvi uma palestra do brilhante Jos\u00e9 Paulo Bisol, secret\u00e1rio de seguran\u00e7a p\u00fablica do <u>RS<\/u>, \u00e0 \u00e9poca. Ele come\u00e7ou sua fala com a hist\u00f3ria das sucessivas ilumina\u00e7\u00f5es de um monge bodhisattva (pessoa iluminada, no budismo)<strong>. <\/strong>Na primeira, livrou-se da sensualidade;\u00a0na segunda, das raivas e outras paix\u00f5es terrenas, at\u00e9 que conseguiu livrar-se do ego\u00edsmo. Disse Bisol que, ao elevar-se, na \u00faltima ilumina\u00e7\u00e3o, ele j\u00e1 estava pronto para ir ao Nirvana. Mas a\u00ed ele pensou: se eu for sozinho, todos os outros ficam sofrendo aqui nesse inferno terrestre. Assim, ele decidiu ficar e trabalhar pelo bem comum, at\u00e9 que todos os seus irm\u00e3os e irm\u00e3s pudessem ir com ele<a href=\"#_edn1\" name=\"_ednref1\">[i]<\/a>.<br \/>\nPor que me lembrei disso agora? Porque venho pensando no <strong>caminho do meio<\/strong>, princ\u00edpio orientador da pr\u00e1tica budista, em rela\u00e7\u00e3o aos conflitos que vejo explodindo ao meu redor. A express\u00e3o tem v\u00e1rios sentidos e acep\u00e7\u00f5es, claro; como n\u00e3o sou budista nem conhe\u00e7o bem as tradi\u00e7\u00f5es, uso aqui o sentido mais \u2018senso comum\u2019: o da modera\u00e7\u00e3o, do meio termo entre vis\u00f5es extremadas. E fa\u00e7o isso exatamente quando penso na atual situa\u00e7\u00e3o do campo plural e fragmentado que podemos chamar de \u201cesquerda\u201d no Brasil.<br \/>\nA express\u00e3o \u201cde esquerda\u201d tem causado arrepios em alguns que sempre se consideraram como tal, que andam declarando solenemente ser agora \u201cde centro-esquerda\u201d, pois a esquerda estaria muito chata e sem-no\u00e7\u00e3o. A crise \u2013 eterna, eu sei &#8211; parece agora estar em fase aguda. Fragmentada e brigona, a esquerda que alguns t\u00eam chamado pejorativamente de \u201cex-querda\u201d \u2013 talvez em refer\u00eancia a algo que tenha se quebrado, separado ou mesmo terminado \u2013 nunca esteve, pelo menos nesse meu tempo de vida como militante do dito campo, desde os 16 anos na campanha das <em>diretas j\u00e1<\/em>, t\u00e3o dividida e t\u00e3o fratricida.<br \/>\nA briga da semana \u00e9 a da tal Opera\u00e7\u00e3o Carne Fraca. Trocam cru\u00e9is indiretas ou mesmo vociferam uns contra os outros abertamente, manifestando posi\u00e7\u00f5es antag\u00f4nicas entre dois extremos. Para algumas gentes, trata-se de uma deliberada destrui\u00e7\u00e3o da ind\u00fastria nacional \u2013 a exemplo do que j\u00e1 se fez no campo petrol\u00edfero\/naval -, capitaneada pelo entreguismo do governo golpista e seus c\u00famplices, os quais se apressam a retirar direitos do trabalhador brasileiro e entregar todo o patrim\u00f4nio nacional aos seus chefes, os donos do capital transnacional especulativo.<br \/>\nPara outras, \u00e9 uma opera\u00e7\u00e3o necess\u00e1ria que p\u00f5e em cheque um setor atrasado, cruel, explorador e anacr\u00f4nico; criticam duramente o erro da op\u00e7\u00e3o por colocar dinheiro p\u00fablico em produto prim\u00e1rio de baixo valor agregado, dar rios de dinheiro p\u00fablico \u00e0 \u201cburguesia nacional\u201d, que numa quimera ing\u00eanua seria alinhada aos interesses da na\u00e7\u00e3o. Como disse um veterin\u00e1rio experiente em recente mat\u00e9ria, \u201cA grande pecu\u00e1ria n\u00e3o circula dinheiro. A grande pecu\u00e1ria \u00e9 uma parasita discreta, mesmo com seu tapete branco estendido pelos milhares de hectares de pasto verde, e muito gananciosa. N\u00e3o redistribui lucro, porque tem todos os benef\u00edcios escusos que o dinheiro em quantias c\u00f3smicas consegue com abonos, propinas, m\u00e3o-de-obra barata.\u201d<a href=\"#_edn2\" name=\"_ednref2\">[ii]<\/a><br \/>\nLendo as coisas l\u00e1 e c\u00e1 \u2013 ambas as \u201cfac\u00e7\u00f5es\u201d est\u00e3o fartamente representadas nas minhas redes sociais -, me peguei imaginando um poss\u00edvel caminho do meio. E apesar de eles se ofenderem quando apontada a divis\u00e3o \u201cn\u00f3s e eles\u201d, ela existe e est\u00e1 a\u00ed.<br \/>\n\u201cNingu\u00e9m ignora tudo. Ningu\u00e9m sabe tudo. Todos n\u00f3s sabemos alguma coisa. Todos n\u00f3s ignoramos alguma coisa. Por isso aprendemos sempre&#8221;, dizia Paulo Freire no livro Pedagogia do Oprimido em 1968 e at\u00e9 hoje o povo parece n\u00e3o ter entendido. Claro, serei tachada de anacr\u00f4nica e \u201cantiga\u201d por citar Paulo Freire. Mas isso \u00e9 o de menos, com tantas preocupa\u00e7\u00f5es e tantas urg\u00eancias que o momento coloca.<br \/>\nEnt\u00e3o que me vem \u00e0 mente a met\u00e1fora budista: creio que \u00e9 exatamente isso que precisamos no momento. Caminhar pelo meio, analisando tudo. Compreender que, parcialmente, as duas abordagens opostas podem ter a sua parcela de raz\u00e3o, que com Edgar Morin podemos aprender a produzir um pensamento complexo sobre processos complexos, um pensamento\/a\u00e7\u00e3o que n\u00e3o destrua o do outro, mesmo se opondo a ele. Penso e sinto que \u00e9 exatamente nisso que devemos investir agora. Investir n\u00e3o capital financeiro, que n\u00e3o temos (t\u00e1 todo do lado da \u201cburguesia\u201d, nacional e transnacional), mas sim nossos esfor\u00e7os de compreens\u00e3o, di\u00e1logo e a\u00e7\u00e3o individual e coletiva.<br \/>\nEfetivamente apareceram furos na opera\u00e7\u00e3o Carne Fraca. Desde uma amostra pequena e localizada, que n\u00e3o representaria a realidade nacional, ap\u00f3s rios de dinheiro p\u00fablico colocado na investiga\u00e7\u00e3o de dois anos, at\u00e9 a suspeita de que as den\u00fancias espetaculosas serviriam para abafar a revolta popular pela retirada de direitos e mudan\u00e7a de regras da aposentadoria, na dita reforma da previd\u00eancia. E que quebrar as grandes empresas, l\u00edderes da cadeia produtiva da carne que envolve muitos segmentos sociais equivaleria a desnacionaliz\u00e1-las e entregar o setor de m\u00e3o beijada \u00e0 \u00e1vida sanha transnacional. Assim foi feito com o pr\u00e9-sal (e efetivamente <strong>FOI<\/strong>), assim estaria sendo feito agora.<br \/>\nNo outro lado (que por mais que negue que \u00e9 um lado, <strong>\u00c9<\/strong>!), o apontamento de que a esquerda defender a \u201cfree boi\u201d \u00e9 um fiasco inomin\u00e1vel, um \u201cpapel\u00e3o\u201d (pra trocadilhar; piada com o \u201c<em>o<\/em> <em>agro \u00e9 pop<\/em>\u201d tamb\u00e9m n\u00e3o falta). Que a agenda regressiva de retirada de direitos sociais une o capital em todas as express\u00f5es e ag\u00eancias. Que a burguesia nacional e transnacional est\u00e1 articulada e muito bem obrigada, com seus amplos recursos de defesa e advogados pagos a peso de ouro, para precisar ser defendida pelos pobret\u00f5es da esquerda, de quem deve dar risada. Que as ditas \u201cgigantes do setor\u201d historicamente cometeram crimes hediondos, exploraram, massacraram, expulsaram do campo contingentes empobrecidos e marginalizados de camponeses, descumpriram a legisla\u00e7\u00e3o ambiental vergonhosamente, fizeram todo tipo de lobby pela manuten\u00e7\u00e3o de seus privil\u00e9gios esp\u00farios. D\u00e1 pra dizer que \u00e9 mentira? N\u00e3o, n\u00e9?!<br \/>\nEnt\u00e3o, como ficamos? S\u00f3 tento refletir aqui, n\u00e3o tenho certeza de nada. Mas acho que a primeira coisa a fazer seria parar essa troca de farpas infantil e in\u00fatil. Satisfaz a quem e serve a qu\u00ea, al\u00e9m de egos inflados? Porque eu queria entender&#8230; tanta coisa pra fazer, tanta luta pra lutar, tanta injusti\u00e7a pra sanar. E esse povo se digladiando nas redes, se fragmentando nas ruas. \u201cImposs\u00edvel a unidade, que tolice&#8230; nunca foi assim e nunca ser\u00e1\u201d, respondem com ar ir\u00f4nico. Bom, pode ser, mas eu ainda acho que h\u00e1 pautas importantes, e que estas mereceriam uma m\u00ednima unidade.<br \/>\nAgenda regressiva de retirada de direitos sociais, genoc\u00eddio do povo negro, misoginia e LGBTfobia cru\u00e9is e mortais, especula\u00e7\u00e3o imobili\u00e1ria atroz e gentrifica\u00e7\u00e3o das cidades, um governo de bandidos, um legislativo podre, um judici\u00e1rio hiperelitizado e injusto, ascens\u00e3o de um protofascismo a l\u00e1 Bolsonaro, e as gentes preferem gastar energia em troca de farpas e m\u00fatuas ofensas em textos e mais textos e respostas e mais respostas. Penso que est\u00e1 na hora de mudar a forma de agir, nas ruas, nas redes, na vida. T\u00e1 na hora de trilhar aquele caminho do bodhisattva, superar o ego\u00edsmo e a infantilidade, tolerar mais as diferen\u00e7as de opini\u00e3o e enfoque, debater sem ofensas e ironias e agress\u00f5es fratricidas, e principalmente AGIR, buscando reverter esse buraco fundo que estamos caindo.<br \/>\nVolto ent\u00e3o \u00e0 palestra do Bisol assistida h\u00e1 quase 17 anos, num encontro da ABRAPSO em Santa Maria&#8230; cito o cara, que \u00e0quela altura (final da palestra) estava esquizoanalisando personagens do Lewis Carrol: \u201cHampt-dumpt disse para Alice: <strong>EU<\/strong>, quando digo uma palavra, dou a essa palavra o sentido que <strong>EU<\/strong> quero dar. Porque sou o dono do sentido. O senhor \u00e9 senhor da palavra: ele fala, o servo escuta.\u201d<br \/>\nEnt\u00e3o \u00e9 isso, pessoal, mais pondera\u00e7\u00e3o no uso performativo da palavra; mais bodhisattva, menos Humpt-dumpt, porque estamos precisando muito transformar as condi\u00e7\u00f5es atuais, e isso \u00e9 impreter\u00edvel.<br \/>\n<a href=\"#_ednref1\" name=\"_edn1\">[i]<\/a> RIVERO, N. (org). <strong>Psicologia social: estrat\u00e9gias, pol\u00edticas e implica\u00e7\u00f5es<\/strong>. ABRAPSOSUL (Encontro regional da ABRAPSO, 2000), 2001.<br \/>\n<a href=\"#_ednref2\" name=\"_edn2\">[ii]<\/a> <a href=\"http:\/\/www.sul21.com.br\/jornal\/nao-ha-o-menor-risco-de-quebradeira-de-nossa-industria-da-carne-mesmo-porque-a-nossa-industria-nunca-foi-nossa-por-charlles-campos\/\">http:\/\/www.sul21.com.br\/jornal\/nao-ha-o-menor-risco-de-quebradeira-de-nossa-industria-da-carne-mesmo-porque-a-nossa-industria-nunca-foi-nossa-por-charlles-campos\/<\/a><br \/>\n&nbsp;<\/p>\n","protected":false},"excerpt":{"rendered":"<p>Marilia Verissimo Veronese No ano 2000 ouvi uma palestra do brilhante Jos\u00e9 Paulo Bisol, secret\u00e1rio de seguran\u00e7a p\u00fablica do RS, \u00e0 \u00e9poca. Ele come\u00e7ou sua fala com a hist\u00f3ria das sucessivas ilumina\u00e7\u00f5es de um monge bodhisattva (pessoa iluminada, no budismo). Na primeira, livrou-se da sensualidade;\u00a0na segunda, das raivas e outras paix\u00f5es terrenas, at\u00e9 que conseguiu [&hellip;]<\/p>\n","protected":false},"author":4,"featured_media":46102,"comment_status":"open","ping_status":"closed","sticky":false,"template":"","format":"standard","meta":{"_jetpack_newsletter_access":"","_jetpack_dont_email_post_to_subs":false,"_jetpack_newsletter_tier_id":0,"_jetpack_memberships_contains_paywalled_content":false,"_jetpack_feature_clip_id":0,"_jetpack_memberships_contains_paid_content":false,"footnotes":"","jetpack_post_was_ever_published":false},"categories":[2011,2012],"tags":[],"class_list":["post-46101","post","type-post","status-publish","format-standard","has-post-thumbnail","hentry","category-destaque","category-debates"],"aioseo_notices":[],"aioseo_head":"\n\t\t<!-- All in One SEO 5.0.1.1 - aioseo.com -->\n\t<meta name=\"robots\" content=\"max-image-preview:large\" \/>\n\t<meta name=\"author\" content=\"da Reda\u00e7\u00e3o\"\/>\n\t<link rel=\"canonical\" href=\"https:\/\/www.jornalja.com.br\/arquivo\/o-caminho-do-meio-e-a-esquerda-e-centro-esquerda\/\" \/>\n\t<meta name=\"generator\" content=\"All in One SEO (AIOSEO) 5.0.1.1\" \/>\n\t\t<meta property=\"og:locale\" content=\"pt_BR\" \/>\n\t\t<meta property=\"og:site_name\" content=\"Arquivo | Jornal J\u00c1 | Porto Alegre\" \/>\n\t\t<meta property=\"og:type\" content=\"article\" \/>\n\t\t<meta property=\"og:title\" content=\"O caminho do meio e a esquerda (e centro-esquerda) | Arquivo\" \/>\n\t\t<meta property=\"og:url\" content=\"https:\/\/www.jornalja.com.br\/arquivo\/o-caminho-do-meio-e-a-esquerda-e-centro-esquerda\/\" \/>\n\t\t<meta property=\"og:image\" content=\"https:\/\/www.jornalja.com.br\/economics\/wp-content\/uploads\/sites\/11\/2026\/08\/ja-folhaderosto-facebook.jpg\" \/>\n\t\t<meta property=\"og:image:secure_url\" content=\"https:\/\/www.jornalja.com.br\/economics\/wp-content\/uploads\/sites\/11\/2026\/08\/ja-folhaderosto-facebook.jpg\" \/>\n\t\t<meta property=\"article:published_time\" content=\"2017-03-21T16:30:31+00:00\" \/>\n\t\t<meta property=\"article:modified_time\" content=\"2017-03-21T16:30:31+00:00\" \/>\n\t\t<meta name=\"twitter:card\" content=\"summary\" \/>\n\t\t<meta name=\"twitter:title\" content=\"O caminho do meio e a esquerda (e centro-esquerda) | Arquivo\" \/>\n\t\t<meta name=\"twitter:image\" content=\"https:\/\/www.jornalja.com.br\/economics\/wp-content\/uploads\/sites\/11\/2026\/08\/ja-folhaderosto-facebook.jpg\" \/>\n\t\t<script type=\"application\/ld+json\" class=\"aioseo-schema\">\n\t\t\t{\"@context\":\"https:\\\/\\\/schema.org\",\"@graph\":[{\"@type\":\"BlogPosting\",\"@id\":\"https:\\\/\\\/www.jornalja.com.br\\\/arquivo\\\/o-caminho-do-meio-e-a-esquerda-e-centro-esquerda\\\/#blogposting\",\"name\":\"O caminho do meio e a esquerda (e centro-esquerda) | Arquivo\",\"headline\":\"O caminho do meio e a esquerda (e centro-esquerda)\",\"author\":{\"@id\":\"https:\\\/\\\/www.jornalja.com.br\\\/arquivo\\\/author\\\/daredacao\\\/#author\"},\"publisher\":{\"@id\":\"https:\\\/\\\/www.jornalja.com.br\\\/arquivo\\\/#organization\"},\"image\":{\"@type\":\"ImageObject\",\"url\":46102},\"datePublished\":\"2017-03-21T13:30:31-03:00\",\"dateModified\":\"2017-03-21T13:30:31-03:00\",\"inLanguage\":\"pt-BR\",\"mainEntityOfPage\":{\"@id\":\"https:\\\/\\\/www.jornalja.com.br\\\/arquivo\\\/o-caminho-do-meio-e-a-esquerda-e-centro-esquerda\\\/#webpage\"},\"isPartOf\":{\"@id\":\"https:\\\/\\\/www.jornalja.com.br\\\/arquivo\\\/o-caminho-do-meio-e-a-esquerda-e-centro-esquerda\\\/#webpage\"},\"articleSection\":\"CDD-artigo em destaque, HOTSITE Comit\\u00ea pela Democracia\"},{\"@type\":\"BreadcrumbList\",\"@id\":\"https:\\\/\\\/www.jornalja.com.br\\\/arquivo\\\/o-caminho-do-meio-e-a-esquerda-e-centro-esquerda\\\/#breadcrumblist\",\"itemListElement\":[{\"@type\":\"ListItem\",\"@id\":\"https:\\\/\\\/www.jornalja.com.br\\\/arquivo#listItem\",\"position\":1,\"name\":\"Home\",\"item\":\"https:\\\/\\\/www.jornalja.com.br\\\/arquivo\",\"nextItem\":{\"@type\":\"ListItem\",\"@id\":\"https:\\\/\\\/www.jornalja.com.br\\\/arquivo\\\/category\\\/destaque\\\/#listItem\",\"name\":\"CDD-artigo em destaque\"}},{\"@type\":\"ListItem\",\"@id\":\"https:\\\/\\\/www.jornalja.com.br\\\/arquivo\\\/category\\\/destaque\\\/#listItem\",\"position\":2,\"name\":\"CDD-artigo em destaque\",\"item\":\"https:\\\/\\\/www.jornalja.com.br\\\/arquivo\\\/category\\\/destaque\\\/\",\"nextItem\":{\"@type\":\"ListItem\",\"@id\":\"https:\\\/\\\/www.jornalja.com.br\\\/arquivo\\\/o-caminho-do-meio-e-a-esquerda-e-centro-esquerda\\\/#listItem\",\"name\":\"O caminho do meio e a esquerda (e centro-esquerda)\"},\"previousItem\":{\"@type\":\"ListItem\",\"@id\":\"https:\\\/\\\/www.jornalja.com.br\\\/arquivo#listItem\",\"name\":\"Home\"}},{\"@type\":\"ListItem\",\"@id\":\"https:\\\/\\\/www.jornalja.com.br\\\/arquivo\\\/o-caminho-do-meio-e-a-esquerda-e-centro-esquerda\\\/#listItem\",\"position\":3,\"name\":\"O caminho do meio e a esquerda (e centro-esquerda)\",\"previousItem\":{\"@type\":\"ListItem\",\"@id\":\"https:\\\/\\\/www.jornalja.com.br\\\/arquivo\\\/category\\\/destaque\\\/#listItem\",\"name\":\"CDD-artigo em destaque\"}}]},{\"@type\":\"Organization\",\"@id\":\"https:\\\/\\\/www.jornalja.com.br\\\/arquivo\\\/#organization\",\"name\":\"Jornal J\\u00c1\",\"description\":\"Jornal J\\u00c1 | Porto Alegre\",\"url\":\"https:\\\/\\\/www.jornalja.com.br\\\/arquivo\\\/\",\"telephone\":\"+555133307272\",\"logo\":{\"@type\":\"ImageObject\",\"url\":\"https:\\\/\\\/www.jornalja.com.br\\\/wp-content\\\/uploads\\\/cards\\\/JAslogan.png\",\"@id\":\"https:\\\/\\\/www.jornalja.com.br\\\/arquivo\\\/o-caminho-do-meio-e-a-esquerda-e-centro-esquerda\\\/#organizationLogo\"},\"image\":{\"@id\":\"https:\\\/\\\/www.jornalja.com.br\\\/arquivo\\\/o-caminho-do-meio-e-a-esquerda-e-centro-esquerda\\\/#organizationLogo\"}},{\"@type\":\"Person\",\"@id\":\"https:\\\/\\\/www.jornalja.com.br\\\/arquivo\\\/author\\\/daredacao\\\/#author\",\"url\":\"https:\\\/\\\/www.jornalja.com.br\\\/arquivo\\\/author\\\/daredacao\\\/\",\"name\":\"da Reda\\u00e7\\u00e3o\",\"image\":{\"@type\":\"ImageObject\",\"@id\":\"https:\\\/\\\/www.jornalja.com.br\\\/arquivo\\\/o-caminho-do-meio-e-a-esquerda-e-centro-esquerda\\\/#authorImage\",\"url\":\"https:\\\/\\\/secure.gravatar.com\\\/avatar\\\/469fd857d6605ad19919d27ed29d35a968a25f6e8fd9318356bbb7f57aae9c65?s=96&d=mm&r=g\",\"width\":96,\"height\":96,\"caption\":\"da Reda\\u00e7\\u00e3o\"}},{\"@type\":\"WebPage\",\"@id\":\"https:\\\/\\\/www.jornalja.com.br\\\/arquivo\\\/o-caminho-do-meio-e-a-esquerda-e-centro-esquerda\\\/#webpage\",\"url\":\"https:\\\/\\\/www.jornalja.com.br\\\/arquivo\\\/o-caminho-do-meio-e-a-esquerda-e-centro-esquerda\\\/\",\"name\":\"O caminho do meio e a esquerda (e centro-esquerda) | Arquivo\",\"inLanguage\":\"pt-BR\",\"isPartOf\":{\"@id\":\"https:\\\/\\\/www.jornalja.com.br\\\/arquivo\\\/#website\"},\"breadcrumb\":{\"@id\":\"https:\\\/\\\/www.jornalja.com.br\\\/arquivo\\\/o-caminho-do-meio-e-a-esquerda-e-centro-esquerda\\\/#breadcrumblist\"},\"author\":{\"@id\":\"https:\\\/\\\/www.jornalja.com.br\\\/arquivo\\\/author\\\/daredacao\\\/#author\"},\"creator\":{\"@id\":\"https:\\\/\\\/www.jornalja.com.br\\\/arquivo\\\/author\\\/daredacao\\\/#author\"},\"image\":{\"@type\":\"ImageObject\",\"url\":46102,\"@id\":\"https:\\\/\\\/www.jornalja.com.br\\\/arquivo\\\/o-caminho-do-meio-e-a-esquerda-e-centro-esquerda\\\/#mainImage\"},\"primaryImageOfPage\":{\"@id\":\"https:\\\/\\\/www.jornalja.com.br\\\/arquivo\\\/o-caminho-do-meio-e-a-esquerda-e-centro-esquerda\\\/#mainImage\"},\"datePublished\":\"2017-03-21T13:30:31-03:00\",\"dateModified\":\"2017-03-21T13:30:31-03:00\"},{\"@type\":\"WebSite\",\"@id\":\"https:\\\/\\\/www.jornalja.com.br\\\/arquivo\\\/#website\",\"url\":\"https:\\\/\\\/www.jornalja.com.br\\\/arquivo\\\/\",\"name\":\"Arquivo\",\"description\":\"Jornal J\\u00c1 | Porto Alegre\",\"inLanguage\":\"pt-BR\",\"publisher\":{\"@id\":\"https:\\\/\\\/www.jornalja.com.br\\\/arquivo\\\/#organization\"}}]}\n\t\t<\/script>\n\t\t<!-- All in One SEO -->\n\n","aioseo_head_json":{"title":"O caminho do meio e a esquerda (e centro-esquerda) | Arquivo","description":"","canonical_url":"https:\/\/www.jornalja.com.br\/arquivo\/o-caminho-do-meio-e-a-esquerda-e-centro-esquerda\/","robots":"max-image-preview:large","keywords":"","webmasterTools":{"miscellaneous":""},"schema":{"@context":"https:\/\/schema.org","@graph":[{"@type":"BlogPosting","@id":"https:\/\/www.jornalja.com.br\/arquivo\/o-caminho-do-meio-e-a-esquerda-e-centro-esquerda\/#blogposting","name":"O caminho do meio e a esquerda (e centro-esquerda) | Arquivo","headline":"O caminho do meio e a esquerda (e centro-esquerda)","author":{"@id":"https:\/\/www.jornalja.com.br\/arquivo\/author\/daredacao\/#author"},"publisher":{"@id":"https:\/\/www.jornalja.com.br\/arquivo\/#organization"},"image":{"@type":"ImageObject","url":46102},"datePublished":"2017-03-21T13:30:31-03:00","dateModified":"2017-03-21T13:30:31-03:00","inLanguage":"pt-BR","mainEntityOfPage":{"@id":"https:\/\/www.jornalja.com.br\/arquivo\/o-caminho-do-meio-e-a-esquerda-e-centro-esquerda\/#webpage"},"isPartOf":{"@id":"https:\/\/www.jornalja.com.br\/arquivo\/o-caminho-do-meio-e-a-esquerda-e-centro-esquerda\/#webpage"},"articleSection":"CDD-artigo em destaque, HOTSITE Comit\u00ea pela Democracia"},{"@type":"BreadcrumbList","@id":"https:\/\/www.jornalja.com.br\/arquivo\/o-caminho-do-meio-e-a-esquerda-e-centro-esquerda\/#breadcrumblist","itemListElement":[{"@type":"ListItem","@id":"https:\/\/www.jornalja.com.br\/arquivo#listItem","position":1,"name":"Home","item":"https:\/\/www.jornalja.com.br\/arquivo","nextItem":{"@type":"ListItem","@id":"https:\/\/www.jornalja.com.br\/arquivo\/category\/destaque\/#listItem","name":"CDD-artigo em destaque"}},{"@type":"ListItem","@id":"https:\/\/www.jornalja.com.br\/arquivo\/category\/destaque\/#listItem","position":2,"name":"CDD-artigo em destaque","item":"https:\/\/www.jornalja.com.br\/arquivo\/category\/destaque\/","nextItem":{"@type":"ListItem","@id":"https:\/\/www.jornalja.com.br\/arquivo\/o-caminho-do-meio-e-a-esquerda-e-centro-esquerda\/#listItem","name":"O caminho do meio e a esquerda (e centro-esquerda)"},"previousItem":{"@type":"ListItem","@id":"https:\/\/www.jornalja.com.br\/arquivo#listItem","name":"Home"}},{"@type":"ListItem","@id":"https:\/\/www.jornalja.com.br\/arquivo\/o-caminho-do-meio-e-a-esquerda-e-centro-esquerda\/#listItem","position":3,"name":"O caminho do meio e a esquerda (e centro-esquerda)","previousItem":{"@type":"ListItem","@id":"https:\/\/www.jornalja.com.br\/arquivo\/category\/destaque\/#listItem","name":"CDD-artigo em destaque"}}]},{"@type":"Organization","@id":"https:\/\/www.jornalja.com.br\/arquivo\/#organization","name":"Jornal J\u00c1","description":"Jornal J\u00c1 | Porto Alegre","url":"https:\/\/www.jornalja.com.br\/arquivo\/","telephone":"+555133307272","logo":{"@type":"ImageObject","url":"https:\/\/www.jornalja.com.br\/wp-content\/uploads\/cards\/JAslogan.png","@id":"https:\/\/www.jornalja.com.br\/arquivo\/o-caminho-do-meio-e-a-esquerda-e-centro-esquerda\/#organizationLogo"},"image":{"@id":"https:\/\/www.jornalja.com.br\/arquivo\/o-caminho-do-meio-e-a-esquerda-e-centro-esquerda\/#organizationLogo"}},{"@type":"Person","@id":"https:\/\/www.jornalja.com.br\/arquivo\/author\/daredacao\/#author","url":"https:\/\/www.jornalja.com.br\/arquivo\/author\/daredacao\/","name":"da Reda\u00e7\u00e3o","image":{"@type":"ImageObject","@id":"https:\/\/www.jornalja.com.br\/arquivo\/o-caminho-do-meio-e-a-esquerda-e-centro-esquerda\/#authorImage","url":"https:\/\/secure.gravatar.com\/avatar\/469fd857d6605ad19919d27ed29d35a968a25f6e8fd9318356bbb7f57aae9c65?s=96&d=mm&r=g","width":96,"height":96,"caption":"da Reda\u00e7\u00e3o"}},{"@type":"WebPage","@id":"https:\/\/www.jornalja.com.br\/arquivo\/o-caminho-do-meio-e-a-esquerda-e-centro-esquerda\/#webpage","url":"https:\/\/www.jornalja.com.br\/arquivo\/o-caminho-do-meio-e-a-esquerda-e-centro-esquerda\/","name":"O caminho do meio e a esquerda (e centro-esquerda) | Arquivo","inLanguage":"pt-BR","isPartOf":{"@id":"https:\/\/www.jornalja.com.br\/arquivo\/#website"},"breadcrumb":{"@id":"https:\/\/www.jornalja.com.br\/arquivo\/o-caminho-do-meio-e-a-esquerda-e-centro-esquerda\/#breadcrumblist"},"author":{"@id":"https:\/\/www.jornalja.com.br\/arquivo\/author\/daredacao\/#author"},"creator":{"@id":"https:\/\/www.jornalja.com.br\/arquivo\/author\/daredacao\/#author"},"image":{"@type":"ImageObject","url":46102,"@id":"https:\/\/www.jornalja.com.br\/arquivo\/o-caminho-do-meio-e-a-esquerda-e-centro-esquerda\/#mainImage"},"primaryImageOfPage":{"@id":"https:\/\/www.jornalja.com.br\/arquivo\/o-caminho-do-meio-e-a-esquerda-e-centro-esquerda\/#mainImage"},"datePublished":"2017-03-21T13:30:31-03:00","dateModified":"2017-03-21T13:30:31-03:00"},{"@type":"WebSite","@id":"https:\/\/www.jornalja.com.br\/arquivo\/#website","url":"https:\/\/www.jornalja.com.br\/arquivo\/","name":"Arquivo","description":"Jornal J\u00c1 | Porto Alegre","inLanguage":"pt-BR","publisher":{"@id":"https:\/\/www.jornalja.com.br\/arquivo\/#organization"}}]},"og:locale":"pt_BR","og:site_name":"Arquivo | Jornal J\u00c1 | Porto Alegre","og:type":"article","og:title":"O caminho do meio e a esquerda (e centro-esquerda) | Arquivo","og:url":"https:\/\/www.jornalja.com.br\/arquivo\/o-caminho-do-meio-e-a-esquerda-e-centro-esquerda\/","og:image":"https:\/\/www.jornalja.com.br\/economics\/wp-content\/uploads\/sites\/11\/2026\/08\/ja-folhaderosto-facebook.jpg","og:image:secure_url":"https:\/\/www.jornalja.com.br\/economics\/wp-content\/uploads\/sites\/11\/2026\/08\/ja-folhaderosto-facebook.jpg","article:published_time":"2017-03-21T16:30:31+00:00","article:modified_time":"2017-03-21T16:30:31+00:00","twitter:card":"summary","twitter:title":"O caminho do meio e a esquerda (e centro-esquerda) | Arquivo","twitter:image":"https:\/\/www.jornalja.com.br\/economics\/wp-content\/uploads\/sites\/11\/2026\/08\/ja-folhaderosto-facebook.jpg"},"aioseo_meta_data":{"post_id":"46101","title":null,"description":null,"keywords":null,"keyphrases":null,"primary_term":null,"canonical_url":null,"og_title":null,"og_description":null,"og_object_type":"default","og_image_type":"default","og_image_url":null,"og_image_width":null,"og_image_height":null,"og_image_custom_url":null,"og_image_custom_fields":null,"og_video":null,"og_custom_url":null,"og_article_section":null,"og_article_tags":null,"twitter_use_og":false,"twitter_card":"default","twitter_image_type":"default","twitter_image_url":null,"twitter_image_custom_url":null,"twitter_image_custom_fields":null,"twitter_title":null,"twitter_description":null,"schema":{"blockGraphs":[],"customGraphs":[],"default":{"data":{"Article":[],"Course":[],"Dataset":[],"FAQPage":[],"Movie":[],"Person":[],"Product":[],"ProductReview":[],"Car":[],"Recipe":[],"Service":[],"SoftwareApplication":[],"WebPage":[]},"graphName":"","isEnabled":true},"graphs":[],"defaultGraph":"","defaultPostTypeGraph":""},"schema_type":null,"schema_type_options":null,"pillar_content":false,"robots_default":true,"robots_noindex":false,"robots_noarchive":false,"robots_nosnippet":false,"robots_nofollow":false,"robots_noimageindex":false,"robots_noodp":false,"robots_notranslate":false,"robots_max_snippet":null,"robots_max_videopreview":null,"robots_max_imagepreview":"large","priority":null,"frequency":null,"location":null,"local_seo":null,"breadcrumb_settings":null,"limit_modified_date":false,"ai":null,"created":"2020-12-20 20:38:10","updated":"2025-07-19 20:32:37","seo_analyzer_scan_date":null,"focus_keyword":null,"additional_keywords":null,"truseo_locale":null},"jetpack_sharing_enabled":true,"jetpack-related-posts":[{"id":14241,"url":"https:\/\/www.jornalja.com.br\/arquivo\/o-guaiba-nas-imagens-poeticas-de-achutti\/","url_meta":{"origin":46101,"position":0},"title":"O Gua\u00edba nas imagens po\u00e9ticas de Achutti","author":"da Reda\u00e7\u00e3o","date":"18 de junho de 2014","format":false,"excerpt":"Em \u201cO Gua\u00edba por Achutti\u201d \u2013 obra financiada via Minist\u00e9rio da Cultura, produ\u00e7\u00e3o executiva de Pedro Longhi, e Fl\u00e1vio Wild como designer \u2013, o fot\u00f3grafo revela a beleza e as mazelas de um espa\u00e7o aqu\u00e1tico de \u00e1guas sempre renovadas, cheio de hist\u00f3rias e lendas como as das cidades que foram\u2026","rel":"","context":"Em &quot;Cultura-Geral&quot;","block_context":{"text":"Cultura-Geral","link":"https:\/\/www.jornalja.com.br\/arquivo\/category\/materiasecundaria\/"},"img":{"alt_text":"","src":"","width":0,"height":0},"classes":[]},{"id":13124,"url":"https:\/\/www.jornalja.com.br\/arquivo\/sangue-latino-no-iecine\/","url_meta":{"origin":46101,"position":1},"title":"Sangue latino no IECINE","author":"da Reda\u00e7\u00e3o","date":"18 de maio de 2014","format":false,"excerpt":"Francisco Ribeiro O Instituto Estadual de Cinema (IECINE) tem a frente, desde abril \u00faltimo, um novo diretor, o cineasta colombiano Juan Zapata, 36, que substitui Luiz Alberto Cassol. Radicado h\u00e1 dez anos em Porto Alegre, Zapata tem diante de si o desafio de conduzir at\u00e9 o final do ano um\u2026","rel":"","context":"Em &quot;Cultura-Geral&quot;","block_context":{"text":"Cultura-Geral","link":"https:\/\/www.jornalja.com.br\/arquivo\/category\/materiasecundaria\/"},"img":{"alt_text":"","src":"","width":0,"height":0},"classes":[]},{"id":5440,"url":"https:\/\/www.jornalja.com.br\/arquivo\/casarao-da-venancio-destino-permanece-incerto\/","url_meta":{"origin":46101,"position":2},"title":"Estado ainda n\u00e3o sabe o que fazer com casar\u00e3o abandonado h\u00e1 20 anos","author":"Elmar Bones","date":"6 de julho de 2009","format":false,"excerpt":"O casar\u00e3o amarelo, numa esquina nobre de Porto Alegre (Ven\u00e2ncio Aires com Jo\u00e3o Pessoa), j\u00e1 abrigou uma escola. H\u00e1 duas d\u00e9cadas, pelo menos, est\u00e1 abandonado, porque seu propriet\u00e1rio, o governo do Estado do Rio Grande do Sul, n\u00e3o consegue achar um destino para ele. Planos n\u00e3o faltaram. O governador Ol\u00edvio\u2026","rel":"","context":"Em &quot;X.Categorias velhas&quot;","block_context":{"text":"X.Categorias velhas","link":"https:\/\/www.jornalja.com.br\/arquivo\/category\/x-categorias-velhas\/"},"img":{"alt_text":"geraldo1","src":"https:\/\/i0.wp.com\/www.jornalja.com.br\/wp-content\/uploads\/2009\/07\/geraldo1.jpg?resize=350%2C200&ssl=1","width":350,"height":200},"classes":[]},{"id":13101,"url":"https:\/\/www.jornalja.com.br\/arquivo\/morre-um-guerreiro-do-texto\/","url_meta":{"origin":46101,"position":3},"title":"Morre um guerreiro do texto","author":"Patr\u00edcia Marini","date":"14 de maio de 2014","format":false,"excerpt":"Por Ricardo Kotscho Reproduzido do blog do autor, 11\/5\/2014; t\u00edtulo original \u201cE l\u00e1 se foi o nosso Myltainho, guerreiro do texto\u201d. Mi\u00fado e franzino, meu amigo Myltainho era um valente e inconformado guerreiro na luta contra as injusti\u00e7as sociais, a hipocrisia, as maracutaias, o autoritarismo, a intoler\u00e2ncia, a viol\u00eancia, o\u2026","rel":"","context":"Em &quot;Geral&quot;","block_context":{"text":"Geral","link":"https:\/\/www.jornalja.com.br\/arquivo\/category\/geral\/"},"img":{"alt_text":"","src":"","width":0,"height":0},"classes":[]},{"id":1280,"url":"https:\/\/www.jornalja.com.br\/arquivo\/o-menino-que-se-tornou-brizola\/","url_meta":{"origin":46101,"position":4},"title":"O Menino que se Tornou Brizola","author":"da Reda\u00e7\u00e3o","date":"28 de julho de 2008","format":false,"excerpt":"Autor: Cleber Dioni A vida de Leonel Brizola, com \u00eanfase para os primeiros anos em Porto Alegre, at\u00e9 o ex\u00edlio no Uruguai e a volta, quinze anos depois. \u00a0\"...\u00c9ramos todos jovens e nos identific\u00e1vamos com aquela massa an\u00f4nima a percorrer as ruas de Porto Alegre, gritando 'Get\u00falio', 'Get\u00falio' e empunhando\u2026","rel":"","context":"Em &quot;Livros&quot;","block_context":{"text":"Livros","link":"https:\/\/www.jornalja.com.br\/arquivo\/category\/livros\/"},"img":{"alt_text":"","src":"https:\/\/i0.wp.com\/www.jornalja.com.br\/wp-content\/uploads\/2008\/07\/brizola.gif?resize=350%2C200&ssl=1","width":350,"height":200},"classes":[]},{"id":13109,"url":"https:\/\/www.jornalja.com.br\/arquivo\/judiciario-reconhece-poluicao-eletromagnetica\/","url_meta":{"origin":46101,"position":5},"title":"Judici\u00e1rio reconhece polui\u00e7\u00e3o eletromagn\u00e9tica","author":"Patr\u00edcia Marini","date":"16 de maio de 2014","format":false,"excerpt":"A\u00e7\u00e3o de duas associa\u00e7\u00f5es de moradores foi acolhida pelo Tribunal de Justi\u00e7a de S\u00e3o Paulo que. em decis\u00e3o in\u00e9dita, determinou a redu\u00e7\u00e3o do campo eletromagn\u00e9tico gerado pelas linhas de transmiss\u00e3o de energia que cortam os bairros City Boa\u00e7ava e Alto de Pinheiros. \u00c9 a primeira vez que um tribunal do\u2026","rel":"","context":"Em &quot;X.Categorias velhas&quot;","block_context":{"text":"X.Categorias velhas","link":"https:\/\/www.jornalja.com.br\/arquivo\/category\/x-categorias-velhas\/"},"img":{"alt_text":"","src":"","width":0,"height":0},"classes":[]}],"jetpack_shortlink":"https:\/\/wp.me\/pbQjBd-bZz","jetpack_featured_media_url":"","_links":{"self":[{"href":"https:\/\/www.jornalja.com.br\/arquivo\/wp-json\/wp\/v2\/posts\/46101","targetHints":{"allow":["GET"]}}],"collection":[{"href":"https:\/\/www.jornalja.com.br\/arquivo\/wp-json\/wp\/v2\/posts"}],"about":[{"href":"https:\/\/www.jornalja.com.br\/arquivo\/wp-json\/wp\/v2\/types\/post"}],"author":[{"embeddable":true,"href":"https:\/\/www.jornalja.com.br\/arquivo\/wp-json\/wp\/v2\/users\/4"}],"replies":[{"embeddable":true,"href":"https:\/\/www.jornalja.com.br\/arquivo\/wp-json\/wp\/v2\/comments?post=46101"}],"version-history":[{"count":0,"href":"https:\/\/www.jornalja.com.br\/arquivo\/wp-json\/wp\/v2\/posts\/46101\/revisions"}],"wp:attachment":[{"href":"https:\/\/www.jornalja.com.br\/arquivo\/wp-json\/wp\/v2\/media?parent=46101"}],"wp:term":[{"taxonomy":"category","embeddable":true,"href":"https:\/\/www.jornalja.com.br\/arquivo\/wp-json\/wp\/v2\/categories?post=46101"},{"taxonomy":"post_tag","embeddable":true,"href":"https:\/\/www.jornalja.com.br\/arquivo\/wp-json\/wp\/v2\/tags?post=46101"}],"curies":[{"name":"wp","href":"https:\/\/api.w.org\/{rel}","templated":true}]}}