{"id":46105,"date":"2017-03-21T17:16:29","date_gmt":"2017-03-21T20:16:29","guid":{"rendered":"https:\/\/www.jornalja.com.br\/?p=46105"},"modified":"2017-03-21T17:16:29","modified_gmt":"2017-03-21T20:16:29","slug":"diretor-da-eptc-ignora-convite-para-explicar-tarifa-de-onibus-na-camara","status":"publish","type":"post","link":"https:\/\/www.jornalja.com.br\/arquivo\/diretor-da-eptc-ignora-convite-para-explicar-tarifa-de-onibus-na-camara\/","title":{"rendered":"Diretor da EPTC ignora convite para explicar tarifa de \u00f4nibus na C\u00e2mara"},"content":{"rendered":"<p><span class=\"assina\">FELIPE UHR<\/span><br \/>\nConvidado pela Comiss\u00e3o de Urbaniza\u00e7\u00e3o, Transporte e Habita\u00e7\u00e3o\u00a0(Cuthab), para falar sobre\u00a0a planilha de c\u00e1lculo da tarifa dos \u00f4nibus urbanos,\u00a0o diretor-presidente da Empresa P\u00fablica de Transporte e Circula\u00e7\u00e3o (EPTC), Marcelo Soletti, n\u00e3o compareceu na tarde desta ter\u00e7a-feira em Porto Alegre.<br \/>\nAgora, n\u00e3o ser\u00e1 mais convidado, e sim convocado a comparecer na C\u00e2mara.\u00a0Um pedido de convoca\u00e7\u00e3o ser\u00e1\u00a0formulado nos pr\u00f3ximos dias para que ele compare\u00e7a o quanto antes, j\u00e1 que o pre\u00e7o sugerido pela EPTC, de R$ 4,05, ser\u00e1 julgado pela Comiss\u00e3o Municipal de Transporte no pr\u00f3ximo dia 28. Se aprovado, o aumento pode ser sancionado pelo prefeito j\u00e1 no dia seguinte.<br \/>\nA Prefeitura, em vez de mandar o presidente da EPTC, mandou tr\u00eas t\u00e9cnicos, funcion\u00e1rios de carreira: Fl\u00e1vio Tomelero (gerente t\u00e9cnico de tr\u00e2nsito e transportes), M\u00e1rcio Sauressig (coordenador) e Giovana Hess (gerente jur\u00eddica). A postura n\u00e3o agradou os vereadores, que preferiram n\u00e3o discutir o assunto com os funcion\u00e1rios.<br \/>\n&#8220;J\u00e1 foram feitos dois convites e ele n\u00e3o pode comparecer&#8221;, lamentou o presidente da comiss\u00e3o, vereador\u00a0Dr. Goulart (PTB).<br \/>\n&#8220;Trata-se de uma discuss\u00e3o pol\u00edtica e por isso queremos a presen\u00e7a do diretor aqui&#8221;, salientou a vereadora\u00a0 Fernanda Melchionna (PSOL).<br \/>\nOs demais vereadores presentes na reuni\u00e3o &#8211; Roberto Robaina (PSOL), Professor Wambert (PROS) e Valter Nagelstein (PMDB) &#8211; tamb\u00e9m agradeceram a presen\u00e7a dos funcion\u00e1rios mas justificaram que a presen\u00e7a do diretor \u00e9 fundamental para o debate.<br \/>\nUm pedido de reuni\u00e3o com o prefeito tamb\u00e9m est\u00e1 sendo articulado para discutir o transporte p\u00fablico, entre outros temas.<\/p>\n","protected":false},"excerpt":{"rendered":"<p>FELIPE UHR Convidado pela Comiss\u00e3o de Urbaniza\u00e7\u00e3o, Transporte e Habita\u00e7\u00e3o\u00a0(Cuthab), para falar sobre\u00a0a planilha de c\u00e1lculo da tarifa dos \u00f4nibus urbanos,\u00a0o diretor-presidente da Empresa P\u00fablica de Transporte e Circula\u00e7\u00e3o (EPTC), Marcelo Soletti, n\u00e3o compareceu na tarde desta ter\u00e7a-feira em Porto Alegre. Agora, n\u00e3o ser\u00e1 mais convidado, e sim convocado a comparecer na C\u00e2mara.\u00a0Um pedido de [&hellip;]<\/p>\n","protected":false},"author":4,"featured_media":46113,"comment_status":"open","ping_status":"closed","sticky":false,"template":"","format":"standard","meta":{"_jetpack_memberships_contains_paid_content":false,"footnotes":""},"categories":[26],"tags":[],"class_list":["post-46105","post","type-post","status-publish","format-standard","has-post-thumbnail","hentry","category-geral"],"aioseo_notices":[],"jetpack_featured_media_url":"","jetpack_sharing_enabled":true,"jetpack-related-posts":[],"jetpack_shortlink":"https:\/\/wp.me\/pbQjBd-bZD","_links":{"self":[{"href":"https:\/\/www.jornalja.com.br\/arquivo\/wp-json\/wp\/v2\/posts\/46105","targetHints":{"allow":["GET"]}}],"collection":[{"href":"https:\/\/www.jornalja.com.br\/arquivo\/wp-json\/wp\/v2\/posts"}],"about":[{"href":"https:\/\/www.jornalja.com.br\/arquivo\/wp-json\/wp\/v2\/types\/post"}],"author":[{"embeddable":true,"href":"https:\/\/www.jornalja.com.br\/arquivo\/wp-json\/wp\/v2\/users\/4"}],"replies":[{"embeddable":true,"href":"https:\/\/www.jornalja.com.br\/arquivo\/wp-json\/wp\/v2\/comments?post=46105"}],"version-history":[{"count":0,"href":"https:\/\/www.jornalja.com.br\/arquivo\/wp-json\/wp\/v2\/posts\/46105\/revisions"}],"wp:featuredmedia":[{"embeddable":true,"href":"https:\/\/www.jornalja.com.br\/arquivo\/wp-json\/"}],"wp:attachment":[{"href":"https:\/\/www.jornalja.com.br\/arquivo\/wp-json\/wp\/v2\/media?parent=46105"}],"wp:term":[{"taxonomy":"category","embeddable":true,"href":"https:\/\/www.jornalja.com.br\/arquivo\/wp-json\/wp\/v2\/categories?post=46105"},{"taxonomy":"post_tag","embeddable":true,"href":"https:\/\/www.jornalja.com.br\/arquivo\/wp-json\/wp\/v2\/tags?post=46105"}],"curies":[{"name":"wp","href":"https:\/\/api.w.org\/{rel}","templated":true}]}}