{"id":46139,"date":"2017-03-22T14:42:30","date_gmt":"2017-03-22T17:42:30","guid":{"rendered":"https:\/\/www.jornalja.com.br\/?p=46139"},"modified":"2017-03-22T14:42:30","modified_gmt":"2017-03-22T17:42:30","slug":"a-liberdade-em-tempos-sombrios","status":"publish","type":"post","link":"https:\/\/www.jornalja.com.br\/arquivo\/a-liberdade-em-tempos-sombrios\/","title":{"rendered":"A liberdade em tempos sombrios"},"content":{"rendered":"<p dir=\"ltr\"><span class=\"assina\">M\u00e1rcio Sotero Felippe<\/span><\/p>\n<p dir=\"ltr\"><span class=\"descreve\">Procurador do Estado, p\u00f3s-graduado em Filosofia e Teoria Geral do Direito pela Universidade de S\u00e3o Paulo.\u00a0<\/span><\/p>\n<p dir=\"ltr\" style=\"text-align: right\">S\u00e1bado, 18 de mar\u00e7o de 2017<\/p>\n<p dir=\"ltr\">\u00a0Em um artigo publicado em 1944,\u00a0A rep\u00fablica do sil\u00eancio, Sartre escreveu que os franceses nunca foram t\u00e3o livres quanto no tempo da ocupa\u00e7\u00e3o alem\u00e3. Um chocante e brilhante paradoxo que s\u00f3 a grande Filosofia, como exerc\u00edcio de pensar fora do senso comum, \u00e9 capaz de produzir. Por que os franceses eram livres se todos os direitos haviam sido aniquilados pelos alem\u00e3es e n\u00e3o havia qualquer liberdade de express\u00e3o? Como se podia ser livre sob a cerrada opress\u00e3o do invasor que fiscalizava os gestos mais triviais do cotidiano? Porque, dizia Sartre, cada gesto era um compromisso. A resist\u00eancia significava uma escolha e, pois, um exerc\u00edcio de liberdade. Significava n\u00e3o renunciar \u00e0 constru\u00e7\u00e3o de sua pr\u00f3pria exist\u00eancia quando os invasores queriam mold\u00e1-la, reduzindo-a a objeto passivo e sem forma.<\/p>\n<p dir=\"ltr\">Em linguagem ret\u00f3rica e po\u00e9tica Rosa de Luxemburgo disse algo semelhante: quem n\u00e3o se movimenta n\u00e3o percebe as correntes que o aprisionam.<\/p>\n<p dir=\"ltr\">Sartre era existencialista: a exist\u00eancia precede a ess\u00eancia. Isto significa que n\u00e3o h\u00e1 algo anterior \u00e0 exist\u00eancia que impe\u00e7a um ser humano de tomar livremente as decis\u00f5es que construir\u00e3o o seu futuro. Isto d\u00e1 ao humano\u00a0a plena imputabilidade pelos seus atos. O que ele faz da sua exist\u00eancia \u00e9 culpa ou m\u00e9rito exclusivamente seu. O que ela \u00e9 hoje resulta de decis\u00f5es que tomou no passado, e o que ser\u00e1 resultar\u00e1 das decis\u00f5es que toma no presente.<\/p>\n<p dir=\"ltr\">A experi\u00eancia francesa durante a ocupa\u00e7\u00e3o alem\u00e3 guarda certa similitude com o Brasil de hoje. Na Fran\u00e7a parte da sociedade (muito maior do que os franceses gostam de admitir) foi complacente ou colaborou com o invasor que massacrava seu povo e aniquilava os mais elementares direitos dos franceses. Hoje, parte da sociedade brasileira assiste inerte, \u00e9 complacente, apoia ou apoiou usurpadores que v\u00e3o reduzindo a p\u00f3 o pouco de direitos e garantias de um povo j\u00e1 miser\u00e1vel.<\/p>\n<p dir=\"ltr\">Na Fran\u00e7a colaborava-se por ser fascista ou filofascista. Por ego\u00edsmo social. Por ressentimento. Por \u00f3dio de classe. Para pequenas vingan\u00e7as privadas, para atingir um inimigo pessoal. Colaborava-se por aus\u00eancia de qualquer sentimento de solidariedade social. A colabora\u00e7\u00e3o com o invasor desvelava a mais baixa extra\u00e7\u00e3o moral. Quanto a n\u00f3s, tomo como paradigma uma cena do cotidiano que presenciei dia desses. Duas mulheres ao meu lado conversavam. Uma disse que seu filho de 13 anos era f\u00e3 do Bolsonaro. A outra, algo espantada, faz uma cr\u00edtica sutil, perguntando se ela n\u00e3o conversava com o filho sobre pol\u00edtica. A resposta:\u00a0\u201cacho bonito que meu filho seja politizado nessa idade\u201d.Com isto, quis dizer que n\u00e3o importava de que modo seu filho estava precocemente se politizando.<\/p>\n<p dir=\"ltr\">Pode-se razoavelmente supor que ela, mulher, ignore que Bolsonaro disse que h\u00e1 mulheres que merecem ser estupradas? Que saudou, diante de todo pa\u00eds, em rede nacional de televis\u00e3o, o mais c\u00e9lebre torturador da ditadura militar? Que declarou que prefere o filho morto se ele for homossexual? Como ignorar isso tudo \u00e9 altamente improv\u00e1vel, porque seria supor que tal mulher vive em uma bolha impenetr\u00e1vel em plena era das redes sociais, podemos concluir, com Sartre, que escolheu o s\u00f3rdido para si e para seu filho. O que resultar\u00e1 dessa escolha n\u00e3o poder\u00e1 ser imputado a Deus, ao destino, aos fatos da natureza ou a qualquer f\u00f3rmula vaga e est\u00fapida do tipo \u201ca vida \u00e9 assim\u201d, mas a ela mesma e a seus pares brancos de classe m\u00e9dia que tem atitudes semelhantes.<\/p>\n<p dir=\"ltr\">Do mesmo modo como a parcela colaboracionista da sociedade francesa escolheu a opress\u00e3o do invasor estrangeiro, parcela da sociedade brasileira escolheu o retrocesso, o obscurantismo e a selvageria.<\/p>\n<p dir=\"ltr\">Foi em massa \u00e0s ruas em nome do combate \u00e0 corrup\u00e7\u00e3o apoiando um processo pol\u00edtico liderado por not\u00f3rios corruptos.<\/p>\n<p dir=\"ltr\">Regozija-se com o c\u00e2ncer e com o AVC do advers\u00e1rio politico, demonstrando completa aus\u00eancia de qualquer tra\u00e7o de fraternidade e respeito ao pr\u00f3ximo.<\/p>\n<p dir=\"ltr\">Suas agruras e dificuldades econ\u00f4micas e sociais transformam-se em \u00f3dio justamente contra os exclu\u00eddos e em apoio \u00e0s ricas oligarquias que controlam a vida pol\u00edtica do pa\u00eds (das quais julgam-se espelhos), a f\u00f3rmula cl\u00e1ssica do fascismo.<\/p>\n<p dir=\"ltr\">Permanece indiferente, omissa ou d\u00e1 franco apoio ao aniquilamento de direitos, ao fim, na pr\u00e1tica, da aposentadoria para milh\u00f5es de brasileiros, \u00e0 elimina\u00e7\u00e3o dos direitos trabalhistas, \u00e0 entrega do patrim\u00f4nio nacional a grandes empresas estrangeiras.<\/p>\n<p dir=\"ltr\">Seu \u00f3dio transforma em esgoto as redes sociais.<\/p>\n<p dir=\"ltr\">N\u00e3o h\u00e1 como prever o que acontecer\u00e1 a esta sociedade. Uma convuls\u00e3o social poder\u00e1 desalojar os usurpadores do poder, ou poderemos seguir para o cadafalso como povo. A Hist\u00f3ria sempre \u00e9 prenhe de surpresas. O que \u00e9 certo, no entanto, tomando a frase de Sartre, \u00e9 que somente poder\u00e3o dizer no futuro que foram livres, no Brasil p\u00f3s-golpe de 2016, os que agora est\u00e3o se comprometendo e resistindo. \u00c9 uma tr\u00e1gica liberdade de tempos sombrios, mas se nos foi dado viver neste tempo, que vivamos com a dignidade que somente os seres livres podem ostentar.<\/p>\n<p dir=\"ltr\">Hoje s\u00e3o livres os que resistem.<\/p>\n<p dir=\"ltr\"><em>Post original publicado no site\u00a0<a href=\"http:\/\/justificando.cartacapital.com.br\/2017\/03\/18\/liberdade-em-tempos-sombrios\/\" target=\"_blank\" rel=\"noopener noreferrer\">Justificando\u00a0<\/a><\/em><\/p>\n<p dir=\"ltr\">\n","protected":false},"excerpt":{"rendered":"<p>M\u00e1rcio Sotero Felippe Procurador do Estado, p\u00f3s-graduado em Filosofia e Teoria Geral do Direito pela Universidade de S\u00e3o Paulo.\u00a0 S\u00e1bado, 18 de mar\u00e7o de 2017 \u00a0Em um artigo publicado em 1944,\u00a0A rep\u00fablica do sil\u00eancio, Sartre escreveu que os franceses nunca foram t\u00e3o livres quanto no tempo da ocupa\u00e7\u00e3o alem\u00e3. Um chocante e brilhante paradoxo que [&hellip;]<\/p>\n","protected":false},"author":4,"featured_media":46141,"comment_status":"open","ping_status":"closed","sticky":false,"template":"","format":"standard","meta":{"_jetpack_newsletter_access":"","_jetpack_dont_email_post_to_subs":false,"_jetpack_newsletter_tier_id":0,"_jetpack_memberships_contains_paywalled_content":false,"_jetpack_feature_clip_id":0,"_jetpack_memberships_contains_paid_content":false,"footnotes":"","jetpack_post_was_ever_published":false},"categories":[2011,2012],"tags":[],"class_list":["post-46139","post","type-post","status-publish","format-standard","has-post-thumbnail","hentry","category-destaque","category-debates"],"aioseo_notices":[],"aioseo_head":"\n\t\t<!-- All in One SEO 5.0.1.1 - aioseo.com -->\n\t<meta name=\"robots\" content=\"max-image-preview:large\" \/>\n\t<meta name=\"author\" content=\"da Reda\u00e7\u00e3o\"\/>\n\t<link rel=\"canonical\" href=\"https:\/\/www.jornalja.com.br\/arquivo\/a-liberdade-em-tempos-sombrios\/\" \/>\n\t<meta name=\"generator\" content=\"All in One SEO (AIOSEO) 5.0.1.1\" \/>\n\t\t<meta property=\"og:locale\" content=\"pt_BR\" \/>\n\t\t<meta property=\"og:site_name\" content=\"Arquivo | Jornal J\u00c1 | Porto Alegre\" \/>\n\t\t<meta property=\"og:type\" content=\"article\" \/>\n\t\t<meta property=\"og:title\" content=\"A liberdade em tempos sombrios | Arquivo\" \/>\n\t\t<meta property=\"og:url\" content=\"https:\/\/www.jornalja.com.br\/arquivo\/a-liberdade-em-tempos-sombrios\/\" \/>\n\t\t<meta property=\"og:image\" content=\"https:\/\/www.jornalja.com.br\/economics\/wp-content\/uploads\/sites\/11\/2026\/08\/ja-folhaderosto-facebook.jpg\" \/>\n\t\t<meta property=\"og:image:secure_url\" content=\"https:\/\/www.jornalja.com.br\/economics\/wp-content\/uploads\/sites\/11\/2026\/08\/ja-folhaderosto-facebook.jpg\" \/>\n\t\t<meta property=\"article:published_time\" content=\"2017-03-22T17:42:30+00:00\" \/>\n\t\t<meta property=\"article:modified_time\" content=\"2017-03-22T17:42:30+00:00\" \/>\n\t\t<meta name=\"twitter:card\" content=\"summary\" \/>\n\t\t<meta name=\"twitter:title\" content=\"A liberdade em tempos sombrios | Arquivo\" \/>\n\t\t<meta name=\"twitter:image\" content=\"https:\/\/www.jornalja.com.br\/economics\/wp-content\/uploads\/sites\/11\/2026\/08\/ja-folhaderosto-facebook.jpg\" \/>\n\t\t<script type=\"application\/ld+json\" class=\"aioseo-schema\">\n\t\t\t{\"@context\":\"https:\\\/\\\/schema.org\",\"@graph\":[{\"@type\":\"BlogPosting\",\"@id\":\"https:\\\/\\\/www.jornalja.com.br\\\/arquivo\\\/a-liberdade-em-tempos-sombrios\\\/#blogposting\",\"name\":\"A liberdade em tempos sombrios | Arquivo\",\"headline\":\"A liberdade em tempos sombrios\",\"author\":{\"@id\":\"https:\\\/\\\/www.jornalja.com.br\\\/arquivo\\\/author\\\/daredacao\\\/#author\"},\"publisher\":{\"@id\":\"https:\\\/\\\/www.jornalja.com.br\\\/arquivo\\\/#organization\"},\"image\":{\"@type\":\"ImageObject\",\"url\":46141},\"datePublished\":\"2017-03-22T14:42:30-03:00\",\"dateModified\":\"2017-03-22T14:42:30-03:00\",\"inLanguage\":\"pt-BR\",\"mainEntityOfPage\":{\"@id\":\"https:\\\/\\\/www.jornalja.com.br\\\/arquivo\\\/a-liberdade-em-tempos-sombrios\\\/#webpage\"},\"isPartOf\":{\"@id\":\"https:\\\/\\\/www.jornalja.com.br\\\/arquivo\\\/a-liberdade-em-tempos-sombrios\\\/#webpage\"},\"articleSection\":\"CDD-artigo em destaque, HOTSITE Comit\\u00ea pela Democracia\"},{\"@type\":\"BreadcrumbList\",\"@id\":\"https:\\\/\\\/www.jornalja.com.br\\\/arquivo\\\/a-liberdade-em-tempos-sombrios\\\/#breadcrumblist\",\"itemListElement\":[{\"@type\":\"ListItem\",\"@id\":\"https:\\\/\\\/www.jornalja.com.br\\\/arquivo#listItem\",\"position\":1,\"name\":\"Home\",\"item\":\"https:\\\/\\\/www.jornalja.com.br\\\/arquivo\",\"nextItem\":{\"@type\":\"ListItem\",\"@id\":\"https:\\\/\\\/www.jornalja.com.br\\\/arquivo\\\/category\\\/destaque\\\/#listItem\",\"name\":\"CDD-artigo em destaque\"}},{\"@type\":\"ListItem\",\"@id\":\"https:\\\/\\\/www.jornalja.com.br\\\/arquivo\\\/category\\\/destaque\\\/#listItem\",\"position\":2,\"name\":\"CDD-artigo em destaque\",\"item\":\"https:\\\/\\\/www.jornalja.com.br\\\/arquivo\\\/category\\\/destaque\\\/\",\"nextItem\":{\"@type\":\"ListItem\",\"@id\":\"https:\\\/\\\/www.jornalja.com.br\\\/arquivo\\\/a-liberdade-em-tempos-sombrios\\\/#listItem\",\"name\":\"A liberdade em tempos sombrios\"},\"previousItem\":{\"@type\":\"ListItem\",\"@id\":\"https:\\\/\\\/www.jornalja.com.br\\\/arquivo#listItem\",\"name\":\"Home\"}},{\"@type\":\"ListItem\",\"@id\":\"https:\\\/\\\/www.jornalja.com.br\\\/arquivo\\\/a-liberdade-em-tempos-sombrios\\\/#listItem\",\"position\":3,\"name\":\"A liberdade em tempos sombrios\",\"previousItem\":{\"@type\":\"ListItem\",\"@id\":\"https:\\\/\\\/www.jornalja.com.br\\\/arquivo\\\/category\\\/destaque\\\/#listItem\",\"name\":\"CDD-artigo em destaque\"}}]},{\"@type\":\"Organization\",\"@id\":\"https:\\\/\\\/www.jornalja.com.br\\\/arquivo\\\/#organization\",\"name\":\"Jornal J\\u00c1\",\"description\":\"Jornal J\\u00c1 | Porto Alegre\",\"url\":\"https:\\\/\\\/www.jornalja.com.br\\\/arquivo\\\/\",\"telephone\":\"+555133307272\",\"logo\":{\"@type\":\"ImageObject\",\"url\":\"https:\\\/\\\/www.jornalja.com.br\\\/wp-content\\\/uploads\\\/cards\\\/JAslogan.png\",\"@id\":\"https:\\\/\\\/www.jornalja.com.br\\\/arquivo\\\/a-liberdade-em-tempos-sombrios\\\/#organizationLogo\"},\"image\":{\"@id\":\"https:\\\/\\\/www.jornalja.com.br\\\/arquivo\\\/a-liberdade-em-tempos-sombrios\\\/#organizationLogo\"}},{\"@type\":\"Person\",\"@id\":\"https:\\\/\\\/www.jornalja.com.br\\\/arquivo\\\/author\\\/daredacao\\\/#author\",\"url\":\"https:\\\/\\\/www.jornalja.com.br\\\/arquivo\\\/author\\\/daredacao\\\/\",\"name\":\"da Reda\\u00e7\\u00e3o\",\"image\":{\"@type\":\"ImageObject\",\"@id\":\"https:\\\/\\\/www.jornalja.com.br\\\/arquivo\\\/a-liberdade-em-tempos-sombrios\\\/#authorImage\",\"url\":\"https:\\\/\\\/secure.gravatar.com\\\/avatar\\\/469fd857d6605ad19919d27ed29d35a968a25f6e8fd9318356bbb7f57aae9c65?s=96&d=mm&r=g\",\"width\":96,\"height\":96,\"caption\":\"da Reda\\u00e7\\u00e3o\"}},{\"@type\":\"WebPage\",\"@id\":\"https:\\\/\\\/www.jornalja.com.br\\\/arquivo\\\/a-liberdade-em-tempos-sombrios\\\/#webpage\",\"url\":\"https:\\\/\\\/www.jornalja.com.br\\\/arquivo\\\/a-liberdade-em-tempos-sombrios\\\/\",\"name\":\"A liberdade em tempos sombrios | Arquivo\",\"inLanguage\":\"pt-BR\",\"isPartOf\":{\"@id\":\"https:\\\/\\\/www.jornalja.com.br\\\/arquivo\\\/#website\"},\"breadcrumb\":{\"@id\":\"https:\\\/\\\/www.jornalja.com.br\\\/arquivo\\\/a-liberdade-em-tempos-sombrios\\\/#breadcrumblist\"},\"author\":{\"@id\":\"https:\\\/\\\/www.jornalja.com.br\\\/arquivo\\\/author\\\/daredacao\\\/#author\"},\"creator\":{\"@id\":\"https:\\\/\\\/www.jornalja.com.br\\\/arquivo\\\/author\\\/daredacao\\\/#author\"},\"image\":{\"@type\":\"ImageObject\",\"url\":46141,\"@id\":\"https:\\\/\\\/www.jornalja.com.br\\\/arquivo\\\/a-liberdade-em-tempos-sombrios\\\/#mainImage\"},\"primaryImageOfPage\":{\"@id\":\"https:\\\/\\\/www.jornalja.com.br\\\/arquivo\\\/a-liberdade-em-tempos-sombrios\\\/#mainImage\"},\"datePublished\":\"2017-03-22T14:42:30-03:00\",\"dateModified\":\"2017-03-22T14:42:30-03:00\"},{\"@type\":\"WebSite\",\"@id\":\"https:\\\/\\\/www.jornalja.com.br\\\/arquivo\\\/#website\",\"url\":\"https:\\\/\\\/www.jornalja.com.br\\\/arquivo\\\/\",\"name\":\"Arquivo\",\"description\":\"Jornal J\\u00c1 | Porto Alegre\",\"inLanguage\":\"pt-BR\",\"publisher\":{\"@id\":\"https:\\\/\\\/www.jornalja.com.br\\\/arquivo\\\/#organization\"}}]}\n\t\t<\/script>\n\t\t<!-- All in One SEO -->\n\n","aioseo_head_json":{"title":"A liberdade em tempos sombrios | Arquivo","description":"","canonical_url":"https:\/\/www.jornalja.com.br\/arquivo\/a-liberdade-em-tempos-sombrios\/","robots":"max-image-preview:large","keywords":"","webmasterTools":{"miscellaneous":""},"schema":{"@context":"https:\/\/schema.org","@graph":[{"@type":"BlogPosting","@id":"https:\/\/www.jornalja.com.br\/arquivo\/a-liberdade-em-tempos-sombrios\/#blogposting","name":"A liberdade em tempos sombrios | Arquivo","headline":"A liberdade em tempos sombrios","author":{"@id":"https:\/\/www.jornalja.com.br\/arquivo\/author\/daredacao\/#author"},"publisher":{"@id":"https:\/\/www.jornalja.com.br\/arquivo\/#organization"},"image":{"@type":"ImageObject","url":46141},"datePublished":"2017-03-22T14:42:30-03:00","dateModified":"2017-03-22T14:42:30-03:00","inLanguage":"pt-BR","mainEntityOfPage":{"@id":"https:\/\/www.jornalja.com.br\/arquivo\/a-liberdade-em-tempos-sombrios\/#webpage"},"isPartOf":{"@id":"https:\/\/www.jornalja.com.br\/arquivo\/a-liberdade-em-tempos-sombrios\/#webpage"},"articleSection":"CDD-artigo em destaque, HOTSITE Comit\u00ea pela Democracia"},{"@type":"BreadcrumbList","@id":"https:\/\/www.jornalja.com.br\/arquivo\/a-liberdade-em-tempos-sombrios\/#breadcrumblist","itemListElement":[{"@type":"ListItem","@id":"https:\/\/www.jornalja.com.br\/arquivo#listItem","position":1,"name":"Home","item":"https:\/\/www.jornalja.com.br\/arquivo","nextItem":{"@type":"ListItem","@id":"https:\/\/www.jornalja.com.br\/arquivo\/category\/destaque\/#listItem","name":"CDD-artigo em destaque"}},{"@type":"ListItem","@id":"https:\/\/www.jornalja.com.br\/arquivo\/category\/destaque\/#listItem","position":2,"name":"CDD-artigo em destaque","item":"https:\/\/www.jornalja.com.br\/arquivo\/category\/destaque\/","nextItem":{"@type":"ListItem","@id":"https:\/\/www.jornalja.com.br\/arquivo\/a-liberdade-em-tempos-sombrios\/#listItem","name":"A liberdade em tempos sombrios"},"previousItem":{"@type":"ListItem","@id":"https:\/\/www.jornalja.com.br\/arquivo#listItem","name":"Home"}},{"@type":"ListItem","@id":"https:\/\/www.jornalja.com.br\/arquivo\/a-liberdade-em-tempos-sombrios\/#listItem","position":3,"name":"A liberdade em tempos sombrios","previousItem":{"@type":"ListItem","@id":"https:\/\/www.jornalja.com.br\/arquivo\/category\/destaque\/#listItem","name":"CDD-artigo em destaque"}}]},{"@type":"Organization","@id":"https:\/\/www.jornalja.com.br\/arquivo\/#organization","name":"Jornal J\u00c1","description":"Jornal J\u00c1 | Porto Alegre","url":"https:\/\/www.jornalja.com.br\/arquivo\/","telephone":"+555133307272","logo":{"@type":"ImageObject","url":"https:\/\/www.jornalja.com.br\/wp-content\/uploads\/cards\/JAslogan.png","@id":"https:\/\/www.jornalja.com.br\/arquivo\/a-liberdade-em-tempos-sombrios\/#organizationLogo"},"image":{"@id":"https:\/\/www.jornalja.com.br\/arquivo\/a-liberdade-em-tempos-sombrios\/#organizationLogo"}},{"@type":"Person","@id":"https:\/\/www.jornalja.com.br\/arquivo\/author\/daredacao\/#author","url":"https:\/\/www.jornalja.com.br\/arquivo\/author\/daredacao\/","name":"da Reda\u00e7\u00e3o","image":{"@type":"ImageObject","@id":"https:\/\/www.jornalja.com.br\/arquivo\/a-liberdade-em-tempos-sombrios\/#authorImage","url":"https:\/\/secure.gravatar.com\/avatar\/469fd857d6605ad19919d27ed29d35a968a25f6e8fd9318356bbb7f57aae9c65?s=96&d=mm&r=g","width":96,"height":96,"caption":"da Reda\u00e7\u00e3o"}},{"@type":"WebPage","@id":"https:\/\/www.jornalja.com.br\/arquivo\/a-liberdade-em-tempos-sombrios\/#webpage","url":"https:\/\/www.jornalja.com.br\/arquivo\/a-liberdade-em-tempos-sombrios\/","name":"A liberdade em tempos sombrios | Arquivo","inLanguage":"pt-BR","isPartOf":{"@id":"https:\/\/www.jornalja.com.br\/arquivo\/#website"},"breadcrumb":{"@id":"https:\/\/www.jornalja.com.br\/arquivo\/a-liberdade-em-tempos-sombrios\/#breadcrumblist"},"author":{"@id":"https:\/\/www.jornalja.com.br\/arquivo\/author\/daredacao\/#author"},"creator":{"@id":"https:\/\/www.jornalja.com.br\/arquivo\/author\/daredacao\/#author"},"image":{"@type":"ImageObject","url":46141,"@id":"https:\/\/www.jornalja.com.br\/arquivo\/a-liberdade-em-tempos-sombrios\/#mainImage"},"primaryImageOfPage":{"@id":"https:\/\/www.jornalja.com.br\/arquivo\/a-liberdade-em-tempos-sombrios\/#mainImage"},"datePublished":"2017-03-22T14:42:30-03:00","dateModified":"2017-03-22T14:42:30-03:00"},{"@type":"WebSite","@id":"https:\/\/www.jornalja.com.br\/arquivo\/#website","url":"https:\/\/www.jornalja.com.br\/arquivo\/","name":"Arquivo","description":"Jornal J\u00c1 | Porto Alegre","inLanguage":"pt-BR","publisher":{"@id":"https:\/\/www.jornalja.com.br\/arquivo\/#organization"}}]},"og:locale":"pt_BR","og:site_name":"Arquivo | Jornal J\u00c1 | Porto Alegre","og:type":"article","og:title":"A liberdade em tempos sombrios | Arquivo","og:url":"https:\/\/www.jornalja.com.br\/arquivo\/a-liberdade-em-tempos-sombrios\/","og:image":"https:\/\/www.jornalja.com.br\/economics\/wp-content\/uploads\/sites\/11\/2026\/08\/ja-folhaderosto-facebook.jpg","og:image:secure_url":"https:\/\/www.jornalja.com.br\/economics\/wp-content\/uploads\/sites\/11\/2026\/08\/ja-folhaderosto-facebook.jpg","article:published_time":"2017-03-22T17:42:30+00:00","article:modified_time":"2017-03-22T17:42:30+00:00","twitter:card":"summary","twitter:title":"A liberdade em tempos sombrios | Arquivo","twitter:image":"https:\/\/www.jornalja.com.br\/economics\/wp-content\/uploads\/sites\/11\/2026\/08\/ja-folhaderosto-facebook.jpg"},"aioseo_meta_data":{"post_id":"46139","title":null,"description":null,"keywords":null,"keyphrases":null,"primary_term":null,"canonical_url":null,"og_title":null,"og_description":null,"og_object_type":"default","og_image_type":"default","og_image_url":null,"og_image_width":null,"og_image_height":null,"og_image_custom_url":null,"og_image_custom_fields":null,"og_video":null,"og_custom_url":null,"og_article_section":null,"og_article_tags":null,"twitter_use_og":false,"twitter_card":"default","twitter_image_type":"default","twitter_image_url":null,"twitter_image_custom_url":null,"twitter_image_custom_fields":null,"twitter_title":null,"twitter_description":null,"schema":{"blockGraphs":[],"customGraphs":[],"default":{"data":{"Article":[],"Course":[],"Dataset":[],"FAQPage":[],"Movie":[],"Person":[],"Product":[],"ProductReview":[],"Car":[],"Recipe":[],"Service":[],"SoftwareApplication":[],"WebPage":[]},"graphName":"","isEnabled":true},"graphs":[]},"schema_type":null,"schema_type_options":null,"pillar_content":false,"robots_default":true,"robots_noindex":false,"robots_noarchive":false,"robots_nosnippet":false,"robots_nofollow":false,"robots_noimageindex":false,"robots_noodp":false,"robots_notranslate":false,"robots_max_snippet":null,"robots_max_videopreview":null,"robots_max_imagepreview":"large","priority":null,"frequency":null,"location":null,"local_seo":null,"breadcrumb_settings":null,"limit_modified_date":false,"ai":null,"created":"2020-12-20 20:38:10","updated":"2025-07-19 20:33:35","seo_analyzer_scan_date":null,"focus_keyword":null,"additional_keywords":null,"truseo_locale":null},"jetpack_sharing_enabled":true,"jetpack-related-posts":[{"id":13240,"url":"https:\/\/www.jornalja.com.br\/arquivo\/plano-diretor-estamos-construindo-o-caos\/","url_meta":{"origin":46139,"position":0},"title":"Plano diretor: &quot;Estamos construindo o caos&quot;","author":"Patr\u00edcia Marini","date":"26 de maio de 2014","format":false,"excerpt":"Desabafo que arquiteta Eliana Castilhos, delegada da Regi\u00e3o de Planejamento 1, postou nas redes sociais \u00e9 um testemunho do ambiente que se criou no Conselho do Plano Diretor de Porto Alegre, onde a aprova\u00e7\u00e3o de grandes empreendimentos \u00e9 empurrada guela abaixo dos conselheiros. Ao CMDUA Como delegada da Regi\u00e3o de\u2026","rel":"","context":"Em &quot;Geral&quot;","block_context":{"text":"Geral","link":"https:\/\/www.jornalja.com.br\/arquivo\/category\/geral\/"},"img":{"alt_text":"","src":"","width":0,"height":0},"classes":[]},{"id":1280,"url":"https:\/\/www.jornalja.com.br\/arquivo\/o-menino-que-se-tornou-brizola\/","url_meta":{"origin":46139,"position":1},"title":"O Menino que se Tornou Brizola","author":"da Reda\u00e7\u00e3o","date":"28 de julho de 2008","format":false,"excerpt":"Autor: Cleber Dioni A vida de Leonel Brizola, com \u00eanfase para os primeiros anos em Porto Alegre, at\u00e9 o ex\u00edlio no Uruguai e a volta, quinze anos depois. \u00a0\"...\u00c9ramos todos jovens e nos identific\u00e1vamos com aquela massa an\u00f4nima a percorrer as ruas de Porto Alegre, gritando 'Get\u00falio', 'Get\u00falio' e empunhando\u2026","rel":"","context":"Em &quot;Livros&quot;","block_context":{"text":"Livros","link":"https:\/\/www.jornalja.com.br\/arquivo\/category\/livros\/"},"img":{"alt_text":"","src":"https:\/\/i0.wp.com\/www.jornalja.com.br\/wp-content\/uploads\/2008\/07\/brizola.gif?resize=350%2C200&ssl=1","width":350,"height":200},"classes":[]},{"id":13101,"url":"https:\/\/www.jornalja.com.br\/arquivo\/morre-um-guerreiro-do-texto\/","url_meta":{"origin":46139,"position":2},"title":"Morre um guerreiro do texto","author":"Patr\u00edcia Marini","date":"14 de maio de 2014","format":false,"excerpt":"Por Ricardo Kotscho Reproduzido do blog do autor, 11\/5\/2014; t\u00edtulo original \u201cE l\u00e1 se foi o nosso Myltainho, guerreiro do texto\u201d. Mi\u00fado e franzino, meu amigo Myltainho era um valente e inconformado guerreiro na luta contra as injusti\u00e7as sociais, a hipocrisia, as maracutaias, o autoritarismo, a intoler\u00e2ncia, a viol\u00eancia, o\u2026","rel":"","context":"Em &quot;Geral&quot;","block_context":{"text":"Geral","link":"https:\/\/www.jornalja.com.br\/arquivo\/category\/geral\/"},"img":{"alt_text":"","src":"","width":0,"height":0},"classes":[]},{"id":14241,"url":"https:\/\/www.jornalja.com.br\/arquivo\/o-guaiba-nas-imagens-poeticas-de-achutti\/","url_meta":{"origin":46139,"position":3},"title":"O Gua\u00edba nas imagens po\u00e9ticas de Achutti","author":"da Reda\u00e7\u00e3o","date":"18 de junho de 2014","format":false,"excerpt":"Em \u201cO Gua\u00edba por Achutti\u201d \u2013 obra financiada via Minist\u00e9rio da Cultura, produ\u00e7\u00e3o executiva de Pedro Longhi, e Fl\u00e1vio Wild como designer \u2013, o fot\u00f3grafo revela a beleza e as mazelas de um espa\u00e7o aqu\u00e1tico de \u00e1guas sempre renovadas, cheio de hist\u00f3rias e lendas como as das cidades que foram\u2026","rel":"","context":"Em &quot;Cultura-Geral&quot;","block_context":{"text":"Cultura-Geral","link":"https:\/\/www.jornalja.com.br\/arquivo\/category\/materiasecundaria\/"},"img":{"alt_text":"","src":"","width":0,"height":0},"classes":[]},{"id":13124,"url":"https:\/\/www.jornalja.com.br\/arquivo\/sangue-latino-no-iecine\/","url_meta":{"origin":46139,"position":4},"title":"Sangue latino no IECINE","author":"da Reda\u00e7\u00e3o","date":"18 de maio de 2014","format":false,"excerpt":"Francisco Ribeiro O Instituto Estadual de Cinema (IECINE) tem a frente, desde abril \u00faltimo, um novo diretor, o cineasta colombiano Juan Zapata, 36, que substitui Luiz Alberto Cassol. Radicado h\u00e1 dez anos em Porto Alegre, Zapata tem diante de si o desafio de conduzir at\u00e9 o final do ano um\u2026","rel":"","context":"Em &quot;Cultura-Geral&quot;","block_context":{"text":"Cultura-Geral","link":"https:\/\/www.jornalja.com.br\/arquivo\/category\/materiasecundaria\/"},"img":{"alt_text":"","src":"","width":0,"height":0},"classes":[]},{"id":13109,"url":"https:\/\/www.jornalja.com.br\/arquivo\/judiciario-reconhece-poluicao-eletromagnetica\/","url_meta":{"origin":46139,"position":5},"title":"Judici\u00e1rio reconhece polui\u00e7\u00e3o eletromagn\u00e9tica","author":"Patr\u00edcia Marini","date":"16 de maio de 2014","format":false,"excerpt":"A\u00e7\u00e3o de duas associa\u00e7\u00f5es de moradores foi acolhida pelo Tribunal de Justi\u00e7a de S\u00e3o Paulo que. em decis\u00e3o in\u00e9dita, determinou a redu\u00e7\u00e3o do campo eletromagn\u00e9tico gerado pelas linhas de transmiss\u00e3o de energia que cortam os bairros City Boa\u00e7ava e Alto de Pinheiros. \u00c9 a primeira vez que um tribunal do\u2026","rel":"","context":"Em &quot;X.Categorias velhas&quot;","block_context":{"text":"X.Categorias velhas","link":"https:\/\/www.jornalja.com.br\/arquivo\/category\/x-categorias-velhas\/"},"img":{"alt_text":"","src":"","width":0,"height":0},"classes":[]}],"jetpack_shortlink":"https:\/\/wp.me\/pbQjBd-c0b","jetpack_featured_media_url":"","_links":{"self":[{"href":"https:\/\/www.jornalja.com.br\/arquivo\/wp-json\/wp\/v2\/posts\/46139","targetHints":{"allow":["GET"]}}],"collection":[{"href":"https:\/\/www.jornalja.com.br\/arquivo\/wp-json\/wp\/v2\/posts"}],"about":[{"href":"https:\/\/www.jornalja.com.br\/arquivo\/wp-json\/wp\/v2\/types\/post"}],"author":[{"embeddable":true,"href":"https:\/\/www.jornalja.com.br\/arquivo\/wp-json\/wp\/v2\/users\/4"}],"replies":[{"embeddable":true,"href":"https:\/\/www.jornalja.com.br\/arquivo\/wp-json\/wp\/v2\/comments?post=46139"}],"version-history":[{"count":0,"href":"https:\/\/www.jornalja.com.br\/arquivo\/wp-json\/wp\/v2\/posts\/46139\/revisions"}],"wp:attachment":[{"href":"https:\/\/www.jornalja.com.br\/arquivo\/wp-json\/wp\/v2\/media?parent=46139"}],"wp:term":[{"taxonomy":"category","embeddable":true,"href":"https:\/\/www.jornalja.com.br\/arquivo\/wp-json\/wp\/v2\/categories?post=46139"},{"taxonomy":"post_tag","embeddable":true,"href":"https:\/\/www.jornalja.com.br\/arquivo\/wp-json\/wp\/v2\/tags?post=46139"}],"curies":[{"name":"wp","href":"https:\/\/api.w.org\/{rel}","templated":true}]}}