{"id":46148,"date":"2017-03-23T00:09:52","date_gmt":"2017-03-23T03:09:52","guid":{"rendered":"https:\/\/www.jornalja.com.br\/?p=46148"},"modified":"2017-03-23T00:09:52","modified_gmt":"2017-03-23T03:09:52","slug":"sindibancarios-mobiliza-categoria-em-defesa-do-banrisul","status":"publish","type":"post","link":"https:\/\/www.jornalja.com.br\/arquivo\/sindibancarios-mobiliza-categoria-em-defesa-do-banrisul\/","title":{"rendered":"SindBanc\u00e1rios mobiliza categoria em defesa do Banrisul"},"content":{"rendered":"<p>Esta quarta-feira (22) foi um dia de intensa mobiliza\u00e7\u00e3o do sindicato dos banc\u00e1rios em defesa \u00a0da manuten\u00e7\u00e3o do Banrisul. \u00a0O dia culminou com o ato de instala\u00e7\u00e3o da\u00a0\u00a0Frente Parlamentar em Defesa do Banrisul P\u00fablico, na Assembleia Legislativa. Cedo da manh\u00e3, militantes dos SindBanc\u00e1rios fizeram uma panfletagem nas portas das ag\u00eancias. \u00c0s 11 horas iniciaram uma concentra\u00e7\u00e3o na Pra\u00e7a da Alf\u00e2ndega e depois dirigiram-se para o audit\u00f3rio Dante Barone da Assembleia Legislativa, que ficou lotado.<br \/>\nDesde janeiro passado, quando o ministro da Fazenda do governo Temer, Henrique Meirelles, disse que o Estado s\u00f3 receberia ajuda financeira se vendesse o Banrisul, o sindicato intensificou a defesa do banco. J\u00e1 em \u00a02015, quando o governador Jos\u00e9 Ivo Sartori (PMDB) assumiu, o Sindicato denuncia que \u00a0o Banrisul passou a correr um grande risco de privatiza\u00e7\u00e3o. Na \u00e9poca foi criada a Frente de Defesa das Estatais, junto com o Sindi\u00e1gua, o Sinergisul e a CUT-RS.<br \/>\nO presidente do SindBanc\u00e1rios, Everton Gimenis, chamou a aten\u00e7\u00e3o para a confus\u00e3o que o governo Sartori vem criando em rela\u00e7\u00e3o \u00e0 venda do Banco. \u201cEles querem vender o banco, a CEEE, a Corsan, a Sulg\u00e1s. \u00c9 um governo voltado para a defesa das grandes fortunas, do sistema financeiro. E querem fazer da pior maneira. Para rolar a d\u00edvida do Estado por tr\u00eas ano e aument\u00e1-la\u201d, explicou.<br \/>\nNa ter\u00e7a-feira, 21\/3, o secret\u00e1rio estadual Giovani Feltes, durante Audi\u00eancia da Comiss\u00e3o de Finan\u00e7as da Assembleia Legislativa, admitiu, pela primeira vez, que o Regime de Recupera\u00e7\u00e3o Fiscal proposto pelo governo Temer (PLPs 257\/16 e 343\/17) ir\u00e1 aumentar a d\u00edvida do Estado. Feltes tamb\u00e9m disse que o governo n\u00e3o pretende vender o Banrisul e a Corsan. &#8221; Mas n\u00e3o podemos confiar neste governo&#8221;, afirma o l\u00edder sindical.<br \/>\n<strong>\u00a0<\/strong><br \/>\n&nbsp;<\/p>\n","protected":false},"excerpt":{"rendered":"<p>Esta quarta-feira (22) foi um dia de intensa mobiliza\u00e7\u00e3o do sindicato dos banc\u00e1rios em defesa \u00a0da manuten\u00e7\u00e3o do Banrisul. \u00a0O dia culminou com o ato de instala\u00e7\u00e3o da\u00a0\u00a0Frente Parlamentar em Defesa do Banrisul P\u00fablico, na Assembleia Legislativa. Cedo da manh\u00e3, militantes dos SindBanc\u00e1rios fizeram uma panfletagem nas portas das ag\u00eancias. \u00c0s 11 horas iniciaram uma [&hellip;]<\/p>\n","protected":false},"author":4,"featured_media":46174,"comment_status":"open","ping_status":"closed","sticky":false,"template":"","format":"standard","meta":{"_jetpack_memberships_contains_paid_content":false,"footnotes":""},"categories":[26],"tags":[],"class_list":["post-46148","post","type-post","status-publish","format-standard","has-post-thumbnail","hentry","category-geral"],"aioseo_notices":[],"jetpack_featured_media_url":"","jetpack_sharing_enabled":true,"jetpack-related-posts":[{"id":1280,"url":"https:\/\/www.jornalja.com.br\/arquivo\/o-menino-que-se-tornou-brizola\/","url_meta":{"origin":46148,"position":0},"title":"O Menino que se Tornou Brizola","author":"da Reda\u00e7\u00e3o","date":"28 de julho de 2008","format":false,"excerpt":"Autor: Cleber Dioni A vida de Leonel Brizola, com \u00eanfase para os primeiros anos em Porto Alegre, at\u00e9 o ex\u00edlio no Uruguai e a volta, quinze anos depois. \u00a0\"...\u00c9ramos todos jovens e nos identific\u00e1vamos com aquela massa an\u00f4nima a percorrer as ruas de Porto Alegre, gritando 'Get\u00falio', 'Get\u00falio' e empunhando\u2026","rel":"","context":"Em &quot;Livros&quot;","block_context":{"text":"Livros","link":"https:\/\/www.jornalja.com.br\/arquivo\/category\/livros\/"},"img":{"alt_text":"","src":"https:\/\/i0.wp.com\/www.jornalja.com.br\/wp-content\/uploads\/2008\/07\/brizola.gif?resize=350%2C200&ssl=1","width":350,"height":200},"classes":[]}],"jetpack_shortlink":"https:\/\/wp.me\/pbQjBd-c0k","_links":{"self":[{"href":"https:\/\/www.jornalja.com.br\/arquivo\/wp-json\/wp\/v2\/posts\/46148","targetHints":{"allow":["GET"]}}],"collection":[{"href":"https:\/\/www.jornalja.com.br\/arquivo\/wp-json\/wp\/v2\/posts"}],"about":[{"href":"https:\/\/www.jornalja.com.br\/arquivo\/wp-json\/wp\/v2\/types\/post"}],"author":[{"embeddable":true,"href":"https:\/\/www.jornalja.com.br\/arquivo\/wp-json\/wp\/v2\/users\/4"}],"replies":[{"embeddable":true,"href":"https:\/\/www.jornalja.com.br\/arquivo\/wp-json\/wp\/v2\/comments?post=46148"}],"version-history":[{"count":0,"href":"https:\/\/www.jornalja.com.br\/arquivo\/wp-json\/wp\/v2\/posts\/46148\/revisions"}],"wp:featuredmedia":[{"embeddable":true,"href":"https:\/\/www.jornalja.com.br\/arquivo\/wp-json\/"}],"wp:attachment":[{"href":"https:\/\/www.jornalja.com.br\/arquivo\/wp-json\/wp\/v2\/media?parent=46148"}],"wp:term":[{"taxonomy":"category","embeddable":true,"href":"https:\/\/www.jornalja.com.br\/arquivo\/wp-json\/wp\/v2\/categories?post=46148"},{"taxonomy":"post_tag","embeddable":true,"href":"https:\/\/www.jornalja.com.br\/arquivo\/wp-json\/wp\/v2\/tags?post=46148"}],"curies":[{"name":"wp","href":"https:\/\/api.w.org\/{rel}","templated":true}]}}