{"id":46164,"date":"2017-03-22T22:08:12","date_gmt":"2017-03-23T01:08:12","guid":{"rendered":"https:\/\/www.jornalja.com.br\/?p=46164"},"modified":"2017-03-22T22:08:12","modified_gmt":"2017-03-23T01:08:12","slug":"cpers-convoca-nova-assembleia-para-decidir-rumo-da-greve","status":"publish","type":"post","link":"https:\/\/www.jornalja.com.br\/arquivo\/cpers-convoca-nova-assembleia-para-decidir-rumo-da-greve\/","title":{"rendered":"Cpers convoca nova Assembleia para decidir rumo da greve"},"content":{"rendered":"<p>O Cpers\/Sindicato lan\u00e7ou edital de convoca\u00e7\u00e3o para Assembleia Geral dos professores da rede p\u00fablica estadual no pr\u00f3ximo dia 31, que vai definir o futuro da greve da categoria, iniciada dia 15 de mar\u00e7o.<br \/>\nO movimento, convocado pela Central Nacional de Trabalhadores em Educa\u00e7\u00e3o (CNTE) em protesto contra a reforma da Previd\u00eancia, tem tido pouca ades\u00e3o. A greve incluiu tamb\u00e9m as medidas do governo Sartori, combatidas pelo funcionalismo p\u00fablico estadual.<br \/>\nA paralisa\u00e7\u00e3o definida pelo Cpers como \u201cgreve ativa\u201d est\u00e1 tendo pouca repercuss\u00e3o nos ve\u00edculos de imprensa da capital, que est\u00e3o praticamente ignorando o movimento.<br \/>\nNo \u00faltimo levantamento da Secretaria Estadual da Educa\u00e7\u00e3o, das nove maiores escolas de Porto Alegre, sete funcionam plenamente e as outras duas parcialmente.<br \/>\nA Assembleia Geral do magist\u00e9rio que decretou a greve foi realizada no gin\u00e1sio Gigantinho, que tem capacidade para 15 mil pessoas. Cerca de duas mil compareceram ao local.<br \/>\nA pr\u00f3xima assembleia ser\u00e1 realizada em um local bem menor, a Casa do Ga\u00facho, no Parque Marinha do Brasil. Embora na convoca\u00e7\u00e3o n\u00e3o haja nenhuma proposta sobre o encerramento da greve, o assunto ser\u00e1 discutido pelos professores estaduais.<\/p>\n","protected":false},"excerpt":{"rendered":"<p>O Cpers\/Sindicato lan\u00e7ou edital de convoca\u00e7\u00e3o para Assembleia Geral dos professores da rede p\u00fablica estadual no pr\u00f3ximo dia 31, que vai definir o futuro da greve da categoria, iniciada dia 15 de mar\u00e7o. O movimento, convocado pela Central Nacional de Trabalhadores em Educa\u00e7\u00e3o (CNTE) em protesto contra a reforma da Previd\u00eancia, tem tido pouca ades\u00e3o. [&hellip;]<\/p>\n","protected":false},"author":4,"featured_media":46167,"comment_status":"open","ping_status":"closed","sticky":false,"template":"","format":"standard","meta":{"_jetpack_memberships_contains_paid_content":false,"footnotes":""},"categories":[26],"tags":[],"class_list":["post-46164","post","type-post","status-publish","format-standard","has-post-thumbnail","hentry","category-geral"],"aioseo_notices":[],"jetpack_featured_media_url":"","jetpack_sharing_enabled":true,"jetpack-related-posts":[],"jetpack_shortlink":"https:\/\/wp.me\/pbQjBd-c0A","_links":{"self":[{"href":"https:\/\/www.jornalja.com.br\/arquivo\/wp-json\/wp\/v2\/posts\/46164","targetHints":{"allow":["GET"]}}],"collection":[{"href":"https:\/\/www.jornalja.com.br\/arquivo\/wp-json\/wp\/v2\/posts"}],"about":[{"href":"https:\/\/www.jornalja.com.br\/arquivo\/wp-json\/wp\/v2\/types\/post"}],"author":[{"embeddable":true,"href":"https:\/\/www.jornalja.com.br\/arquivo\/wp-json\/wp\/v2\/users\/4"}],"replies":[{"embeddable":true,"href":"https:\/\/www.jornalja.com.br\/arquivo\/wp-json\/wp\/v2\/comments?post=46164"}],"version-history":[{"count":0,"href":"https:\/\/www.jornalja.com.br\/arquivo\/wp-json\/wp\/v2\/posts\/46164\/revisions"}],"wp:featuredmedia":[{"embeddable":true,"href":"https:\/\/www.jornalja.com.br\/arquivo\/wp-json\/"}],"wp:attachment":[{"href":"https:\/\/www.jornalja.com.br\/arquivo\/wp-json\/wp\/v2\/media?parent=46164"}],"wp:term":[{"taxonomy":"category","embeddable":true,"href":"https:\/\/www.jornalja.com.br\/arquivo\/wp-json\/wp\/v2\/categories?post=46164"},{"taxonomy":"post_tag","embeddable":true,"href":"https:\/\/www.jornalja.com.br\/arquivo\/wp-json\/wp\/v2\/tags?post=46164"}],"curies":[{"name":"wp","href":"https:\/\/api.w.org\/{rel}","templated":true}]}}