{"id":46196,"date":"2017-03-23T17:31:48","date_gmt":"2017-03-23T20:31:48","guid":{"rendered":"https:\/\/www.jornalja.com.br\/?p=46196"},"modified":"2017-03-23T17:31:48","modified_gmt":"2017-03-23T20:31:48","slug":"com-novo-aplicativo-qualquer-pessoa-pode-filmar-e-denunciar-infracoes-e-transito","status":"publish","type":"post","link":"https:\/\/www.jornalja.com.br\/arquivo\/com-novo-aplicativo-qualquer-pessoa-pode-filmar-e-denunciar-infracoes-e-transito\/","title":{"rendered":"Com novo aplicativo, qualquer pessoa pode filmar e denunciar infra\u00e7\u00f5es de tr\u00e2nsito"},"content":{"rendered":"<p>Cada cidad\u00e3o pode ser um \u201cagente de tr\u00e2nsito\u201d em Porto Alegre. A empresa israelense Capester lan\u00e7ou, experimentalmente, um aplicativo que possibilita registrar infra\u00e7\u00f5es em v\u00eddeos e enviar para a EPTC.<br \/>\nCom esse projeto-piloto, a Prefeitura almeja incrementar a educa\u00e7\u00e3o do tr\u00e2nsito e no monitoramento do tr\u00e1fego, contribuindo para a mobilidade urbana da Capital.<br \/>\nO aplicativo foi lan\u00e7ado pelo prefeito Nelson Marchezan J\u00fanior na quarta-feira (22), dentro da programa\u00e7\u00e3o da Semana de Porto Alegre, em comemora\u00e7\u00e3o aos 245 anos da cidade. \u201cN\u00f3s queremos uma cidade melhor, mais segura para as pessoas, com mais qualidade de vida. E s\u00f3 vamos conquistar isso com a participa\u00e7\u00e3o de todos. Essa ferramenta \u00e9 uma forma de os cidad\u00e3os registrarem oficialmente aquilo que est\u00e1 errado e nos ajudar a melhorar a nossa Capital, nos ajudar a avan\u00e7ar\u201d, disse Marchezan.<br \/>\nOs usu\u00e1rios podem fazer o registro de v\u00eddeos de infra\u00e7\u00f5es de tr\u00e2nsito, sem a necessidade de se identificar ou fazer cadastro. A partir da\u00ed, o sistema Capester envia as den\u00fancias \u00e0 EPTC. Depois da avalia\u00e7\u00e3o e da valida\u00e7\u00e3o do v\u00eddeo, uma correspond\u00eancia ser\u00e1 enviada ao condutor do ve\u00edculo alertando sobre a infra\u00e7\u00e3o, auxiliando na conscientiza\u00e7\u00e3o e promo\u00e7\u00e3o de uma cultura do uso correto das vias p\u00fablicas.<br \/>\n\u201cO documento n\u00e3o tem poder de multa e n\u00e3o gera cobran\u00e7a posterior. Neste primeiro momento, o nosso objetivo \u00e9 conscientizar os motoristas\u201d, explicou o presidente da EPTC, Marcelo Soletti. Ele ressaltou que a conscientiza\u00e7\u00e3o pode salvar vidas, citando dois casos de atropelamento registrados nesta semana em Porto Alegre provocados por condutores que j\u00e1 tinham hist\u00f3rico de infra\u00e7\u00f5es.<br \/>\nNeste primeiro momento, a tecnologia vai avaliar dados como ve\u00edculos estacionados de forma irregular em vagas especiais, para idosos ou deficientes f\u00edsicos, sobre a cal\u00e7ada, faixa de seguran\u00e7a, entre outros. O aplicativo est\u00e1 dispon\u00edvel na plataforma Android. Na semana que vem tamb\u00e9m ser\u00e1 disponibilizado para o sistema iOS.<br \/>\nO vice-presidente mundial da Capester, Ariel Galinsky, participou do evento de lan\u00e7amento do aplicativo. Ele destacou o pioneirismo de Porto Alegre ao lan\u00e7ar a ferramenta e disse que vai citar o projeto-piloto na apresenta\u00e7\u00e3o do Capester que far\u00e1 em Toronto (Canad\u00e1) na pr\u00f3xima sexta-feira. \u201cFicamos impressionados com a forma como Porto Alegre vem utilizando novas tecnologias para melhorar os servi\u00e7os e a vida das pessoas e a forma aberta como as lideran\u00e7as daqui recebem novas ideias e novas tecnologias. Estamos orgulhosos de trabalhar juntos nessa experi\u00eancia que deve servir de modelo para o Brasil e outros pa\u00edses\u201d, afirmou Ariel.<br \/>\nO diretor-t\u00e9cnico da Procempa, Michel Costa, apresentou o aplicativo no evento de lan\u00e7amento, no Centro Integrado de Comando da Cidade (Ceic-POA). Tamb\u00e9m participaram do evento o vice-prefeito, Gustavo Paim, o diretor-presidente da Procempa, Paulo Roberto Miranda, t\u00e9cnicos da Prefeitura e convidados.<br \/>\nO projeto coloca \u00e0 disposi\u00e7\u00e3o um canal para contribui\u00e7\u00f5es pelo e-mail <a href=\"mailto:colabora@eptc.prefpoa.com.br\">colabora@eptc.prefpoa.com.br<\/a>.<br \/>\n<strong>Capester\u00a0<\/strong>\u2013 Em 2015, a Capester come\u00e7ou a operar em v\u00e1rias cidades em Israel e tamb\u00e9m concentra atividades na Col\u00f4mbia. No Brasil, pelo perfil de cidade inteligente e voltada para a inova\u00e7\u00e3o, Porto Alegre foi escolhida para testar de forma experimental o aplicativo por um per\u00edodo de 90 dias.<br \/>\n<em>(Com informa\u00e7\u00f5es da PMPA)<\/em><\/p>\n","protected":false},"excerpt":{"rendered":"<p>Cada cidad\u00e3o pode ser um \u201cagente de tr\u00e2nsito\u201d em Porto Alegre. A empresa israelense Capester lan\u00e7ou, experimentalmente, um aplicativo que possibilita registrar infra\u00e7\u00f5es em v\u00eddeos e enviar para a EPTC. Com esse projeto-piloto, a Prefeitura almeja incrementar a educa\u00e7\u00e3o do tr\u00e2nsito e no monitoramento do tr\u00e1fego, contribuindo para a mobilidade urbana da Capital. O aplicativo [&hellip;]<\/p>\n","protected":false},"author":4,"featured_media":0,"comment_status":"open","ping_status":"closed","sticky":false,"template":"","format":"standard","meta":{"_jetpack_newsletter_access":"","_jetpack_dont_email_post_to_subs":false,"_jetpack_newsletter_tier_id":0,"_jetpack_memberships_contains_paywalled_content":false,"_jetpack_feature_clip_id":0,"_jetpack_memberships_contains_paid_content":false,"footnotes":"","jetpack_post_was_ever_published":false},"categories":[2022],"tags":[],"class_list":["post-46196","post","type-post","status-publish","format-standard","hentry","category-notas"],"aioseo_notices":[],"aioseo_head":"\n\t\t<!-- All in One SEO 5.0.1.1 - aioseo.com -->\n\t<meta name=\"robots\" content=\"max-image-preview:large\" \/>\n\t<meta name=\"author\" content=\"da Reda\u00e7\u00e3o\"\/>\n\t<link rel=\"canonical\" href=\"https:\/\/www.jornalja.com.br\/arquivo\/com-novo-aplicativo-qualquer-pessoa-pode-filmar-e-denunciar-infracoes-e-transito\/\" \/>\n\t<meta name=\"generator\" content=\"All in One SEO (AIOSEO) 5.0.1.1\" \/>\n\t\t<meta property=\"og:locale\" content=\"pt_BR\" \/>\n\t\t<meta property=\"og:site_name\" content=\"Arquivo | Jornal J\u00c1 | Porto Alegre\" \/>\n\t\t<meta property=\"og:type\" content=\"article\" \/>\n\t\t<meta property=\"og:title\" content=\"Com novo aplicativo, qualquer pessoa pode filmar e denunciar infra\u00e7\u00f5es de tr\u00e2nsito | Arquivo\" \/>\n\t\t<meta property=\"og:url\" content=\"https:\/\/www.jornalja.com.br\/arquivo\/com-novo-aplicativo-qualquer-pessoa-pode-filmar-e-denunciar-infracoes-e-transito\/\" \/>\n\t\t<meta property=\"og:image\" content=\"https:\/\/www.jornalja.com.br\/economics\/wp-content\/uploads\/sites\/11\/2026\/08\/ja-folhaderosto-facebook.jpg\" \/>\n\t\t<meta property=\"og:image:secure_url\" content=\"https:\/\/www.jornalja.com.br\/economics\/wp-content\/uploads\/sites\/11\/2026\/08\/ja-folhaderosto-facebook.jpg\" \/>\n\t\t<meta property=\"article:published_time\" content=\"2017-03-23T20:31:48+00:00\" \/>\n\t\t<meta property=\"article:modified_time\" content=\"2017-03-23T20:31:48+00:00\" \/>\n\t\t<meta name=\"twitter:card\" content=\"summary\" \/>\n\t\t<meta name=\"twitter:title\" content=\"Com novo aplicativo, qualquer pessoa pode filmar e denunciar infra\u00e7\u00f5es de tr\u00e2nsito | Arquivo\" \/>\n\t\t<meta name=\"twitter:image\" content=\"https:\/\/www.jornalja.com.br\/economics\/wp-content\/uploads\/sites\/11\/2026\/08\/ja-folhaderosto-facebook.jpg\" \/>\n\t\t<script type=\"application\/ld+json\" class=\"aioseo-schema\">\n\t\t\t{\"@context\":\"https:\\\/\\\/schema.org\",\"@graph\":[{\"@type\":\"BlogPosting\",\"@id\":\"https:\\\/\\\/www.jornalja.com.br\\\/arquivo\\\/com-novo-aplicativo-qualquer-pessoa-pode-filmar-e-denunciar-infracoes-e-transito\\\/#blogposting\",\"name\":\"Com novo aplicativo, qualquer pessoa pode filmar e denunciar infra\\u00e7\\u00f5es de tr\\u00e2nsito | Arquivo\",\"headline\":\"Com novo aplicativo, qualquer pessoa pode filmar e denunciar infra\\u00e7\\u00f5es de tr\\u00e2nsito\",\"author\":{\"@id\":\"https:\\\/\\\/www.jornalja.com.br\\\/arquivo\\\/author\\\/daredacao\\\/#author\"},\"publisher\":{\"@id\":\"https:\\\/\\\/www.jornalja.com.br\\\/arquivo\\\/#organization\"},\"image\":{\"@type\":\"ImageObject\",\"url\":\"https:\\\/\\\/www.jornalja.com.br\\\/wp-content\\\/uploads\\\/cards\\\/JAslogan.png\",\"@id\":\"https:\\\/\\\/www.jornalja.com.br\\\/arquivo\\\/#articleImage\"},\"datePublished\":\"2017-03-23T17:31:48-03:00\",\"dateModified\":\"2017-03-23T17:31:48-03:00\",\"inLanguage\":\"pt-BR\",\"mainEntityOfPage\":{\"@id\":\"https:\\\/\\\/www.jornalja.com.br\\\/arquivo\\\/com-novo-aplicativo-qualquer-pessoa-pode-filmar-e-denunciar-infracoes-e-transito\\\/#webpage\"},\"isPartOf\":{\"@id\":\"https:\\\/\\\/www.jornalja.com.br\\\/arquivo\\\/com-novo-aplicativo-qualquer-pessoa-pode-filmar-e-denunciar-infracoes-e-transito\\\/#webpage\"},\"articleSection\":\"NOTAS\"},{\"@type\":\"BreadcrumbList\",\"@id\":\"https:\\\/\\\/www.jornalja.com.br\\\/arquivo\\\/com-novo-aplicativo-qualquer-pessoa-pode-filmar-e-denunciar-infracoes-e-transito\\\/#breadcrumblist\",\"itemListElement\":[{\"@type\":\"ListItem\",\"@id\":\"https:\\\/\\\/www.jornalja.com.br\\\/arquivo#listItem\",\"position\":1,\"name\":\"Home\",\"item\":\"https:\\\/\\\/www.jornalja.com.br\\\/arquivo\",\"nextItem\":{\"@type\":\"ListItem\",\"@id\":\"https:\\\/\\\/www.jornalja.com.br\\\/arquivo\\\/category\\\/notas\\\/#listItem\",\"name\":\"NOTAS\"}},{\"@type\":\"ListItem\",\"@id\":\"https:\\\/\\\/www.jornalja.com.br\\\/arquivo\\\/category\\\/notas\\\/#listItem\",\"position\":2,\"name\":\"NOTAS\",\"item\":\"https:\\\/\\\/www.jornalja.com.br\\\/arquivo\\\/category\\\/notas\\\/\",\"nextItem\":{\"@type\":\"ListItem\",\"@id\":\"https:\\\/\\\/www.jornalja.com.br\\\/arquivo\\\/com-novo-aplicativo-qualquer-pessoa-pode-filmar-e-denunciar-infracoes-e-transito\\\/#listItem\",\"name\":\"Com novo aplicativo, qualquer pessoa pode filmar e denunciar infra\\u00e7\\u00f5es de tr\\u00e2nsito\"},\"previousItem\":{\"@type\":\"ListItem\",\"@id\":\"https:\\\/\\\/www.jornalja.com.br\\\/arquivo#listItem\",\"name\":\"Home\"}},{\"@type\":\"ListItem\",\"@id\":\"https:\\\/\\\/www.jornalja.com.br\\\/arquivo\\\/com-novo-aplicativo-qualquer-pessoa-pode-filmar-e-denunciar-infracoes-e-transito\\\/#listItem\",\"position\":3,\"name\":\"Com novo aplicativo, qualquer pessoa pode filmar e denunciar infra\\u00e7\\u00f5es de tr\\u00e2nsito\",\"previousItem\":{\"@type\":\"ListItem\",\"@id\":\"https:\\\/\\\/www.jornalja.com.br\\\/arquivo\\\/category\\\/notas\\\/#listItem\",\"name\":\"NOTAS\"}}]},{\"@type\":\"Organization\",\"@id\":\"https:\\\/\\\/www.jornalja.com.br\\\/arquivo\\\/#organization\",\"name\":\"Jornal J\\u00c1\",\"description\":\"Jornal J\\u00c1 | Porto Alegre\",\"url\":\"https:\\\/\\\/www.jornalja.com.br\\\/arquivo\\\/\",\"telephone\":\"+555133307272\",\"logo\":{\"@type\":\"ImageObject\",\"url\":\"https:\\\/\\\/www.jornalja.com.br\\\/wp-content\\\/uploads\\\/cards\\\/JAslogan.png\",\"@id\":\"https:\\\/\\\/www.jornalja.com.br\\\/arquivo\\\/com-novo-aplicativo-qualquer-pessoa-pode-filmar-e-denunciar-infracoes-e-transito\\\/#organizationLogo\"},\"image\":{\"@id\":\"https:\\\/\\\/www.jornalja.com.br\\\/arquivo\\\/com-novo-aplicativo-qualquer-pessoa-pode-filmar-e-denunciar-infracoes-e-transito\\\/#organizationLogo\"}},{\"@type\":\"Person\",\"@id\":\"https:\\\/\\\/www.jornalja.com.br\\\/arquivo\\\/author\\\/daredacao\\\/#author\",\"url\":\"https:\\\/\\\/www.jornalja.com.br\\\/arquivo\\\/author\\\/daredacao\\\/\",\"name\":\"da Reda\\u00e7\\u00e3o\",\"image\":{\"@type\":\"ImageObject\",\"@id\":\"https:\\\/\\\/www.jornalja.com.br\\\/arquivo\\\/com-novo-aplicativo-qualquer-pessoa-pode-filmar-e-denunciar-infracoes-e-transito\\\/#authorImage\",\"url\":\"https:\\\/\\\/secure.gravatar.com\\\/avatar\\\/469fd857d6605ad19919d27ed29d35a968a25f6e8fd9318356bbb7f57aae9c65?s=96&d=mm&r=g\",\"width\":96,\"height\":96,\"caption\":\"da Reda\\u00e7\\u00e3o\"}},{\"@type\":\"WebPage\",\"@id\":\"https:\\\/\\\/www.jornalja.com.br\\\/arquivo\\\/com-novo-aplicativo-qualquer-pessoa-pode-filmar-e-denunciar-infracoes-e-transito\\\/#webpage\",\"url\":\"https:\\\/\\\/www.jornalja.com.br\\\/arquivo\\\/com-novo-aplicativo-qualquer-pessoa-pode-filmar-e-denunciar-infracoes-e-transito\\\/\",\"name\":\"Com novo aplicativo, qualquer pessoa pode filmar e denunciar infra\\u00e7\\u00f5es de tr\\u00e2nsito | Arquivo\",\"inLanguage\":\"pt-BR\",\"isPartOf\":{\"@id\":\"https:\\\/\\\/www.jornalja.com.br\\\/arquivo\\\/#website\"},\"breadcrumb\":{\"@id\":\"https:\\\/\\\/www.jornalja.com.br\\\/arquivo\\\/com-novo-aplicativo-qualquer-pessoa-pode-filmar-e-denunciar-infracoes-e-transito\\\/#breadcrumblist\"},\"author\":{\"@id\":\"https:\\\/\\\/www.jornalja.com.br\\\/arquivo\\\/author\\\/daredacao\\\/#author\"},\"creator\":{\"@id\":\"https:\\\/\\\/www.jornalja.com.br\\\/arquivo\\\/author\\\/daredacao\\\/#author\"},\"datePublished\":\"2017-03-23T17:31:48-03:00\",\"dateModified\":\"2017-03-23T17:31:48-03:00\"},{\"@type\":\"WebSite\",\"@id\":\"https:\\\/\\\/www.jornalja.com.br\\\/arquivo\\\/#website\",\"url\":\"https:\\\/\\\/www.jornalja.com.br\\\/arquivo\\\/\",\"name\":\"Arquivo\",\"description\":\"Jornal J\\u00c1 | Porto Alegre\",\"inLanguage\":\"pt-BR\",\"publisher\":{\"@id\":\"https:\\\/\\\/www.jornalja.com.br\\\/arquivo\\\/#organization\"}}]}\n\t\t<\/script>\n\t\t<!-- All in One SEO -->\n\n","aioseo_head_json":{"title":"Com novo aplicativo, qualquer pessoa pode filmar e denunciar infra\u00e7\u00f5es de tr\u00e2nsito | Arquivo","description":"","canonical_url":"https:\/\/www.jornalja.com.br\/arquivo\/com-novo-aplicativo-qualquer-pessoa-pode-filmar-e-denunciar-infracoes-e-transito\/","robots":"max-image-preview:large","keywords":"","webmasterTools":{"miscellaneous":""},"schema":{"@context":"https:\/\/schema.org","@graph":[{"@type":"BlogPosting","@id":"https:\/\/www.jornalja.com.br\/arquivo\/com-novo-aplicativo-qualquer-pessoa-pode-filmar-e-denunciar-infracoes-e-transito\/#blogposting","name":"Com novo aplicativo, qualquer pessoa pode filmar e denunciar infra\u00e7\u00f5es de tr\u00e2nsito | Arquivo","headline":"Com novo aplicativo, qualquer pessoa pode filmar e denunciar infra\u00e7\u00f5es de tr\u00e2nsito","author":{"@id":"https:\/\/www.jornalja.com.br\/arquivo\/author\/daredacao\/#author"},"publisher":{"@id":"https:\/\/www.jornalja.com.br\/arquivo\/#organization"},"image":{"@type":"ImageObject","url":"https:\/\/www.jornalja.com.br\/wp-content\/uploads\/cards\/JAslogan.png","@id":"https:\/\/www.jornalja.com.br\/arquivo\/#articleImage"},"datePublished":"2017-03-23T17:31:48-03:00","dateModified":"2017-03-23T17:31:48-03:00","inLanguage":"pt-BR","mainEntityOfPage":{"@id":"https:\/\/www.jornalja.com.br\/arquivo\/com-novo-aplicativo-qualquer-pessoa-pode-filmar-e-denunciar-infracoes-e-transito\/#webpage"},"isPartOf":{"@id":"https:\/\/www.jornalja.com.br\/arquivo\/com-novo-aplicativo-qualquer-pessoa-pode-filmar-e-denunciar-infracoes-e-transito\/#webpage"},"articleSection":"NOTAS"},{"@type":"BreadcrumbList","@id":"https:\/\/www.jornalja.com.br\/arquivo\/com-novo-aplicativo-qualquer-pessoa-pode-filmar-e-denunciar-infracoes-e-transito\/#breadcrumblist","itemListElement":[{"@type":"ListItem","@id":"https:\/\/www.jornalja.com.br\/arquivo#listItem","position":1,"name":"Home","item":"https:\/\/www.jornalja.com.br\/arquivo","nextItem":{"@type":"ListItem","@id":"https:\/\/www.jornalja.com.br\/arquivo\/category\/notas\/#listItem","name":"NOTAS"}},{"@type":"ListItem","@id":"https:\/\/www.jornalja.com.br\/arquivo\/category\/notas\/#listItem","position":2,"name":"NOTAS","item":"https:\/\/www.jornalja.com.br\/arquivo\/category\/notas\/","nextItem":{"@type":"ListItem","@id":"https:\/\/www.jornalja.com.br\/arquivo\/com-novo-aplicativo-qualquer-pessoa-pode-filmar-e-denunciar-infracoes-e-transito\/#listItem","name":"Com novo aplicativo, qualquer pessoa pode filmar e denunciar infra\u00e7\u00f5es de tr\u00e2nsito"},"previousItem":{"@type":"ListItem","@id":"https:\/\/www.jornalja.com.br\/arquivo#listItem","name":"Home"}},{"@type":"ListItem","@id":"https:\/\/www.jornalja.com.br\/arquivo\/com-novo-aplicativo-qualquer-pessoa-pode-filmar-e-denunciar-infracoes-e-transito\/#listItem","position":3,"name":"Com novo aplicativo, qualquer pessoa pode filmar e denunciar infra\u00e7\u00f5es de tr\u00e2nsito","previousItem":{"@type":"ListItem","@id":"https:\/\/www.jornalja.com.br\/arquivo\/category\/notas\/#listItem","name":"NOTAS"}}]},{"@type":"Organization","@id":"https:\/\/www.jornalja.com.br\/arquivo\/#organization","name":"Jornal J\u00c1","description":"Jornal J\u00c1 | Porto Alegre","url":"https:\/\/www.jornalja.com.br\/arquivo\/","telephone":"+555133307272","logo":{"@type":"ImageObject","url":"https:\/\/www.jornalja.com.br\/wp-content\/uploads\/cards\/JAslogan.png","@id":"https:\/\/www.jornalja.com.br\/arquivo\/com-novo-aplicativo-qualquer-pessoa-pode-filmar-e-denunciar-infracoes-e-transito\/#organizationLogo"},"image":{"@id":"https:\/\/www.jornalja.com.br\/arquivo\/com-novo-aplicativo-qualquer-pessoa-pode-filmar-e-denunciar-infracoes-e-transito\/#organizationLogo"}},{"@type":"Person","@id":"https:\/\/www.jornalja.com.br\/arquivo\/author\/daredacao\/#author","url":"https:\/\/www.jornalja.com.br\/arquivo\/author\/daredacao\/","name":"da Reda\u00e7\u00e3o","image":{"@type":"ImageObject","@id":"https:\/\/www.jornalja.com.br\/arquivo\/com-novo-aplicativo-qualquer-pessoa-pode-filmar-e-denunciar-infracoes-e-transito\/#authorImage","url":"https:\/\/secure.gravatar.com\/avatar\/469fd857d6605ad19919d27ed29d35a968a25f6e8fd9318356bbb7f57aae9c65?s=96&d=mm&r=g","width":96,"height":96,"caption":"da Reda\u00e7\u00e3o"}},{"@type":"WebPage","@id":"https:\/\/www.jornalja.com.br\/arquivo\/com-novo-aplicativo-qualquer-pessoa-pode-filmar-e-denunciar-infracoes-e-transito\/#webpage","url":"https:\/\/www.jornalja.com.br\/arquivo\/com-novo-aplicativo-qualquer-pessoa-pode-filmar-e-denunciar-infracoes-e-transito\/","name":"Com novo aplicativo, qualquer pessoa pode filmar e denunciar infra\u00e7\u00f5es de tr\u00e2nsito | Arquivo","inLanguage":"pt-BR","isPartOf":{"@id":"https:\/\/www.jornalja.com.br\/arquivo\/#website"},"breadcrumb":{"@id":"https:\/\/www.jornalja.com.br\/arquivo\/com-novo-aplicativo-qualquer-pessoa-pode-filmar-e-denunciar-infracoes-e-transito\/#breadcrumblist"},"author":{"@id":"https:\/\/www.jornalja.com.br\/arquivo\/author\/daredacao\/#author"},"creator":{"@id":"https:\/\/www.jornalja.com.br\/arquivo\/author\/daredacao\/#author"},"datePublished":"2017-03-23T17:31:48-03:00","dateModified":"2017-03-23T17:31:48-03:00"},{"@type":"WebSite","@id":"https:\/\/www.jornalja.com.br\/arquivo\/#website","url":"https:\/\/www.jornalja.com.br\/arquivo\/","name":"Arquivo","description":"Jornal J\u00c1 | Porto Alegre","inLanguage":"pt-BR","publisher":{"@id":"https:\/\/www.jornalja.com.br\/arquivo\/#organization"}}]},"og:locale":"pt_BR","og:site_name":"Arquivo | Jornal J\u00c1 | Porto Alegre","og:type":"article","og:title":"Com novo aplicativo, qualquer pessoa pode filmar e denunciar infra\u00e7\u00f5es de tr\u00e2nsito | Arquivo","og:url":"https:\/\/www.jornalja.com.br\/arquivo\/com-novo-aplicativo-qualquer-pessoa-pode-filmar-e-denunciar-infracoes-e-transito\/","og:image":"https:\/\/www.jornalja.com.br\/economics\/wp-content\/uploads\/sites\/11\/2026\/08\/ja-folhaderosto-facebook.jpg","og:image:secure_url":"https:\/\/www.jornalja.com.br\/economics\/wp-content\/uploads\/sites\/11\/2026\/08\/ja-folhaderosto-facebook.jpg","article:published_time":"2017-03-23T20:31:48+00:00","article:modified_time":"2017-03-23T20:31:48+00:00","twitter:card":"summary","twitter:title":"Com novo aplicativo, qualquer pessoa pode filmar e denunciar infra\u00e7\u00f5es de tr\u00e2nsito | Arquivo","twitter:image":"https:\/\/www.jornalja.com.br\/economics\/wp-content\/uploads\/sites\/11\/2026\/08\/ja-folhaderosto-facebook.jpg"},"aioseo_meta_data":{"post_id":"46196","title":null,"description":null,"keywords":null,"keyphrases":null,"primary_term":null,"canonical_url":null,"og_title":null,"og_description":null,"og_object_type":"default","og_image_type":"default","og_image_url":null,"og_image_width":null,"og_image_height":null,"og_image_custom_url":null,"og_image_custom_fields":null,"og_video":null,"og_custom_url":null,"og_article_section":null,"og_article_tags":null,"twitter_use_og":false,"twitter_card":"default","twitter_image_type":"default","twitter_image_url":null,"twitter_image_custom_url":null,"twitter_image_custom_fields":null,"twitter_title":null,"twitter_description":null,"schema":{"blockGraphs":[],"customGraphs":[],"default":{"data":{"Article":[],"Course":[],"Dataset":[],"FAQPage":[],"Movie":[],"Person":[],"Product":[],"ProductReview":[],"Car":[],"Recipe":[],"Service":[],"SoftwareApplication":[],"WebPage":[]},"graphName":"","isEnabled":true},"graphs":[],"defaultGraph":"","defaultPostTypeGraph":""},"schema_type":null,"schema_type_options":null,"pillar_content":false,"robots_default":true,"robots_noindex":false,"robots_noarchive":false,"robots_nosnippet":false,"robots_nofollow":false,"robots_noimageindex":false,"robots_noodp":false,"robots_notranslate":false,"robots_max_snippet":null,"robots_max_videopreview":null,"robots_max_imagepreview":"large","priority":null,"frequency":null,"location":null,"local_seo":null,"breadcrumb_settings":null,"limit_modified_date":false,"ai":null,"created":"2020-12-20 20:38:10","updated":"2025-07-19 20:35:57","seo_analyzer_scan_date":null,"focus_keyword":null,"additional_keywords":null,"truseo_locale":null},"jetpack_sharing_enabled":true,"jetpack-related-posts":[{"id":13240,"url":"https:\/\/www.jornalja.com.br\/arquivo\/plano-diretor-estamos-construindo-o-caos\/","url_meta":{"origin":46196,"position":0},"title":"Plano diretor: &quot;Estamos construindo o caos&quot;","author":"Patr\u00edcia Marini","date":"26 de maio de 2014","format":false,"excerpt":"Desabafo que arquiteta Eliana Castilhos, delegada da Regi\u00e3o de Planejamento 1, postou nas redes sociais \u00e9 um testemunho do ambiente que se criou no Conselho do Plano Diretor de Porto Alegre, onde a aprova\u00e7\u00e3o de grandes empreendimentos \u00e9 empurrada guela abaixo dos conselheiros. Ao CMDUA Como delegada da Regi\u00e3o de\u2026","rel":"","context":"Em &quot;Geral&quot;","block_context":{"text":"Geral","link":"https:\/\/www.jornalja.com.br\/arquivo\/category\/geral\/"},"img":{"alt_text":"","src":"","width":0,"height":0},"classes":[]},{"id":13124,"url":"https:\/\/www.jornalja.com.br\/arquivo\/sangue-latino-no-iecine\/","url_meta":{"origin":46196,"position":1},"title":"Sangue latino no IECINE","author":"da Reda\u00e7\u00e3o","date":"18 de maio de 2014","format":false,"excerpt":"Francisco Ribeiro O Instituto Estadual de Cinema (IECINE) tem a frente, desde abril \u00faltimo, um novo diretor, o cineasta colombiano Juan Zapata, 36, que substitui Luiz Alberto Cassol. Radicado h\u00e1 dez anos em Porto Alegre, Zapata tem diante de si o desafio de conduzir at\u00e9 o final do ano um\u2026","rel":"","context":"Em &quot;Cultura-Geral&quot;","block_context":{"text":"Cultura-Geral","link":"https:\/\/www.jornalja.com.br\/arquivo\/category\/materiasecundaria\/"},"img":{"alt_text":"","src":"","width":0,"height":0},"classes":[]},{"id":14241,"url":"https:\/\/www.jornalja.com.br\/arquivo\/o-guaiba-nas-imagens-poeticas-de-achutti\/","url_meta":{"origin":46196,"position":2},"title":"O Gua\u00edba nas imagens po\u00e9ticas de Achutti","author":"da Reda\u00e7\u00e3o","date":"18 de junho de 2014","format":false,"excerpt":"Em \u201cO Gua\u00edba por Achutti\u201d \u2013 obra financiada via Minist\u00e9rio da Cultura, produ\u00e7\u00e3o executiva de Pedro Longhi, e Fl\u00e1vio Wild como designer \u2013, o fot\u00f3grafo revela a beleza e as mazelas de um espa\u00e7o aqu\u00e1tico de \u00e1guas sempre renovadas, cheio de hist\u00f3rias e lendas como as das cidades que foram\u2026","rel":"","context":"Em &quot;Cultura-Geral&quot;","block_context":{"text":"Cultura-Geral","link":"https:\/\/www.jornalja.com.br\/arquivo\/category\/materiasecundaria\/"},"img":{"alt_text":"","src":"","width":0,"height":0},"classes":[]},{"id":1280,"url":"https:\/\/www.jornalja.com.br\/arquivo\/o-menino-que-se-tornou-brizola\/","url_meta":{"origin":46196,"position":3},"title":"O Menino que se Tornou Brizola","author":"da Reda\u00e7\u00e3o","date":"28 de julho de 2008","format":false,"excerpt":"Autor: Cleber Dioni A vida de Leonel Brizola, com \u00eanfase para os primeiros anos em Porto Alegre, at\u00e9 o ex\u00edlio no Uruguai e a volta, quinze anos depois. \u00a0\"...\u00c9ramos todos jovens e nos identific\u00e1vamos com aquela massa an\u00f4nima a percorrer as ruas de Porto Alegre, gritando 'Get\u00falio', 'Get\u00falio' e empunhando\u2026","rel":"","context":"Em &quot;Livros&quot;","block_context":{"text":"Livros","link":"https:\/\/www.jornalja.com.br\/arquivo\/category\/livros\/"},"img":{"alt_text":"","src":"https:\/\/i0.wp.com\/www.jornalja.com.br\/wp-content\/uploads\/2008\/07\/brizola.gif?resize=350%2C200&ssl=1","width":350,"height":200},"classes":[]},{"id":13239,"url":"https:\/\/www.jornalja.com.br\/arquivo\/conselho-desdenha-do-plano-diretor\/","url_meta":{"origin":46196,"position":4},"title":"Porto Alegre: Conselho detona Plano Diretor","author":"Patr\u00edcia Marini","date":"25 de maio de 2014","format":false,"excerpt":"Den\u00fancia do arquiteto e \u00a0urbanista Ibir\u00e1 Santos Lucas. Ele diz que os conselheiros est\u00e3o votando com \"enorme irresponsabilidade\". \"Mudam regime com a maior naturalidade,,,regularizam absurdos de constru\u00e7\u00f5es irregulares... \"O CMDUA est\u00e1 flexibilizando a lei do plano diretor, de uma forma impactante na vida da cidade. Mudam regime com a maior\u2026","rel":"","context":"Em &quot;Geral&quot;","block_context":{"text":"Geral","link":"https:\/\/www.jornalja.com.br\/arquivo\/category\/geral\/"},"img":{"alt_text":"","src":"","width":0,"height":0},"classes":[]},{"id":12960,"url":"https:\/\/www.jornalja.com.br\/arquivo\/populacao-culpa-empresas-pela-greve-dos-rodoviarios\/","url_meta":{"origin":46196,"position":5},"title":"Popula\u00e7\u00e3o culpa empresas pela greve","author":"Patr\u00edcia Marini","date":"14 de fevereiro de 2014","format":false,"excerpt":"Pesquisa divulgada na edi\u00e7\u00e3o do jornal Metro desta sexta-feira,14, comprova o velho ditado: \u00e9 poss\u00edvel enganar muitos por algum tempo, mas n\u00e3o \u00e9 poss\u00edvel enganar a todos o tempo inteiro. A principal revela\u00e7\u00e3o foi que 59,8% dos entrevistados apontaram as empresas como as principais respons\u00e1veis pela grave e 46% culparam\u2026","rel":"","context":"Em &quot;X.Categorias velhas&quot;","block_context":{"text":"X.Categorias velhas","link":"https:\/\/www.jornalja.com.br\/arquivo\/category\/x-categorias-velhas\/"},"img":{"alt_text":"","src":"","width":0,"height":0},"classes":[]}],"jetpack_shortlink":"https:\/\/wp.me\/pbQjBd-c16","jetpack_featured_media_url":"","_links":{"self":[{"href":"https:\/\/www.jornalja.com.br\/arquivo\/wp-json\/wp\/v2\/posts\/46196","targetHints":{"allow":["GET"]}}],"collection":[{"href":"https:\/\/www.jornalja.com.br\/arquivo\/wp-json\/wp\/v2\/posts"}],"about":[{"href":"https:\/\/www.jornalja.com.br\/arquivo\/wp-json\/wp\/v2\/types\/post"}],"author":[{"embeddable":true,"href":"https:\/\/www.jornalja.com.br\/arquivo\/wp-json\/wp\/v2\/users\/4"}],"replies":[{"embeddable":true,"href":"https:\/\/www.jornalja.com.br\/arquivo\/wp-json\/wp\/v2\/comments?post=46196"}],"version-history":[{"count":0,"href":"https:\/\/www.jornalja.com.br\/arquivo\/wp-json\/wp\/v2\/posts\/46196\/revisions"}],"wp:attachment":[{"href":"https:\/\/www.jornalja.com.br\/arquivo\/wp-json\/wp\/v2\/media?parent=46196"}],"wp:term":[{"taxonomy":"category","embeddable":true,"href":"https:\/\/www.jornalja.com.br\/arquivo\/wp-json\/wp\/v2\/categories?post=46196"},{"taxonomy":"post_tag","embeddable":true,"href":"https:\/\/www.jornalja.com.br\/arquivo\/wp-json\/wp\/v2\/tags?post=46196"}],"curies":[{"name":"wp","href":"https:\/\/api.w.org\/{rel}","templated":true}]}}