{"id":46198,"date":"2017-03-24T18:29:51","date_gmt":"2017-03-24T21:29:51","guid":{"rendered":"https:\/\/www.jornalja.com.br\/?p=46198"},"modified":"2017-03-24T18:29:51","modified_gmt":"2017-03-24T21:29:51","slug":"manha-de-sabado-para-conhecer-porto-alegre-na-obra-de-seus-escritores","status":"publish","type":"post","link":"https:\/\/www.jornalja.com.br\/arquivo\/manha-de-sabado-para-conhecer-porto-alegre-na-obra-de-seus-escritores\/","title":{"rendered":"Manh\u00e3 de s\u00e1bado para conhecer Porto Alegre na obra de seus escritores"},"content":{"rendered":"<p>&#8220;Porto Alegre segundo os seus escritores&#8221; \u00e9 o mote do semin\u00e1rio liter\u00e1rio que acontece na manh\u00e3 deste s\u00e1bado no Centro Municipal de Cultura. O evento ir\u00e1 revisitar as obras de\u00a0Moacyr Scliar, Mario Quintana, Dyonelio Machado, Erico Verissimo e Josu\u00e9 Guimar\u00e3es que contam como \u00e9 Porto Alegre.<br \/>\n&#8220;O objetivo dessas cinco palestras \u00e9 mostrar como alguns escritores examinaram Porto Alegre. Da vis\u00e3o opressiva de Dyonelio Machado \u00e0 contempla\u00e7\u00e3o l\u00edrica de Mario Quintana, da humor\u00edstica e por vezes nost\u00e1lgica \u00f3ptica com que Scliar reconstitui o Bom Fim \u00e0 abrangente abordagem espacial da cidade feita por Josu\u00e9 Guimar\u00e3es, finalizando com o olhar anal\u00edtico de Erico Verissimo&#8221;, na descri\u00e7\u00e3o do coordenador do Livro e Literatura da Secretaria da Cultura e professor de literatura, S\u00e9rgius Gonzaga.<\/p>\n<div>A entrada \u00e9 franca e as senhas ser\u00e3o distribu\u00eddas a partir das 8h30.<\/div>\n<div><\/div>\n<div>O semin\u00e1rio ir\u00e1 contar com a presen\u00e7a de importantes nomes da literatura ga\u00facha.<\/div>\n<div><\/div>\n<div><strong>SERVI\u00c7O<\/strong><\/div>\n<div><strong>Semin\u00e1rio Porto Alegre segundo os seus escritores<\/strong><\/div>\n<div>Centro Municipal de Cultura Arte e Lazer Lupic\u00ednio Rodrigues &#8211; avenida Erico Verissimo, 307.<\/div>\n<div><strong>\u00a0<\/strong><\/div>\n<div><strong>Programa\u00e7\u00e3o<\/strong><\/div>\n<div>Das 9h \u00e0s 9h30 &#8211; Porto Alegre na obra de Moacyr Scliar<\/div>\n<div>Palestrante: Regina Zilberman (escritora e professora, doutora em roman\u00edstica pela Universidade de Heidelberg.)<\/div>\n<div><\/div>\n<div>Das 9h30 \u00e0s 10h &#8211; Porto Alegre na obra de Josu\u00e9 Guimar\u00e3es<\/div>\n<div>Palestrante: S\u00e9rgius Gonzaga (ensa\u00edsta, editor, professor no curso de Letras da Ufrgs, coordenador do Livro e Literatura (SMC\/PMPA).<\/div>\n<div><\/div>\n<div>Das 10h \u00e0s 10h30 &#8211; Porto Alegre na obra de Erico Verissimo<\/div>\n<div>Palestrante: M\u00e1rcia Ivana de Lima e Silva (ensa\u00edsta, professora, doutora nos cursos de gradua\u00e7\u00e3o e p\u00f3s-gradua\u00e7\u00e3o de Letras da Ufrgs.)<\/div>\n<div><\/div>\n<div>Das 11h \u00e0s 11h30 &#8211; Porto Alegre na obra de Mario Quintana<\/div>\n<div>Palestrante: Altair Martins (escritor e professor. Doutor no curso de Letras da Ufrgs)<\/div>\n<div><\/div>\n<div>Das 11h30 \u00e0s 12h &#8211; Porto Alegre na obra de Dyon\u00e9lio Machado<\/div>\n<div>Palestrante: Ant\u00f4nio Hohlfeldt (escritor e professor. Doutor em Letras pela PUC\/RS)<\/div>\n","protected":false},"excerpt":{"rendered":"<p>&#8220;Porto Alegre segundo os seus escritores&#8221; \u00e9 o mote do semin\u00e1rio liter\u00e1rio que acontece na manh\u00e3 deste s\u00e1bado no Centro Municipal de Cultura. O evento ir\u00e1 revisitar as obras de\u00a0Moacyr Scliar, Mario Quintana, Dyonelio Machado, Erico Verissimo e Josu\u00e9 Guimar\u00e3es que contam como \u00e9 Porto Alegre. &#8220;O objetivo dessas cinco palestras \u00e9 mostrar como alguns [&hellip;]<\/p>\n","protected":false},"author":4,"featured_media":46201,"comment_status":"open","ping_status":"closed","sticky":false,"template":"","format":"standard","meta":{"_jetpack_newsletter_access":"","_jetpack_dont_email_post_to_subs":false,"_jetpack_newsletter_tier_id":0,"_jetpack_memberships_contains_paywalled_content":false,"_jetpack_feature_clip_id":0,"_jetpack_memberships_contains_paid_content":false,"footnotes":"","jetpack_post_was_ever_published":false},"categories":[26,2016],"tags":[],"class_list":["post-46198","post","type-post","status-publish","format-standard","has-post-thumbnail","hentry","category-geral","category-materia-vencida"],"aioseo_notices":[],"aioseo_head":"\n\t\t<!-- All in One SEO 5.0.1.1 - aioseo.com -->\n\t<meta name=\"robots\" content=\"max-image-preview:large\" \/>\n\t<meta name=\"author\" content=\"da Reda\u00e7\u00e3o\"\/>\n\t<link rel=\"canonical\" href=\"https:\/\/www.jornalja.com.br\/arquivo\/manha-de-sabado-para-conhecer-porto-alegre-na-obra-de-seus-escritores\/\" \/>\n\t<meta name=\"generator\" content=\"All in One SEO (AIOSEO) 5.0.1.1\" \/>\n\t\t<meta property=\"og:locale\" content=\"pt_BR\" \/>\n\t\t<meta property=\"og:site_name\" content=\"Arquivo | Jornal J\u00c1 | Porto Alegre\" \/>\n\t\t<meta property=\"og:type\" content=\"article\" \/>\n\t\t<meta property=\"og:title\" content=\"Manh\u00e3 de s\u00e1bado para conhecer Porto Alegre na obra de seus escritores | Arquivo\" \/>\n\t\t<meta property=\"og:url\" content=\"https:\/\/www.jornalja.com.br\/arquivo\/manha-de-sabado-para-conhecer-porto-alegre-na-obra-de-seus-escritores\/\" \/>\n\t\t<meta property=\"og:image\" content=\"https:\/\/www.jornalja.com.br\/economics\/wp-content\/uploads\/sites\/11\/2026\/08\/ja-folhaderosto-facebook.jpg\" \/>\n\t\t<meta property=\"og:image:secure_url\" content=\"https:\/\/www.jornalja.com.br\/economics\/wp-content\/uploads\/sites\/11\/2026\/08\/ja-folhaderosto-facebook.jpg\" \/>\n\t\t<meta property=\"article:published_time\" content=\"2017-03-24T21:29:51+00:00\" \/>\n\t\t<meta property=\"article:modified_time\" content=\"2017-03-24T21:29:51+00:00\" \/>\n\t\t<meta name=\"twitter:card\" content=\"summary\" \/>\n\t\t<meta name=\"twitter:title\" content=\"Manh\u00e3 de s\u00e1bado para conhecer Porto Alegre na obra de seus escritores | Arquivo\" \/>\n\t\t<meta name=\"twitter:image\" content=\"https:\/\/www.jornalja.com.br\/economics\/wp-content\/uploads\/sites\/11\/2026\/08\/ja-folhaderosto-facebook.jpg\" \/>\n\t\t<script type=\"application\/ld+json\" class=\"aioseo-schema\">\n\t\t\t{\"@context\":\"https:\\\/\\\/schema.org\",\"@graph\":[{\"@type\":\"BlogPosting\",\"@id\":\"https:\\\/\\\/www.jornalja.com.br\\\/arquivo\\\/manha-de-sabado-para-conhecer-porto-alegre-na-obra-de-seus-escritores\\\/#blogposting\",\"name\":\"Manh\\u00e3 de s\\u00e1bado para conhecer Porto Alegre na obra de seus escritores | Arquivo\",\"headline\":\"Manh\\u00e3 de s\\u00e1bado para conhecer Porto Alegre na obra de seus escritores\",\"author\":{\"@id\":\"https:\\\/\\\/www.jornalja.com.br\\\/arquivo\\\/author\\\/daredacao\\\/#author\"},\"publisher\":{\"@id\":\"https:\\\/\\\/www.jornalja.com.br\\\/arquivo\\\/#organization\"},\"image\":{\"@type\":\"ImageObject\",\"url\":46201},\"datePublished\":\"2017-03-24T18:29:51-03:00\",\"dateModified\":\"2017-03-24T18:29:51-03:00\",\"inLanguage\":\"pt-BR\",\"mainEntityOfPage\":{\"@id\":\"https:\\\/\\\/www.jornalja.com.br\\\/arquivo\\\/manha-de-sabado-para-conhecer-porto-alegre-na-obra-de-seus-escritores\\\/#webpage\"},\"isPartOf\":{\"@id\":\"https:\\\/\\\/www.jornalja.com.br\\\/arquivo\\\/manha-de-sabado-para-conhecer-porto-alegre-na-obra-de-seus-escritores\\\/#webpage\"},\"articleSection\":\"Geral, Mat\\u00e9ria vencida\"},{\"@type\":\"BreadcrumbList\",\"@id\":\"https:\\\/\\\/www.jornalja.com.br\\\/arquivo\\\/manha-de-sabado-para-conhecer-porto-alegre-na-obra-de-seus-escritores\\\/#breadcrumblist\",\"itemListElement\":[{\"@type\":\"ListItem\",\"@id\":\"https:\\\/\\\/www.jornalja.com.br\\\/arquivo#listItem\",\"position\":1,\"name\":\"Home\",\"item\":\"https:\\\/\\\/www.jornalja.com.br\\\/arquivo\",\"nextItem\":{\"@type\":\"ListItem\",\"@id\":\"https:\\\/\\\/www.jornalja.com.br\\\/arquivo\\\/category\\\/geral\\\/#listItem\",\"name\":\"Geral\"}},{\"@type\":\"ListItem\",\"@id\":\"https:\\\/\\\/www.jornalja.com.br\\\/arquivo\\\/category\\\/geral\\\/#listItem\",\"position\":2,\"name\":\"Geral\",\"item\":\"https:\\\/\\\/www.jornalja.com.br\\\/arquivo\\\/category\\\/geral\\\/\",\"nextItem\":{\"@type\":\"ListItem\",\"@id\":\"https:\\\/\\\/www.jornalja.com.br\\\/arquivo\\\/manha-de-sabado-para-conhecer-porto-alegre-na-obra-de-seus-escritores\\\/#listItem\",\"name\":\"Manh\\u00e3 de s\\u00e1bado para conhecer Porto Alegre na obra de seus escritores\"},\"previousItem\":{\"@type\":\"ListItem\",\"@id\":\"https:\\\/\\\/www.jornalja.com.br\\\/arquivo#listItem\",\"name\":\"Home\"}},{\"@type\":\"ListItem\",\"@id\":\"https:\\\/\\\/www.jornalja.com.br\\\/arquivo\\\/manha-de-sabado-para-conhecer-porto-alegre-na-obra-de-seus-escritores\\\/#listItem\",\"position\":3,\"name\":\"Manh\\u00e3 de s\\u00e1bado para conhecer Porto Alegre na obra de seus escritores\",\"previousItem\":{\"@type\":\"ListItem\",\"@id\":\"https:\\\/\\\/www.jornalja.com.br\\\/arquivo\\\/category\\\/geral\\\/#listItem\",\"name\":\"Geral\"}}]},{\"@type\":\"Organization\",\"@id\":\"https:\\\/\\\/www.jornalja.com.br\\\/arquivo\\\/#organization\",\"name\":\"Jornal J\\u00c1\",\"description\":\"Jornal J\\u00c1 | Porto Alegre\",\"url\":\"https:\\\/\\\/www.jornalja.com.br\\\/arquivo\\\/\",\"telephone\":\"+555133307272\",\"logo\":{\"@type\":\"ImageObject\",\"url\":\"https:\\\/\\\/www.jornalja.com.br\\\/wp-content\\\/uploads\\\/cards\\\/JAslogan.png\",\"@id\":\"https:\\\/\\\/www.jornalja.com.br\\\/arquivo\\\/manha-de-sabado-para-conhecer-porto-alegre-na-obra-de-seus-escritores\\\/#organizationLogo\"},\"image\":{\"@id\":\"https:\\\/\\\/www.jornalja.com.br\\\/arquivo\\\/manha-de-sabado-para-conhecer-porto-alegre-na-obra-de-seus-escritores\\\/#organizationLogo\"}},{\"@type\":\"Person\",\"@id\":\"https:\\\/\\\/www.jornalja.com.br\\\/arquivo\\\/author\\\/daredacao\\\/#author\",\"url\":\"https:\\\/\\\/www.jornalja.com.br\\\/arquivo\\\/author\\\/daredacao\\\/\",\"name\":\"da Reda\\u00e7\\u00e3o\",\"image\":{\"@type\":\"ImageObject\",\"@id\":\"https:\\\/\\\/www.jornalja.com.br\\\/arquivo\\\/manha-de-sabado-para-conhecer-porto-alegre-na-obra-de-seus-escritores\\\/#authorImage\",\"url\":\"https:\\\/\\\/secure.gravatar.com\\\/avatar\\\/469fd857d6605ad19919d27ed29d35a968a25f6e8fd9318356bbb7f57aae9c65?s=96&d=mm&r=g\",\"width\":96,\"height\":96,\"caption\":\"da Reda\\u00e7\\u00e3o\"}},{\"@type\":\"WebPage\",\"@id\":\"https:\\\/\\\/www.jornalja.com.br\\\/arquivo\\\/manha-de-sabado-para-conhecer-porto-alegre-na-obra-de-seus-escritores\\\/#webpage\",\"url\":\"https:\\\/\\\/www.jornalja.com.br\\\/arquivo\\\/manha-de-sabado-para-conhecer-porto-alegre-na-obra-de-seus-escritores\\\/\",\"name\":\"Manh\\u00e3 de s\\u00e1bado para conhecer Porto Alegre na obra de seus escritores | Arquivo\",\"inLanguage\":\"pt-BR\",\"isPartOf\":{\"@id\":\"https:\\\/\\\/www.jornalja.com.br\\\/arquivo\\\/#website\"},\"breadcrumb\":{\"@id\":\"https:\\\/\\\/www.jornalja.com.br\\\/arquivo\\\/manha-de-sabado-para-conhecer-porto-alegre-na-obra-de-seus-escritores\\\/#breadcrumblist\"},\"author\":{\"@id\":\"https:\\\/\\\/www.jornalja.com.br\\\/arquivo\\\/author\\\/daredacao\\\/#author\"},\"creator\":{\"@id\":\"https:\\\/\\\/www.jornalja.com.br\\\/arquivo\\\/author\\\/daredacao\\\/#author\"},\"image\":{\"@type\":\"ImageObject\",\"url\":46201,\"@id\":\"https:\\\/\\\/www.jornalja.com.br\\\/arquivo\\\/manha-de-sabado-para-conhecer-porto-alegre-na-obra-de-seus-escritores\\\/#mainImage\"},\"primaryImageOfPage\":{\"@id\":\"https:\\\/\\\/www.jornalja.com.br\\\/arquivo\\\/manha-de-sabado-para-conhecer-porto-alegre-na-obra-de-seus-escritores\\\/#mainImage\"},\"datePublished\":\"2017-03-24T18:29:51-03:00\",\"dateModified\":\"2017-03-24T18:29:51-03:00\"},{\"@type\":\"WebSite\",\"@id\":\"https:\\\/\\\/www.jornalja.com.br\\\/arquivo\\\/#website\",\"url\":\"https:\\\/\\\/www.jornalja.com.br\\\/arquivo\\\/\",\"name\":\"Arquivo\",\"description\":\"Jornal J\\u00c1 | Porto Alegre\",\"inLanguage\":\"pt-BR\",\"publisher\":{\"@id\":\"https:\\\/\\\/www.jornalja.com.br\\\/arquivo\\\/#organization\"}}]}\n\t\t<\/script>\n\t\t<!-- All in One SEO -->\n\n","aioseo_head_json":{"title":"Manh\u00e3 de s\u00e1bado para conhecer Porto Alegre na obra de seus escritores | Arquivo","description":"","canonical_url":"https:\/\/www.jornalja.com.br\/arquivo\/manha-de-sabado-para-conhecer-porto-alegre-na-obra-de-seus-escritores\/","robots":"max-image-preview:large","keywords":"","webmasterTools":{"miscellaneous":""},"schema":{"@context":"https:\/\/schema.org","@graph":[{"@type":"BlogPosting","@id":"https:\/\/www.jornalja.com.br\/arquivo\/manha-de-sabado-para-conhecer-porto-alegre-na-obra-de-seus-escritores\/#blogposting","name":"Manh\u00e3 de s\u00e1bado para conhecer Porto Alegre na obra de seus escritores | Arquivo","headline":"Manh\u00e3 de s\u00e1bado para conhecer Porto Alegre na obra de seus escritores","author":{"@id":"https:\/\/www.jornalja.com.br\/arquivo\/author\/daredacao\/#author"},"publisher":{"@id":"https:\/\/www.jornalja.com.br\/arquivo\/#organization"},"image":{"@type":"ImageObject","url":46201},"datePublished":"2017-03-24T18:29:51-03:00","dateModified":"2017-03-24T18:29:51-03:00","inLanguage":"pt-BR","mainEntityOfPage":{"@id":"https:\/\/www.jornalja.com.br\/arquivo\/manha-de-sabado-para-conhecer-porto-alegre-na-obra-de-seus-escritores\/#webpage"},"isPartOf":{"@id":"https:\/\/www.jornalja.com.br\/arquivo\/manha-de-sabado-para-conhecer-porto-alegre-na-obra-de-seus-escritores\/#webpage"},"articleSection":"Geral, Mat\u00e9ria vencida"},{"@type":"BreadcrumbList","@id":"https:\/\/www.jornalja.com.br\/arquivo\/manha-de-sabado-para-conhecer-porto-alegre-na-obra-de-seus-escritores\/#breadcrumblist","itemListElement":[{"@type":"ListItem","@id":"https:\/\/www.jornalja.com.br\/arquivo#listItem","position":1,"name":"Home","item":"https:\/\/www.jornalja.com.br\/arquivo","nextItem":{"@type":"ListItem","@id":"https:\/\/www.jornalja.com.br\/arquivo\/category\/geral\/#listItem","name":"Geral"}},{"@type":"ListItem","@id":"https:\/\/www.jornalja.com.br\/arquivo\/category\/geral\/#listItem","position":2,"name":"Geral","item":"https:\/\/www.jornalja.com.br\/arquivo\/category\/geral\/","nextItem":{"@type":"ListItem","@id":"https:\/\/www.jornalja.com.br\/arquivo\/manha-de-sabado-para-conhecer-porto-alegre-na-obra-de-seus-escritores\/#listItem","name":"Manh\u00e3 de s\u00e1bado para conhecer Porto Alegre na obra de seus escritores"},"previousItem":{"@type":"ListItem","@id":"https:\/\/www.jornalja.com.br\/arquivo#listItem","name":"Home"}},{"@type":"ListItem","@id":"https:\/\/www.jornalja.com.br\/arquivo\/manha-de-sabado-para-conhecer-porto-alegre-na-obra-de-seus-escritores\/#listItem","position":3,"name":"Manh\u00e3 de s\u00e1bado para conhecer Porto Alegre na obra de seus escritores","previousItem":{"@type":"ListItem","@id":"https:\/\/www.jornalja.com.br\/arquivo\/category\/geral\/#listItem","name":"Geral"}}]},{"@type":"Organization","@id":"https:\/\/www.jornalja.com.br\/arquivo\/#organization","name":"Jornal J\u00c1","description":"Jornal J\u00c1 | Porto Alegre","url":"https:\/\/www.jornalja.com.br\/arquivo\/","telephone":"+555133307272","logo":{"@type":"ImageObject","url":"https:\/\/www.jornalja.com.br\/wp-content\/uploads\/cards\/JAslogan.png","@id":"https:\/\/www.jornalja.com.br\/arquivo\/manha-de-sabado-para-conhecer-porto-alegre-na-obra-de-seus-escritores\/#organizationLogo"},"image":{"@id":"https:\/\/www.jornalja.com.br\/arquivo\/manha-de-sabado-para-conhecer-porto-alegre-na-obra-de-seus-escritores\/#organizationLogo"}},{"@type":"Person","@id":"https:\/\/www.jornalja.com.br\/arquivo\/author\/daredacao\/#author","url":"https:\/\/www.jornalja.com.br\/arquivo\/author\/daredacao\/","name":"da Reda\u00e7\u00e3o","image":{"@type":"ImageObject","@id":"https:\/\/www.jornalja.com.br\/arquivo\/manha-de-sabado-para-conhecer-porto-alegre-na-obra-de-seus-escritores\/#authorImage","url":"https:\/\/secure.gravatar.com\/avatar\/469fd857d6605ad19919d27ed29d35a968a25f6e8fd9318356bbb7f57aae9c65?s=96&d=mm&r=g","width":96,"height":96,"caption":"da Reda\u00e7\u00e3o"}},{"@type":"WebPage","@id":"https:\/\/www.jornalja.com.br\/arquivo\/manha-de-sabado-para-conhecer-porto-alegre-na-obra-de-seus-escritores\/#webpage","url":"https:\/\/www.jornalja.com.br\/arquivo\/manha-de-sabado-para-conhecer-porto-alegre-na-obra-de-seus-escritores\/","name":"Manh\u00e3 de s\u00e1bado para conhecer Porto Alegre na obra de seus escritores | Arquivo","inLanguage":"pt-BR","isPartOf":{"@id":"https:\/\/www.jornalja.com.br\/arquivo\/#website"},"breadcrumb":{"@id":"https:\/\/www.jornalja.com.br\/arquivo\/manha-de-sabado-para-conhecer-porto-alegre-na-obra-de-seus-escritores\/#breadcrumblist"},"author":{"@id":"https:\/\/www.jornalja.com.br\/arquivo\/author\/daredacao\/#author"},"creator":{"@id":"https:\/\/www.jornalja.com.br\/arquivo\/author\/daredacao\/#author"},"image":{"@type":"ImageObject","url":46201,"@id":"https:\/\/www.jornalja.com.br\/arquivo\/manha-de-sabado-para-conhecer-porto-alegre-na-obra-de-seus-escritores\/#mainImage"},"primaryImageOfPage":{"@id":"https:\/\/www.jornalja.com.br\/arquivo\/manha-de-sabado-para-conhecer-porto-alegre-na-obra-de-seus-escritores\/#mainImage"},"datePublished":"2017-03-24T18:29:51-03:00","dateModified":"2017-03-24T18:29:51-03:00"},{"@type":"WebSite","@id":"https:\/\/www.jornalja.com.br\/arquivo\/#website","url":"https:\/\/www.jornalja.com.br\/arquivo\/","name":"Arquivo","description":"Jornal J\u00c1 | Porto Alegre","inLanguage":"pt-BR","publisher":{"@id":"https:\/\/www.jornalja.com.br\/arquivo\/#organization"}}]},"og:locale":"pt_BR","og:site_name":"Arquivo | Jornal J\u00c1 | Porto Alegre","og:type":"article","og:title":"Manh\u00e3 de s\u00e1bado para conhecer Porto Alegre na obra de seus escritores | Arquivo","og:url":"https:\/\/www.jornalja.com.br\/arquivo\/manha-de-sabado-para-conhecer-porto-alegre-na-obra-de-seus-escritores\/","og:image":"https:\/\/www.jornalja.com.br\/economics\/wp-content\/uploads\/sites\/11\/2026\/08\/ja-folhaderosto-facebook.jpg","og:image:secure_url":"https:\/\/www.jornalja.com.br\/economics\/wp-content\/uploads\/sites\/11\/2026\/08\/ja-folhaderosto-facebook.jpg","article:published_time":"2017-03-24T21:29:51+00:00","article:modified_time":"2017-03-24T21:29:51+00:00","twitter:card":"summary","twitter:title":"Manh\u00e3 de s\u00e1bado para conhecer Porto Alegre na obra de seus escritores | Arquivo","twitter:image":"https:\/\/www.jornalja.com.br\/economics\/wp-content\/uploads\/sites\/11\/2026\/08\/ja-folhaderosto-facebook.jpg"},"aioseo_meta_data":{"post_id":"46198","title":null,"description":null,"keywords":null,"keyphrases":null,"primary_term":null,"canonical_url":null,"og_title":null,"og_description":null,"og_object_type":"default","og_image_type":"default","og_image_url":null,"og_image_width":null,"og_image_height":null,"og_image_custom_url":null,"og_image_custom_fields":null,"og_video":null,"og_custom_url":null,"og_article_section":null,"og_article_tags":null,"twitter_use_og":false,"twitter_card":"default","twitter_image_type":"default","twitter_image_url":null,"twitter_image_custom_url":null,"twitter_image_custom_fields":null,"twitter_title":null,"twitter_description":null,"schema":{"blockGraphs":[],"customGraphs":[],"default":{"data":{"Article":[],"Course":[],"Dataset":[],"FAQPage":[],"Movie":[],"Person":[],"Product":[],"ProductReview":[],"Car":[],"Recipe":[],"Service":[],"SoftwareApplication":[],"WebPage":[]},"graphName":"","isEnabled":true},"graphs":[],"defaultGraph":"","defaultPostTypeGraph":""},"schema_type":null,"schema_type_options":null,"pillar_content":false,"robots_default":true,"robots_noindex":false,"robots_noarchive":false,"robots_nosnippet":false,"robots_nofollow":false,"robots_noimageindex":false,"robots_noodp":false,"robots_notranslate":false,"robots_max_snippet":null,"robots_max_videopreview":null,"robots_max_imagepreview":"large","priority":null,"frequency":null,"location":null,"local_seo":null,"breadcrumb_settings":null,"limit_modified_date":false,"ai":null,"created":"2020-12-20 20:38:10","updated":"2025-07-19 20:36:32","seo_analyzer_scan_date":null,"focus_keyword":null,"additional_keywords":null,"truseo_locale":null},"jetpack_sharing_enabled":true,"jetpack-related-posts":[{"id":13124,"url":"https:\/\/www.jornalja.com.br\/arquivo\/sangue-latino-no-iecine\/","url_meta":{"origin":46198,"position":0},"title":"Sangue latino no IECINE","author":"da Reda\u00e7\u00e3o","date":"18 de maio de 2014","format":false,"excerpt":"Francisco Ribeiro O Instituto Estadual de Cinema (IECINE) tem a frente, desde abril \u00faltimo, um novo diretor, o cineasta colombiano Juan Zapata, 36, que substitui Luiz Alberto Cassol. Radicado h\u00e1 dez anos em Porto Alegre, Zapata tem diante de si o desafio de conduzir at\u00e9 o final do ano um\u2026","rel":"","context":"Em &quot;Cultura-Geral&quot;","block_context":{"text":"Cultura-Geral","link":"https:\/\/www.jornalja.com.br\/arquivo\/category\/materiasecundaria\/"},"img":{"alt_text":"","src":"","width":0,"height":0},"classes":[]},{"id":1280,"url":"https:\/\/www.jornalja.com.br\/arquivo\/o-menino-que-se-tornou-brizola\/","url_meta":{"origin":46198,"position":1},"title":"O Menino que se Tornou Brizola","author":"da Reda\u00e7\u00e3o","date":"28 de julho de 2008","format":false,"excerpt":"Autor: Cleber Dioni A vida de Leonel Brizola, com \u00eanfase para os primeiros anos em Porto Alegre, at\u00e9 o ex\u00edlio no Uruguai e a volta, quinze anos depois. \u00a0\"...\u00c9ramos todos jovens e nos identific\u00e1vamos com aquela massa an\u00f4nima a percorrer as ruas de Porto Alegre, gritando 'Get\u00falio', 'Get\u00falio' e empunhando\u2026","rel":"","context":"Em &quot;Livros&quot;","block_context":{"text":"Livros","link":"https:\/\/www.jornalja.com.br\/arquivo\/category\/livros\/"},"img":{"alt_text":"","src":"https:\/\/i0.wp.com\/www.jornalja.com.br\/wp-content\/uploads\/2008\/07\/brizola.gif?resize=350%2C200&ssl=1","width":350,"height":200},"classes":[]},{"id":14241,"url":"https:\/\/www.jornalja.com.br\/arquivo\/o-guaiba-nas-imagens-poeticas-de-achutti\/","url_meta":{"origin":46198,"position":2},"title":"O Gua\u00edba nas imagens po\u00e9ticas de Achutti","author":"da Reda\u00e7\u00e3o","date":"18 de junho de 2014","format":false,"excerpt":"Em \u201cO Gua\u00edba por Achutti\u201d \u2013 obra financiada via Minist\u00e9rio da Cultura, produ\u00e7\u00e3o executiva de Pedro Longhi, e Fl\u00e1vio Wild como designer \u2013, o fot\u00f3grafo revela a beleza e as mazelas de um espa\u00e7o aqu\u00e1tico de \u00e1guas sempre renovadas, cheio de hist\u00f3rias e lendas como as das cidades que foram\u2026","rel":"","context":"Em &quot;Cultura-Geral&quot;","block_context":{"text":"Cultura-Geral","link":"https:\/\/www.jornalja.com.br\/arquivo\/category\/materiasecundaria\/"},"img":{"alt_text":"","src":"","width":0,"height":0},"classes":[]},{"id":5440,"url":"https:\/\/www.jornalja.com.br\/arquivo\/casarao-da-venancio-destino-permanece-incerto\/","url_meta":{"origin":46198,"position":3},"title":"Estado ainda n\u00e3o sabe o que fazer com casar\u00e3o abandonado h\u00e1 20 anos","author":"Elmar Bones","date":"6 de julho de 2009","format":false,"excerpt":"O casar\u00e3o amarelo, numa esquina nobre de Porto Alegre (Ven\u00e2ncio Aires com Jo\u00e3o Pessoa), j\u00e1 abrigou uma escola. H\u00e1 duas d\u00e9cadas, pelo menos, est\u00e1 abandonado, porque seu propriet\u00e1rio, o governo do Estado do Rio Grande do Sul, n\u00e3o consegue achar um destino para ele. Planos n\u00e3o faltaram. O governador Ol\u00edvio\u2026","rel":"","context":"Em &quot;X.Categorias velhas&quot;","block_context":{"text":"X.Categorias velhas","link":"https:\/\/www.jornalja.com.br\/arquivo\/category\/x-categorias-velhas\/"},"img":{"alt_text":"geraldo1","src":"https:\/\/i0.wp.com\/www.jornalja.com.br\/wp-content\/uploads\/2009\/07\/geraldo1.jpg?resize=350%2C200&ssl=1","width":350,"height":200},"classes":[]},{"id":13239,"url":"https:\/\/www.jornalja.com.br\/arquivo\/conselho-desdenha-do-plano-diretor\/","url_meta":{"origin":46198,"position":4},"title":"Porto Alegre: Conselho detona Plano Diretor","author":"Patr\u00edcia Marini","date":"25 de maio de 2014","format":false,"excerpt":"Den\u00fancia do arquiteto e \u00a0urbanista Ibir\u00e1 Santos Lucas. Ele diz que os conselheiros est\u00e3o votando com \"enorme irresponsabilidade\". \"Mudam regime com a maior naturalidade,,,regularizam absurdos de constru\u00e7\u00f5es irregulares... \"O CMDUA est\u00e1 flexibilizando a lei do plano diretor, de uma forma impactante na vida da cidade. Mudam regime com a maior\u2026","rel":"","context":"Em &quot;Geral&quot;","block_context":{"text":"Geral","link":"https:\/\/www.jornalja.com.br\/arquivo\/category\/geral\/"},"img":{"alt_text":"","src":"","width":0,"height":0},"classes":[]},{"id":13240,"url":"https:\/\/www.jornalja.com.br\/arquivo\/plano-diretor-estamos-construindo-o-caos\/","url_meta":{"origin":46198,"position":5},"title":"Plano diretor: &quot;Estamos construindo o caos&quot;","author":"Patr\u00edcia Marini","date":"26 de maio de 2014","format":false,"excerpt":"Desabafo que arquiteta Eliana Castilhos, delegada da Regi\u00e3o de Planejamento 1, postou nas redes sociais \u00e9 um testemunho do ambiente que se criou no Conselho do Plano Diretor de Porto Alegre, onde a aprova\u00e7\u00e3o de grandes empreendimentos \u00e9 empurrada guela abaixo dos conselheiros. Ao CMDUA Como delegada da Regi\u00e3o de\u2026","rel":"","context":"Em &quot;Geral&quot;","block_context":{"text":"Geral","link":"https:\/\/www.jornalja.com.br\/arquivo\/category\/geral\/"},"img":{"alt_text":"","src":"","width":0,"height":0},"classes":[]}],"jetpack_shortlink":"https:\/\/wp.me\/pbQjBd-c18","jetpack_featured_media_url":"","_links":{"self":[{"href":"https:\/\/www.jornalja.com.br\/arquivo\/wp-json\/wp\/v2\/posts\/46198","targetHints":{"allow":["GET"]}}],"collection":[{"href":"https:\/\/www.jornalja.com.br\/arquivo\/wp-json\/wp\/v2\/posts"}],"about":[{"href":"https:\/\/www.jornalja.com.br\/arquivo\/wp-json\/wp\/v2\/types\/post"}],"author":[{"embeddable":true,"href":"https:\/\/www.jornalja.com.br\/arquivo\/wp-json\/wp\/v2\/users\/4"}],"replies":[{"embeddable":true,"href":"https:\/\/www.jornalja.com.br\/arquivo\/wp-json\/wp\/v2\/comments?post=46198"}],"version-history":[{"count":0,"href":"https:\/\/www.jornalja.com.br\/arquivo\/wp-json\/wp\/v2\/posts\/46198\/revisions"}],"wp:attachment":[{"href":"https:\/\/www.jornalja.com.br\/arquivo\/wp-json\/wp\/v2\/media?parent=46198"}],"wp:term":[{"taxonomy":"category","embeddable":true,"href":"https:\/\/www.jornalja.com.br\/arquivo\/wp-json\/wp\/v2\/categories?post=46198"},{"taxonomy":"post_tag","embeddable":true,"href":"https:\/\/www.jornalja.com.br\/arquivo\/wp-json\/wp\/v2\/tags?post=46198"}],"curies":[{"name":"wp","href":"https:\/\/api.w.org\/{rel}","templated":true}]}}