{"id":46204,"date":"2017-03-23T20:02:37","date_gmt":"2017-03-23T23:02:37","guid":{"rendered":"https:\/\/www.jornalja.com.br\/?p=46204"},"modified":"2017-03-23T20:02:37","modified_gmt":"2017-03-23T23:02:37","slug":"cpi-da-telefonia-movel-e-instalada-na-camara-de-vereadores","status":"publish","type":"post","link":"https:\/\/www.jornalja.com.br\/arquivo\/cpi-da-telefonia-movel-e-instalada-na-camara-de-vereadores\/","title":{"rendered":"CPI da telefonia m\u00f3vel \u00e9 instalada na C\u00e2mara de Vereadores"},"content":{"rendered":"<p>A decis\u00e3o foi un\u00e2nime. A C\u00e2mara Municipal ir\u00e1 investigar as operadoras de telefonia m\u00f3vel em Porto Alegre. A precariedade do\u00a0servi\u00e7o prestado pelas empresas foi o motivo do pedido da Comiss\u00e3o Parlamentar de Inqu\u00e9rito, segundo o seu proponente, o vereador\u00a0Valter Nagelstein (PMDB).<br \/>\n\u201cEstamos preocupados, j\u00e1 que o servi\u00e7o n\u00e3o est\u00e1 condizente com a qualidade que deveria ter. O celular \u00e9 hoje uma ferramenta essencial de trabalho, independentemente da profiss\u00e3o. Al\u00e9m disso, as pessoas pagam um volume de dados, mas ningu\u00e9m consegue dizer se esses dados s\u00e3o efetivamente utilizados pelo consumidor\u201d criticou o parlamentar.<br \/>\nOs trabalhos ir\u00e3o come\u00e7ar ap\u00f3s a aprecia\u00e7\u00e3o do documento pelo presidente da Casa. Ser\u00e3o chamados para prestar esclarecimentos os\u00a0representantes das empresas de telefonia m\u00f3vel,\u00a0 \u00f3rg\u00e3os de prote\u00e7\u00e3o ao consumidor,\u00a0Minist\u00e9rio P\u00fablico, Ordem dos Advogados do Brasil, ag\u00eancia reguladora e representantes da sociedade civil.<\/p>\n","protected":false},"excerpt":{"rendered":"<p>A decis\u00e3o foi un\u00e2nime. A C\u00e2mara Municipal ir\u00e1 investigar as operadoras de telefonia m\u00f3vel em Porto Alegre. A precariedade do\u00a0servi\u00e7o prestado pelas empresas foi o motivo do pedido da Comiss\u00e3o Parlamentar de Inqu\u00e9rito, segundo o seu proponente, o vereador\u00a0Valter Nagelstein (PMDB). \u201cEstamos preocupados, j\u00e1 que o servi\u00e7o n\u00e3o est\u00e1 condizente com a qualidade que deveria [&hellip;]<\/p>\n","protected":false},"author":4,"featured_media":46221,"comment_status":"open","ping_status":"closed","sticky":false,"template":"","format":"standard","meta":{"_jetpack_memberships_contains_paid_content":false,"footnotes":""},"categories":[26],"tags":[],"class_list":["post-46204","post","type-post","status-publish","format-standard","has-post-thumbnail","hentry","category-geral"],"aioseo_notices":[],"jetpack_featured_media_url":"","jetpack_sharing_enabled":true,"jetpack-related-posts":[{"id":1280,"url":"https:\/\/www.jornalja.com.br\/arquivo\/o-menino-que-se-tornou-brizola\/","url_meta":{"origin":46204,"position":0},"title":"O Menino que se Tornou Brizola","author":"da Reda\u00e7\u00e3o","date":"28 de julho de 2008","format":false,"excerpt":"Autor: Cleber Dioni A vida de Leonel Brizola, com \u00eanfase para os primeiros anos em Porto Alegre, at\u00e9 o ex\u00edlio no Uruguai e a volta, quinze anos depois. \u00a0\"...\u00c9ramos todos jovens e nos identific\u00e1vamos com aquela massa an\u00f4nima a percorrer as ruas de Porto Alegre, gritando 'Get\u00falio', 'Get\u00falio' e empunhando\u2026","rel":"","context":"Em &quot;Livros&quot;","block_context":{"text":"Livros","link":"https:\/\/www.jornalja.com.br\/arquivo\/category\/livros\/"},"img":{"alt_text":"","src":"https:\/\/i0.wp.com\/www.jornalja.com.br\/wp-content\/uploads\/2008\/07\/brizola.gif?resize=350%2C200&ssl=1","width":350,"height":200},"classes":[]}],"jetpack_shortlink":"https:\/\/wp.me\/pbQjBd-c1e","_links":{"self":[{"href":"https:\/\/www.jornalja.com.br\/arquivo\/wp-json\/wp\/v2\/posts\/46204","targetHints":{"allow":["GET"]}}],"collection":[{"href":"https:\/\/www.jornalja.com.br\/arquivo\/wp-json\/wp\/v2\/posts"}],"about":[{"href":"https:\/\/www.jornalja.com.br\/arquivo\/wp-json\/wp\/v2\/types\/post"}],"author":[{"embeddable":true,"href":"https:\/\/www.jornalja.com.br\/arquivo\/wp-json\/wp\/v2\/users\/4"}],"replies":[{"embeddable":true,"href":"https:\/\/www.jornalja.com.br\/arquivo\/wp-json\/wp\/v2\/comments?post=46204"}],"version-history":[{"count":0,"href":"https:\/\/www.jornalja.com.br\/arquivo\/wp-json\/wp\/v2\/posts\/46204\/revisions"}],"wp:featuredmedia":[{"embeddable":true,"href":"https:\/\/www.jornalja.com.br\/arquivo\/wp-json\/"}],"wp:attachment":[{"href":"https:\/\/www.jornalja.com.br\/arquivo\/wp-json\/wp\/v2\/media?parent=46204"}],"wp:term":[{"taxonomy":"category","embeddable":true,"href":"https:\/\/www.jornalja.com.br\/arquivo\/wp-json\/wp\/v2\/categories?post=46204"},{"taxonomy":"post_tag","embeddable":true,"href":"https:\/\/www.jornalja.com.br\/arquivo\/wp-json\/wp\/v2\/tags?post=46204"}],"curies":[{"name":"wp","href":"https:\/\/api.w.org\/{rel}","templated":true}]}}