{"id":46212,"date":"2017-03-23T23:57:04","date_gmt":"2017-03-24T02:57:04","guid":{"rendered":"https:\/\/www.jornalja.com.br\/?p=46212"},"modified":"2017-03-23T23:57:04","modified_gmt":"2017-03-24T02:57:04","slug":"financas-da-capital-os-numeros-e-as-divergencias-sobre-as-saidas","status":"publish","type":"post","link":"https:\/\/www.jornalja.com.br\/arquivo\/financas-da-capital-os-numeros-e-as-divergencias-sobre-as-saidas\/","title":{"rendered":"Finan\u00e7as da capital: os n\u00fameros e as diverg\u00eancias sobre as sa\u00eddas"},"content":{"rendered":"<p>A pedido dos vereadores, o atual e o \u00faltimo secret\u00e1rio da Fazenda da gest\u00e3o anterior compareceram \u00e0 sess\u00e3o ordin\u00e1ria da C\u00e2mara Municipal de Porto Alegre nesta quinta-feira (23\/3). Na pauta, a crise nas finan\u00e7as municipais.<br \/>\nA sess\u00e3o pouco acrescentou \u00e0s informa\u00e7\u00f5es j\u00e1 conhecidas, mas as apresenta\u00e7\u00f5es de ambos provocaram manifesta\u00e7\u00f5es dos vereadores: d\u00favidas quanto aos dados e disc\u00f3rdia quanto aos poss\u00edveis caminhos de sa\u00edda para a situa\u00e7\u00e3o financeira do munic\u00edpio.<br \/>\nPorto Alegre enfrenta a situa\u00e7\u00e3o financeira mais grave dos \u00faltimos anos, chegou dizendo o atual titular da Fazenda municipal, Leonardo Busatto. Ele v\u00ea &#8220;um d\u00e9ficit estrutural agravado por conta da crise financeira\u201d.<br \/>\nBusatto exibiu alguns <a href=\"http:\/\/drive.google.com\/file\/d\/0B9-M0S8JfpEZbklhLVdGOFF0M2c\/view?usp=sharing\" target=\"_blank\" rel=\"noopener noreferrer\"><strong>n\u00fameros<\/strong><\/a>\u00a0do or\u00e7amento municipal de 2016, de\u00a0cerca de R$ 6 bilh\u00f5es, dos quais 60% foram utilizados para pagar servidores, ativos e inativos. Os 40% restantes, aproximadamente R$ 2,5 bi, preenchem rubricas de despesas vinculadas \u00e0 sa\u00fade, educa\u00e7\u00e3o e assist\u00eancia social.<br \/>\nSegundo ele, Porto Alegre precisa de mais de R$ 320 milh\u00f5es s\u00f3 para acabar e quitar d\u00edvidas das &#8220;obras da Copa&#8221;. Assim, somando todas as despesas e d\u00edvidas acumuladas do munic\u00edpio, calcula que seriam necess\u00e1rios R$ 732 milh\u00f5es para saldar todas as contas. \u00c9 o que o leva a prever que \u201cem maio faltar\u00e1 dinheiro\u201d, porque em 2017 seria necess\u00e1rio arrecadar 30% a mais de recursos ou cortar 30% das despesas. Busatto questionou os vereadores ap\u00f3s apresentar os n\u00fameros: \u201cO que n\u00e3o pagar? \u201d.<br \/>\nApenas 30% da receita municipal \u00e9 gerada na cidade. Outros 70% dos recursos s\u00e3o oriundos do Estado e da Uni\u00e3o. Busatto mostrou-se c\u00e9tico quanto a uma recupera\u00e7\u00e3o da economia no pa\u00eds ainda este ano \u201cAs perspectivas n\u00e3o s\u00e3o nada animadoras porque as receitas que n\u00e3o dependem da nossa gest\u00e3o v\u00e3o cair\u201d, afirmou.<br \/>\nComo medidas tomadas para amenizar o d\u00e9ficit, citou a redu\u00e7\u00e3o do n\u00famero de secretarias de 37 para 15, e o corte no n\u00famero de cargos comissionados (que n\u00e3o explicitou).<br \/>\n\u00daltimo secret\u00e1rio da Fazenda no governo de Jos\u00e9 Fortunati, Eroni Numer fez quest\u00e3o de elogiar a equipe da Secretaria, &#8220;muito qualificada&#8221;. Argumentou que nos \u00faltimos 12 anos, quando houve continuidade da gest\u00e3o, apenas em dois anos a cidade teve resultados negativos.<br \/>\nNumer relembrou que, a partir de 2014, a Fazenda realizou leil\u00e3o de \u00edndices, recadastrou os im\u00f3veis, implantou a Nota Fiscal Eletr\u00f4nica, criou a Central de Licita\u00e7\u00e3o e cobrou mais de R$ 150 milh\u00f5es da d\u00edvida ativa, e tentou reduzir despesas.<br \/>\nO ex-secret\u00e1rio alegou que o Tesouro deixou de arrecadar ao menos R$ 50 milh\u00f5es com a pol\u00eamica sobre antecipa\u00e7\u00e3o do desconto do Imposto Predial Territorial Urbano (IPTU) de 2017, porque a inadimpl\u00eancia \u00e9 muito alta, mas n\u00e3o especificou quanto. E defendeu que o \u201cmaior gasto de um munic\u00edpio tem que ser com pessoal, pois ele \u00e9 eminentemente um prestador de servi\u00e7os\u201d.<br \/>\n<strong>Falam os vereadores<\/strong><br \/>\nA vereadora Fernanda Melchionna (PSOL) observou diferen\u00e7as de valores com dados que j\u00e1 foram apresentados pela Secretaria neste ano, e vai compar\u00e1-los. E defendeu que, com repasses reduzidos em consequ\u00eancia da crise econ\u00f4mica, a Prefeitura tenha o pagamento dos sal\u00e1rios dos servidores entre as prioridades.<br \/>\n\u201cCada um tem uma leitura que n\u00e3o fecha\u201d, respondeu Busatto, que \u00e9 contra empregar o caixa \u00fanico parara cobrir rombo no or\u00e7amento, porque levaria a uma nova d\u00edvida, impag\u00e1vel.<br \/>\nIdenir Cecchim (PMDB) admitiu &#8220;n\u00e3o ser bom com n\u00fameros\u201d, mas que seria poss\u00edvel fazer constata\u00e7\u00f5es. \u201cO governo Marchezan n\u00e3o inventa mas aumenta, e s\u00f3 as not\u00edcias boas aparecem\u201d, ironizou.<br \/>\n\u201cFiquei em d\u00favida, por exemplo, se nas obras citadas est\u00e1 o viaduto da Pl\u00ednio Brasil Milano, que ainda n\u00e3o come\u00e7ou e, portanto, o recurso para tal ainda n\u00e3o veio\u201d. Cecchim achou que faltou o secret\u00e1rio Busatto &#8220;mostrar a situa\u00e7\u00e3o de cada uma, o quanto est\u00e1 atrasado e o quanto j\u00e1 foi feito\u201d.<br \/>\nFelipe Camozzato, do partido de ultra-direita NOVO, que estreou nestas elei\u00e7\u00f5es, esbravejou contra o que chama de &#8220;pol\u00edticas populistas&#8221; e defendeu a privatiza\u00e7\u00e3o da Carris. \u201cPrivatiza sim, o quanto for poss\u00edvel\u201d.<br \/>\nA ideia de privatiza\u00e7\u00e3o como solu\u00e7\u00e3o para crise financeira foi recha\u00e7ada pela petista Sofia Cavedon.\u00a0Quanto \u00e0 situa\u00e7\u00e3o da Carris, a vereadora criticou o n\u00e3o cumprimento da tabela hor\u00e1ria dos \u00f4nibus, em preju\u00edzo da popula\u00e7\u00e3o.<br \/>\nCavedon considerou artificial o quadro das finan\u00e7as apresentado pelo secret\u00e1rio Busatto. \u201cN\u00e3o vamos aceitar uma vers\u00e3o de cidade quebrada\u201d.<br \/>\nO petista Adeli Sell lembrou o ex-secret\u00e1rio municipal Jos\u00e9 Eduardo Utzig, que no ano 2000 j\u00e1 \u201capontou os problemas de finan\u00e7as que estariam por vir\u201d e levantou quest\u00f5es sobre a arrecada\u00e7\u00e3o de Porto Alegre. \u201cTemos um grande problema no ISS (Imposto Sobre Servi\u00e7os). A Cootravipa n\u00e3o pagar o imposto desde a d\u00e9cada de 1990 \u00e9 inaceit\u00e1vel\u201d.<br \/>\nDiante da queda nas transfer\u00eancias da Uni\u00e3o e do Estado, Sell diz que \u00e9 um bom momento para\u00a0discutir desonera\u00e7\u00f5es fiscais para empresas &#8211; um dado que nem o governo Marchezan nem o governo Sartori revelam.<br \/>\nValter Nagelstein (PMDB) discordou que a maior despesa da Prefeitura seja com pessoal. \u201cA maior despesa deve ser com investimento na infraestrutura que a sociedade precisa\u201d, opinou.<br \/>\nCassi\u00e1 Carpes (PP) mostrou perplexidade: os\u00a0dados divulgados em 2015 garantiam que estava tudo bem com os or\u00e7amentos, e de repente, no final de 2016, &#8220;se recebe a informa\u00e7\u00e3o de que a Prefeitura est\u00e1 \u201cquebrada\u201d. Pediu que seja feita uma melhor an\u00e1lise destas pe\u00e7as.<br \/>\nDiretor do DMLU no governo Fortunati, o pemedebista Andr\u00e9 Car\u00fas pediu esclarecimentos em dois pontos apresentados na sess\u00e3o: a reforma administrativa, que gera um impacto financeiro n\u00e3o esclarecido para a cidade, e os cargos comissionados.<\/p>\n<div>\nAirton Ferronato, correligion\u00e1rio do prefeito Marchezan, alegou que a situa\u00e7\u00e3o das finan\u00e7as n\u00e3o \u00e9 novidade para ningu\u00e9m, e\u00a0elogiou as obras iniciadas na cidade.\n<\/div>\n<p>O vereador Jo\u00e3o Carlos Nedel (PP) disse que no ano passado o SUS deixou de enviar R$ 80 milh\u00f5es a Porto Alegre, o governo do Estado deixou de repassar cerca de R$ 50 milh\u00f5es para a sa\u00fade, e a receita oriunda do ICMS foi reduzida. &#8220;As receitas em 2016 foram bem menores do que o inicialmente previsto, e as despesas tiveram seu crescimento vegetativo normal, gerando grande discrep\u00e2ncia entre receita e despesa.&#8221; Aplaudiu a redu\u00e7\u00e3o do n\u00famero de secretarias e de CCs &#8211; R$ 50 milh\u00f5es ao ano para o Munic\u00edpio, segundo a Prefeitura.<br \/>\nMois\u00e9s Maluco do Bem (PSDB) tentou dirimir qualquer d\u00favida sobre os CCs dizendo que o prefeito Nelson Marchezan J\u00fanior informou que o teto salarial do funcionalismo p\u00fablico ser\u00e1 de R$ 19,4 mil, que \u00e9 o sal\u00e1rio do prefeito, e o dos CCs continuar\u00e1 sendo de R$ 9,3 mil. Aproveitou para elogiar a fiscaliza\u00e7\u00e3o do com\u00e9rcio ambulante na Centro.<br \/>\nRoberto Robaina (PSOL) acusou o prefeito Marchezan de atribuir aos servidores p\u00fablicos a culpa pela crise e cobrou que a Prefeitura divulgue quais grandes empresas n\u00e3o est\u00e3o pagando o munic\u00edpio. &#8220;Houve isen\u00e7\u00f5es sem crit\u00e9rios, inclusive para as empresas de \u00f4nibus.&#8221; E lembrou os casos de\u00a0corrup\u00e7\u00e3o na gest\u00e3o Fortunati, como no DEP e no DMLU.<br \/>\n&#8220;\u00c9 \u00f3bvio que existe crise econ\u00f4mica no pa\u00eds e no mundo. As receitas pr\u00f3prias municipais ca\u00edram, n\u00e3o h\u00e1 m\u00e1gica. O enxugamento de pessoal n\u00e3o pode ser feito a curto prazo&#8221;, disse Mauro Pinheiro (Rede). Sugeriu que o Executivo reveja alguns cortes que representaram economia muito baixa e citou como exemplo a extin\u00e7\u00e3o da Secretaria Municipal do Esporte. &#8220;O trabalho dela tem grande repercuss\u00e3o nas comunidades. \u00c9 preciso que se discuta como gerar emprego e renda.&#8221;<\/p>\n<div>\nMauro Zacher (PDT) defendeu a gest\u00e3o anterior. \u201cO governo que investiu acima da m\u00e9dia, 26,6% em sa\u00fade. Na \u00e1rea social passamos para mais de R$ 200 milh\u00f5es. Temos que investir em pessoas\u201d. O vereador ainda lembrou que a Prefeitura foi premiada pelo Minist\u00e9rio P\u00fablico e o governo federal, como a gest\u00e3o mais transparente.<br \/>\nCl\u00e1udio Janta (SD) destacou que o Fundo de Moradia e o Fundo do Idoso, de R$ 140 milh\u00f5es, poderiam ter sido melhor investido nos \u00faltimos anos e elogiou que o governo atual esteja &#8220;mostrando o que tem que pagar&#8221;.\n<\/div>\n<p><strong><br \/>\n<\/strong><em>\u00a0<\/em><\/p>\n","protected":false},"excerpt":{"rendered":"<p>A pedido dos vereadores, o atual e o \u00faltimo secret\u00e1rio da Fazenda da gest\u00e3o anterior compareceram \u00e0 sess\u00e3o ordin\u00e1ria da C\u00e2mara Municipal de Porto Alegre nesta quinta-feira (23\/3). Na pauta, a crise nas finan\u00e7as municipais. A sess\u00e3o pouco acrescentou \u00e0s informa\u00e7\u00f5es j\u00e1 conhecidas, mas as apresenta\u00e7\u00f5es de ambos provocaram manifesta\u00e7\u00f5es dos vereadores: d\u00favidas quanto aos [&hellip;]<\/p>\n","protected":false},"author":4,"featured_media":46216,"comment_status":"open","ping_status":"closed","sticky":false,"template":"","format":"standard","meta":{"_jetpack_newsletter_access":"","_jetpack_dont_email_post_to_subs":false,"_jetpack_newsletter_tier_id":0,"_jetpack_memberships_contains_paywalled_content":false,"_jetpack_feature_clip_id":0,"_jetpack_memberships_contains_paid_content":false,"footnotes":"","jetpack_post_was_ever_published":false},"categories":[26],"tags":[],"class_list":["post-46212","post","type-post","status-publish","format-standard","has-post-thumbnail","hentry","category-geral"],"aioseo_notices":[],"aioseo_head":"\n\t\t<!-- All in One SEO 5.0.1.1 - aioseo.com -->\n\t<meta name=\"robots\" content=\"max-image-preview:large\" \/>\n\t<meta name=\"author\" content=\"da Reda\u00e7\u00e3o\"\/>\n\t<link rel=\"canonical\" href=\"https:\/\/www.jornalja.com.br\/arquivo\/financas-da-capital-os-numeros-e-as-divergencias-sobre-as-saidas\/\" \/>\n\t<meta name=\"generator\" content=\"All in One SEO (AIOSEO) 5.0.1.1\" \/>\n\t\t<meta property=\"og:locale\" content=\"pt_BR\" \/>\n\t\t<meta property=\"og:site_name\" content=\"Arquivo | Jornal J\u00c1 | Porto Alegre\" \/>\n\t\t<meta property=\"og:type\" content=\"article\" \/>\n\t\t<meta property=\"og:title\" content=\"Finan\u00e7as da capital: os n\u00fameros e as diverg\u00eancias sobre as sa\u00eddas | Arquivo\" \/>\n\t\t<meta property=\"og:url\" content=\"https:\/\/www.jornalja.com.br\/arquivo\/financas-da-capital-os-numeros-e-as-divergencias-sobre-as-saidas\/\" \/>\n\t\t<meta property=\"og:image\" content=\"https:\/\/www.jornalja.com.br\/economics\/wp-content\/uploads\/sites\/11\/2026\/08\/ja-folhaderosto-facebook.jpg\" \/>\n\t\t<meta property=\"og:image:secure_url\" content=\"https:\/\/www.jornalja.com.br\/economics\/wp-content\/uploads\/sites\/11\/2026\/08\/ja-folhaderosto-facebook.jpg\" \/>\n\t\t<meta property=\"article:published_time\" content=\"2017-03-24T02:57:04+00:00\" \/>\n\t\t<meta property=\"article:modified_time\" content=\"2017-03-24T02:57:04+00:00\" \/>\n\t\t<meta name=\"twitter:card\" content=\"summary\" \/>\n\t\t<meta name=\"twitter:title\" content=\"Finan\u00e7as da capital: os n\u00fameros e as diverg\u00eancias sobre as sa\u00eddas | Arquivo\" \/>\n\t\t<meta name=\"twitter:image\" content=\"https:\/\/www.jornalja.com.br\/economics\/wp-content\/uploads\/sites\/11\/2026\/08\/ja-folhaderosto-facebook.jpg\" \/>\n\t\t<script type=\"application\/ld+json\" class=\"aioseo-schema\">\n\t\t\t{\"@context\":\"https:\\\/\\\/schema.org\",\"@graph\":[{\"@type\":\"BlogPosting\",\"@id\":\"https:\\\/\\\/www.jornalja.com.br\\\/arquivo\\\/financas-da-capital-os-numeros-e-as-divergencias-sobre-as-saidas\\\/#blogposting\",\"name\":\"Finan\\u00e7as da capital: os n\\u00fameros e as diverg\\u00eancias sobre as sa\\u00eddas | Arquivo\",\"headline\":\"Finan\\u00e7as da capital: os n\\u00fameros e as diverg\\u00eancias sobre as sa\\u00eddas\",\"author\":{\"@id\":\"https:\\\/\\\/www.jornalja.com.br\\\/arquivo\\\/author\\\/daredacao\\\/#author\"},\"publisher\":{\"@id\":\"https:\\\/\\\/www.jornalja.com.br\\\/arquivo\\\/#organization\"},\"image\":{\"@type\":\"ImageObject\",\"url\":46216},\"datePublished\":\"2017-03-23T23:57:04-03:00\",\"dateModified\":\"2017-03-23T23:57:04-03:00\",\"inLanguage\":\"pt-BR\",\"mainEntityOfPage\":{\"@id\":\"https:\\\/\\\/www.jornalja.com.br\\\/arquivo\\\/financas-da-capital-os-numeros-e-as-divergencias-sobre-as-saidas\\\/#webpage\"},\"isPartOf\":{\"@id\":\"https:\\\/\\\/www.jornalja.com.br\\\/arquivo\\\/financas-da-capital-os-numeros-e-as-divergencias-sobre-as-saidas\\\/#webpage\"},\"articleSection\":\"Geral\"},{\"@type\":\"BreadcrumbList\",\"@id\":\"https:\\\/\\\/www.jornalja.com.br\\\/arquivo\\\/financas-da-capital-os-numeros-e-as-divergencias-sobre-as-saidas\\\/#breadcrumblist\",\"itemListElement\":[{\"@type\":\"ListItem\",\"@id\":\"https:\\\/\\\/www.jornalja.com.br\\\/arquivo#listItem\",\"position\":1,\"name\":\"Home\",\"item\":\"https:\\\/\\\/www.jornalja.com.br\\\/arquivo\",\"nextItem\":{\"@type\":\"ListItem\",\"@id\":\"https:\\\/\\\/www.jornalja.com.br\\\/arquivo\\\/category\\\/geral\\\/#listItem\",\"name\":\"Geral\"}},{\"@type\":\"ListItem\",\"@id\":\"https:\\\/\\\/www.jornalja.com.br\\\/arquivo\\\/category\\\/geral\\\/#listItem\",\"position\":2,\"name\":\"Geral\",\"item\":\"https:\\\/\\\/www.jornalja.com.br\\\/arquivo\\\/category\\\/geral\\\/\",\"nextItem\":{\"@type\":\"ListItem\",\"@id\":\"https:\\\/\\\/www.jornalja.com.br\\\/arquivo\\\/financas-da-capital-os-numeros-e-as-divergencias-sobre-as-saidas\\\/#listItem\",\"name\":\"Finan\\u00e7as da capital: os n\\u00fameros e as diverg\\u00eancias sobre as sa\\u00eddas\"},\"previousItem\":{\"@type\":\"ListItem\",\"@id\":\"https:\\\/\\\/www.jornalja.com.br\\\/arquivo#listItem\",\"name\":\"Home\"}},{\"@type\":\"ListItem\",\"@id\":\"https:\\\/\\\/www.jornalja.com.br\\\/arquivo\\\/financas-da-capital-os-numeros-e-as-divergencias-sobre-as-saidas\\\/#listItem\",\"position\":3,\"name\":\"Finan\\u00e7as da capital: os n\\u00fameros e as diverg\\u00eancias sobre as sa\\u00eddas\",\"previousItem\":{\"@type\":\"ListItem\",\"@id\":\"https:\\\/\\\/www.jornalja.com.br\\\/arquivo\\\/category\\\/geral\\\/#listItem\",\"name\":\"Geral\"}}]},{\"@type\":\"Organization\",\"@id\":\"https:\\\/\\\/www.jornalja.com.br\\\/arquivo\\\/#organization\",\"name\":\"Jornal J\\u00c1\",\"description\":\"Jornal J\\u00c1 | Porto Alegre\",\"url\":\"https:\\\/\\\/www.jornalja.com.br\\\/arquivo\\\/\",\"telephone\":\"+555133307272\",\"logo\":{\"@type\":\"ImageObject\",\"url\":\"https:\\\/\\\/www.jornalja.com.br\\\/wp-content\\\/uploads\\\/cards\\\/JAslogan.png\",\"@id\":\"https:\\\/\\\/www.jornalja.com.br\\\/arquivo\\\/financas-da-capital-os-numeros-e-as-divergencias-sobre-as-saidas\\\/#organizationLogo\"},\"image\":{\"@id\":\"https:\\\/\\\/www.jornalja.com.br\\\/arquivo\\\/financas-da-capital-os-numeros-e-as-divergencias-sobre-as-saidas\\\/#organizationLogo\"}},{\"@type\":\"Person\",\"@id\":\"https:\\\/\\\/www.jornalja.com.br\\\/arquivo\\\/author\\\/daredacao\\\/#author\",\"url\":\"https:\\\/\\\/www.jornalja.com.br\\\/arquivo\\\/author\\\/daredacao\\\/\",\"name\":\"da Reda\\u00e7\\u00e3o\",\"image\":{\"@type\":\"ImageObject\",\"@id\":\"https:\\\/\\\/www.jornalja.com.br\\\/arquivo\\\/financas-da-capital-os-numeros-e-as-divergencias-sobre-as-saidas\\\/#authorImage\",\"url\":\"https:\\\/\\\/secure.gravatar.com\\\/avatar\\\/469fd857d6605ad19919d27ed29d35a968a25f6e8fd9318356bbb7f57aae9c65?s=96&d=mm&r=g\",\"width\":96,\"height\":96,\"caption\":\"da Reda\\u00e7\\u00e3o\"}},{\"@type\":\"WebPage\",\"@id\":\"https:\\\/\\\/www.jornalja.com.br\\\/arquivo\\\/financas-da-capital-os-numeros-e-as-divergencias-sobre-as-saidas\\\/#webpage\",\"url\":\"https:\\\/\\\/www.jornalja.com.br\\\/arquivo\\\/financas-da-capital-os-numeros-e-as-divergencias-sobre-as-saidas\\\/\",\"name\":\"Finan\\u00e7as da capital: os n\\u00fameros e as diverg\\u00eancias sobre as sa\\u00eddas | Arquivo\",\"inLanguage\":\"pt-BR\",\"isPartOf\":{\"@id\":\"https:\\\/\\\/www.jornalja.com.br\\\/arquivo\\\/#website\"},\"breadcrumb\":{\"@id\":\"https:\\\/\\\/www.jornalja.com.br\\\/arquivo\\\/financas-da-capital-os-numeros-e-as-divergencias-sobre-as-saidas\\\/#breadcrumblist\"},\"author\":{\"@id\":\"https:\\\/\\\/www.jornalja.com.br\\\/arquivo\\\/author\\\/daredacao\\\/#author\"},\"creator\":{\"@id\":\"https:\\\/\\\/www.jornalja.com.br\\\/arquivo\\\/author\\\/daredacao\\\/#author\"},\"image\":{\"@type\":\"ImageObject\",\"url\":46216,\"@id\":\"https:\\\/\\\/www.jornalja.com.br\\\/arquivo\\\/financas-da-capital-os-numeros-e-as-divergencias-sobre-as-saidas\\\/#mainImage\"},\"primaryImageOfPage\":{\"@id\":\"https:\\\/\\\/www.jornalja.com.br\\\/arquivo\\\/financas-da-capital-os-numeros-e-as-divergencias-sobre-as-saidas\\\/#mainImage\"},\"datePublished\":\"2017-03-23T23:57:04-03:00\",\"dateModified\":\"2017-03-23T23:57:04-03:00\"},{\"@type\":\"WebSite\",\"@id\":\"https:\\\/\\\/www.jornalja.com.br\\\/arquivo\\\/#website\",\"url\":\"https:\\\/\\\/www.jornalja.com.br\\\/arquivo\\\/\",\"name\":\"Arquivo\",\"description\":\"Jornal J\\u00c1 | Porto Alegre\",\"inLanguage\":\"pt-BR\",\"publisher\":{\"@id\":\"https:\\\/\\\/www.jornalja.com.br\\\/arquivo\\\/#organization\"}}]}\n\t\t<\/script>\n\t\t<!-- All in One SEO -->\n\n","aioseo_head_json":{"title":"Finan\u00e7as da capital: os n\u00fameros e as diverg\u00eancias sobre as sa\u00eddas | Arquivo","description":"","canonical_url":"https:\/\/www.jornalja.com.br\/arquivo\/financas-da-capital-os-numeros-e-as-divergencias-sobre-as-saidas\/","robots":"max-image-preview:large","keywords":"","webmasterTools":{"miscellaneous":""},"schema":{"@context":"https:\/\/schema.org","@graph":[{"@type":"BlogPosting","@id":"https:\/\/www.jornalja.com.br\/arquivo\/financas-da-capital-os-numeros-e-as-divergencias-sobre-as-saidas\/#blogposting","name":"Finan\u00e7as da capital: os n\u00fameros e as diverg\u00eancias sobre as sa\u00eddas | Arquivo","headline":"Finan\u00e7as da capital: os n\u00fameros e as diverg\u00eancias sobre as sa\u00eddas","author":{"@id":"https:\/\/www.jornalja.com.br\/arquivo\/author\/daredacao\/#author"},"publisher":{"@id":"https:\/\/www.jornalja.com.br\/arquivo\/#organization"},"image":{"@type":"ImageObject","url":46216},"datePublished":"2017-03-23T23:57:04-03:00","dateModified":"2017-03-23T23:57:04-03:00","inLanguage":"pt-BR","mainEntityOfPage":{"@id":"https:\/\/www.jornalja.com.br\/arquivo\/financas-da-capital-os-numeros-e-as-divergencias-sobre-as-saidas\/#webpage"},"isPartOf":{"@id":"https:\/\/www.jornalja.com.br\/arquivo\/financas-da-capital-os-numeros-e-as-divergencias-sobre-as-saidas\/#webpage"},"articleSection":"Geral"},{"@type":"BreadcrumbList","@id":"https:\/\/www.jornalja.com.br\/arquivo\/financas-da-capital-os-numeros-e-as-divergencias-sobre-as-saidas\/#breadcrumblist","itemListElement":[{"@type":"ListItem","@id":"https:\/\/www.jornalja.com.br\/arquivo#listItem","position":1,"name":"Home","item":"https:\/\/www.jornalja.com.br\/arquivo","nextItem":{"@type":"ListItem","@id":"https:\/\/www.jornalja.com.br\/arquivo\/category\/geral\/#listItem","name":"Geral"}},{"@type":"ListItem","@id":"https:\/\/www.jornalja.com.br\/arquivo\/category\/geral\/#listItem","position":2,"name":"Geral","item":"https:\/\/www.jornalja.com.br\/arquivo\/category\/geral\/","nextItem":{"@type":"ListItem","@id":"https:\/\/www.jornalja.com.br\/arquivo\/financas-da-capital-os-numeros-e-as-divergencias-sobre-as-saidas\/#listItem","name":"Finan\u00e7as da capital: os n\u00fameros e as diverg\u00eancias sobre as sa\u00eddas"},"previousItem":{"@type":"ListItem","@id":"https:\/\/www.jornalja.com.br\/arquivo#listItem","name":"Home"}},{"@type":"ListItem","@id":"https:\/\/www.jornalja.com.br\/arquivo\/financas-da-capital-os-numeros-e-as-divergencias-sobre-as-saidas\/#listItem","position":3,"name":"Finan\u00e7as da capital: os n\u00fameros e as diverg\u00eancias sobre as sa\u00eddas","previousItem":{"@type":"ListItem","@id":"https:\/\/www.jornalja.com.br\/arquivo\/category\/geral\/#listItem","name":"Geral"}}]},{"@type":"Organization","@id":"https:\/\/www.jornalja.com.br\/arquivo\/#organization","name":"Jornal J\u00c1","description":"Jornal J\u00c1 | Porto Alegre","url":"https:\/\/www.jornalja.com.br\/arquivo\/","telephone":"+555133307272","logo":{"@type":"ImageObject","url":"https:\/\/www.jornalja.com.br\/wp-content\/uploads\/cards\/JAslogan.png","@id":"https:\/\/www.jornalja.com.br\/arquivo\/financas-da-capital-os-numeros-e-as-divergencias-sobre-as-saidas\/#organizationLogo"},"image":{"@id":"https:\/\/www.jornalja.com.br\/arquivo\/financas-da-capital-os-numeros-e-as-divergencias-sobre-as-saidas\/#organizationLogo"}},{"@type":"Person","@id":"https:\/\/www.jornalja.com.br\/arquivo\/author\/daredacao\/#author","url":"https:\/\/www.jornalja.com.br\/arquivo\/author\/daredacao\/","name":"da Reda\u00e7\u00e3o","image":{"@type":"ImageObject","@id":"https:\/\/www.jornalja.com.br\/arquivo\/financas-da-capital-os-numeros-e-as-divergencias-sobre-as-saidas\/#authorImage","url":"https:\/\/secure.gravatar.com\/avatar\/469fd857d6605ad19919d27ed29d35a968a25f6e8fd9318356bbb7f57aae9c65?s=96&d=mm&r=g","width":96,"height":96,"caption":"da Reda\u00e7\u00e3o"}},{"@type":"WebPage","@id":"https:\/\/www.jornalja.com.br\/arquivo\/financas-da-capital-os-numeros-e-as-divergencias-sobre-as-saidas\/#webpage","url":"https:\/\/www.jornalja.com.br\/arquivo\/financas-da-capital-os-numeros-e-as-divergencias-sobre-as-saidas\/","name":"Finan\u00e7as da capital: os n\u00fameros e as diverg\u00eancias sobre as sa\u00eddas | Arquivo","inLanguage":"pt-BR","isPartOf":{"@id":"https:\/\/www.jornalja.com.br\/arquivo\/#website"},"breadcrumb":{"@id":"https:\/\/www.jornalja.com.br\/arquivo\/financas-da-capital-os-numeros-e-as-divergencias-sobre-as-saidas\/#breadcrumblist"},"author":{"@id":"https:\/\/www.jornalja.com.br\/arquivo\/author\/daredacao\/#author"},"creator":{"@id":"https:\/\/www.jornalja.com.br\/arquivo\/author\/daredacao\/#author"},"image":{"@type":"ImageObject","url":46216,"@id":"https:\/\/www.jornalja.com.br\/arquivo\/financas-da-capital-os-numeros-e-as-divergencias-sobre-as-saidas\/#mainImage"},"primaryImageOfPage":{"@id":"https:\/\/www.jornalja.com.br\/arquivo\/financas-da-capital-os-numeros-e-as-divergencias-sobre-as-saidas\/#mainImage"},"datePublished":"2017-03-23T23:57:04-03:00","dateModified":"2017-03-23T23:57:04-03:00"},{"@type":"WebSite","@id":"https:\/\/www.jornalja.com.br\/arquivo\/#website","url":"https:\/\/www.jornalja.com.br\/arquivo\/","name":"Arquivo","description":"Jornal J\u00c1 | Porto Alegre","inLanguage":"pt-BR","publisher":{"@id":"https:\/\/www.jornalja.com.br\/arquivo\/#organization"}}]},"og:locale":"pt_BR","og:site_name":"Arquivo | Jornal J\u00c1 | Porto Alegre","og:type":"article","og:title":"Finan\u00e7as da capital: os n\u00fameros e as diverg\u00eancias sobre as sa\u00eddas | Arquivo","og:url":"https:\/\/www.jornalja.com.br\/arquivo\/financas-da-capital-os-numeros-e-as-divergencias-sobre-as-saidas\/","og:image":"https:\/\/www.jornalja.com.br\/economics\/wp-content\/uploads\/sites\/11\/2026\/08\/ja-folhaderosto-facebook.jpg","og:image:secure_url":"https:\/\/www.jornalja.com.br\/economics\/wp-content\/uploads\/sites\/11\/2026\/08\/ja-folhaderosto-facebook.jpg","article:published_time":"2017-03-24T02:57:04+00:00","article:modified_time":"2017-03-24T02:57:04+00:00","twitter:card":"summary","twitter:title":"Finan\u00e7as da capital: os n\u00fameros e as diverg\u00eancias sobre as sa\u00eddas | Arquivo","twitter:image":"https:\/\/www.jornalja.com.br\/economics\/wp-content\/uploads\/sites\/11\/2026\/08\/ja-folhaderosto-facebook.jpg"},"aioseo_meta_data":{"post_id":"46212","title":null,"description":null,"keywords":null,"keyphrases":null,"primary_term":null,"canonical_url":null,"og_title":null,"og_description":null,"og_object_type":"default","og_image_type":"default","og_image_url":null,"og_image_width":null,"og_image_height":null,"og_image_custom_url":null,"og_image_custom_fields":null,"og_video":null,"og_custom_url":null,"og_article_section":null,"og_article_tags":null,"twitter_use_og":false,"twitter_card":"default","twitter_image_type":"default","twitter_image_url":null,"twitter_image_custom_url":null,"twitter_image_custom_fields":null,"twitter_title":null,"twitter_description":null,"schema":{"blockGraphs":[],"customGraphs":[],"default":{"data":{"Article":[],"Course":[],"Dataset":[],"FAQPage":[],"Movie":[],"Person":[],"Product":[],"ProductReview":[],"Car":[],"Recipe":[],"Service":[],"SoftwareApplication":[],"WebPage":[]},"graphName":"","isEnabled":true},"graphs":[],"defaultGraph":"","defaultPostTypeGraph":""},"schema_type":null,"schema_type_options":null,"pillar_content":false,"robots_default":true,"robots_noindex":false,"robots_noarchive":false,"robots_nosnippet":false,"robots_nofollow":false,"robots_noimageindex":false,"robots_noodp":false,"robots_notranslate":false,"robots_max_snippet":null,"robots_max_videopreview":null,"robots_max_imagepreview":"large","priority":null,"frequency":null,"location":null,"local_seo":null,"breadcrumb_settings":null,"limit_modified_date":false,"ai":null,"created":"2020-12-20 20:38:10","updated":"2025-07-19 20:35:57","seo_analyzer_scan_date":null,"focus_keyword":null,"additional_keywords":null,"truseo_locale":null},"jetpack_sharing_enabled":true,"jetpack-related-posts":[{"id":13124,"url":"https:\/\/www.jornalja.com.br\/arquivo\/sangue-latino-no-iecine\/","url_meta":{"origin":46212,"position":0},"title":"Sangue latino no IECINE","author":"da Reda\u00e7\u00e3o","date":"18 de maio de 2014","format":false,"excerpt":"Francisco Ribeiro O Instituto Estadual de Cinema (IECINE) tem a frente, desde abril \u00faltimo, um novo diretor, o cineasta colombiano Juan Zapata, 36, que substitui Luiz Alberto Cassol. Radicado h\u00e1 dez anos em Porto Alegre, Zapata tem diante de si o desafio de conduzir at\u00e9 o final do ano um\u2026","rel":"","context":"Em &quot;Cultura-Geral&quot;","block_context":{"text":"Cultura-Geral","link":"https:\/\/www.jornalja.com.br\/arquivo\/category\/materiasecundaria\/"},"img":{"alt_text":"","src":"","width":0,"height":0},"classes":[]},{"id":1280,"url":"https:\/\/www.jornalja.com.br\/arquivo\/o-menino-que-se-tornou-brizola\/","url_meta":{"origin":46212,"position":1},"title":"O Menino que se Tornou Brizola","author":"da Reda\u00e7\u00e3o","date":"28 de julho de 2008","format":false,"excerpt":"Autor: Cleber Dioni A vida de Leonel Brizola, com \u00eanfase para os primeiros anos em Porto Alegre, at\u00e9 o ex\u00edlio no Uruguai e a volta, quinze anos depois. \u00a0\"...\u00c9ramos todos jovens e nos identific\u00e1vamos com aquela massa an\u00f4nima a percorrer as ruas de Porto Alegre, gritando 'Get\u00falio', 'Get\u00falio' e empunhando\u2026","rel":"","context":"Em &quot;Livros&quot;","block_context":{"text":"Livros","link":"https:\/\/www.jornalja.com.br\/arquivo\/category\/livros\/"},"img":{"alt_text":"","src":"https:\/\/i0.wp.com\/www.jornalja.com.br\/wp-content\/uploads\/2008\/07\/brizola.gif?resize=350%2C200&ssl=1","width":350,"height":200},"classes":[]},{"id":14241,"url":"https:\/\/www.jornalja.com.br\/arquivo\/o-guaiba-nas-imagens-poeticas-de-achutti\/","url_meta":{"origin":46212,"position":2},"title":"O Gua\u00edba nas imagens po\u00e9ticas de Achutti","author":"da Reda\u00e7\u00e3o","date":"18 de junho de 2014","format":false,"excerpt":"Em \u201cO Gua\u00edba por Achutti\u201d \u2013 obra financiada via Minist\u00e9rio da Cultura, produ\u00e7\u00e3o executiva de Pedro Longhi, e Fl\u00e1vio Wild como designer \u2013, o fot\u00f3grafo revela a beleza e as mazelas de um espa\u00e7o aqu\u00e1tico de \u00e1guas sempre renovadas, cheio de hist\u00f3rias e lendas como as das cidades que foram\u2026","rel":"","context":"Em &quot;Cultura-Geral&quot;","block_context":{"text":"Cultura-Geral","link":"https:\/\/www.jornalja.com.br\/arquivo\/category\/materiasecundaria\/"},"img":{"alt_text":"","src":"","width":0,"height":0},"classes":[]},{"id":13240,"url":"https:\/\/www.jornalja.com.br\/arquivo\/plano-diretor-estamos-construindo-o-caos\/","url_meta":{"origin":46212,"position":3},"title":"Plano diretor: &quot;Estamos construindo o caos&quot;","author":"Patr\u00edcia Marini","date":"26 de maio de 2014","format":false,"excerpt":"Desabafo que arquiteta Eliana Castilhos, delegada da Regi\u00e3o de Planejamento 1, postou nas redes sociais \u00e9 um testemunho do ambiente que se criou no Conselho do Plano Diretor de Porto Alegre, onde a aprova\u00e7\u00e3o de grandes empreendimentos \u00e9 empurrada guela abaixo dos conselheiros. Ao CMDUA Como delegada da Regi\u00e3o de\u2026","rel":"","context":"Em &quot;Geral&quot;","block_context":{"text":"Geral","link":"https:\/\/www.jornalja.com.br\/arquivo\/category\/geral\/"},"img":{"alt_text":"","src":"","width":0,"height":0},"classes":[]},{"id":5440,"url":"https:\/\/www.jornalja.com.br\/arquivo\/casarao-da-venancio-destino-permanece-incerto\/","url_meta":{"origin":46212,"position":4},"title":"Estado ainda n\u00e3o sabe o que fazer com casar\u00e3o abandonado h\u00e1 20 anos","author":"Elmar Bones","date":"6 de julho de 2009","format":false,"excerpt":"O casar\u00e3o amarelo, numa esquina nobre de Porto Alegre (Ven\u00e2ncio Aires com Jo\u00e3o Pessoa), j\u00e1 abrigou uma escola. H\u00e1 duas d\u00e9cadas, pelo menos, est\u00e1 abandonado, porque seu propriet\u00e1rio, o governo do Estado do Rio Grande do Sul, n\u00e3o consegue achar um destino para ele. Planos n\u00e3o faltaram. O governador Ol\u00edvio\u2026","rel":"","context":"Em &quot;X.Categorias velhas&quot;","block_context":{"text":"X.Categorias velhas","link":"https:\/\/www.jornalja.com.br\/arquivo\/category\/x-categorias-velhas\/"},"img":{"alt_text":"geraldo1","src":"https:\/\/i0.wp.com\/www.jornalja.com.br\/wp-content\/uploads\/2009\/07\/geraldo1.jpg?resize=350%2C200&ssl=1","width":350,"height":200},"classes":[]},{"id":13128,"url":"https:\/\/www.jornalja.com.br\/arquivo\/maconha-terra-diz-que-uso-medicinal-e-desculpa\/","url_meta":{"origin":46212,"position":5},"title":"Maconha: Terra diz que uso medicinal \u00e9 desculpa","author":"Patr\u00edcia Marini","date":"4 de junho de 2014","format":false,"excerpt":"A condi\u00e7\u00e3o de pol\u00edtico, em \u00e9poca de campanha de campanha eleitoral, tira for\u00e7a do discurso do m\u00e9dico Osmar Terra contra a legaliza\u00e7\u00e3o da maconha. A tese dele de que a libera\u00e7\u00e3o vai ampliar exponencialmente o consumo \u00e9 discutivel, o consumo \u00e9 corrente. Mas seus alertas quanto aos riscos tem que\u2026","rel":"","context":"Em &quot;X.Categorias velhas&quot;","block_context":{"text":"X.Categorias velhas","link":"https:\/\/www.jornalja.com.br\/arquivo\/category\/x-categorias-velhas\/"},"img":{"alt_text":"","src":"","width":0,"height":0},"classes":[]}],"jetpack_shortlink":"https:\/\/wp.me\/pbQjBd-c1m","jetpack_featured_media_url":"","_links":{"self":[{"href":"https:\/\/www.jornalja.com.br\/arquivo\/wp-json\/wp\/v2\/posts\/46212","targetHints":{"allow":["GET"]}}],"collection":[{"href":"https:\/\/www.jornalja.com.br\/arquivo\/wp-json\/wp\/v2\/posts"}],"about":[{"href":"https:\/\/www.jornalja.com.br\/arquivo\/wp-json\/wp\/v2\/types\/post"}],"author":[{"embeddable":true,"href":"https:\/\/www.jornalja.com.br\/arquivo\/wp-json\/wp\/v2\/users\/4"}],"replies":[{"embeddable":true,"href":"https:\/\/www.jornalja.com.br\/arquivo\/wp-json\/wp\/v2\/comments?post=46212"}],"version-history":[{"count":0,"href":"https:\/\/www.jornalja.com.br\/arquivo\/wp-json\/wp\/v2\/posts\/46212\/revisions"}],"wp:attachment":[{"href":"https:\/\/www.jornalja.com.br\/arquivo\/wp-json\/wp\/v2\/media?parent=46212"}],"wp:term":[{"taxonomy":"category","embeddable":true,"href":"https:\/\/www.jornalja.com.br\/arquivo\/wp-json\/wp\/v2\/categories?post=46212"},{"taxonomy":"post_tag","embeddable":true,"href":"https:\/\/www.jornalja.com.br\/arquivo\/wp-json\/wp\/v2\/tags?post=46212"}],"curies":[{"name":"wp","href":"https:\/\/api.w.org\/{rel}","templated":true}]}}