{"id":46222,"date":"2017-03-25T06:29:52","date_gmt":"2017-03-25T09:29:52","guid":{"rendered":"https:\/\/www.jornalja.com.br\/?p=46222"},"modified":"2017-03-25T06:29:52","modified_gmt":"2017-03-25T09:29:52","slug":"deputados-pedem-que-os-indios-fiquem-na-area-guarani-retomada","status":"publish","type":"post","link":"https:\/\/www.jornalja.com.br\/arquivo\/deputados-pedem-que-os-indios-fiquem-na-area-guarani-retomada\/","title":{"rendered":"Deputados pedem que os \u00edndios fiquem na \u00e1rea guarani retomada"},"content":{"rendered":"<p><span class=\"assina\">Ana Maria Barros Pinto<\/span><br \/>\nA Comiss\u00e3o de Direitos Humanos da Assembleia Legislativa vai pedir ao Procurador Geral do Estado a suspens\u00e3o da reintegra\u00e7\u00e3o de posse da \u00e1rea retomada por 30 fam\u00edlias Mbya Guarani na Fepagro, em Maquin\u00e9.<br \/>\nO objetivo \u00e9 dar in\u00edcio a um processo de media\u00e7\u00e3o sobre a demanda do grupo que reivindica a \u00e1rea baseado na ancestralidade do seu povo na regi\u00e3o. Por decis\u00e3o judicial do pedido de liminar na a\u00e7\u00e3o do Governo do Estado, as fam\u00edlias que vivem na \u00e1rea da Fepagro desde o dia 27 de janeiro devem sair no dia 4 de abril.<br \/>\nEsse foi o encaminhamento da\u00a0audi\u00eancia p\u00fablica da Comiss\u00e3o de Cidadania e Direitos Humanos da Assembleia Legislativa que lotou o espa\u00e7o F\u00f3rum Democr\u00e1tico na quarta-feira (22). Coordenada pelo presidente da Comiss\u00e3o Jeferson Fernandes, a audi\u00eancia trouxe muitos Mbya Guarani da aldeia para expor o que \u00e9 a retomada. Participaram deputados, procuradores e dezenas de apoiadores de v\u00e1rias regi\u00f5es do RS, <a href=\"http:\/\/www.facebook.com\/1903779569906886\/videos\/1908267006124809\/?hc_ref=PAGES_TIMELINE\">sendo que a transmiss\u00e3o ao vivo <\/a>pela p\u00e1gina da Assembleia na internet chegou a registrar mais de 61 mil internautas.<br \/>\nOs caciques Cirilo Morinico e Andr\u00e9 Benites falaram da import\u00e2ncia de poder viver o modo de vida tradicional Mbya Guarani, e que isso s\u00f3 \u00e9 poss\u00edvel em terras que ainda n\u00e3o foram \u201cestragadas\u201d pela a\u00e7\u00e3o humana. Afirmam que homens, mulheres e crian\u00e7as est\u00e3o vivendo a retomada da cultura proporcionada pela viv\u00eancia naquela \u00e1rea ancestral.<br \/>\n\u201cNunca esquecemos a nossa cultura, mas faltava um lugar para ela se manifestar, esse contato com a natureza\u201d. As falas complementaram um v\u00eddeo mostrado na abertura da audi\u00eancia com o cotidiano de alegria na nova aldeia.<br \/>\n<img loading=\"lazy\" decoding=\"async\" class=\" wp-image-46286 alignleft\" src=\"https:\/\/www.jornalja.com.br\/wp-content\/uploads\/2017\/03\/mbya-guarani-crian\u00e7as-na-AL-foto-Ana-Maria.jpg\" alt=\"mbya guarani crian\u00e7as na AL foto Ana Maria\" width=\"310\" height=\"235\" \/>Refor\u00e7ando as palavras de Cirilo e Andr\u00e9, o cacique Maur\u00edcio da Silva Gon\u00e7alves, de Barra do Ribeiro, define a luta dos Mbya como corajosa. \u201cEstamos voltando para um lugar que \u00e9 nosso, aquela regi\u00e3o sempre foi guarani e a nossa presen\u00e7a representa a preserva\u00e7\u00e3o do que resta de mata atl\u00e2ntica\u201d.<br \/>\nA coragem daquele grupo em dar visibilidade \u00e0 luta guarani foi enfatizada pelo representante do Conselho Indigenista Mission\u00e1rio (CIMI), Roberto Liebgott. Ele ressaltou \u201ca felicidade das crian\u00e7as que brincam com o sagrado, fazem os rituais com a natureza\u201d.<br \/>\nLiebgot aproveitou para expor a terr\u00edvel situa\u00e7\u00e3o de dois acampamentos onde h\u00e1 muita tristeza: Capivari, na RS 040, e Uirapu\u00e1, na BR 290. Fam\u00edlias est\u00e3o ali por d\u00e9cadas aguardando a demarca\u00e7\u00e3o de terras que ficam, em geral, do outro lado da cerca dos fazendeiros, que submetem os ind\u00edgenas a situa\u00e7\u00f5es desumanas, como jogar restos de \u00e1gua com agrot\u00f3xicos de lavouras de soja na sanga onde as crian\u00e7as tomam banho.<br \/>\nNa arena pol\u00edtica, os deputados Pedro Ruas e Stela Farias n\u00e3o t\u00eam d\u00favidas sobre o que est\u00e1 acontecendo naquela \u00e1rea da Fepagro, bem como nas demais: o governo extinguiu a Funda\u00e7\u00e3o e quer vender a \u00e1rea para a iniciativa privada. \u201cN\u00f3s temos a obriga\u00e7\u00e3o de combater e trancar esse processo\u201d, afirmou Ruas. Stela Farias definiu como \u201cinaceit\u00e1vel, n\u00e3o vamos permitir que aquela \u00e1rea seja vendida a um senhor que \u00e9 dono de boa parte do litoral\u201d.<br \/>\n<strong>Presen\u00e7a inquestion\u00e1vel<\/strong><br \/>\nAs fam\u00edlias Mbya Guarani que decidiram retomar a \u00e1rea sempre viveram nas redondezas e podiam usufruir a natureza do lugar, tendo um bom relacionamento com as fam\u00edlias dos servidores da Fepagro que moram ali. A perspectiva de a \u00e1rea ser vendida para a iniciativa privada foi o determinante, pois eles sabem que tudo muda quando o dono p\u00f5e cerca no lugar. \u201c\u00c9 retomada porque \u00e9 nossa \u00e1rea tradicional\u201d, explicou Andr\u00e9 Benites.<br \/>\nH\u00e1 muitos estudos de mapeamento dos caminhos antigos que conectam as diversas \u00e1reas desde os anos 1980, informou o antrop\u00f3logo Jos\u00e9 Ot\u00e1vio Catafesto de Souza, representante da Ufrgs. Ele afirma que o elemento de tradicionalidade \u00e9 inquestion\u00e1vel. \u201cSe a demanda n\u00e3o chegou na Funai at\u00e9 o momento \u00e9 porque os ind\u00edgenas n\u00e3o viram perspectiva de avan\u00e7o\u201d, definiu. Diz que h\u00e1 pelo menos sete anos o cacique Andr\u00e9 tem contato com os funcion\u00e1rios da Fepagro e faz reivindica\u00e7\u00e3o para criar uma aldeia naquela \u00e1rea, sendo que nos \u00faltimos quatro anos ele acompanhou projetos dentro da Fepagro.<br \/>\nFoi enfatizado que, ao contr\u00e1rio de outros locais onde existem conflitos entre ind\u00edgenas e moradores, em Maquin\u00e9 h\u00e1 simpatia da popula\u00e7\u00e3o pela retomada. Esse fato foi demonstrado na pesquisa de campo de Catafesto e corroborado pelo depoimento do procurador do Estado aposentado Ronal Maggi, que tem um s\u00edtio na regi\u00e3o. Ele foi \u00e0 audi\u00eancia p\u00fablica para dizer que, assim como muitos moradores com os quais tem conversado, avalia que uma aldeia Mbya Guarani \u00e9 um ganho para Maquin\u00e9. \u201cA preserva\u00e7\u00e3o com os ind\u00edgenas via ser muito mais efetiva\u201d.<br \/>\nA ge\u00f3grafa Rafaela Printes, representando a Associa\u00e7\u00e3o de Estudos e Projetos com Povos Ind\u00edgenas e Minorit\u00e1rios (Aepim), disse que o momento \u00e9 de consolidar a \u00e1rea retomada. \u201cJ\u00e1 tem uma aldeia com a casa de reza, casas das fam\u00edlias, l\u00e1 tem todos os recursos\u201d. Ela acrescenta outro aspecto: \u201c A retomada nos mostra os direitos da natureza.\u201d<br \/>\nA Secretaria de Desenvolvimento Rural (SDR) n\u00e3o enviou representante oficial, mas o t\u00e9cnico do setor ind\u00edgena, James Diego Roth, informou que a situa\u00e7\u00e3o n\u00e3o \u00e9 nova. \u201cTemos sete \u00e1reas que pertencem ao Estado ainda e que s\u00e3o reconhecidas como terras ind\u00edgenas\u201d, disse, acrescentando\u00a0 que a SDR tem a compet\u00eancia de desenvolver e aplicar recursos em projetos de etno-desenvolvimento nas 126 aldeias no RS. \u201cQue sejam 127 aldeias a receber os recursos\u201d, acrescentou.<br \/>\n<strong>Presen\u00e7a ind\u00edgena e pesquisa<\/strong><br \/>\nA defensora p\u00fablica Mariana Capellari disse que apoia a retomada porque a Defensoria P\u00fablica do RS defende e promove os direitos humanos. E lembrou que o Estado do RS deve cumprir a Conven\u00e7\u00e3o 169 da Organiza\u00e7\u00e3o Internacional do Trabalho (OIT) , que determina aos governos ouvir os povos ind\u00edgenas nas suas demandas, o que n\u00e3o est\u00e1 acontecendo.<br \/>\nJ\u00e1 o procurador do Minist\u00e9rio P\u00fablico Federal de Cap\u00e3o da Canoa, Andr\u00e9 Raupp, pensa na possibilidade de conciliar a pesquisa com a presen\u00e7a ind\u00edgena naquela \u00e1rea. E chamou a aten\u00e7\u00e3o para que todas as informa\u00e7\u00f5es reveladas na audi\u00eancia p\u00fablica devam chegar \u00e0s m\u00e3os do juiz. \u201cPara que o juiz possa julgar ele precisa de mais informa\u00e7\u00f5es\u201d, disse.<br \/>\nA coordenadora da Comiss\u00e3o de Direitos Humanos da Procuradoria-geral do Estado, Fabiana Azevedo da Cunha Barth, ressaltou que a demarca\u00e7\u00e3o \u00e9 responsabilidade da Uni\u00e3o e tamb\u00e9m avalia a possibilidade de conviv\u00eancia entre a comunidade ind\u00edgena e os projetos de pesquisa existentes no local.<br \/>\nO procurador Guilherme Mazzoleni, representante da Funai, declarou que n\u00e3o sabia da reivindica\u00e7\u00e3o da \u00e1rea at\u00e9 a retomada. Falou sobre \u201cdesencontro de informa\u00e7\u00f5es das \u00e1reas t\u00e9cnicas\u201d,\u00a0 mas que diante da troca de \u00a0e-mails entre Funai e SDR mostrando encaminhamentos, avaliou como \u201cideia interessante\u201d a possibilidade de abater o valor da \u00e1rea da d\u00edvida que o RS tem com a Uni\u00e3o.<br \/>\nO procurador Silvio Jardim, representando o Conselho Estadual de Pol\u00edtica Ind\u00edgena (CEPI), \u00a0defendeu a busca de solu\u00e7\u00f5es para o lit\u00edgio. Chamou a aten\u00e7\u00e3o que h\u00e1 registros da vida Mbya Guarani naquela regi\u00e3o desde os anos 800\u00a0 da era crist\u00e3, depois o Estado se apropriou da regi\u00e3o e agora os ind\u00edgenas est\u00e3o retomando a \u00e1rea. Ele prop\u00f4s negocia\u00e7\u00e3o alertando para poss\u00edveis conflitos e viol\u00eancia, se a reintegra\u00e7\u00e3o de posse n\u00e3o for suspensa. \u201cH\u00e1 crian\u00e7as e idosos na aldeia \u00a0e a determina\u00e7\u00e3o deles \u00e9 permanecer l\u00e1\u201d, alertou.<br \/>\nA audi\u00eancia ser\u00e1 sintetizada em um documento a ser apensado no processo judicial, adiantou o deputado Jeferson Fernandes. No encerramento, jovens e crian\u00e7as cantaram em guarani uma m\u00fasica com o refr\u00e3o \u201cDevolvam a nossa terra\u201d.<br \/>\n&nbsp;<br \/>\n.<br \/>\n&nbsp;<\/p>\n","protected":false},"excerpt":{"rendered":"<p>Ana Maria Barros Pinto A Comiss\u00e3o de Direitos Humanos da Assembleia Legislativa vai pedir ao Procurador Geral do Estado a suspens\u00e3o da reintegra\u00e7\u00e3o de posse da \u00e1rea retomada por 30 fam\u00edlias Mbya Guarani na Fepagro, em Maquin\u00e9. O objetivo \u00e9 dar in\u00edcio a um processo de media\u00e7\u00e3o sobre a demanda do grupo que reivindica a [&hellip;]<\/p>\n","protected":false},"author":4,"featured_media":46285,"comment_status":"open","ping_status":"closed","sticky":false,"template":"","format":"standard","meta":{"_jetpack_newsletter_access":"","_jetpack_dont_email_post_to_subs":false,"_jetpack_newsletter_tier_id":0,"_jetpack_memberships_contains_paywalled_content":false,"_jetpack_feature_clip_id":0,"_jetpack_memberships_contains_paid_content":false,"footnotes":"","jetpack_post_was_ever_published":false},"categories":[26],"tags":[],"class_list":["post-46222","post","type-post","status-publish","format-standard","has-post-thumbnail","hentry","category-geral"],"aioseo_notices":[],"aioseo_head":"\n\t\t<!-- All in One SEO 5.0.1.1 - aioseo.com -->\n\t<meta name=\"robots\" content=\"max-image-preview:large\" \/>\n\t<meta name=\"author\" content=\"da Reda\u00e7\u00e3o\"\/>\n\t<link rel=\"canonical\" href=\"https:\/\/www.jornalja.com.br\/arquivo\/deputados-pedem-que-os-indios-fiquem-na-area-guarani-retomada\/\" \/>\n\t<meta name=\"generator\" content=\"All in One SEO (AIOSEO) 5.0.1.1\" \/>\n\t\t<meta property=\"og:locale\" content=\"pt_BR\" \/>\n\t\t<meta property=\"og:site_name\" content=\"Arquivo | Jornal J\u00c1 | Porto Alegre\" \/>\n\t\t<meta property=\"og:type\" content=\"article\" \/>\n\t\t<meta property=\"og:title\" content=\"Deputados pedem que os \u00edndios fiquem na \u00e1rea guarani retomada | Arquivo\" \/>\n\t\t<meta property=\"og:url\" content=\"https:\/\/www.jornalja.com.br\/arquivo\/deputados-pedem-que-os-indios-fiquem-na-area-guarani-retomada\/\" \/>\n\t\t<meta property=\"og:image\" content=\"https:\/\/www.jornalja.com.br\/wp-content\/uploads\/2017\/03\/mbya-guarani-crian\u00e7as-na-AL-foto-Ana-Maria.jpg\" \/>\n\t\t<meta property=\"og:image:secure_url\" content=\"https:\/\/www.jornalja.com.br\/wp-content\/uploads\/2017\/03\/mbya-guarani-crian\u00e7as-na-AL-foto-Ana-Maria.jpg\" \/>\n\t\t<meta property=\"article:published_time\" content=\"2017-03-25T09:29:52+00:00\" \/>\n\t\t<meta property=\"article:modified_time\" content=\"2017-03-25T09:29:52+00:00\" \/>\n\t\t<meta name=\"twitter:card\" content=\"summary\" \/>\n\t\t<meta name=\"twitter:title\" content=\"Deputados pedem que os \u00edndios fiquem na \u00e1rea guarani retomada | Arquivo\" \/>\n\t\t<meta name=\"twitter:image\" content=\"https:\/\/www.jornalja.com.br\/economics\/wp-content\/uploads\/sites\/11\/2026\/08\/ja-folhaderosto-facebook.jpg\" \/>\n\t\t<script type=\"application\/ld+json\" class=\"aioseo-schema\">\n\t\t\t{\"@context\":\"https:\\\/\\\/schema.org\",\"@graph\":[{\"@type\":\"BlogPosting\",\"@id\":\"https:\\\/\\\/www.jornalja.com.br\\\/arquivo\\\/deputados-pedem-que-os-indios-fiquem-na-area-guarani-retomada\\\/#blogposting\",\"name\":\"Deputados pedem que os \\u00edndios fiquem na \\u00e1rea guarani retomada | Arquivo\",\"headline\":\"Deputados pedem que os \\u00edndios fiquem na \\u00e1rea guarani retomada\",\"author\":{\"@id\":\"https:\\\/\\\/www.jornalja.com.br\\\/arquivo\\\/author\\\/daredacao\\\/#author\"},\"publisher\":{\"@id\":\"https:\\\/\\\/www.jornalja.com.br\\\/arquivo\\\/#organization\"},\"image\":{\"@type\":\"ImageObject\",\"url\":46285},\"datePublished\":\"2017-03-25T06:29:52-03:00\",\"dateModified\":\"2017-03-25T06:29:52-03:00\",\"inLanguage\":\"pt-BR\",\"mainEntityOfPage\":{\"@id\":\"https:\\\/\\\/www.jornalja.com.br\\\/arquivo\\\/deputados-pedem-que-os-indios-fiquem-na-area-guarani-retomada\\\/#webpage\"},\"isPartOf\":{\"@id\":\"https:\\\/\\\/www.jornalja.com.br\\\/arquivo\\\/deputados-pedem-que-os-indios-fiquem-na-area-guarani-retomada\\\/#webpage\"},\"articleSection\":\"Geral\"},{\"@type\":\"BreadcrumbList\",\"@id\":\"https:\\\/\\\/www.jornalja.com.br\\\/arquivo\\\/deputados-pedem-que-os-indios-fiquem-na-area-guarani-retomada\\\/#breadcrumblist\",\"itemListElement\":[{\"@type\":\"ListItem\",\"@id\":\"https:\\\/\\\/www.jornalja.com.br\\\/arquivo#listItem\",\"position\":1,\"name\":\"Home\",\"item\":\"https:\\\/\\\/www.jornalja.com.br\\\/arquivo\",\"nextItem\":{\"@type\":\"ListItem\",\"@id\":\"https:\\\/\\\/www.jornalja.com.br\\\/arquivo\\\/category\\\/geral\\\/#listItem\",\"name\":\"Geral\"}},{\"@type\":\"ListItem\",\"@id\":\"https:\\\/\\\/www.jornalja.com.br\\\/arquivo\\\/category\\\/geral\\\/#listItem\",\"position\":2,\"name\":\"Geral\",\"item\":\"https:\\\/\\\/www.jornalja.com.br\\\/arquivo\\\/category\\\/geral\\\/\",\"nextItem\":{\"@type\":\"ListItem\",\"@id\":\"https:\\\/\\\/www.jornalja.com.br\\\/arquivo\\\/deputados-pedem-que-os-indios-fiquem-na-area-guarani-retomada\\\/#listItem\",\"name\":\"Deputados pedem que os \\u00edndios fiquem na \\u00e1rea guarani retomada\"},\"previousItem\":{\"@type\":\"ListItem\",\"@id\":\"https:\\\/\\\/www.jornalja.com.br\\\/arquivo#listItem\",\"name\":\"Home\"}},{\"@type\":\"ListItem\",\"@id\":\"https:\\\/\\\/www.jornalja.com.br\\\/arquivo\\\/deputados-pedem-que-os-indios-fiquem-na-area-guarani-retomada\\\/#listItem\",\"position\":3,\"name\":\"Deputados pedem que os \\u00edndios fiquem na \\u00e1rea guarani retomada\",\"previousItem\":{\"@type\":\"ListItem\",\"@id\":\"https:\\\/\\\/www.jornalja.com.br\\\/arquivo\\\/category\\\/geral\\\/#listItem\",\"name\":\"Geral\"}}]},{\"@type\":\"Organization\",\"@id\":\"https:\\\/\\\/www.jornalja.com.br\\\/arquivo\\\/#organization\",\"name\":\"Jornal J\\u00c1\",\"description\":\"Jornal J\\u00c1 | Porto Alegre\",\"url\":\"https:\\\/\\\/www.jornalja.com.br\\\/arquivo\\\/\",\"telephone\":\"+555133307272\",\"logo\":{\"@type\":\"ImageObject\",\"url\":\"https:\\\/\\\/www.jornalja.com.br\\\/wp-content\\\/uploads\\\/cards\\\/JAslogan.png\",\"@id\":\"https:\\\/\\\/www.jornalja.com.br\\\/arquivo\\\/deputados-pedem-que-os-indios-fiquem-na-area-guarani-retomada\\\/#organizationLogo\"},\"image\":{\"@id\":\"https:\\\/\\\/www.jornalja.com.br\\\/arquivo\\\/deputados-pedem-que-os-indios-fiquem-na-area-guarani-retomada\\\/#organizationLogo\"}},{\"@type\":\"Person\",\"@id\":\"https:\\\/\\\/www.jornalja.com.br\\\/arquivo\\\/author\\\/daredacao\\\/#author\",\"url\":\"https:\\\/\\\/www.jornalja.com.br\\\/arquivo\\\/author\\\/daredacao\\\/\",\"name\":\"da Reda\\u00e7\\u00e3o\",\"image\":{\"@type\":\"ImageObject\",\"@id\":\"https:\\\/\\\/www.jornalja.com.br\\\/arquivo\\\/deputados-pedem-que-os-indios-fiquem-na-area-guarani-retomada\\\/#authorImage\",\"url\":\"https:\\\/\\\/secure.gravatar.com\\\/avatar\\\/469fd857d6605ad19919d27ed29d35a968a25f6e8fd9318356bbb7f57aae9c65?s=96&d=mm&r=g\",\"width\":96,\"height\":96,\"caption\":\"da Reda\\u00e7\\u00e3o\"}},{\"@type\":\"WebPage\",\"@id\":\"https:\\\/\\\/www.jornalja.com.br\\\/arquivo\\\/deputados-pedem-que-os-indios-fiquem-na-area-guarani-retomada\\\/#webpage\",\"url\":\"https:\\\/\\\/www.jornalja.com.br\\\/arquivo\\\/deputados-pedem-que-os-indios-fiquem-na-area-guarani-retomada\\\/\",\"name\":\"Deputados pedem que os \\u00edndios fiquem na \\u00e1rea guarani retomada | Arquivo\",\"inLanguage\":\"pt-BR\",\"isPartOf\":{\"@id\":\"https:\\\/\\\/www.jornalja.com.br\\\/arquivo\\\/#website\"},\"breadcrumb\":{\"@id\":\"https:\\\/\\\/www.jornalja.com.br\\\/arquivo\\\/deputados-pedem-que-os-indios-fiquem-na-area-guarani-retomada\\\/#breadcrumblist\"},\"author\":{\"@id\":\"https:\\\/\\\/www.jornalja.com.br\\\/arquivo\\\/author\\\/daredacao\\\/#author\"},\"creator\":{\"@id\":\"https:\\\/\\\/www.jornalja.com.br\\\/arquivo\\\/author\\\/daredacao\\\/#author\"},\"image\":{\"@type\":\"ImageObject\",\"url\":46285,\"@id\":\"https:\\\/\\\/www.jornalja.com.br\\\/arquivo\\\/deputados-pedem-que-os-indios-fiquem-na-area-guarani-retomada\\\/#mainImage\"},\"primaryImageOfPage\":{\"@id\":\"https:\\\/\\\/www.jornalja.com.br\\\/arquivo\\\/deputados-pedem-que-os-indios-fiquem-na-area-guarani-retomada\\\/#mainImage\"},\"datePublished\":\"2017-03-25T06:29:52-03:00\",\"dateModified\":\"2017-03-25T06:29:52-03:00\"},{\"@type\":\"WebSite\",\"@id\":\"https:\\\/\\\/www.jornalja.com.br\\\/arquivo\\\/#website\",\"url\":\"https:\\\/\\\/www.jornalja.com.br\\\/arquivo\\\/\",\"name\":\"Arquivo\",\"description\":\"Jornal J\\u00c1 | Porto Alegre\",\"inLanguage\":\"pt-BR\",\"publisher\":{\"@id\":\"https:\\\/\\\/www.jornalja.com.br\\\/arquivo\\\/#organization\"}}]}\n\t\t<\/script>\n\t\t<!-- All in One SEO -->\n\n","aioseo_head_json":{"title":"Deputados pedem que os \u00edndios fiquem na \u00e1rea guarani retomada | Arquivo","description":"","canonical_url":"https:\/\/www.jornalja.com.br\/arquivo\/deputados-pedem-que-os-indios-fiquem-na-area-guarani-retomada\/","robots":"max-image-preview:large","keywords":"","webmasterTools":{"miscellaneous":""},"schema":{"@context":"https:\/\/schema.org","@graph":[{"@type":"BlogPosting","@id":"https:\/\/www.jornalja.com.br\/arquivo\/deputados-pedem-que-os-indios-fiquem-na-area-guarani-retomada\/#blogposting","name":"Deputados pedem que os \u00edndios fiquem na \u00e1rea guarani retomada | Arquivo","headline":"Deputados pedem que os \u00edndios fiquem na \u00e1rea guarani retomada","author":{"@id":"https:\/\/www.jornalja.com.br\/arquivo\/author\/daredacao\/#author"},"publisher":{"@id":"https:\/\/www.jornalja.com.br\/arquivo\/#organization"},"image":{"@type":"ImageObject","url":46285},"datePublished":"2017-03-25T06:29:52-03:00","dateModified":"2017-03-25T06:29:52-03:00","inLanguage":"pt-BR","mainEntityOfPage":{"@id":"https:\/\/www.jornalja.com.br\/arquivo\/deputados-pedem-que-os-indios-fiquem-na-area-guarani-retomada\/#webpage"},"isPartOf":{"@id":"https:\/\/www.jornalja.com.br\/arquivo\/deputados-pedem-que-os-indios-fiquem-na-area-guarani-retomada\/#webpage"},"articleSection":"Geral"},{"@type":"BreadcrumbList","@id":"https:\/\/www.jornalja.com.br\/arquivo\/deputados-pedem-que-os-indios-fiquem-na-area-guarani-retomada\/#breadcrumblist","itemListElement":[{"@type":"ListItem","@id":"https:\/\/www.jornalja.com.br\/arquivo#listItem","position":1,"name":"Home","item":"https:\/\/www.jornalja.com.br\/arquivo","nextItem":{"@type":"ListItem","@id":"https:\/\/www.jornalja.com.br\/arquivo\/category\/geral\/#listItem","name":"Geral"}},{"@type":"ListItem","@id":"https:\/\/www.jornalja.com.br\/arquivo\/category\/geral\/#listItem","position":2,"name":"Geral","item":"https:\/\/www.jornalja.com.br\/arquivo\/category\/geral\/","nextItem":{"@type":"ListItem","@id":"https:\/\/www.jornalja.com.br\/arquivo\/deputados-pedem-que-os-indios-fiquem-na-area-guarani-retomada\/#listItem","name":"Deputados pedem que os \u00edndios fiquem na \u00e1rea guarani retomada"},"previousItem":{"@type":"ListItem","@id":"https:\/\/www.jornalja.com.br\/arquivo#listItem","name":"Home"}},{"@type":"ListItem","@id":"https:\/\/www.jornalja.com.br\/arquivo\/deputados-pedem-que-os-indios-fiquem-na-area-guarani-retomada\/#listItem","position":3,"name":"Deputados pedem que os \u00edndios fiquem na \u00e1rea guarani retomada","previousItem":{"@type":"ListItem","@id":"https:\/\/www.jornalja.com.br\/arquivo\/category\/geral\/#listItem","name":"Geral"}}]},{"@type":"Organization","@id":"https:\/\/www.jornalja.com.br\/arquivo\/#organization","name":"Jornal J\u00c1","description":"Jornal J\u00c1 | Porto Alegre","url":"https:\/\/www.jornalja.com.br\/arquivo\/","telephone":"+555133307272","logo":{"@type":"ImageObject","url":"https:\/\/www.jornalja.com.br\/wp-content\/uploads\/cards\/JAslogan.png","@id":"https:\/\/www.jornalja.com.br\/arquivo\/deputados-pedem-que-os-indios-fiquem-na-area-guarani-retomada\/#organizationLogo"},"image":{"@id":"https:\/\/www.jornalja.com.br\/arquivo\/deputados-pedem-que-os-indios-fiquem-na-area-guarani-retomada\/#organizationLogo"}},{"@type":"Person","@id":"https:\/\/www.jornalja.com.br\/arquivo\/author\/daredacao\/#author","url":"https:\/\/www.jornalja.com.br\/arquivo\/author\/daredacao\/","name":"da Reda\u00e7\u00e3o","image":{"@type":"ImageObject","@id":"https:\/\/www.jornalja.com.br\/arquivo\/deputados-pedem-que-os-indios-fiquem-na-area-guarani-retomada\/#authorImage","url":"https:\/\/secure.gravatar.com\/avatar\/469fd857d6605ad19919d27ed29d35a968a25f6e8fd9318356bbb7f57aae9c65?s=96&d=mm&r=g","width":96,"height":96,"caption":"da Reda\u00e7\u00e3o"}},{"@type":"WebPage","@id":"https:\/\/www.jornalja.com.br\/arquivo\/deputados-pedem-que-os-indios-fiquem-na-area-guarani-retomada\/#webpage","url":"https:\/\/www.jornalja.com.br\/arquivo\/deputados-pedem-que-os-indios-fiquem-na-area-guarani-retomada\/","name":"Deputados pedem que os \u00edndios fiquem na \u00e1rea guarani retomada | Arquivo","inLanguage":"pt-BR","isPartOf":{"@id":"https:\/\/www.jornalja.com.br\/arquivo\/#website"},"breadcrumb":{"@id":"https:\/\/www.jornalja.com.br\/arquivo\/deputados-pedem-que-os-indios-fiquem-na-area-guarani-retomada\/#breadcrumblist"},"author":{"@id":"https:\/\/www.jornalja.com.br\/arquivo\/author\/daredacao\/#author"},"creator":{"@id":"https:\/\/www.jornalja.com.br\/arquivo\/author\/daredacao\/#author"},"image":{"@type":"ImageObject","url":46285,"@id":"https:\/\/www.jornalja.com.br\/arquivo\/deputados-pedem-que-os-indios-fiquem-na-area-guarani-retomada\/#mainImage"},"primaryImageOfPage":{"@id":"https:\/\/www.jornalja.com.br\/arquivo\/deputados-pedem-que-os-indios-fiquem-na-area-guarani-retomada\/#mainImage"},"datePublished":"2017-03-25T06:29:52-03:00","dateModified":"2017-03-25T06:29:52-03:00"},{"@type":"WebSite","@id":"https:\/\/www.jornalja.com.br\/arquivo\/#website","url":"https:\/\/www.jornalja.com.br\/arquivo\/","name":"Arquivo","description":"Jornal J\u00c1 | Porto Alegre","inLanguage":"pt-BR","publisher":{"@id":"https:\/\/www.jornalja.com.br\/arquivo\/#organization"}}]},"og:locale":"pt_BR","og:site_name":"Arquivo | Jornal J\u00c1 | Porto Alegre","og:type":"article","og:title":"Deputados pedem que os \u00edndios fiquem na \u00e1rea guarani retomada | Arquivo","og:url":"https:\/\/www.jornalja.com.br\/arquivo\/deputados-pedem-que-os-indios-fiquem-na-area-guarani-retomada\/","og:image":"https:\/\/www.jornalja.com.br\/wp-content\/uploads\/2017\/03\/mbya-guarani-crian\u00e7as-na-AL-foto-Ana-Maria.jpg","og:image:secure_url":"https:\/\/www.jornalja.com.br\/wp-content\/uploads\/2017\/03\/mbya-guarani-crian\u00e7as-na-AL-foto-Ana-Maria.jpg","article:published_time":"2017-03-25T09:29:52+00:00","article:modified_time":"2017-03-25T09:29:52+00:00","twitter:card":"summary","twitter:title":"Deputados pedem que os \u00edndios fiquem na \u00e1rea guarani retomada | Arquivo","twitter:image":"https:\/\/www.jornalja.com.br\/economics\/wp-content\/uploads\/sites\/11\/2026\/08\/ja-folhaderosto-facebook.jpg"},"aioseo_meta_data":{"post_id":"46222","title":null,"description":null,"keywords":null,"keyphrases":null,"primary_term":null,"canonical_url":null,"og_title":null,"og_description":null,"og_object_type":"default","og_image_type":"default","og_image_url":null,"og_image_width":null,"og_image_height":null,"og_image_custom_url":null,"og_image_custom_fields":null,"og_video":null,"og_custom_url":null,"og_article_section":null,"og_article_tags":null,"twitter_use_og":false,"twitter_card":"default","twitter_image_type":"default","twitter_image_url":null,"twitter_image_custom_url":null,"twitter_image_custom_fields":null,"twitter_title":null,"twitter_description":null,"schema":{"blockGraphs":[],"customGraphs":[],"default":{"data":{"Article":[],"Course":[],"Dataset":[],"FAQPage":[],"Movie":[],"Person":[],"Product":[],"ProductReview":[],"Car":[],"Recipe":[],"Service":[],"SoftwareApplication":[],"WebPage":[]},"graphName":"","isEnabled":true},"graphs":[],"defaultGraph":"","defaultPostTypeGraph":""},"schema_type":null,"schema_type_options":null,"pillar_content":false,"robots_default":true,"robots_noindex":false,"robots_noarchive":false,"robots_nosnippet":false,"robots_nofollow":false,"robots_noimageindex":false,"robots_noodp":false,"robots_notranslate":false,"robots_max_snippet":null,"robots_max_videopreview":null,"robots_max_imagepreview":"large","priority":null,"frequency":null,"location":null,"local_seo":null,"breadcrumb_settings":null,"limit_modified_date":false,"ai":null,"created":"2020-12-20 20:38:10","updated":"2025-07-19 20:36:32","seo_analyzer_scan_date":null,"focus_keyword":null,"additional_keywords":null,"truseo_locale":null},"jetpack_sharing_enabled":true,"jetpack-related-posts":[{"id":13109,"url":"https:\/\/www.jornalja.com.br\/arquivo\/judiciario-reconhece-poluicao-eletromagnetica\/","url_meta":{"origin":46222,"position":0},"title":"Judici\u00e1rio reconhece polui\u00e7\u00e3o eletromagn\u00e9tica","author":"Patr\u00edcia Marini","date":"16 de maio de 2014","format":false,"excerpt":"A\u00e7\u00e3o de duas associa\u00e7\u00f5es de moradores foi acolhida pelo Tribunal de Justi\u00e7a de S\u00e3o Paulo que. em decis\u00e3o in\u00e9dita, determinou a redu\u00e7\u00e3o do campo eletromagn\u00e9tico gerado pelas linhas de transmiss\u00e3o de energia que cortam os bairros City Boa\u00e7ava e Alto de Pinheiros. \u00c9 a primeira vez que um tribunal do\u2026","rel":"","context":"Em &quot;X.Categorias velhas&quot;","block_context":{"text":"X.Categorias velhas","link":"https:\/\/www.jornalja.com.br\/arquivo\/category\/x-categorias-velhas\/"},"img":{"alt_text":"","src":"","width":0,"height":0},"classes":[]},{"id":5440,"url":"https:\/\/www.jornalja.com.br\/arquivo\/casarao-da-venancio-destino-permanece-incerto\/","url_meta":{"origin":46222,"position":1},"title":"Estado ainda n\u00e3o sabe o que fazer com casar\u00e3o abandonado h\u00e1 20 anos","author":"Elmar Bones","date":"6 de julho de 2009","format":false,"excerpt":"O casar\u00e3o amarelo, numa esquina nobre de Porto Alegre (Ven\u00e2ncio Aires com Jo\u00e3o Pessoa), j\u00e1 abrigou uma escola. H\u00e1 duas d\u00e9cadas, pelo menos, est\u00e1 abandonado, porque seu propriet\u00e1rio, o governo do Estado do Rio Grande do Sul, n\u00e3o consegue achar um destino para ele. Planos n\u00e3o faltaram. O governador Ol\u00edvio\u2026","rel":"","context":"Em &quot;X.Categorias velhas&quot;","block_context":{"text":"X.Categorias velhas","link":"https:\/\/www.jornalja.com.br\/arquivo\/category\/x-categorias-velhas\/"},"img":{"alt_text":"geraldo1","src":"https:\/\/i0.wp.com\/www.jornalja.com.br\/wp-content\/uploads\/2009\/07\/geraldo1.jpg?resize=350%2C200&ssl=1","width":350,"height":200},"classes":[]},{"id":13124,"url":"https:\/\/www.jornalja.com.br\/arquivo\/sangue-latino-no-iecine\/","url_meta":{"origin":46222,"position":2},"title":"Sangue latino no IECINE","author":"da Reda\u00e7\u00e3o","date":"18 de maio de 2014","format":false,"excerpt":"Francisco Ribeiro O Instituto Estadual de Cinema (IECINE) tem a frente, desde abril \u00faltimo, um novo diretor, o cineasta colombiano Juan Zapata, 36, que substitui Luiz Alberto Cassol. Radicado h\u00e1 dez anos em Porto Alegre, Zapata tem diante de si o desafio de conduzir at\u00e9 o final do ano um\u2026","rel":"","context":"Em &quot;Cultura-Geral&quot;","block_context":{"text":"Cultura-Geral","link":"https:\/\/www.jornalja.com.br\/arquivo\/category\/materiasecundaria\/"},"img":{"alt_text":"","src":"","width":0,"height":0},"classes":[]},{"id":13240,"url":"https:\/\/www.jornalja.com.br\/arquivo\/plano-diretor-estamos-construindo-o-caos\/","url_meta":{"origin":46222,"position":3},"title":"Plano diretor: &quot;Estamos construindo o caos&quot;","author":"Patr\u00edcia Marini","date":"26 de maio de 2014","format":false,"excerpt":"Desabafo que arquiteta Eliana Castilhos, delegada da Regi\u00e3o de Planejamento 1, postou nas redes sociais \u00e9 um testemunho do ambiente que se criou no Conselho do Plano Diretor de Porto Alegre, onde a aprova\u00e7\u00e3o de grandes empreendimentos \u00e9 empurrada guela abaixo dos conselheiros. Ao CMDUA Como delegada da Regi\u00e3o de\u2026","rel":"","context":"Em &quot;Geral&quot;","block_context":{"text":"Geral","link":"https:\/\/www.jornalja.com.br\/arquivo\/category\/geral\/"},"img":{"alt_text":"","src":"","width":0,"height":0},"classes":[]},{"id":13101,"url":"https:\/\/www.jornalja.com.br\/arquivo\/morre-um-guerreiro-do-texto\/","url_meta":{"origin":46222,"position":4},"title":"Morre um guerreiro do texto","author":"Patr\u00edcia Marini","date":"14 de maio de 2014","format":false,"excerpt":"Por Ricardo Kotscho Reproduzido do blog do autor, 11\/5\/2014; t\u00edtulo original \u201cE l\u00e1 se foi o nosso Myltainho, guerreiro do texto\u201d. Mi\u00fado e franzino, meu amigo Myltainho era um valente e inconformado guerreiro na luta contra as injusti\u00e7as sociais, a hipocrisia, as maracutaias, o autoritarismo, a intoler\u00e2ncia, a viol\u00eancia, o\u2026","rel":"","context":"Em &quot;Geral&quot;","block_context":{"text":"Geral","link":"https:\/\/www.jornalja.com.br\/arquivo\/category\/geral\/"},"img":{"alt_text":"","src":"","width":0,"height":0},"classes":[]},{"id":14241,"url":"https:\/\/www.jornalja.com.br\/arquivo\/o-guaiba-nas-imagens-poeticas-de-achutti\/","url_meta":{"origin":46222,"position":5},"title":"O Gua\u00edba nas imagens po\u00e9ticas de Achutti","author":"da Reda\u00e7\u00e3o","date":"18 de junho de 2014","format":false,"excerpt":"Em \u201cO Gua\u00edba por Achutti\u201d \u2013 obra financiada via Minist\u00e9rio da Cultura, produ\u00e7\u00e3o executiva de Pedro Longhi, e Fl\u00e1vio Wild como designer \u2013, o fot\u00f3grafo revela a beleza e as mazelas de um espa\u00e7o aqu\u00e1tico de \u00e1guas sempre renovadas, cheio de hist\u00f3rias e lendas como as das cidades que foram\u2026","rel":"","context":"Em &quot;Cultura-Geral&quot;","block_context":{"text":"Cultura-Geral","link":"https:\/\/www.jornalja.com.br\/arquivo\/category\/materiasecundaria\/"},"img":{"alt_text":"","src":"","width":0,"height":0},"classes":[]}],"jetpack_shortlink":"https:\/\/wp.me\/pbQjBd-c1w","jetpack_featured_media_url":"","_links":{"self":[{"href":"https:\/\/www.jornalja.com.br\/arquivo\/wp-json\/wp\/v2\/posts\/46222","targetHints":{"allow":["GET"]}}],"collection":[{"href":"https:\/\/www.jornalja.com.br\/arquivo\/wp-json\/wp\/v2\/posts"}],"about":[{"href":"https:\/\/www.jornalja.com.br\/arquivo\/wp-json\/wp\/v2\/types\/post"}],"author":[{"embeddable":true,"href":"https:\/\/www.jornalja.com.br\/arquivo\/wp-json\/wp\/v2\/users\/4"}],"replies":[{"embeddable":true,"href":"https:\/\/www.jornalja.com.br\/arquivo\/wp-json\/wp\/v2\/comments?post=46222"}],"version-history":[{"count":0,"href":"https:\/\/www.jornalja.com.br\/arquivo\/wp-json\/wp\/v2\/posts\/46222\/revisions"}],"wp:attachment":[{"href":"https:\/\/www.jornalja.com.br\/arquivo\/wp-json\/wp\/v2\/media?parent=46222"}],"wp:term":[{"taxonomy":"category","embeddable":true,"href":"https:\/\/www.jornalja.com.br\/arquivo\/wp-json\/wp\/v2\/categories?post=46222"},{"taxonomy":"post_tag","embeddable":true,"href":"https:\/\/www.jornalja.com.br\/arquivo\/wp-json\/wp\/v2\/tags?post=46222"}],"curies":[{"name":"wp","href":"https:\/\/api.w.org\/{rel}","templated":true}]}}