{"id":46235,"date":"2017-03-24T16:04:25","date_gmt":"2017-03-24T19:04:25","guid":{"rendered":"https:\/\/www.jornalja.com.br\/?p=46235"},"modified":"2017-03-24T16:04:25","modified_gmt":"2017-03-24T19:04:25","slug":"prefeitura-vai-cobrar-do-cpers-repintura-de-ciclovia-pichada-em-manifestacao","status":"publish","type":"post","link":"https:\/\/www.jornalja.com.br\/arquivo\/prefeitura-vai-cobrar-do-cpers-repintura-de-ciclovia-pichada-em-manifestacao\/","title":{"rendered":"Prefeitura vai cobrar do CPERS repintura de ciclovia pichada em manifesta\u00e7\u00e3o"},"content":{"rendered":"<p>A Prefeitura de Porto Alegre vai cobrar do Cpers\/Sindicato a repintura de uma ciclovia que foi pichada durante manifesta\u00e7\u00e3o em frente \u00e0 casa do governador Jos\u00e9 Ivo Sartori, na manh\u00e3 desta sexta-feira. Um agente da EPTC flagrou uma manifestante fazendo a picha\u00e7\u00e3o. Os professores, que est\u00e3o de greve desde o dia 15, protestavam contra o parcelamento dos sal\u00e1rios dos servidores e o pacote de austeridade do Executivo.<br \/>\nO prefeito Nelson Marchezan J\u00fanior determinou que a Empresa P\u00fablica de Transporte e Circula\u00e7\u00e3o (EPTC) notifique o Cpers. A Prefeitura ainda n\u00e3o tem uma estimativa do custo da nova pintura. A ciclovia fica no cruzamento da avenida Di\u00e1rio de Not\u00edcias com a avenida Wenceslau Escobar. A ciclovia teve a pintura refeita na semana passada, a pedido da comunidade local.<br \/>\nNo dia 8 de mar\u00e7o, durante a marcha do Dia Internacional da Mulher, ocorreram picha\u00e7\u00f5es com teor pol\u00edtico na regi\u00e3o central da cidade. Na ocasi\u00e3o, o prefeito se manifestou atrav\u00e9s de sua conta pessoal no twitter. Marchezan afirmou que os atos eram \u201cvandalismo contra os porto-alegrenses\u201d e que iria encontrar medidas para penalizar esse tipo de atitude.<\/p>\n","protected":false},"excerpt":{"rendered":"<p>A Prefeitura de Porto Alegre vai cobrar do Cpers\/Sindicato a repintura de uma ciclovia que foi pichada durante manifesta\u00e7\u00e3o em frente \u00e0 casa do governador Jos\u00e9 Ivo Sartori, na manh\u00e3 desta sexta-feira. Um agente da EPTC flagrou uma manifestante fazendo a picha\u00e7\u00e3o. Os professores, que est\u00e3o de greve desde o dia 15, protestavam contra o [&hellip;]<\/p>\n","protected":false},"author":4,"featured_media":46236,"comment_status":"open","ping_status":"closed","sticky":false,"template":"","format":"standard","meta":{"_jetpack_memberships_contains_paid_content":false,"footnotes":""},"categories":[26],"tags":[],"class_list":["post-46235","post","type-post","status-publish","format-standard","has-post-thumbnail","hentry","category-geral"],"aioseo_notices":[],"jetpack_featured_media_url":"","jetpack_sharing_enabled":true,"jetpack-related-posts":[],"jetpack_shortlink":"https:\/\/wp.me\/pbQjBd-c1J","_links":{"self":[{"href":"https:\/\/www.jornalja.com.br\/arquivo\/wp-json\/wp\/v2\/posts\/46235","targetHints":{"allow":["GET"]}}],"collection":[{"href":"https:\/\/www.jornalja.com.br\/arquivo\/wp-json\/wp\/v2\/posts"}],"about":[{"href":"https:\/\/www.jornalja.com.br\/arquivo\/wp-json\/wp\/v2\/types\/post"}],"author":[{"embeddable":true,"href":"https:\/\/www.jornalja.com.br\/arquivo\/wp-json\/wp\/v2\/users\/4"}],"replies":[{"embeddable":true,"href":"https:\/\/www.jornalja.com.br\/arquivo\/wp-json\/wp\/v2\/comments?post=46235"}],"version-history":[{"count":0,"href":"https:\/\/www.jornalja.com.br\/arquivo\/wp-json\/wp\/v2\/posts\/46235\/revisions"}],"wp:featuredmedia":[{"embeddable":true,"href":"https:\/\/www.jornalja.com.br\/arquivo\/wp-json\/"}],"wp:attachment":[{"href":"https:\/\/www.jornalja.com.br\/arquivo\/wp-json\/wp\/v2\/media?parent=46235"}],"wp:term":[{"taxonomy":"category","embeddable":true,"href":"https:\/\/www.jornalja.com.br\/arquivo\/wp-json\/wp\/v2\/categories?post=46235"},{"taxonomy":"post_tag","embeddable":true,"href":"https:\/\/www.jornalja.com.br\/arquivo\/wp-json\/wp\/v2\/tags?post=46235"}],"curies":[{"name":"wp","href":"https:\/\/api.w.org\/{rel}","templated":true}]}}