{"id":46241,"date":"2017-03-24T16:01:17","date_gmt":"2017-03-24T19:01:17","guid":{"rendered":"https:\/\/www.jornalja.com.br\/?p=46241"},"modified":"2017-03-24T16:01:17","modified_gmt":"2017-03-24T19:01:17","slug":"professores-do-estado-protestam-em-frente-a-residencia-de-sartori","status":"publish","type":"post","link":"https:\/\/www.jornalja.com.br\/arquivo\/professores-do-estado-protestam-em-frente-a-residencia-de-sartori\/","title":{"rendered":"Professores do Estado protestam em frente \u00e0 resid\u00eancia de Sartori"},"content":{"rendered":"<p>O Cpers\/Sindicato mant\u00e9m a pr\u00e1tica de fazer protestos em frente aos locais onde moram os governadores do Estado. Foi assim com Yeda Crusius em 2009 e com Tarso Genro em 2013. Essa sexta-feira chegou a vez do atual governador, Jos\u00e9 Ivo Sartori. Cerca de 100 professores foram na avenida Di\u00e1rio de Not\u00edcias, na zona sul de Porto Alegre, ao condom\u00ednio onde Sartori reside e das oito \u00e0s dez horas, manifestaram-se contra o governador, que n\u00e3o estava no local. Uma viatura da Brigada Militar acompanhou \u00e0 dist\u00e2ncia.<br \/>\nO epis\u00f3dio em frente \u00e0 casa da ex-governadora Yeda Crusius terminou com interven\u00e7\u00e3o da Brigada Militar, seis pessoas presas e repercuss\u00e3o nacional. Ela foi para a porta de sua resid\u00eancia, exibiu os netos, acusou os professores de torturadores e teve uma m\u00eddia muito negativa por seu comportamento.<br \/>\nCom o ex-governador Tarso Genro tamb\u00e9m houve um pouco de tumulto. O Cpers acusou a Brigada Militar de atuar com viol\u00eancia contra os cerca de 70 professores que estiveram na casa de Genro que, no momento do protesto, n\u00e3o estava no local, pois participava de um encontro com servidores da Corag.<br \/>\nNo protesto contra o governo Sartori nessa sexta feira, os professores inclu\u00edram\u00a0os ataques dos governo Temer e Sartori contra direitos trabalhistas. A categoria est\u00e1 em greve desde o dia 15 de mar\u00e7o e no pr\u00f3ximo dia 31 faz assembleia geral para decidir os rumos da paralisa\u00e7\u00e3o.<br \/>\n\u201cA comunidade precisa saber o que o governador est\u00e1 fazendo com o nosso Estado. \u00a0N\u00e3o temos seguran\u00e7a, nem investimentos em educa\u00e7\u00e3o. Continuamos com nosso sal\u00e1rio e 13\u00ba parcelados, um desrespeito aos nossos direitos. Hoje, fizemos um ato representativo para mostrar ao governador que estamos atentos e mobilizados e n\u00e3o permitiremos nenhum retrocesso\u201d, destacou o segundo vice-presidente do Cpers, Luiz Veronezi.<br \/>\nNo pr\u00f3ximo dia 28 os professores iniciar\u00e3o uma vig\u00edlia na Pra\u00e7a da Matriz para pressionar os deputados a votarem contra as medidas do pacote do governo . Al\u00e9m dos educadores, a mobiliza\u00e7\u00e3o ir\u00e1 contar com integrantes do Movimento Unificado dos Servidores \u2013 MUS.<br \/>\nSegundo o Cpers, a resist\u00eancia dos professores e demais servidores na Pra\u00e7a da Matriz, em 2016, fez com que o governo recuasse, retirando a PEC 257, que apaga o artigo 35 da Constitui\u00e7\u00e3o e obriga o Estado a realizar o pagamento no \u00faltimo dia do m\u00eas; a PEC 242, que trata da licen\u00e7a-pr\u00eamio; e a PEC 256, que pretende acabar com a organiza\u00e7\u00e3o sindical (licen\u00e7a para atuar nos sindicatos).<br \/>\n&nbsp;<br \/>\n&nbsp;<br \/>\n&nbsp;<br \/>\n&nbsp;<\/p>\n","protected":false},"excerpt":{"rendered":"<p>O Cpers\/Sindicato mant\u00e9m a pr\u00e1tica de fazer protestos em frente aos locais onde moram os governadores do Estado. Foi assim com Yeda Crusius em 2009 e com Tarso Genro em 2013. Essa sexta-feira chegou a vez do atual governador, Jos\u00e9 Ivo Sartori. Cerca de 100 professores foram na avenida Di\u00e1rio de Not\u00edcias, na zona sul [&hellip;]<\/p>\n","protected":false},"author":4,"featured_media":46244,"comment_status":"open","ping_status":"closed","sticky":false,"template":"","format":"standard","meta":{"_jetpack_memberships_contains_paid_content":false,"footnotes":""},"categories":[26],"tags":[],"class_list":["post-46241","post","type-post","status-publish","format-standard","has-post-thumbnail","hentry","category-geral"],"aioseo_notices":[],"jetpack_featured_media_url":"","jetpack_sharing_enabled":true,"jetpack-related-posts":[{"id":1280,"url":"https:\/\/www.jornalja.com.br\/arquivo\/o-menino-que-se-tornou-brizola\/","url_meta":{"origin":46241,"position":0},"title":"O Menino que se Tornou Brizola","author":"da Reda\u00e7\u00e3o","date":"28 de julho de 2008","format":false,"excerpt":"Autor: Cleber Dioni A vida de Leonel Brizola, com \u00eanfase para os primeiros anos em Porto Alegre, at\u00e9 o ex\u00edlio no Uruguai e a volta, quinze anos depois. \u00a0\"...\u00c9ramos todos jovens e nos identific\u00e1vamos com aquela massa an\u00f4nima a percorrer as ruas de Porto Alegre, gritando 'Get\u00falio', 'Get\u00falio' e empunhando\u2026","rel":"","context":"Em &quot;Livros&quot;","block_context":{"text":"Livros","link":"https:\/\/www.jornalja.com.br\/arquivo\/category\/livros\/"},"img":{"alt_text":"","src":"https:\/\/i0.wp.com\/www.jornalja.com.br\/wp-content\/uploads\/2008\/07\/brizola.gif?resize=350%2C200&ssl=1","width":350,"height":200},"classes":[]}],"jetpack_shortlink":"https:\/\/wp.me\/pbQjBd-c1P","_links":{"self":[{"href":"https:\/\/www.jornalja.com.br\/arquivo\/wp-json\/wp\/v2\/posts\/46241","targetHints":{"allow":["GET"]}}],"collection":[{"href":"https:\/\/www.jornalja.com.br\/arquivo\/wp-json\/wp\/v2\/posts"}],"about":[{"href":"https:\/\/www.jornalja.com.br\/arquivo\/wp-json\/wp\/v2\/types\/post"}],"author":[{"embeddable":true,"href":"https:\/\/www.jornalja.com.br\/arquivo\/wp-json\/wp\/v2\/users\/4"}],"replies":[{"embeddable":true,"href":"https:\/\/www.jornalja.com.br\/arquivo\/wp-json\/wp\/v2\/comments?post=46241"}],"version-history":[{"count":0,"href":"https:\/\/www.jornalja.com.br\/arquivo\/wp-json\/wp\/v2\/posts\/46241\/revisions"}],"wp:featuredmedia":[{"embeddable":true,"href":"https:\/\/www.jornalja.com.br\/arquivo\/wp-json\/"}],"wp:attachment":[{"href":"https:\/\/www.jornalja.com.br\/arquivo\/wp-json\/wp\/v2\/media?parent=46241"}],"wp:term":[{"taxonomy":"category","embeddable":true,"href":"https:\/\/www.jornalja.com.br\/arquivo\/wp-json\/wp\/v2\/categories?post=46241"},{"taxonomy":"post_tag","embeddable":true,"href":"https:\/\/www.jornalja.com.br\/arquivo\/wp-json\/wp\/v2\/tags?post=46241"}],"curies":[{"name":"wp","href":"https:\/\/api.w.org\/{rel}","templated":true}]}}