{"id":46253,"date":"2017-03-24T18:00:29","date_gmt":"2017-03-24T21:00:29","guid":{"rendered":"https:\/\/www.jornalja.com.br\/?p=46253"},"modified":"2017-03-24T18:00:29","modified_gmt":"2017-03-24T21:00:29","slug":"redencao-tem-programacao-intensa-no-aniversario-de-porto-alegre","status":"publish","type":"post","link":"https:\/\/www.jornalja.com.br\/arquivo\/redencao-tem-programacao-intensa-no-aniversario-de-porto-alegre\/","title":{"rendered":"Reden\u00e7\u00e3o tem programa\u00e7\u00e3o intensa no anivers\u00e1rio de Porto Alegre"},"content":{"rendered":"<p>Com previs\u00e3o de tempo bom, o final de semana do anivers\u00e1rio da cidade deve reunir milhares de pessoas no Parque da Reden\u00e7\u00e3o. No domingo, h\u00e1 uma s\u00e9rie de atividades programadas para o parque: shows de bandas de rock e da banda do Ex\u00e9rcito, exposi\u00e7\u00e3o de fotos, entre outras atra\u00e7\u00f5es.<br \/>\nA partir das 8h, a Secretaria Municipal de Seguran\u00e7a promove o evento \u201cA Reden\u00e7\u00e3o \u00e9 nossa\u201d (<a href=\"https:\/\/www.jornalja.com.br\/exposicao-de-fotos-no-parque-celebra-os-125-anos-da-guarda-municipal\/\">clique aqui<\/a>).<br \/>\n\u00c0s 10h30, haver\u00e1 uma visita aos monumentos da Reden\u00e7\u00e3o, guiada pelo engenheiro Sergio Tomasini.<br \/>\nA partir das 11h, o Conselho de Usu\u00e1rios do Parque Farroupilha e a r\u00e1dioweb Purtzgrila promovem sua comemora\u00e7\u00e3o do anivers\u00e1rio da cidade, com o tradicional bolo de anivers\u00e1rio, oferecido pelo Conselho.<br \/>\nA atividade, batizada de Invas\u00e3o Putzgr\u00edlica, ter\u00e1 iscotecagem dos comunicadores da r\u00e1dio e pocket shows com as bandas Jo\u00e3o Ant\u00f4nio Acoustic Songs, Vulva Qu\u00e2ntica, S\u00f3 Creedence e Tarc\u00edsio Meira\u2019s Band. Durante o evento haver\u00e1 o lan\u00e7amento do CD \u201cRock Pirata Vol. I\u201d, a primeira colet\u00e2nea da Putzgrila.<br \/>\nA Defensoria P\u00fablica vai ao\u00a0Parque oferecer orienta\u00e7\u00e3o jur\u00eddica gratuita \u00e0 popula\u00e7\u00e3o. A unidade m\u00f3vel da Defensoria estar\u00e1 junto ao Monumento ao Expedicion\u00e1rio das 9h \u00e0s 17h.<br \/>\nNo mesmo dia, uma dos principais s\u00edmbolos da cidade, <a href=\"https:\/\/www.jornalja.com.br\/wp-admin\/post.php?post=46248&amp;action=edit\">o Brique da Reden\u00e7\u00e3o, completa 39 anos.<\/a> Haver\u00e1 desfile de carros antigos, exposi\u00e7\u00e3o de lambretas, distribui\u00e7\u00e3o de bal\u00f5es para as crian\u00e7as, al\u00e9m de muita m\u00fasica.<\/p>\n","protected":false},"excerpt":{"rendered":"<p>Com previs\u00e3o de tempo bom, o final de semana do anivers\u00e1rio da cidade deve reunir milhares de pessoas no Parque da Reden\u00e7\u00e3o. No domingo, h\u00e1 uma s\u00e9rie de atividades programadas para o parque: shows de bandas de rock e da banda do Ex\u00e9rcito, exposi\u00e7\u00e3o de fotos, entre outras atra\u00e7\u00f5es. A partir das 8h, a Secretaria [&hellip;]<\/p>\n","protected":false},"author":4,"featured_media":46265,"comment_status":"open","ping_status":"closed","sticky":false,"template":"","format":"standard","meta":{"_jetpack_memberships_contains_paid_content":false,"footnotes":""},"categories":[26],"tags":[],"class_list":["post-46253","post","type-post","status-publish","format-standard","has-post-thumbnail","hentry","category-geral"],"aioseo_notices":[],"jetpack_featured_media_url":"","jetpack_sharing_enabled":true,"jetpack-related-posts":[],"jetpack_shortlink":"https:\/\/wp.me\/pbQjBd-c21","_links":{"self":[{"href":"https:\/\/www.jornalja.com.br\/arquivo\/wp-json\/wp\/v2\/posts\/46253","targetHints":{"allow":["GET"]}}],"collection":[{"href":"https:\/\/www.jornalja.com.br\/arquivo\/wp-json\/wp\/v2\/posts"}],"about":[{"href":"https:\/\/www.jornalja.com.br\/arquivo\/wp-json\/wp\/v2\/types\/post"}],"author":[{"embeddable":true,"href":"https:\/\/www.jornalja.com.br\/arquivo\/wp-json\/wp\/v2\/users\/4"}],"replies":[{"embeddable":true,"href":"https:\/\/www.jornalja.com.br\/arquivo\/wp-json\/wp\/v2\/comments?post=46253"}],"version-history":[{"count":0,"href":"https:\/\/www.jornalja.com.br\/arquivo\/wp-json\/wp\/v2\/posts\/46253\/revisions"}],"wp:featuredmedia":[{"embeddable":true,"href":"https:\/\/www.jornalja.com.br\/arquivo\/wp-json\/"}],"wp:attachment":[{"href":"https:\/\/www.jornalja.com.br\/arquivo\/wp-json\/wp\/v2\/media?parent=46253"}],"wp:term":[{"taxonomy":"category","embeddable":true,"href":"https:\/\/www.jornalja.com.br\/arquivo\/wp-json\/wp\/v2\/categories?post=46253"},{"taxonomy":"post_tag","embeddable":true,"href":"https:\/\/www.jornalja.com.br\/arquivo\/wp-json\/wp\/v2\/tags?post=46253"}],"curies":[{"name":"wp","href":"https:\/\/api.w.org\/{rel}","templated":true}]}}