{"id":46282,"date":"2017-03-24T21:09:07","date_gmt":"2017-03-25T00:09:07","guid":{"rendered":"https:\/\/www.jornalja.com.br\/?p=46282"},"modified":"2017-03-24T21:09:07","modified_gmt":"2017-03-25T00:09:07","slug":"na-pauta-do-encontro-na-ari-deste-sabado-agua-mulheres-e-poesia","status":"publish","type":"post","link":"https:\/\/www.jornalja.com.br\/arquivo\/na-pauta-do-encontro-na-ari-deste-sabado-agua-mulheres-e-poesia\/","title":{"rendered":"Na pauta do encontro na ARI deste s\u00e1bado, \u00e1gua, mulheres e poesia"},"content":{"rendered":"<div id=\"js_9rv\" class=\"_5pbx userContent\" data-ft=\"{&quot;tn&quot;:&quot;K&quot;}\">\n<div id=\"id_58d5afa8e5d615715816048\" class=\"text_exposed_root text_exposed\">\nUm painel sobre a vida e a obra da jornalista e poeta ga\u00facha Lila Ripoll abre a programa\u00e7\u00e3o da manh\u00e3 deste s\u00e1bado na Associa\u00e7\u00e3o Riograndense de Imprensa (ARI).<\/p>\n<div class=\"text_exposed_show\">\nParticipam da mesa o jornalista e escritor Jo\u00e3o Batista Mar\u00e7al e as poetas Analia Sanches Dorneles, Naida Lena Gon\u00e7alves Menezes e Ana Paula Freitas dos Santos.\u00a0\u00c9 a homenagem da ARI no m\u00eas das mulheres.<br \/>\nO segundo painel, aborda a preserva\u00e7\u00e3o do Rio Camaqu\u00e3. Ser\u00e1 exibida uma reportagem da TV Assembleia sobre o assunto, que gera pol\u00eamica na regi\u00e3o, com a participa\u00e7\u00e3o da veterin\u00e1ria Clara Vaz, que acompanha os efeitos da\u00a0minera\u00e7\u00e3o junto ao rio.<br \/>\nFinalizando o encontro, ser\u00e1 lan\u00e7ada a nova carteira da ARI e entregue as que foram solicitadas com anteced\u00eancia.<br \/>\n&nbsp;\n<\/div>\n<\/div>\n<\/div>\n<div class=\"_3x-2\">\n<div data-ft=\"{&quot;tn&quot;:&quot;H&quot;}\">\n<div class=\"mtm\">\n<div class=\"_2a2q\">\n<div class=\"_46-h\"><img loading=\"lazy\" decoding=\"async\" class=\"_46-i img\" src=\"http:\/\/scontent.fpoa8-1.fna.fbcdn.net\/v\/t1.0-0\/p370x247\/17457345_10206716847034592_5854706307784703677_n.jpg?oh=b140efebcabf74fc6a8e5d20ad8189d2&amp;oe=59690876\" alt=\"A imagem pode conter: 1 pessoa\" width=\"505\" height=\"247\" \/><\/div>\n<div class=\"uiScaledImageContainer\">\n<figure style=\"width: 243px\" class=\"wp-caption alignnone\"><img loading=\"lazy\" decoding=\"async\" class=\"scaledImageFitWidth img\" src=\"http:\/\/scontent.fpoa8-1.fna.fbcdn.net\/v\/t1.0-9\/17362563_10206716837754360_4614387426206237804_n.jpg?oh=efe91c460c138dfbfffa2ff1211f0323&amp;oe=594E4B54\" alt=\"A imagem pode conter: 1 pessoa, \u00f3culos e close-up\" width=\"243\" height=\"367\" \/><figcaption class=\"wp-caption-text\">Lila Ripoll<\/figcaption><\/figure>\n<\/div>\n<div class=\"uiScaledImageContainer\"><img loading=\"lazy\" decoding=\"async\" class=\"scaledImageFitWidth img\" src=\"http:\/\/scontent.fpoa8-1.fna.fbcdn.net\/v\/t1.0-0\/p261x260\/17362819_10206716839594406_8472743430573792068_n.jpg?oh=794895e0b09828977dd8772130530c9c&amp;oe=5960A071\" alt=\"A imagem pode conter: 1 pessoa\" width=\"242\" height=\"356\" \/><\/div>\n<\/div>\n<\/div>\n<\/div>\n<\/div>\n","protected":false},"excerpt":{"rendered":"<p>Um painel sobre a vida e a obra da jornalista e poeta ga\u00facha Lila Ripoll abre a programa\u00e7\u00e3o da manh\u00e3 deste s\u00e1bado na Associa\u00e7\u00e3o Riograndense de Imprensa (ARI). Participam da mesa o jornalista e escritor Jo\u00e3o Batista Mar\u00e7al e as poetas Analia Sanches Dorneles, Naida Lena Gon\u00e7alves Menezes e Ana Paula Freitas dos Santos.\u00a0\u00c9 a [&hellip;]<\/p>\n","protected":false},"author":4,"featured_media":0,"comment_status":"open","ping_status":"closed","sticky":false,"template":"","format":"standard","meta":{"_jetpack_newsletter_access":"","_jetpack_dont_email_post_to_subs":false,"_jetpack_newsletter_tier_id":0,"_jetpack_memberships_contains_paywalled_content":false,"_jetpack_feature_clip_id":0,"_jetpack_memberships_contains_paid_content":false,"footnotes":"","jetpack_post_was_ever_published":false},"categories":[2022],"tags":[],"class_list":["post-46282","post","type-post","status-publish","format-standard","hentry","category-notas"],"aioseo_notices":[],"aioseo_head":"\n\t\t<!-- All in One SEO 5.0.1.1 - aioseo.com -->\n\t<meta name=\"robots\" content=\"max-image-preview:large\" \/>\n\t<meta name=\"author\" content=\"da Reda\u00e7\u00e3o\"\/>\n\t<link rel=\"canonical\" href=\"https:\/\/www.jornalja.com.br\/arquivo\/na-pauta-do-encontro-na-ari-deste-sabado-agua-mulheres-e-poesia\/\" \/>\n\t<meta name=\"generator\" content=\"All in One SEO (AIOSEO) 5.0.1.1\" \/>\n\t\t<meta property=\"og:locale\" content=\"pt_BR\" \/>\n\t\t<meta property=\"og:site_name\" content=\"Arquivo | Jornal J\u00c1 | Porto Alegre\" \/>\n\t\t<meta property=\"og:type\" content=\"article\" \/>\n\t\t<meta property=\"og:title\" content=\"Na pauta do encontro na ARI deste s\u00e1bado, \u00e1gua, mulheres e poesia | Arquivo\" \/>\n\t\t<meta property=\"og:url\" content=\"https:\/\/www.jornalja.com.br\/arquivo\/na-pauta-do-encontro-na-ari-deste-sabado-agua-mulheres-e-poesia\/\" \/>\n\t\t<meta property=\"og:image\" content=\"https:\/\/scontent.fpoa8-1.fna.fbcdn.net\/v\/t1.0-0\/p370x247\/17457345_10206716847034592_5854706307784703677_n.jpg?oh=b140efebcabf74fc6a8e5d20ad8189d2&#038;oe=59690876\" \/>\n\t\t<meta property=\"og:image:secure_url\" content=\"https:\/\/scontent.fpoa8-1.fna.fbcdn.net\/v\/t1.0-0\/p370x247\/17457345_10206716847034592_5854706307784703677_n.jpg?oh=b140efebcabf74fc6a8e5d20ad8189d2&#038;oe=59690876\" \/>\n\t\t<meta property=\"article:published_time\" content=\"2017-03-25T00:09:07+00:00\" \/>\n\t\t<meta property=\"article:modified_time\" content=\"2017-03-25T00:09:07+00:00\" \/>\n\t\t<meta name=\"twitter:card\" content=\"summary\" \/>\n\t\t<meta name=\"twitter:title\" content=\"Na pauta do encontro na ARI deste s\u00e1bado, \u00e1gua, mulheres e poesia | Arquivo\" \/>\n\t\t<meta name=\"twitter:image\" content=\"https:\/\/www.jornalja.com.br\/economics\/wp-content\/uploads\/sites\/11\/2026\/08\/ja-folhaderosto-facebook.jpg\" \/>\n\t\t<script type=\"application\/ld+json\" class=\"aioseo-schema\">\n\t\t\t{\"@context\":\"https:\\\/\\\/schema.org\",\"@graph\":[{\"@type\":\"BlogPosting\",\"@id\":\"https:\\\/\\\/www.jornalja.com.br\\\/arquivo\\\/na-pauta-do-encontro-na-ari-deste-sabado-agua-mulheres-e-poesia\\\/#blogposting\",\"name\":\"Na pauta do encontro na ARI deste s\\u00e1bado, \\u00e1gua, mulheres e poesia | Arquivo\",\"headline\":\"Na pauta do encontro na ARI deste s\\u00e1bado, \\u00e1gua, mulheres e poesia\",\"author\":{\"@id\":\"https:\\\/\\\/www.jornalja.com.br\\\/arquivo\\\/author\\\/daredacao\\\/#author\"},\"publisher\":{\"@id\":\"https:\\\/\\\/www.jornalja.com.br\\\/arquivo\\\/#organization\"},\"image\":{\"@type\":\"ImageObject\",\"url\":\"http:\\\/\\\/scontent.fpoa8-1.fna.fbcdn.net\\\/v\\\/t1.0-0\\\/p370x247\\\/17457345_10206716847034592_5854706307784703677_n.jpg?oh=b140efebcabf74fc6a8e5d20ad8189d2&amp;oe=59690876\",\"@id\":\"https:\\\/\\\/www.jornalja.com.br\\\/arquivo\\\/na-pauta-do-encontro-na-ari-deste-sabado-agua-mulheres-e-poesia\\\/#articleImage\"},\"datePublished\":\"2017-03-24T21:09:07-03:00\",\"dateModified\":\"2017-03-24T21:09:07-03:00\",\"inLanguage\":\"pt-BR\",\"mainEntityOfPage\":{\"@id\":\"https:\\\/\\\/www.jornalja.com.br\\\/arquivo\\\/na-pauta-do-encontro-na-ari-deste-sabado-agua-mulheres-e-poesia\\\/#webpage\"},\"isPartOf\":{\"@id\":\"https:\\\/\\\/www.jornalja.com.br\\\/arquivo\\\/na-pauta-do-encontro-na-ari-deste-sabado-agua-mulheres-e-poesia\\\/#webpage\"},\"articleSection\":\"NOTAS\"},{\"@type\":\"BreadcrumbList\",\"@id\":\"https:\\\/\\\/www.jornalja.com.br\\\/arquivo\\\/na-pauta-do-encontro-na-ari-deste-sabado-agua-mulheres-e-poesia\\\/#breadcrumblist\",\"itemListElement\":[{\"@type\":\"ListItem\",\"@id\":\"https:\\\/\\\/www.jornalja.com.br\\\/arquivo#listItem\",\"position\":1,\"name\":\"Home\",\"item\":\"https:\\\/\\\/www.jornalja.com.br\\\/arquivo\",\"nextItem\":{\"@type\":\"ListItem\",\"@id\":\"https:\\\/\\\/www.jornalja.com.br\\\/arquivo\\\/category\\\/notas\\\/#listItem\",\"name\":\"NOTAS\"}},{\"@type\":\"ListItem\",\"@id\":\"https:\\\/\\\/www.jornalja.com.br\\\/arquivo\\\/category\\\/notas\\\/#listItem\",\"position\":2,\"name\":\"NOTAS\",\"item\":\"https:\\\/\\\/www.jornalja.com.br\\\/arquivo\\\/category\\\/notas\\\/\",\"nextItem\":{\"@type\":\"ListItem\",\"@id\":\"https:\\\/\\\/www.jornalja.com.br\\\/arquivo\\\/na-pauta-do-encontro-na-ari-deste-sabado-agua-mulheres-e-poesia\\\/#listItem\",\"name\":\"Na pauta do encontro na ARI deste s\\u00e1bado, \\u00e1gua, mulheres e poesia\"},\"previousItem\":{\"@type\":\"ListItem\",\"@id\":\"https:\\\/\\\/www.jornalja.com.br\\\/arquivo#listItem\",\"name\":\"Home\"}},{\"@type\":\"ListItem\",\"@id\":\"https:\\\/\\\/www.jornalja.com.br\\\/arquivo\\\/na-pauta-do-encontro-na-ari-deste-sabado-agua-mulheres-e-poesia\\\/#listItem\",\"position\":3,\"name\":\"Na pauta do encontro na ARI deste s\\u00e1bado, \\u00e1gua, mulheres e poesia\",\"previousItem\":{\"@type\":\"ListItem\",\"@id\":\"https:\\\/\\\/www.jornalja.com.br\\\/arquivo\\\/category\\\/notas\\\/#listItem\",\"name\":\"NOTAS\"}}]},{\"@type\":\"Organization\",\"@id\":\"https:\\\/\\\/www.jornalja.com.br\\\/arquivo\\\/#organization\",\"name\":\"Jornal J\\u00c1\",\"description\":\"Jornal J\\u00c1 | Porto Alegre\",\"url\":\"https:\\\/\\\/www.jornalja.com.br\\\/arquivo\\\/\",\"telephone\":\"+555133307272\",\"logo\":{\"@type\":\"ImageObject\",\"url\":\"https:\\\/\\\/www.jornalja.com.br\\\/wp-content\\\/uploads\\\/cards\\\/JAslogan.png\",\"@id\":\"https:\\\/\\\/www.jornalja.com.br\\\/arquivo\\\/na-pauta-do-encontro-na-ari-deste-sabado-agua-mulheres-e-poesia\\\/#organizationLogo\"},\"image\":{\"@id\":\"https:\\\/\\\/www.jornalja.com.br\\\/arquivo\\\/na-pauta-do-encontro-na-ari-deste-sabado-agua-mulheres-e-poesia\\\/#organizationLogo\"}},{\"@type\":\"Person\",\"@id\":\"https:\\\/\\\/www.jornalja.com.br\\\/arquivo\\\/author\\\/daredacao\\\/#author\",\"url\":\"https:\\\/\\\/www.jornalja.com.br\\\/arquivo\\\/author\\\/daredacao\\\/\",\"name\":\"da Reda\\u00e7\\u00e3o\",\"image\":{\"@type\":\"ImageObject\",\"@id\":\"https:\\\/\\\/www.jornalja.com.br\\\/arquivo\\\/na-pauta-do-encontro-na-ari-deste-sabado-agua-mulheres-e-poesia\\\/#authorImage\",\"url\":\"https:\\\/\\\/secure.gravatar.com\\\/avatar\\\/469fd857d6605ad19919d27ed29d35a968a25f6e8fd9318356bbb7f57aae9c65?s=96&d=mm&r=g\",\"width\":96,\"height\":96,\"caption\":\"da Reda\\u00e7\\u00e3o\"}},{\"@type\":\"WebPage\",\"@id\":\"https:\\\/\\\/www.jornalja.com.br\\\/arquivo\\\/na-pauta-do-encontro-na-ari-deste-sabado-agua-mulheres-e-poesia\\\/#webpage\",\"url\":\"https:\\\/\\\/www.jornalja.com.br\\\/arquivo\\\/na-pauta-do-encontro-na-ari-deste-sabado-agua-mulheres-e-poesia\\\/\",\"name\":\"Na pauta do encontro na ARI deste s\\u00e1bado, \\u00e1gua, mulheres e poesia | Arquivo\",\"inLanguage\":\"pt-BR\",\"isPartOf\":{\"@id\":\"https:\\\/\\\/www.jornalja.com.br\\\/arquivo\\\/#website\"},\"breadcrumb\":{\"@id\":\"https:\\\/\\\/www.jornalja.com.br\\\/arquivo\\\/na-pauta-do-encontro-na-ari-deste-sabado-agua-mulheres-e-poesia\\\/#breadcrumblist\"},\"author\":{\"@id\":\"https:\\\/\\\/www.jornalja.com.br\\\/arquivo\\\/author\\\/daredacao\\\/#author\"},\"creator\":{\"@id\":\"https:\\\/\\\/www.jornalja.com.br\\\/arquivo\\\/author\\\/daredacao\\\/#author\"},\"datePublished\":\"2017-03-24T21:09:07-03:00\",\"dateModified\":\"2017-03-24T21:09:07-03:00\"},{\"@type\":\"WebSite\",\"@id\":\"https:\\\/\\\/www.jornalja.com.br\\\/arquivo\\\/#website\",\"url\":\"https:\\\/\\\/www.jornalja.com.br\\\/arquivo\\\/\",\"name\":\"Arquivo\",\"description\":\"Jornal J\\u00c1 | Porto Alegre\",\"inLanguage\":\"pt-BR\",\"publisher\":{\"@id\":\"https:\\\/\\\/www.jornalja.com.br\\\/arquivo\\\/#organization\"}}]}\n\t\t<\/script>\n\t\t<!-- All in One SEO -->\n\n","aioseo_head_json":{"title":"Na pauta do encontro na ARI deste s\u00e1bado, \u00e1gua, mulheres e poesia | Arquivo","description":"","canonical_url":"https:\/\/www.jornalja.com.br\/arquivo\/na-pauta-do-encontro-na-ari-deste-sabado-agua-mulheres-e-poesia\/","robots":"max-image-preview:large","keywords":"","webmasterTools":{"miscellaneous":""},"schema":{"@context":"https:\/\/schema.org","@graph":[{"@type":"BlogPosting","@id":"https:\/\/www.jornalja.com.br\/arquivo\/na-pauta-do-encontro-na-ari-deste-sabado-agua-mulheres-e-poesia\/#blogposting","name":"Na pauta do encontro na ARI deste s\u00e1bado, \u00e1gua, mulheres e poesia | Arquivo","headline":"Na pauta do encontro na ARI deste s\u00e1bado, \u00e1gua, mulheres e poesia","author":{"@id":"https:\/\/www.jornalja.com.br\/arquivo\/author\/daredacao\/#author"},"publisher":{"@id":"https:\/\/www.jornalja.com.br\/arquivo\/#organization"},"image":{"@type":"ImageObject","url":"http:\/\/scontent.fpoa8-1.fna.fbcdn.net\/v\/t1.0-0\/p370x247\/17457345_10206716847034592_5854706307784703677_n.jpg?oh=b140efebcabf74fc6a8e5d20ad8189d2&amp;oe=59690876","@id":"https:\/\/www.jornalja.com.br\/arquivo\/na-pauta-do-encontro-na-ari-deste-sabado-agua-mulheres-e-poesia\/#articleImage"},"datePublished":"2017-03-24T21:09:07-03:00","dateModified":"2017-03-24T21:09:07-03:00","inLanguage":"pt-BR","mainEntityOfPage":{"@id":"https:\/\/www.jornalja.com.br\/arquivo\/na-pauta-do-encontro-na-ari-deste-sabado-agua-mulheres-e-poesia\/#webpage"},"isPartOf":{"@id":"https:\/\/www.jornalja.com.br\/arquivo\/na-pauta-do-encontro-na-ari-deste-sabado-agua-mulheres-e-poesia\/#webpage"},"articleSection":"NOTAS"},{"@type":"BreadcrumbList","@id":"https:\/\/www.jornalja.com.br\/arquivo\/na-pauta-do-encontro-na-ari-deste-sabado-agua-mulheres-e-poesia\/#breadcrumblist","itemListElement":[{"@type":"ListItem","@id":"https:\/\/www.jornalja.com.br\/arquivo#listItem","position":1,"name":"Home","item":"https:\/\/www.jornalja.com.br\/arquivo","nextItem":{"@type":"ListItem","@id":"https:\/\/www.jornalja.com.br\/arquivo\/category\/notas\/#listItem","name":"NOTAS"}},{"@type":"ListItem","@id":"https:\/\/www.jornalja.com.br\/arquivo\/category\/notas\/#listItem","position":2,"name":"NOTAS","item":"https:\/\/www.jornalja.com.br\/arquivo\/category\/notas\/","nextItem":{"@type":"ListItem","@id":"https:\/\/www.jornalja.com.br\/arquivo\/na-pauta-do-encontro-na-ari-deste-sabado-agua-mulheres-e-poesia\/#listItem","name":"Na pauta do encontro na ARI deste s\u00e1bado, \u00e1gua, mulheres e poesia"},"previousItem":{"@type":"ListItem","@id":"https:\/\/www.jornalja.com.br\/arquivo#listItem","name":"Home"}},{"@type":"ListItem","@id":"https:\/\/www.jornalja.com.br\/arquivo\/na-pauta-do-encontro-na-ari-deste-sabado-agua-mulheres-e-poesia\/#listItem","position":3,"name":"Na pauta do encontro na ARI deste s\u00e1bado, \u00e1gua, mulheres e poesia","previousItem":{"@type":"ListItem","@id":"https:\/\/www.jornalja.com.br\/arquivo\/category\/notas\/#listItem","name":"NOTAS"}}]},{"@type":"Organization","@id":"https:\/\/www.jornalja.com.br\/arquivo\/#organization","name":"Jornal J\u00c1","description":"Jornal J\u00c1 | Porto Alegre","url":"https:\/\/www.jornalja.com.br\/arquivo\/","telephone":"+555133307272","logo":{"@type":"ImageObject","url":"https:\/\/www.jornalja.com.br\/wp-content\/uploads\/cards\/JAslogan.png","@id":"https:\/\/www.jornalja.com.br\/arquivo\/na-pauta-do-encontro-na-ari-deste-sabado-agua-mulheres-e-poesia\/#organizationLogo"},"image":{"@id":"https:\/\/www.jornalja.com.br\/arquivo\/na-pauta-do-encontro-na-ari-deste-sabado-agua-mulheres-e-poesia\/#organizationLogo"}},{"@type":"Person","@id":"https:\/\/www.jornalja.com.br\/arquivo\/author\/daredacao\/#author","url":"https:\/\/www.jornalja.com.br\/arquivo\/author\/daredacao\/","name":"da Reda\u00e7\u00e3o","image":{"@type":"ImageObject","@id":"https:\/\/www.jornalja.com.br\/arquivo\/na-pauta-do-encontro-na-ari-deste-sabado-agua-mulheres-e-poesia\/#authorImage","url":"https:\/\/secure.gravatar.com\/avatar\/469fd857d6605ad19919d27ed29d35a968a25f6e8fd9318356bbb7f57aae9c65?s=96&d=mm&r=g","width":96,"height":96,"caption":"da Reda\u00e7\u00e3o"}},{"@type":"WebPage","@id":"https:\/\/www.jornalja.com.br\/arquivo\/na-pauta-do-encontro-na-ari-deste-sabado-agua-mulheres-e-poesia\/#webpage","url":"https:\/\/www.jornalja.com.br\/arquivo\/na-pauta-do-encontro-na-ari-deste-sabado-agua-mulheres-e-poesia\/","name":"Na pauta do encontro na ARI deste s\u00e1bado, \u00e1gua, mulheres e poesia | Arquivo","inLanguage":"pt-BR","isPartOf":{"@id":"https:\/\/www.jornalja.com.br\/arquivo\/#website"},"breadcrumb":{"@id":"https:\/\/www.jornalja.com.br\/arquivo\/na-pauta-do-encontro-na-ari-deste-sabado-agua-mulheres-e-poesia\/#breadcrumblist"},"author":{"@id":"https:\/\/www.jornalja.com.br\/arquivo\/author\/daredacao\/#author"},"creator":{"@id":"https:\/\/www.jornalja.com.br\/arquivo\/author\/daredacao\/#author"},"datePublished":"2017-03-24T21:09:07-03:00","dateModified":"2017-03-24T21:09:07-03:00"},{"@type":"WebSite","@id":"https:\/\/www.jornalja.com.br\/arquivo\/#website","url":"https:\/\/www.jornalja.com.br\/arquivo\/","name":"Arquivo","description":"Jornal J\u00c1 | Porto Alegre","inLanguage":"pt-BR","publisher":{"@id":"https:\/\/www.jornalja.com.br\/arquivo\/#organization"}}]},"og:locale":"pt_BR","og:site_name":"Arquivo | Jornal J\u00c1 | Porto Alegre","og:type":"article","og:title":"Na pauta do encontro na ARI deste s\u00e1bado, \u00e1gua, mulheres e poesia | Arquivo","og:url":"https:\/\/www.jornalja.com.br\/arquivo\/na-pauta-do-encontro-na-ari-deste-sabado-agua-mulheres-e-poesia\/","og:image":"https:\/\/scontent.fpoa8-1.fna.fbcdn.net\/v\/t1.0-0\/p370x247\/17457345_10206716847034592_5854706307784703677_n.jpg?oh=b140efebcabf74fc6a8e5d20ad8189d2&#038;oe=59690876","og:image:secure_url":"https:\/\/scontent.fpoa8-1.fna.fbcdn.net\/v\/t1.0-0\/p370x247\/17457345_10206716847034592_5854706307784703677_n.jpg?oh=b140efebcabf74fc6a8e5d20ad8189d2&#038;oe=59690876","article:published_time":"2017-03-25T00:09:07+00:00","article:modified_time":"2017-03-25T00:09:07+00:00","twitter:card":"summary","twitter:title":"Na pauta do encontro na ARI deste s\u00e1bado, \u00e1gua, mulheres e poesia | Arquivo","twitter:image":"https:\/\/www.jornalja.com.br\/economics\/wp-content\/uploads\/sites\/11\/2026\/08\/ja-folhaderosto-facebook.jpg"},"aioseo_meta_data":{"post_id":"46282","title":null,"description":null,"keywords":null,"keyphrases":null,"primary_term":null,"canonical_url":null,"og_title":null,"og_description":null,"og_object_type":"default","og_image_type":"default","og_image_url":null,"og_image_width":null,"og_image_height":null,"og_image_custom_url":null,"og_image_custom_fields":null,"og_video":null,"og_custom_url":null,"og_article_section":null,"og_article_tags":null,"twitter_use_og":false,"twitter_card":"default","twitter_image_type":"default","twitter_image_url":null,"twitter_image_custom_url":null,"twitter_image_custom_fields":null,"twitter_title":null,"twitter_description":null,"schema":{"blockGraphs":[],"customGraphs":[],"default":{"data":{"Article":[],"Course":[],"Dataset":[],"FAQPage":[],"Movie":[],"Person":[],"Product":[],"ProductReview":[],"Car":[],"Recipe":[],"Service":[],"SoftwareApplication":[],"WebPage":[]},"graphName":"","isEnabled":true},"graphs":[],"defaultGraph":"","defaultPostTypeGraph":""},"schema_type":null,"schema_type_options":null,"pillar_content":false,"robots_default":true,"robots_noindex":false,"robots_noarchive":false,"robots_nosnippet":false,"robots_nofollow":false,"robots_noimageindex":false,"robots_noodp":false,"robots_notranslate":false,"robots_max_snippet":null,"robots_max_videopreview":null,"robots_max_imagepreview":"large","priority":null,"frequency":null,"location":null,"local_seo":null,"breadcrumb_settings":null,"limit_modified_date":false,"ai":null,"created":"2020-12-20 20:38:10","updated":"2025-07-19 20:36:32","seo_analyzer_scan_date":null,"focus_keyword":null,"additional_keywords":null,"truseo_locale":null},"jetpack_sharing_enabled":true,"jetpack-related-posts":[{"id":13101,"url":"https:\/\/www.jornalja.com.br\/arquivo\/morre-um-guerreiro-do-texto\/","url_meta":{"origin":46282,"position":0},"title":"Morre um guerreiro do texto","author":"Patr\u00edcia Marini","date":"14 de maio de 2014","format":false,"excerpt":"Por Ricardo Kotscho Reproduzido do blog do autor, 11\/5\/2014; t\u00edtulo original \u201cE l\u00e1 se foi o nosso Myltainho, guerreiro do texto\u201d. Mi\u00fado e franzino, meu amigo Myltainho era um valente e inconformado guerreiro na luta contra as injusti\u00e7as sociais, a hipocrisia, as maracutaias, o autoritarismo, a intoler\u00e2ncia, a viol\u00eancia, o\u2026","rel":"","context":"Em &quot;Geral&quot;","block_context":{"text":"Geral","link":"https:\/\/www.jornalja.com.br\/arquivo\/category\/geral\/"},"img":{"alt_text":"","src":"","width":0,"height":0},"classes":[]},{"id":13124,"url":"https:\/\/www.jornalja.com.br\/arquivo\/sangue-latino-no-iecine\/","url_meta":{"origin":46282,"position":1},"title":"Sangue latino no IECINE","author":"da Reda\u00e7\u00e3o","date":"18 de maio de 2014","format":false,"excerpt":"Francisco Ribeiro O Instituto Estadual de Cinema (IECINE) tem a frente, desde abril \u00faltimo, um novo diretor, o cineasta colombiano Juan Zapata, 36, que substitui Luiz Alberto Cassol. Radicado h\u00e1 dez anos em Porto Alegre, Zapata tem diante de si o desafio de conduzir at\u00e9 o final do ano um\u2026","rel":"","context":"Em &quot;Cultura-Geral&quot;","block_context":{"text":"Cultura-Geral","link":"https:\/\/www.jornalja.com.br\/arquivo\/category\/materiasecundaria\/"},"img":{"alt_text":"","src":"","width":0,"height":0},"classes":[]},{"id":14241,"url":"https:\/\/www.jornalja.com.br\/arquivo\/o-guaiba-nas-imagens-poeticas-de-achutti\/","url_meta":{"origin":46282,"position":2},"title":"O Gua\u00edba nas imagens po\u00e9ticas de Achutti","author":"da Reda\u00e7\u00e3o","date":"18 de junho de 2014","format":false,"excerpt":"Em \u201cO Gua\u00edba por Achutti\u201d \u2013 obra financiada via Minist\u00e9rio da Cultura, produ\u00e7\u00e3o executiva de Pedro Longhi, e Fl\u00e1vio Wild como designer \u2013, o fot\u00f3grafo revela a beleza e as mazelas de um espa\u00e7o aqu\u00e1tico de \u00e1guas sempre renovadas, cheio de hist\u00f3rias e lendas como as das cidades que foram\u2026","rel":"","context":"Em &quot;Cultura-Geral&quot;","block_context":{"text":"Cultura-Geral","link":"https:\/\/www.jornalja.com.br\/arquivo\/category\/materiasecundaria\/"},"img":{"alt_text":"","src":"","width":0,"height":0},"classes":[]},{"id":12960,"url":"https:\/\/www.jornalja.com.br\/arquivo\/populacao-culpa-empresas-pela-greve-dos-rodoviarios\/","url_meta":{"origin":46282,"position":3},"title":"Popula\u00e7\u00e3o culpa empresas pela greve","author":"Patr\u00edcia Marini","date":"14 de fevereiro de 2014","format":false,"excerpt":"Pesquisa divulgada na edi\u00e7\u00e3o do jornal Metro desta sexta-feira,14, comprova o velho ditado: \u00e9 poss\u00edvel enganar muitos por algum tempo, mas n\u00e3o \u00e9 poss\u00edvel enganar a todos o tempo inteiro. A principal revela\u00e7\u00e3o foi que 59,8% dos entrevistados apontaram as empresas como as principais respons\u00e1veis pela grave e 46% culparam\u2026","rel":"","context":"Em &quot;X.Categorias velhas&quot;","block_context":{"text":"X.Categorias velhas","link":"https:\/\/www.jornalja.com.br\/arquivo\/category\/x-categorias-velhas\/"},"img":{"alt_text":"","src":"","width":0,"height":0},"classes":[]},{"id":5440,"url":"https:\/\/www.jornalja.com.br\/arquivo\/casarao-da-venancio-destino-permanece-incerto\/","url_meta":{"origin":46282,"position":4},"title":"Estado ainda n\u00e3o sabe o que fazer com casar\u00e3o abandonado h\u00e1 20 anos","author":"Elmar Bones","date":"6 de julho de 2009","format":false,"excerpt":"O casar\u00e3o amarelo, numa esquina nobre de Porto Alegre (Ven\u00e2ncio Aires com Jo\u00e3o Pessoa), j\u00e1 abrigou uma escola. H\u00e1 duas d\u00e9cadas, pelo menos, est\u00e1 abandonado, porque seu propriet\u00e1rio, o governo do Estado do Rio Grande do Sul, n\u00e3o consegue achar um destino para ele. Planos n\u00e3o faltaram. O governador Ol\u00edvio\u2026","rel":"","context":"Em &quot;X.Categorias velhas&quot;","block_context":{"text":"X.Categorias velhas","link":"https:\/\/www.jornalja.com.br\/arquivo\/category\/x-categorias-velhas\/"},"img":{"alt_text":"geraldo1","src":"https:\/\/i0.wp.com\/www.jornalja.com.br\/wp-content\/uploads\/2009\/07\/geraldo1.jpg?resize=350%2C200&ssl=1","width":350,"height":200},"classes":[]},{"id":13128,"url":"https:\/\/www.jornalja.com.br\/arquivo\/maconha-terra-diz-que-uso-medicinal-e-desculpa\/","url_meta":{"origin":46282,"position":5},"title":"Maconha: Terra diz que uso medicinal \u00e9 desculpa","author":"Patr\u00edcia Marini","date":"4 de junho de 2014","format":false,"excerpt":"A condi\u00e7\u00e3o de pol\u00edtico, em \u00e9poca de campanha de campanha eleitoral, tira for\u00e7a do discurso do m\u00e9dico Osmar Terra contra a legaliza\u00e7\u00e3o da maconha. A tese dele de que a libera\u00e7\u00e3o vai ampliar exponencialmente o consumo \u00e9 discutivel, o consumo \u00e9 corrente. Mas seus alertas quanto aos riscos tem que\u2026","rel":"","context":"Em &quot;X.Categorias velhas&quot;","block_context":{"text":"X.Categorias velhas","link":"https:\/\/www.jornalja.com.br\/arquivo\/category\/x-categorias-velhas\/"},"img":{"alt_text":"","src":"","width":0,"height":0},"classes":[]}],"jetpack_shortlink":"https:\/\/wp.me\/pbQjBd-c2u","jetpack_featured_media_url":"","_links":{"self":[{"href":"https:\/\/www.jornalja.com.br\/arquivo\/wp-json\/wp\/v2\/posts\/46282","targetHints":{"allow":["GET"]}}],"collection":[{"href":"https:\/\/www.jornalja.com.br\/arquivo\/wp-json\/wp\/v2\/posts"}],"about":[{"href":"https:\/\/www.jornalja.com.br\/arquivo\/wp-json\/wp\/v2\/types\/post"}],"author":[{"embeddable":true,"href":"https:\/\/www.jornalja.com.br\/arquivo\/wp-json\/wp\/v2\/users\/4"}],"replies":[{"embeddable":true,"href":"https:\/\/www.jornalja.com.br\/arquivo\/wp-json\/wp\/v2\/comments?post=46282"}],"version-history":[{"count":0,"href":"https:\/\/www.jornalja.com.br\/arquivo\/wp-json\/wp\/v2\/posts\/46282\/revisions"}],"wp:attachment":[{"href":"https:\/\/www.jornalja.com.br\/arquivo\/wp-json\/wp\/v2\/media?parent=46282"}],"wp:term":[{"taxonomy":"category","embeddable":true,"href":"https:\/\/www.jornalja.com.br\/arquivo\/wp-json\/wp\/v2\/categories?post=46282"},{"taxonomy":"post_tag","embeddable":true,"href":"https:\/\/www.jornalja.com.br\/arquivo\/wp-json\/wp\/v2\/tags?post=46282"}],"curies":[{"name":"wp","href":"https:\/\/api.w.org\/{rel}","templated":true}]}}