{"id":46288,"date":"2017-03-25T11:24:57","date_gmt":"2017-03-25T14:24:57","guid":{"rendered":"https:\/\/www.jornalja.com.br\/?p=46288"},"modified":"2017-03-25T11:24:57","modified_gmt":"2017-03-25T14:24:57","slug":"urbanizacao-reduz-perda-de-agua-e-faz-bem-a-saude-mostra-pesquisa-da-abes","status":"publish","type":"post","link":"https:\/\/www.jornalja.com.br\/arquivo\/urbanizacao-reduz-perda-de-agua-e-faz-bem-a-saude-mostra-pesquisa-da-abes\/","title":{"rendered":"Urbaniza\u00e7\u00e3o reduz perda de \u00e1gua e faz bem \u00e0 sa\u00fade, mostra pesquisa da ABES"},"content":{"rendered":"<p>As perdas de \u00e1gua das capitais brasileiras nas \u00e1reas urbanas irregulares dariam para abastecer 2,7 milh\u00f5es de pessoas durante um ano. Somam 1,7 bilh\u00e3o de metros c\u00fabicos.<br \/>\nA conclus\u00e3o \u00e9 da pesquisa &#8220;Perdas de \u00e1gua nas capitais do Brasil &#8211; Um olhar sobre as \u00e1reas irregulares&#8221;, divulgada pela ABES (Associa\u00e7\u00e3o Brasileira de Engenharia Sanit\u00e1ria e Ambiental) na dia 22, durante a Semana da \u00c1gua.<br \/>\nO IBGE contou, no Censo 2010, cerca de 50 milh\u00f5es de pessoas vivendo nas 27 capitais, que concentram mais de 3 mil aglomerados subnormais, ou \u00e1reas irregulares. \u00c9 mais da metade (54%) destes\u00a0aglomerados no pa\u00eds.<br \/>\nEm geral s\u00e3o ocupa\u00e7\u00f5es ilegais, fora dos padr\u00f5es vigentes de urbaniza\u00e7\u00e3o ou em condi\u00e7\u00f5es prec\u00e1rias com rela\u00e7\u00e3o aos servi\u00e7os p\u00fablicos essenciais, que \u00e9 um dos elementos mais significativos para se caracterizar a vulnerabilidade social.<br \/>\nNessas regi\u00f5es, h\u00e1 mais de 2 milh\u00f5es de domic\u00edlios onde vivem aproximadamente 7 milh\u00f5es de pessoas. Em Porto Alegre, contaram-se 192.843 habitantes em 56.024 dessas moradias prec\u00e1rias.<br \/>\nDepois de Campo Grande (MS), a capital dos ga\u00fachos \u00e9 a que menos perde \u00e1gua por habitante nesses aglomerados: 17,8 de metros c\u00fabicos per capita ao ano, somando 26,2 milh\u00f5es de metros c\u00fabicos.<br \/>\nNesta apura\u00e7\u00e3o, a campe\u00e3 de desperd\u00edcio \u00e9 Cuiab\u00e1 (MT), onde s\u00f3 um ter\u00e7o da \u00e1gua disponibilizada nos aglomerados \u00e9 utilizada &#8211; uma perda de 103 metros c\u00fabicos por habitante anualmente.<br \/>\nQuando medem as\u00a0perdas de \u00e1guas conhecidas como de \u201cuso social\u201d, os consumos n\u00e3o faturados, os pesquisados encontram 728 milh\u00f5es de m\u00b3 por ano no pa\u00eds. A\u00ed Campo Grande (MS) e Salvador (BA) est\u00e3o no topo da lista (112,5 m\u00b3\/habitante\/ano0. Porto Alegre fica na 6a posi\u00e7\u00e3o, com perdas de 104,6 m\u00b3\/habitante\/ano.<br \/>\nCom abastecimento regularizado, a ABES estima que, ao recuperar 20 m\u00b3 por moradia ao m\u00eas, j\u00e1 seria poss\u00edvel evitar a perda de 485,5 milh\u00f5es de m\u00b3 ao ano, o equivalente a 27% de todo o volume perdido nas 27 capitais.<br \/>\nPorto Alegre, por exemplo, recuperaria mais da metade do que perde a cada ano (51%), assim como Salvador (52%). Em Bel\u00e9m (PA), a recupera\u00e7\u00e3o seria quase total: 97%!<br \/>\nA conclus\u00e3o da pesquisa \u00e9 que, se os &#8220;aglomerados subnormais&#8221; n as capitais tivessem regularizado o abastecimento em uso social, seria poss\u00edvel recuperar aproximadamente 27% de todo o volume perdido nas capitais, volume suficiente para abastecer 2,7 milh\u00f5es de pessoas durante 1 ano.<br \/>\nAl\u00e9m dos \u00f3bvios benef\u00edcios que essa economia de \u00e1gua representa ao meio ambiente, a regulariza\u00e7\u00e3o tem impactos bastante significativos \u00e0 sa\u00fade p\u00fablica: segundo a Organiza\u00e7\u00e3o Mundial da Sa\u00fade, em seu recente estudo intitulado &#8220;Don\u2019t pollute my future&#8221; (em tradu\u00e7\u00e3o livre, &#8220;N\u00e3o polua meu futuro&#8221;), interven\u00e7\u00f5es que melhoraram o acesso \u00e0 \u00e1gua pot\u00e1vel efetivamente reduziram a morbidade por diarreia em crian\u00e7as em 45%.<br \/>\nOcupa\u00e7\u00e3o Sete de Setembro, na Zona Norte de Porto Alegre, em 2013 \/ Foto Ramiro Furquim\/Sul21\/J\u00c1<\/p>\n","protected":false},"excerpt":{"rendered":"<p>As perdas de \u00e1gua das capitais brasileiras nas \u00e1reas urbanas irregulares dariam para abastecer 2,7 milh\u00f5es de pessoas durante um ano. Somam 1,7 bilh\u00e3o de metros c\u00fabicos. A conclus\u00e3o \u00e9 da pesquisa &#8220;Perdas de \u00e1gua nas capitais do Brasil &#8211; Um olhar sobre as \u00e1reas irregulares&#8221;, divulgada pela ABES (Associa\u00e7\u00e3o Brasileira de Engenharia Sanit\u00e1ria e [&hellip;]<\/p>\n","protected":false},"author":4,"featured_media":46295,"comment_status":"open","ping_status":"closed","sticky":false,"template":"","format":"standard","meta":{"_jetpack_memberships_contains_paid_content":false,"footnotes":""},"categories":[26],"tags":[],"class_list":["post-46288","post","type-post","status-publish","format-standard","has-post-thumbnail","hentry","category-geral"],"aioseo_notices":[],"jetpack_featured_media_url":"","jetpack_sharing_enabled":true,"jetpack-related-posts":[],"jetpack_shortlink":"https:\/\/wp.me\/pbQjBd-c2A","_links":{"self":[{"href":"https:\/\/www.jornalja.com.br\/arquivo\/wp-json\/wp\/v2\/posts\/46288","targetHints":{"allow":["GET"]}}],"collection":[{"href":"https:\/\/www.jornalja.com.br\/arquivo\/wp-json\/wp\/v2\/posts"}],"about":[{"href":"https:\/\/www.jornalja.com.br\/arquivo\/wp-json\/wp\/v2\/types\/post"}],"author":[{"embeddable":true,"href":"https:\/\/www.jornalja.com.br\/arquivo\/wp-json\/wp\/v2\/users\/4"}],"replies":[{"embeddable":true,"href":"https:\/\/www.jornalja.com.br\/arquivo\/wp-json\/wp\/v2\/comments?post=46288"}],"version-history":[{"count":0,"href":"https:\/\/www.jornalja.com.br\/arquivo\/wp-json\/wp\/v2\/posts\/46288\/revisions"}],"wp:featuredmedia":[{"embeddable":true,"href":"https:\/\/www.jornalja.com.br\/arquivo\/wp-json\/"}],"wp:attachment":[{"href":"https:\/\/www.jornalja.com.br\/arquivo\/wp-json\/wp\/v2\/media?parent=46288"}],"wp:term":[{"taxonomy":"category","embeddable":true,"href":"https:\/\/www.jornalja.com.br\/arquivo\/wp-json\/wp\/v2\/categories?post=46288"},{"taxonomy":"post_tag","embeddable":true,"href":"https:\/\/www.jornalja.com.br\/arquivo\/wp-json\/wp\/v2\/tags?post=46288"}],"curies":[{"name":"wp","href":"https:\/\/api.w.org\/{rel}","templated":true}]}}